{"id":3552,"date":"2019-09-23T01:53:44","date_gmt":"2019-09-22T23:53:44","guid":{"rendered":"https:\/\/autate.fr\/site\/?p=3552"},"modified":"2025-11-11T17:42:58","modified_gmt":"2025-11-11T16:42:58","slug":"amelioration-desserte-ligne-toulouse-auch","status":"publish","type":"post","link":"https:\/\/autate.fr\/site\/amelioration-desserte-ligne-toulouse-auch\/","title":{"rendered":"Am\u00e9lioration desserte ligne SNCF Toulouse-Auch"},"content":{"rendered":"<p><span style=\"color: #000000;\"><span style=\"background-color: #ffffff;\">Les associations AUTATE, Rallumons l\u2019Etoile, Collectif Pibrac, Sauvegarde des Int\u00e9r\u00eats de St-Martin du Touch (ASIS),&nbsp;D\u00e9fense du Quartier de Lardenne (ADQL) s\u2019associent pour d\u00e9fendre un d\u00e9veloppement ambitieux de cette ligne de train&nbsp; n\u00e9cessaire au renforcement de l\u2019off<\/span>re de tra<\/span>nsports en commun dans une zone d\u00e9laiss\u00e9e et pourtant en forte croissance<\/p>\n<p>La ligne Toulouse-Auch actuelle est desservie par des trains omnibus entre Ar\u00e8nes et Colomiers (zone dite urbaine) et des trains directs Auch-Matabiau qui ne desservent pas les gares omnibus.<\/p>\n<p>SNCF R\u00e9seau a pr\u00e9sent\u00e9 un projet d\u2019augmentation de l&rsquo;offre entre Colomiers et l\u2019Isle-Jourdain (zone non urbaine). L\u2019AUTATE soutient ce choix, mais il faut:<\/p>\n<ul>\n<li><strong>Augmenter la fr\u00e9quence \u00e0 15 minutes sur le tron\u00e7on omnibus Ar\u00e8nes-Colomiers (actuelle ligne C) car 30 minutes serait nettement insuffisant<\/strong>:<\/li>\n<\/ul>\n<p>&nbsp;&nbsp;&nbsp;&nbsp;&nbsp;&nbsp;&nbsp;&nbsp; ==&gt; Les statistiques TER de 2018 montrent bien qu\u2019il faut descendre \u00e0 15mn pour :<\/p>\n<p>&nbsp; &nbsp; &nbsp; &nbsp; &nbsp; &nbsp; &nbsp; &nbsp; &#8211; Augmenter la capacit\u00e9 pour prendre en compte la croissance de population et inciter \u00e0 l\u2019abandon de la voiture-solo pour r\u00e9duire les congestions<\/p>\n<p>&nbsp;&nbsp;&nbsp;&nbsp;&nbsp;&nbsp;&nbsp;&nbsp;&nbsp;&nbsp;&nbsp;&nbsp;&nbsp;&nbsp;&nbsp;&nbsp; &#8211; Attirer les voyageurs domicile-travail qui n\u2019ont pas des horaires r\u00e9guliers, et donc ne peuvent aligner leur retour sur une demi-heure fixe<\/p>\n<p>&nbsp;&nbsp;&nbsp;&nbsp;&nbsp;&nbsp;&nbsp;&nbsp; ==&gt; Contrairement aux dires de Tisseo, le trac\u00e9 Ligne C n\u2019est pas un doublon de la future ligne de m\u00e9tro TAE (Toulouse Aerospce Express),&nbsp; car elles ont des directions diff\u00e9rentes :<\/p>\n<p>&nbsp;&nbsp;&nbsp;&nbsp;&nbsp;&nbsp;&nbsp;&nbsp;&nbsp;&nbsp;&nbsp;&nbsp;&nbsp;&nbsp;&nbsp; &#8211; Ligne C vers Ar\u00e8nes (15minutes) puis Ligne A vers Capitole<\/p>\n<p>&nbsp;&nbsp;&nbsp;&nbsp;&nbsp;&nbsp;&nbsp;&nbsp;&nbsp;&nbsp;&nbsp;&nbsp;&nbsp;&nbsp;&nbsp; &#8211; TAE&nbsp; vers La Vache puis Matabiau.<\/p>\n<p>&nbsp;&nbsp;&nbsp;&nbsp;&nbsp;&nbsp;&nbsp;&nbsp;&nbsp;&nbsp;&nbsp;&nbsp;&nbsp;&nbsp;&nbsp; &#8211; Les habitants de la zone urbaine Ramassiers, St Martin du Touch , Lardenne sont les oubli\u00e9s des am\u00e9liorations de desserte en transports.<\/p>\n<ul>\n<li>Pr\u00e9voir des <strong>parcs relais<\/strong> cons\u00e9quents dans toutes les gares,<\/li>\n<li>Pr\u00e9voir des <strong>emplacements pour v\u00e9los<\/strong> dans les trains, pour permettre des trajets \u2018multimodaux peu-polluant\u2019 v\u00e9lo-train-v\u00e9lo,<\/li>\n<li>Augmenter la <strong>plage horaire<\/strong>, en particulier en <strong>soir\u00e9e (apr\u00e8s 20h) et les weekends.<\/strong><\/li>\n<li>Mettre en place une <strong>tarification simple et attractive<\/strong> pour les usagers&nbsp;: tarif Tisseo jusqu&rsquo;\u00e0 la limite de la grande agglom\u00e9ration toulousaine; lecteurs de cartes PASTEL et distributeurs de recharge\/achat TISSEO dans toutes les gares.<\/li>\n<\/ul>\n<p><span style=\"background-color: #ffff00;\">Donnez votre avis sur le site de SNCF R\u00e9seau&nbsp;:<\/span><\/p>\n<p><a href=\"http:\/\/vu.fr\/concertation\">http:\/\/vu.fr\/concertation<\/a><\/p>\n<p><span style=\"background-color: #ffff00;\">Participez aux r\u00e9unions publiques (\u00e0 19h)<\/span> :<\/p>\n<ul>\n<li><span style=\"color: #993366;\">Pibrac le 30\/09<\/span>: Salle polyvalente, 1 boulevard des Ecoles<\/li>\n<li><span style=\"color: #993366;\">Colomiers le 02\/10<\/span>: Salle Gascogne, all\u00e9e du Rouergue<\/li>\n<li><span style=\"color: #993366;\">Brax le 03\/10<\/span>: Salle mixte, 2 route de L\u00e9guevin<\/li>\n<li><span style=\"color: #993366;\">L\u2019Isle-Jourdain le 14\/10<\/span>: Salle Polyvalente Yves Caubet, 5 rue des Refract et Maquisards<\/li>\n<\/ul>\n<h6><span style=\"background-color: #ffff00;\">POUR VOUS INFORMER<\/span><br><span style=\"background-color: #ffff00;\">8 rencontres avec les utilisateurs quotidiens du train&nbsp;:<\/span><\/h6>\n<ul>\n<li>En gare de Pibrac le 23 septembre de 17h \u00e0 19h<\/li>\n<li>En gare de Colomiers le 26&nbsp;septembre de 7h30 \u00e0 8h30<\/li>\n<li>En gare de l\u2019Isle-Jourdain le 26 septembre de 17h \u00e0 19h<\/li>\n<li>En gare de St Martin du Touch le 27 septembre de 7h30 \u00e0 8h30<\/li>\n<li>En gare de Brax-L\u00e9guevin le 1er&nbsp;octobre de 7h30&nbsp;\u00e0 8h30<\/li>\n<li>En gare de M\u00e9renvielle le 1er&nbsp;octobre de 17h \u00e0 19h<\/li>\n<li>En gare de Auch le 7 octobre de 17h \u00e0 19h<\/li>\n<li>En gare de Gimont le 10&nbsp;octobre de 17h \u00e0 19h<\/li>\n<\/ul>\n<p><a href=\"https:\/\/autate.fr\/site\/wp-content\/uploads\/2019\/09\/Avis-am\u00e9lioration-desserte-Auch-Tlse_V3.pdf\">https:\/\/autate.fr\/site\/wp-content\/uploads\/2019\/09\/Avis-am\u00e9lioration-desserte-Auch-Tlse_V3.pdf<\/a><\/p>\n\n","protected":false},"excerpt":{"rendered":"<p>Les associations AUTATE, Rallumons l\u2019Etoile, Collectif Pibrac, Sauvegarde des Int\u00e9r\u00eats de St-Martin du Touch (ASIS),&nbsp;D\u00e9fense du Quartier de Lardenne (ADQL) s\u2019associent pour d\u00e9fendre un d\u00e9veloppement ambitieux de cette ligne de train&nbsp; n\u00e9cessaire au renforcement de l\u2019offre de transports en commun dans une zone d\u00e9laiss\u00e9e et pourtant en forte croissance La ligne Toulouse-Auch actuelle est desservie<\/p>\n<p class=\"more-link\"><a href=\"https:\/\/autate.fr\/site\/amelioration-desserte-ligne-toulouse-auch\/\" class=\"themebutton2\">VOIR PLUS<\/a><\/p>\n","protected":false},"author":10,"featured_media":0,"comment_status":"open","ping_status":"open","sticky":false,"template":"","format":"standard","meta":{"footnotes":""},"categories":[4,508],"tags":[],"class_list":["post-3552","post","type-post","status-publish","format-standard","hentry","category-actualite-association","category-gares"],"yoast_head":"<!-- This site is optimized with the Yoast SEO plugin v27.4 - https:\/\/yoast.com\/product\/yoast-seo-wordpress\/ -->\n<title>Am\u00e9lioration desserte ligne SNCF Toulouse-Auch - AUTATE<\/title>\n<meta name=\"robots\" content=\"index, follow, max-snippet:-1, max-image-preview:large, max-video-preview:-1\" \/>\n<link rel=\"canonical\" href=\"https:\/\/autate.fr\/site\/amelioration-desserte-ligne-toulouse-auch\/\" \/>\n<meta property=\"og:locale\" content=\"fr_FR\" \/>\n<meta property=\"og:type\" content=\"article\" \/>\n<meta property=\"og:title\" content=\"Am\u00e9lioration desserte ligne SNCF Toulouse-Auch - AUTATE\" \/>\n<meta property=\"og:description\" content=\"Les associations AUTATE, Rallumons l\u2019Etoile, Collectif Pibrac, Sauvegarde des Int\u00e9r\u00eats de St-Martin du Touch (ASIS),&nbsp;D\u00e9fense du Quartier de Lardenne (ADQL) s\u2019associent pour d\u00e9fendre un d\u00e9veloppement ambitieux de cette ligne de train&nbsp; n\u00e9cessaire au renforcement de l\u2019offre de transports en commun dans une zone d\u00e9laiss\u00e9e et pourtant en forte croissance La ligne Toulouse-Auch actuelle est desservieVOIR PLUS\" \/>\n<meta property=\"og:url\" content=\"https:\/\/autate.fr\/site\/amelioration-desserte-ligne-toulouse-auch\/\" \/>\n<meta property=\"og:site_name\" content=\"AUTATE\" \/>\n<meta property=\"article:publisher\" content=\"https:\/\/www.facebook.com\/AutateToulouse\" \/>\n<meta property=\"article:published_time\" content=\"2019-09-22T23:53:44+00:00\" \/>\n<meta property=\"article:modified_time\" content=\"2025-11-11T16:42:58+00:00\" \/>\n<meta name=\"author\" content=\"Agn\u00e8s D\u00e9fosse\" \/>\n<meta name=\"twitter:card\" content=\"summary_large_image\" \/>\n<meta name=\"twitter:creator\" content=\"@AutateToulouse\" \/>\n<meta name=\"twitter:site\" content=\"@AutateToulouse\" \/>\n<meta name=\"twitter:label1\" content=\"\u00c9crit par\" \/>\n\t<meta name=\"twitter:data1\" content=\"Agn\u00e8s D\u00e9fosse\" \/>\n\t<meta name=\"twitter:label2\" content=\"Dur\u00e9e de lecture estim\u00e9e\" \/>\n\t<meta name=\"twitter:data2\" content=\"3 minutes\" \/>\n<script type=\"application\/ld+json\" class=\"yoast-schema-graph\">{\"@context\":\"https:\\\/\\\/schema.org\",\"@graph\":[{\"@type\":\"Article\",\"@id\":\"https:\\\/\\\/autate.fr\\\/site\\\/amelioration-desserte-ligne-toulouse-auch\\\/#article\",\"isPartOf\":{\"@id\":\"https:\\\/\\\/autate.fr\\\/site\\\/amelioration-desserte-ligne-toulouse-auch\\\/\"},\"author\":{\"name\":\"Agn\u00e8s D\u00e9fosse\",\"@id\":\"https:\\\/\\\/autate.fr\\\/site\\\/#\\\/schema\\\/person\\\/5dd2db09ec53d78638dc66bb99c1a96b\"},\"headline\":\"Am\u00e9lioration desserte ligne SNCF Toulouse-Auch\",\"datePublished\":\"2019-09-22T23:53:44+00:00\",\"dateModified\":\"2025-11-11T16:42:58+00:00\",\"mainEntityOfPage\":{\"@id\":\"https:\\\/\\\/autate.fr\\\/site\\\/amelioration-desserte-ligne-toulouse-auch\\\/\"},\"wordCount\":615,\"commentCount\":0,\"publisher\":{\"@id\":\"https:\\\/\\\/autate.fr\\\/site\\\/#organization\"},\"articleSection\":[\"Actualit\u00e9s-AUTATE\",\"Gares-SERM\"],\"inLanguage\":\"fr-FR\",\"potentialAction\":[{\"@type\":\"CommentAction\",\"name\":\"Comment\",\"target\":[\"https:\\\/\\\/autate.fr\\\/site\\\/amelioration-desserte-ligne-toulouse-auch\\\/#respond\"]}]},{\"@type\":\"WebPage\",\"@id\":\"https:\\\/\\\/autate.fr\\\/site\\\/amelioration-desserte-ligne-toulouse-auch\\\/\",\"url\":\"https:\\\/\\\/autate.fr\\\/site\\\/amelioration-desserte-ligne-toulouse-auch\\\/\",\"name\":\"Am\u00e9lioration desserte ligne SNCF Toulouse-Auch - AUTATE\",\"isPartOf\":{\"@id\":\"https:\\\/\\\/autate.fr\\\/site\\\/#website\"},\"datePublished\":\"2019-09-22T23:53:44+00:00\",\"dateModified\":\"2025-11-11T16:42:58+00:00\",\"breadcrumb\":{\"@id\":\"https:\\\/\\\/autate.fr\\\/site\\\/amelioration-desserte-ligne-toulouse-auch\\\/#breadcrumb\"},\"inLanguage\":\"fr-FR\",\"potentialAction\":[{\"@type\":\"ReadAction\",\"target\":[\"https:\\\/\\\/autate.fr\\\/site\\\/amelioration-desserte-ligne-toulouse-auch\\\/\"]}]},{\"@type\":\"BreadcrumbList\",\"@id\":\"https:\\\/\\\/autate.fr\\\/site\\\/amelioration-desserte-ligne-toulouse-auch\\\/#breadcrumb\",\"itemListElement\":[{\"@type\":\"ListItem\",\"position\":1,\"name\":\"Accueil\",\"item\":\"https:\\\/\\\/autate.fr\\\/site\\\/\"},{\"@type\":\"ListItem\",\"position\":2,\"name\":\"Am\u00e9lioration desserte ligne SNCF Toulouse-Auch\"}]},{\"@type\":\"WebSite\",\"@id\":\"https:\\\/\\\/autate.fr\\\/site\\\/#website\",\"url\":\"https:\\\/\\\/autate.fr\\\/site\\\/\",\"name\":\"AUTATE\",\"description\":\"Association des usagers des transports de l&#039;agglom\u00e9ration Toulousaine et de ses environs\",\"publisher\":{\"@id\":\"https:\\\/\\\/autate.fr\\\/site\\\/#organization\"},\"potentialAction\":[{\"@type\":\"SearchAction\",\"target\":{\"@type\":\"EntryPoint\",\"urlTemplate\":\"https:\\\/\\\/autate.fr\\\/site\\\/?s={search_term_string}\"},\"query-input\":{\"@type\":\"PropertyValueSpecification\",\"valueRequired\":true,\"valueName\":\"search_term_string\"}}],\"inLanguage\":\"fr-FR\"},{\"@type\":\"Organization\",\"@id\":\"https:\\\/\\\/autate.fr\\\/site\\\/#organization\",\"name\":\"AUTATE\",\"url\":\"https:\\\/\\\/autate.fr\\\/site\\\/\",\"logo\":{\"@type\":\"ImageObject\",\"inLanguage\":\"fr-FR\",\"@id\":\"https:\\\/\\\/autate.fr\\\/site\\\/#\\\/schema\\\/logo\\\/image\\\/\",\"url\":\"http:\\\/\\\/autate.fr\\\/site\\\/wp-content\\\/uploads\\\/2019\\\/01\\\/logo.png\",\"contentUrl\":\"http:\\\/\\\/autate.fr\\\/site\\\/wp-content\\\/uploads\\\/2019\\\/01\\\/logo.png\",\"width\":506,\"height\":280,\"caption\":\"AUTATE\"},\"image\":{\"@id\":\"https:\\\/\\\/autate.fr\\\/site\\\/#\\\/schema\\\/logo\\\/image\\\/\"},\"sameAs\":[\"https:\\\/\\\/www.facebook.com\\\/AutateToulouse\",\"https:\\\/\\\/x.com\\\/AutateToulouse\"]},{\"@type\":\"Person\",\"@id\":\"https:\\\/\\\/autate.fr\\\/site\\\/#\\\/schema\\\/person\\\/5dd2db09ec53d78638dc66bb99c1a96b\",\"name\":\"Agn\u00e8s D\u00e9fosse\",\"image\":{\"@type\":\"ImageObject\",\"inLanguage\":\"fr-FR\",\"@id\":\"https:\\\/\\\/secure.gravatar.com\\\/avatar\\\/95c9cd4b94e5a0c0ea8b60b9bdbb3225980cf1f6d229a870c299992be19d6804?s=96&d=mm&r=g\",\"url\":\"https:\\\/\\\/secure.gravatar.com\\\/avatar\\\/95c9cd4b94e5a0c0ea8b60b9bdbb3225980cf1f6d229a870c299992be19d6804?s=96&d=mm&r=g\",\"contentUrl\":\"https:\\\/\\\/secure.gravatar.com\\\/avatar\\\/95c9cd4b94e5a0c0ea8b60b9bdbb3225980cf1f6d229a870c299992be19d6804?s=96&d=mm&r=g\",\"caption\":\"Agn\u00e8s D\u00e9fosse\"},\"url\":\"https:\\\/\\\/autate.fr\\\/site\\\/author\\\/agnesdefosse\\\/\"}]}<\/script>\n<!-- \/ Yoast SEO plugin. -->","yoast_head_json":{"title":"Am\u00e9lioration desserte ligne SNCF Toulouse-Auch - AUTATE","robots":{"index":"index","follow":"follow","max-snippet":"max-snippet:-1","max-image-preview":"max-image-preview:large","max-video-preview":"max-video-preview:-1"},"canonical":"https:\/\/autate.fr\/site\/amelioration-desserte-ligne-toulouse-auch\/","og_locale":"fr_FR","og_type":"article","og_title":"Am\u00e9lioration desserte ligne SNCF Toulouse-Auch - AUTATE","og_description":"Les associations AUTATE, Rallumons l\u2019Etoile, Collectif Pibrac, Sauvegarde des Int\u00e9r\u00eats de St-Martin du Touch (ASIS),&nbsp;D\u00e9fense du Quartier de Lardenne (ADQL) s\u2019associent pour d\u00e9fendre un d\u00e9veloppement ambitieux de cette ligne de train&nbsp; n\u00e9cessaire au renforcement de l\u2019offre de transports en commun dans une zone d\u00e9laiss\u00e9e et pourtant en forte croissance La ligne Toulouse-Auch actuelle est desservieVOIR PLUS","og_url":"https:\/\/autate.fr\/site\/amelioration-desserte-ligne-toulouse-auch\/","og_site_name":"AUTATE","article_publisher":"https:\/\/www.facebook.com\/AutateToulouse","article_published_time":"2019-09-22T23:53:44+00:00","article_modified_time":"2025-11-11T16:42:58+00:00","author":"Agn\u00e8s D\u00e9fosse","twitter_card":"summary_large_image","twitter_creator":"@AutateToulouse","twitter_site":"@AutateToulouse","twitter_misc":{"\u00c9crit par":"Agn\u00e8s D\u00e9fosse","Dur\u00e9e de lecture estim\u00e9e":"3 minutes"},"schema":{"@context":"https:\/\/schema.org","@graph":[{"@type":"Article","@id":"https:\/\/autate.fr\/site\/amelioration-desserte-ligne-toulouse-auch\/#article","isPartOf":{"@id":"https:\/\/autate.fr\/site\/amelioration-desserte-ligne-toulouse-auch\/"},"author":{"name":"Agn\u00e8s D\u00e9fosse","@id":"https:\/\/autate.fr\/site\/#\/schema\/person\/5dd2db09ec53d78638dc66bb99c1a96b"},"headline":"Am\u00e9lioration desserte ligne SNCF Toulouse-Auch","datePublished":"2019-09-22T23:53:44+00:00","dateModified":"2025-11-11T16:42:58+00:00","mainEntityOfPage":{"@id":"https:\/\/autate.fr\/site\/amelioration-desserte-ligne-toulouse-auch\/"},"wordCount":615,"commentCount":0,"publisher":{"@id":"https:\/\/autate.fr\/site\/#organization"},"articleSection":["Actualit\u00e9s-AUTATE","Gares-SERM"],"inLanguage":"fr-FR","potentialAction":[{"@type":"CommentAction","name":"Comment","target":["https:\/\/autate.fr\/site\/amelioration-desserte-ligne-toulouse-auch\/#respond"]}]},{"@type":"WebPage","@id":"https:\/\/autate.fr\/site\/amelioration-desserte-ligne-toulouse-auch\/","url":"https:\/\/autate.fr\/site\/amelioration-desserte-ligne-toulouse-auch\/","name":"Am\u00e9lioration desserte ligne SNCF Toulouse-Auch - AUTATE","isPartOf":{"@id":"https:\/\/autate.fr\/site\/#website"},"datePublished":"2019-09-22T23:53:44+00:00","dateModified":"2025-11-11T16:42:58+00:00","breadcrumb":{"@id":"https:\/\/autate.fr\/site\/amelioration-desserte-ligne-toulouse-auch\/#breadcrumb"},"inLanguage":"fr-FR","potentialAction":[{"@type":"ReadAction","target":["https:\/\/autate.fr\/site\/amelioration-desserte-ligne-toulouse-auch\/"]}]},{"@type":"BreadcrumbList","@id":"https:\/\/autate.fr\/site\/amelioration-desserte-ligne-toulouse-auch\/#breadcrumb","itemListElement":[{"@type":"ListItem","position":1,"name":"Accueil","item":"https:\/\/autate.fr\/site\/"},{"@type":"ListItem","position":2,"name":"Am\u00e9lioration desserte ligne SNCF Toulouse-Auch"}]},{"@type":"WebSite","@id":"https:\/\/autate.fr\/site\/#website","url":"https:\/\/autate.fr\/site\/","name":"AUTATE","description":"Association des usagers des transports de l&#039;agglom\u00e9ration Toulousaine et de ses environs","publisher":{"@id":"https:\/\/autate.fr\/site\/#organization"},"potentialAction":[{"@type":"SearchAction","target":{"@type":"EntryPoint","urlTemplate":"https:\/\/autate.fr\/site\/?s={search_term_string}"},"query-input":{"@type":"PropertyValueSpecification","valueRequired":true,"valueName":"search_term_string"}}],"inLanguage":"fr-FR"},{"@type":"Organization","@id":"https:\/\/autate.fr\/site\/#organization","name":"AUTATE","url":"https:\/\/autate.fr\/site\/","logo":{"@type":"ImageObject","inLanguage":"fr-FR","@id":"https:\/\/autate.fr\/site\/#\/schema\/logo\/image\/","url":"http:\/\/autate.fr\/site\/wp-content\/uploads\/2019\/01\/logo.png","contentUrl":"http:\/\/autate.fr\/site\/wp-content\/uploads\/2019\/01\/logo.png","width":506,"height":280,"caption":"AUTATE"},"image":{"@id":"https:\/\/autate.fr\/site\/#\/schema\/logo\/image\/"},"sameAs":["https:\/\/www.facebook.com\/AutateToulouse","https:\/\/x.com\/AutateToulouse"]},{"@type":"Person","@id":"https:\/\/autate.fr\/site\/#\/schema\/person\/5dd2db09ec53d78638dc66bb99c1a96b","name":"Agn\u00e8s D\u00e9fosse","image":{"@type":"ImageObject","inLanguage":"fr-FR","@id":"https:\/\/secure.gravatar.com\/avatar\/95c9cd4b94e5a0c0ea8b60b9bdbb3225980cf1f6d229a870c299992be19d6804?s=96&d=mm&r=g","url":"https:\/\/secure.gravatar.com\/avatar\/95c9cd4b94e5a0c0ea8b60b9bdbb3225980cf1f6d229a870c299992be19d6804?s=96&d=mm&r=g","contentUrl":"https:\/\/secure.gravatar.com\/avatar\/95c9cd4b94e5a0c0ea8b60b9bdbb3225980cf1f6d229a870c299992be19d6804?s=96&d=mm&r=g","caption":"Agn\u00e8s D\u00e9fosse"},"url":"https:\/\/autate.fr\/site\/author\/agnesdefosse\/"}]}},"_links":{"self":[{"href":"https:\/\/autate.fr\/site\/wp-json\/wp\/v2\/posts\/3552","targetHints":{"allow":["GET"]}}],"collection":[{"href":"https:\/\/autate.fr\/site\/wp-json\/wp\/v2\/posts"}],"about":[{"href":"https:\/\/autate.fr\/site\/wp-json\/wp\/v2\/types\/post"}],"author":[{"embeddable":true,"href":"https:\/\/autate.fr\/site\/wp-json\/wp\/v2\/users\/10"}],"replies":[{"embeddable":true,"href":"https:\/\/autate.fr\/site\/wp-json\/wp\/v2\/comments?post=3552"}],"version-history":[{"count":29,"href":"https:\/\/autate.fr\/site\/wp-json\/wp\/v2\/posts\/3552\/revisions"}],"predecessor-version":[{"id":3597,"href":"https:\/\/autate.fr\/site\/wp-json\/wp\/v2\/posts\/3552\/revisions\/3597"}],"wp:attachment":[{"href":"https:\/\/autate.fr\/site\/wp-json\/wp\/v2\/media?parent=3552"}],"wp:term":[{"taxonomy":"category","embeddable":true,"href":"https:\/\/autate.fr\/site\/wp-json\/wp\/v2\/categories?post=3552"},{"taxonomy":"post_tag","embeddable":true,"href":"https:\/\/autate.fr\/site\/wp-json\/wp\/v2\/tags?post=3552"}],"curies":[{"name":"wp","href":"https:\/\/api.w.org\/{rel}","templated":true}]}}