{"id":354,"date":"2016-03-16T00:36:01","date_gmt":"2016-03-15T23:36:01","guid":{"rendered":"http:\/\/autate.fr\/site\/?p=354"},"modified":"2016-08-10T21:14:42","modified_gmt":"2016-08-10T19:14:42","slug":"la-depeche-daurade-le-retour-des-potelets-remet-en-cause-lespace-partage","status":"publish","type":"post","link":"https:\/\/autate.fr\/site\/la-depeche-daurade-le-retour-des-potelets-remet-en-cause-lespace-partage\/","title":{"rendered":"[La D\u00e9p\u00eache] Daurade : le retour des potelets remet en cause l&rsquo;espace partag\u00e9"},"content":{"rendered":"<p class=\"\">Les promeneurs et les habitu\u00e9s de la place de la Daurade ont d\u00e9couvert, surpris, ces derniers jours, la r\u00e9apparition sur cette esplanade fra\u00eechement r\u00e9am\u00e9nag\u00e9e en espace partag\u00e9 entre pi\u00e9tons, cyclistes et automobilistes, d&rsquo;une rang\u00e9e de poteaux m\u00e9talliques h\u00e9riss\u00e9s le long du trottoir, c\u00f4t\u00e9 port et Garonne. Les potelets noirs, fins et hauts, comme mont\u00e9s en graine, se veulent plus discrets \u00e0 l&rsquo;\u0153il que les barri\u00e8res agr\u00e9mentant h\u00e9las de nombreuses rues du centre-ville. Ils risquent toutefois de surprendre maints automobilistes, voire pi\u00e9tons ou cyclistes, qui s&rsquo;\u00e9taient habitu\u00e9s \u00e0 un espace ouvert, seulement agr\u00e9ment\u00e9 de quelques bancs.<\/p>\n<p class=\"\">\u00abCet espace est h\u00e9las trop souvent le th\u00e9\u00e2tre d&rsquo;un stationnement sauvage, la nuit notamment\u00bb, explique Olivier Arsac, adjoint au maire charg\u00e9 de la s\u00e9curit\u00e9, \u00abmalgr\u00e9 le passage de la fourri\u00e8re, nous n&rsquo;avons pu en venir \u00e0 bout. D&rsquo;o\u00f9 la pr\u00e9sence de potelets pour emp\u00eacher tout stationnement sur le trottoir\u00bb.<\/p>\n<p class=\"\"><a href=\"http:\/\/www.ladepeche.fr\/article\/2016\/03\/15\/2303780-daurade-retour-potelets-remet-cause-espace-partage.html\" target=\"_blank\">lire la suite<\/a><\/p>\n<p class=\"\">Un article de Philippe Emery paru dans la D\u00e9p\u00eache du midi du 15\/03\/2016<\/p>\n<p class=\"\">Photo DDM<\/p>\n","protected":false},"excerpt":{"rendered":"<p>Les promeneurs et les habitu\u00e9s de la place de la Daurade ont d\u00e9couvert, surpris, ces derniers jours, la r\u00e9apparition sur cette esplanade fra\u00eechement r\u00e9am\u00e9nag\u00e9e en espace partag\u00e9 entre pi\u00e9tons, cyclistes et automobilistes, d&rsquo;une rang\u00e9e de poteaux m\u00e9talliques h\u00e9riss\u00e9s le long du trottoir, c\u00f4t\u00e9 port et Garonne. Les potelets noirs, fins et hauts, comme mont\u00e9s en<\/p>\n<p class=\"more-link\"><a href=\"https:\/\/autate.fr\/site\/la-depeche-daurade-le-retour-des-potelets-remet-en-cause-lespace-partage\/\" class=\"themebutton2\">VOIR PLUS<\/a><\/p>\n","protected":false},"author":1,"featured_media":355,"comment_status":"open","ping_status":"open","sticky":false,"template":"","format":"standard","meta":{"footnotes":""},"categories":[7],"tags":[248,250,249],"class_list":["post-354","post","type-post","status-publish","format-standard","has-post-thumbnail","hentry","category-revue-de-presse","tag-espace-partage","tag-la-daurade","tag-potelets"],"yoast_head":"<!-- This site is optimized with the Yoast SEO plugin v27.4 - https:\/\/yoast.com\/product\/yoast-seo-wordpress\/ -->\n<title>[La D\u00e9p\u00eache] Daurade : le retour des potelets remet en cause l&#039;espace partag\u00e9 - AUTATE<\/title>\n<meta name=\"robots\" content=\"index, follow, max-snippet:-1, max-image-preview:large, max-video-preview:-1\" \/>\n<link rel=\"canonical\" href=\"https:\/\/autate.fr\/site\/la-depeche-daurade-le-retour-des-potelets-remet-en-cause-lespace-partage\/\" \/>\n<meta property=\"og:locale\" content=\"fr_FR\" \/>\n<meta property=\"og:type\" content=\"article\" \/>\n<meta property=\"og:title\" content=\"[La D\u00e9p\u00eache] Daurade : le retour des potelets remet en cause l&#039;espace partag\u00e9 - AUTATE\" \/>\n<meta property=\"og:description\" content=\"Les promeneurs et les habitu\u00e9s de la place de la Daurade ont d\u00e9couvert, surpris, ces derniers jours, la r\u00e9apparition sur cette esplanade fra\u00eechement r\u00e9am\u00e9nag\u00e9e en espace partag\u00e9 entre pi\u00e9tons, cyclistes et automobilistes, d&rsquo;une rang\u00e9e de poteaux m\u00e9talliques h\u00e9riss\u00e9s le long du trottoir, c\u00f4t\u00e9 port et Garonne. Les potelets noirs, fins et hauts, comme mont\u00e9s enVOIR PLUS\" \/>\n<meta property=\"og:url\" content=\"https:\/\/autate.fr\/site\/la-depeche-daurade-le-retour-des-potelets-remet-en-cause-lespace-partage\/\" \/>\n<meta property=\"og:site_name\" content=\"AUTATE\" \/>\n<meta property=\"article:publisher\" content=\"https:\/\/www.facebook.com\/AutateToulouse\" \/>\n<meta property=\"article:published_time\" content=\"2016-03-15T23:36:01+00:00\" \/>\n<meta property=\"article:modified_time\" content=\"2016-08-10T19:14:42+00:00\" \/>\n<meta property=\"og:image\" content=\"https:\/\/autate.fr\/site\/wp-content\/uploads\/2016\/03\/ddmpotelets.jpg\" \/>\n\t<meta property=\"og:image:width\" content=\"650\" \/>\n\t<meta property=\"og:image:height\" content=\"350\" \/>\n\t<meta property=\"og:image:type\" content=\"image\/jpeg\" \/>\n<meta name=\"author\" content=\"pascalbarbier\" \/>\n<meta name=\"twitter:card\" content=\"summary_large_image\" \/>\n<meta name=\"twitter:creator\" content=\"@AutateToulouse\" \/>\n<meta name=\"twitter:site\" content=\"@AutateToulouse\" \/>\n<meta name=\"twitter:label1\" content=\"\u00c9crit par\" \/>\n\t<meta name=\"twitter:data1\" content=\"pascalbarbier\" \/>\n\t<meta name=\"twitter:label2\" content=\"Dur\u00e9e de lecture estim\u00e9e\" \/>\n\t<meta name=\"twitter:data2\" content=\"1 minute\" \/>\n<script type=\"application\/ld+json\" class=\"yoast-schema-graph\">{\"@context\":\"https:\\\/\\\/schema.org\",\"@graph\":[{\"@type\":\"Article\",\"@id\":\"https:\\\/\\\/autate.fr\\\/site\\\/la-depeche-daurade-le-retour-des-potelets-remet-en-cause-lespace-partage\\\/#article\",\"isPartOf\":{\"@id\":\"https:\\\/\\\/autate.fr\\\/site\\\/la-depeche-daurade-le-retour-des-potelets-remet-en-cause-lespace-partage\\\/\"},\"author\":{\"name\":\"pascalbarbier\",\"@id\":\"https:\\\/\\\/autate.fr\\\/site\\\/#\\\/schema\\\/person\\\/ae1ab8bdaa7b41d2a9b52d2557ce8254\"},\"headline\":\"[La D\u00e9p\u00eache] Daurade : le retour des potelets remet en cause l&rsquo;espace partag\u00e9\",\"datePublished\":\"2016-03-15T23:36:01+00:00\",\"dateModified\":\"2016-08-10T19:14:42+00:00\",\"mainEntityOfPage\":{\"@id\":\"https:\\\/\\\/autate.fr\\\/site\\\/la-depeche-daurade-le-retour-des-potelets-remet-en-cause-lespace-partage\\\/\"},\"wordCount\":202,\"commentCount\":0,\"publisher\":{\"@id\":\"https:\\\/\\\/autate.fr\\\/site\\\/#organization\"},\"image\":{\"@id\":\"https:\\\/\\\/autate.fr\\\/site\\\/la-depeche-daurade-le-retour-des-potelets-remet-en-cause-lespace-partage\\\/#primaryimage\"},\"thumbnailUrl\":\"https:\\\/\\\/autate.fr\\\/site\\\/wp-content\\\/uploads\\\/2016\\\/03\\\/ddmpotelets.jpg\",\"keywords\":[\"espace partag\u00e9\",\"La daurade\",\"potelets\"],\"articleSection\":[\"Revue de presse\"],\"inLanguage\":\"fr-FR\",\"potentialAction\":[{\"@type\":\"CommentAction\",\"name\":\"Comment\",\"target\":[\"https:\\\/\\\/autate.fr\\\/site\\\/la-depeche-daurade-le-retour-des-potelets-remet-en-cause-lespace-partage\\\/#respond\"]}]},{\"@type\":\"WebPage\",\"@id\":\"https:\\\/\\\/autate.fr\\\/site\\\/la-depeche-daurade-le-retour-des-potelets-remet-en-cause-lespace-partage\\\/\",\"url\":\"https:\\\/\\\/autate.fr\\\/site\\\/la-depeche-daurade-le-retour-des-potelets-remet-en-cause-lespace-partage\\\/\",\"name\":\"[La D\u00e9p\u00eache] Daurade : le retour des potelets remet en cause l'espace partag\u00e9 - AUTATE\",\"isPartOf\":{\"@id\":\"https:\\\/\\\/autate.fr\\\/site\\\/#website\"},\"primaryImageOfPage\":{\"@id\":\"https:\\\/\\\/autate.fr\\\/site\\\/la-depeche-daurade-le-retour-des-potelets-remet-en-cause-lespace-partage\\\/#primaryimage\"},\"image\":{\"@id\":\"https:\\\/\\\/autate.fr\\\/site\\\/la-depeche-daurade-le-retour-des-potelets-remet-en-cause-lespace-partage\\\/#primaryimage\"},\"thumbnailUrl\":\"https:\\\/\\\/autate.fr\\\/site\\\/wp-content\\\/uploads\\\/2016\\\/03\\\/ddmpotelets.jpg\",\"datePublished\":\"2016-03-15T23:36:01+00:00\",\"dateModified\":\"2016-08-10T19:14:42+00:00\",\"breadcrumb\":{\"@id\":\"https:\\\/\\\/autate.fr\\\/site\\\/la-depeche-daurade-le-retour-des-potelets-remet-en-cause-lespace-partage\\\/#breadcrumb\"},\"inLanguage\":\"fr-FR\",\"potentialAction\":[{\"@type\":\"ReadAction\",\"target\":[\"https:\\\/\\\/autate.fr\\\/site\\\/la-depeche-daurade-le-retour-des-potelets-remet-en-cause-lespace-partage\\\/\"]}]},{\"@type\":\"ImageObject\",\"inLanguage\":\"fr-FR\",\"@id\":\"https:\\\/\\\/autate.fr\\\/site\\\/la-depeche-daurade-le-retour-des-potelets-remet-en-cause-lespace-partage\\\/#primaryimage\",\"url\":\"https:\\\/\\\/autate.fr\\\/site\\\/wp-content\\\/uploads\\\/2016\\\/03\\\/ddmpotelets.jpg\",\"contentUrl\":\"https:\\\/\\\/autate.fr\\\/site\\\/wp-content\\\/uploads\\\/2016\\\/03\\\/ddmpotelets.jpg\",\"width\":650,\"height\":350},{\"@type\":\"BreadcrumbList\",\"@id\":\"https:\\\/\\\/autate.fr\\\/site\\\/la-depeche-daurade-le-retour-des-potelets-remet-en-cause-lespace-partage\\\/#breadcrumb\",\"itemListElement\":[{\"@type\":\"ListItem\",\"position\":1,\"name\":\"Accueil\",\"item\":\"https:\\\/\\\/autate.fr\\\/site\\\/\"},{\"@type\":\"ListItem\",\"position\":2,\"name\":\"[La D\u00e9p\u00eache] Daurade : le retour des potelets remet en cause l&rsquo;espace partag\u00e9\"}]},{\"@type\":\"WebSite\",\"@id\":\"https:\\\/\\\/autate.fr\\\/site\\\/#website\",\"url\":\"https:\\\/\\\/autate.fr\\\/site\\\/\",\"name\":\"AUTATE\",\"description\":\"Association des usagers des transports de l&#039;agglom\u00e9ration Toulousaine et de ses environs\",\"publisher\":{\"@id\":\"https:\\\/\\\/autate.fr\\\/site\\\/#organization\"},\"potentialAction\":[{\"@type\":\"SearchAction\",\"target\":{\"@type\":\"EntryPoint\",\"urlTemplate\":\"https:\\\/\\\/autate.fr\\\/site\\\/?s={search_term_string}\"},\"query-input\":{\"@type\":\"PropertyValueSpecification\",\"valueRequired\":true,\"valueName\":\"search_term_string\"}}],\"inLanguage\":\"fr-FR\"},{\"@type\":\"Organization\",\"@id\":\"https:\\\/\\\/autate.fr\\\/site\\\/#organization\",\"name\":\"AUTATE\",\"url\":\"https:\\\/\\\/autate.fr\\\/site\\\/\",\"logo\":{\"@type\":\"ImageObject\",\"inLanguage\":\"fr-FR\",\"@id\":\"https:\\\/\\\/autate.fr\\\/site\\\/#\\\/schema\\\/logo\\\/image\\\/\",\"url\":\"http:\\\/\\\/autate.fr\\\/site\\\/wp-content\\\/uploads\\\/2019\\\/01\\\/logo.png\",\"contentUrl\":\"http:\\\/\\\/autate.fr\\\/site\\\/wp-content\\\/uploads\\\/2019\\\/01\\\/logo.png\",\"width\":506,\"height\":280,\"caption\":\"AUTATE\"},\"image\":{\"@id\":\"https:\\\/\\\/autate.fr\\\/site\\\/#\\\/schema\\\/logo\\\/image\\\/\"},\"sameAs\":[\"https:\\\/\\\/www.facebook.com\\\/AutateToulouse\",\"https:\\\/\\\/x.com\\\/AutateToulouse\"]},{\"@type\":\"Person\",\"@id\":\"https:\\\/\\\/autate.fr\\\/site\\\/#\\\/schema\\\/person\\\/ae1ab8bdaa7b41d2a9b52d2557ce8254\",\"name\":\"pascalbarbier\",\"image\":{\"@type\":\"ImageObject\",\"inLanguage\":\"fr-FR\",\"@id\":\"https:\\\/\\\/secure.gravatar.com\\\/avatar\\\/03f4e8ced09894b72c67e83142540730d4b3bbf619bf46341b0074e3bf5f08a0?s=96&d=mm&r=g\",\"url\":\"https:\\\/\\\/secure.gravatar.com\\\/avatar\\\/03f4e8ced09894b72c67e83142540730d4b3bbf619bf46341b0074e3bf5f08a0?s=96&d=mm&r=g\",\"contentUrl\":\"https:\\\/\\\/secure.gravatar.com\\\/avatar\\\/03f4e8ced09894b72c67e83142540730d4b3bbf619bf46341b0074e3bf5f08a0?s=96&d=mm&r=g\",\"caption\":\"pascalbarbier\"},\"url\":\"https:\\\/\\\/autate.fr\\\/site\\\/author\\\/pascalbarbier\\\/\"}]}<\/script>\n<!-- \/ Yoast SEO plugin. -->","yoast_head_json":{"title":"[La D\u00e9p\u00eache] Daurade : le retour des potelets remet en cause l'espace partag\u00e9 - AUTATE","robots":{"index":"index","follow":"follow","max-snippet":"max-snippet:-1","max-image-preview":"max-image-preview:large","max-video-preview":"max-video-preview:-1"},"canonical":"https:\/\/autate.fr\/site\/la-depeche-daurade-le-retour-des-potelets-remet-en-cause-lespace-partage\/","og_locale":"fr_FR","og_type":"article","og_title":"[La D\u00e9p\u00eache] Daurade : le retour des potelets remet en cause l'espace partag\u00e9 - AUTATE","og_description":"Les promeneurs et les habitu\u00e9s de la place de la Daurade ont d\u00e9couvert, surpris, ces derniers jours, la r\u00e9apparition sur cette esplanade fra\u00eechement r\u00e9am\u00e9nag\u00e9e en espace partag\u00e9 entre pi\u00e9tons, cyclistes et automobilistes, d&rsquo;une rang\u00e9e de poteaux m\u00e9talliques h\u00e9riss\u00e9s le long du trottoir, c\u00f4t\u00e9 port et Garonne. Les potelets noirs, fins et hauts, comme mont\u00e9s enVOIR PLUS","og_url":"https:\/\/autate.fr\/site\/la-depeche-daurade-le-retour-des-potelets-remet-en-cause-lespace-partage\/","og_site_name":"AUTATE","article_publisher":"https:\/\/www.facebook.com\/AutateToulouse","article_published_time":"2016-03-15T23:36:01+00:00","article_modified_time":"2016-08-10T19:14:42+00:00","og_image":[{"width":650,"height":350,"url":"https:\/\/autate.fr\/site\/wp-content\/uploads\/2016\/03\/ddmpotelets.jpg","type":"image\/jpeg"}],"author":"pascalbarbier","twitter_card":"summary_large_image","twitter_creator":"@AutateToulouse","twitter_site":"@AutateToulouse","twitter_misc":{"\u00c9crit par":"pascalbarbier","Dur\u00e9e de lecture estim\u00e9e":"1 minute"},"schema":{"@context":"https:\/\/schema.org","@graph":[{"@type":"Article","@id":"https:\/\/autate.fr\/site\/la-depeche-daurade-le-retour-des-potelets-remet-en-cause-lespace-partage\/#article","isPartOf":{"@id":"https:\/\/autate.fr\/site\/la-depeche-daurade-le-retour-des-potelets-remet-en-cause-lespace-partage\/"},"author":{"name":"pascalbarbier","@id":"https:\/\/autate.fr\/site\/#\/schema\/person\/ae1ab8bdaa7b41d2a9b52d2557ce8254"},"headline":"[La D\u00e9p\u00eache] Daurade : le retour des potelets remet en cause l&rsquo;espace partag\u00e9","datePublished":"2016-03-15T23:36:01+00:00","dateModified":"2016-08-10T19:14:42+00:00","mainEntityOfPage":{"@id":"https:\/\/autate.fr\/site\/la-depeche-daurade-le-retour-des-potelets-remet-en-cause-lespace-partage\/"},"wordCount":202,"commentCount":0,"publisher":{"@id":"https:\/\/autate.fr\/site\/#organization"},"image":{"@id":"https:\/\/autate.fr\/site\/la-depeche-daurade-le-retour-des-potelets-remet-en-cause-lespace-partage\/#primaryimage"},"thumbnailUrl":"https:\/\/autate.fr\/site\/wp-content\/uploads\/2016\/03\/ddmpotelets.jpg","keywords":["espace partag\u00e9","La daurade","potelets"],"articleSection":["Revue de presse"],"inLanguage":"fr-FR","potentialAction":[{"@type":"CommentAction","name":"Comment","target":["https:\/\/autate.fr\/site\/la-depeche-daurade-le-retour-des-potelets-remet-en-cause-lespace-partage\/#respond"]}]},{"@type":"WebPage","@id":"https:\/\/autate.fr\/site\/la-depeche-daurade-le-retour-des-potelets-remet-en-cause-lespace-partage\/","url":"https:\/\/autate.fr\/site\/la-depeche-daurade-le-retour-des-potelets-remet-en-cause-lespace-partage\/","name":"[La D\u00e9p\u00eache] Daurade : le retour des potelets remet en cause l'espace partag\u00e9 - AUTATE","isPartOf":{"@id":"https:\/\/autate.fr\/site\/#website"},"primaryImageOfPage":{"@id":"https:\/\/autate.fr\/site\/la-depeche-daurade-le-retour-des-potelets-remet-en-cause-lespace-partage\/#primaryimage"},"image":{"@id":"https:\/\/autate.fr\/site\/la-depeche-daurade-le-retour-des-potelets-remet-en-cause-lespace-partage\/#primaryimage"},"thumbnailUrl":"https:\/\/autate.fr\/site\/wp-content\/uploads\/2016\/03\/ddmpotelets.jpg","datePublished":"2016-03-15T23:36:01+00:00","dateModified":"2016-08-10T19:14:42+00:00","breadcrumb":{"@id":"https:\/\/autate.fr\/site\/la-depeche-daurade-le-retour-des-potelets-remet-en-cause-lespace-partage\/#breadcrumb"},"inLanguage":"fr-FR","potentialAction":[{"@type":"ReadAction","target":["https:\/\/autate.fr\/site\/la-depeche-daurade-le-retour-des-potelets-remet-en-cause-lespace-partage\/"]}]},{"@type":"ImageObject","inLanguage":"fr-FR","@id":"https:\/\/autate.fr\/site\/la-depeche-daurade-le-retour-des-potelets-remet-en-cause-lespace-partage\/#primaryimage","url":"https:\/\/autate.fr\/site\/wp-content\/uploads\/2016\/03\/ddmpotelets.jpg","contentUrl":"https:\/\/autate.fr\/site\/wp-content\/uploads\/2016\/03\/ddmpotelets.jpg","width":650,"height":350},{"@type":"BreadcrumbList","@id":"https:\/\/autate.fr\/site\/la-depeche-daurade-le-retour-des-potelets-remet-en-cause-lespace-partage\/#breadcrumb","itemListElement":[{"@type":"ListItem","position":1,"name":"Accueil","item":"https:\/\/autate.fr\/site\/"},{"@type":"ListItem","position":2,"name":"[La D\u00e9p\u00eache] Daurade : le retour des potelets remet en cause l&rsquo;espace partag\u00e9"}]},{"@type":"WebSite","@id":"https:\/\/autate.fr\/site\/#website","url":"https:\/\/autate.fr\/site\/","name":"AUTATE","description":"Association des usagers des transports de l&#039;agglom\u00e9ration Toulousaine et de ses environs","publisher":{"@id":"https:\/\/autate.fr\/site\/#organization"},"potentialAction":[{"@type":"SearchAction","target":{"@type":"EntryPoint","urlTemplate":"https:\/\/autate.fr\/site\/?s={search_term_string}"},"query-input":{"@type":"PropertyValueSpecification","valueRequired":true,"valueName":"search_term_string"}}],"inLanguage":"fr-FR"},{"@type":"Organization","@id":"https:\/\/autate.fr\/site\/#organization","name":"AUTATE","url":"https:\/\/autate.fr\/site\/","logo":{"@type":"ImageObject","inLanguage":"fr-FR","@id":"https:\/\/autate.fr\/site\/#\/schema\/logo\/image\/","url":"http:\/\/autate.fr\/site\/wp-content\/uploads\/2019\/01\/logo.png","contentUrl":"http:\/\/autate.fr\/site\/wp-content\/uploads\/2019\/01\/logo.png","width":506,"height":280,"caption":"AUTATE"},"image":{"@id":"https:\/\/autate.fr\/site\/#\/schema\/logo\/image\/"},"sameAs":["https:\/\/www.facebook.com\/AutateToulouse","https:\/\/x.com\/AutateToulouse"]},{"@type":"Person","@id":"https:\/\/autate.fr\/site\/#\/schema\/person\/ae1ab8bdaa7b41d2a9b52d2557ce8254","name":"pascalbarbier","image":{"@type":"ImageObject","inLanguage":"fr-FR","@id":"https:\/\/secure.gravatar.com\/avatar\/03f4e8ced09894b72c67e83142540730d4b3bbf619bf46341b0074e3bf5f08a0?s=96&d=mm&r=g","url":"https:\/\/secure.gravatar.com\/avatar\/03f4e8ced09894b72c67e83142540730d4b3bbf619bf46341b0074e3bf5f08a0?s=96&d=mm&r=g","contentUrl":"https:\/\/secure.gravatar.com\/avatar\/03f4e8ced09894b72c67e83142540730d4b3bbf619bf46341b0074e3bf5f08a0?s=96&d=mm&r=g","caption":"pascalbarbier"},"url":"https:\/\/autate.fr\/site\/author\/pascalbarbier\/"}]}},"_links":{"self":[{"href":"https:\/\/autate.fr\/site\/wp-json\/wp\/v2\/posts\/354","targetHints":{"allow":["GET"]}}],"collection":[{"href":"https:\/\/autate.fr\/site\/wp-json\/wp\/v2\/posts"}],"about":[{"href":"https:\/\/autate.fr\/site\/wp-json\/wp\/v2\/types\/post"}],"author":[{"embeddable":true,"href":"https:\/\/autate.fr\/site\/wp-json\/wp\/v2\/users\/1"}],"replies":[{"embeddable":true,"href":"https:\/\/autate.fr\/site\/wp-json\/wp\/v2\/comments?post=354"}],"version-history":[{"count":1,"href":"https:\/\/autate.fr\/site\/wp-json\/wp\/v2\/posts\/354\/revisions"}],"predecessor-version":[{"id":356,"href":"https:\/\/autate.fr\/site\/wp-json\/wp\/v2\/posts\/354\/revisions\/356"}],"wp:featuredmedia":[{"embeddable":true,"href":"https:\/\/autate.fr\/site\/wp-json\/wp\/v2\/media\/355"}],"wp:attachment":[{"href":"https:\/\/autate.fr\/site\/wp-json\/wp\/v2\/media?parent=354"}],"wp:term":[{"taxonomy":"category","embeddable":true,"href":"https:\/\/autate.fr\/site\/wp-json\/wp\/v2\/categories?post=354"},{"taxonomy":"post_tag","embeddable":true,"href":"https:\/\/autate.fr\/site\/wp-json\/wp\/v2\/tags?post=354"}],"curies":[{"name":"wp","href":"https:\/\/api.w.org\/{rel}","templated":true}]}}