{"id":3521,"date":"2019-09-07T23:23:11","date_gmt":"2019-09-07T21:23:11","guid":{"rendered":"https:\/\/autate.fr\/site\/?p=3521"},"modified":"2019-09-22T13:37:30","modified_gmt":"2019-09-22T11:37:30","slug":"synthese-avis-des-usagers-juin-2019-quai-de-la-daurade","status":"publish","type":"post","link":"https:\/\/autate.fr\/site\/synthese-avis-des-usagers-juin-2019-quai-de-la-daurade\/","title":{"rendered":"Synth\u00e8se avis des usagers Juin 2019 (quai de la daurade)"},"content":{"rendered":"\n<p>47 personnes ont r\u00e9pondu \u00e0 ce questionnaire, propos\u00e9 essentiellement lors du week-end \u00ab\u00a0Toulouse 2031\u00a0\u00bb. Plusieurs r\u00e9ponses sont possibles pour chaque question.<\/p>\n<ul>\n<li>Tranche d\u2019\u00e2ge\u00a0: 30 personnes de plus de 50 ans, 8 entre 35 et 50 ans, 8 entre 20 et 35 ans, 1 de moins de 20 ans.<\/li>\n<li>2 personnes n\u2019utilisent jamais les TC, 18 disent les utiliser parfois, et 21 souvent<\/li>\n<li>Les TC sont plus utilis\u00e9s pour les d\u00e9placements personnels (29) que pour les d\u00e9placements domicile \u2013 travail (12)<\/li>\n<li>Tous les TC sont utilis\u00e9s, avec le plus souvent plusieurs modes au cours d\u2019un m\u00eame trajet\u00a0: m\u00e9tro (37), bus (29), tram (19), train (13).<\/li>\n<li>Les modes de d\u00e9placement individuels sont\u00a0: la marche (27), le v\u00e9lo (21), la voiture (14) le 2 roues motoris\u00e9 (3).<\/li>\n<\/ul>\n<p><u>Ce qui inciterait le plus \u00e0 utiliser les T C\u00a0: <\/u><\/p>\n<ul>\n<li>La fr\u00e9quence\u00a0: 29. Elle est globalement jug\u00e9e tr\u00e8s insuffisante<\/li>\n<li>Le prix\u00a0: trop \u00e9lev\u00e9 pour 20 personnes<\/li>\n<li>La dur\u00e9e des trajets, qui n\u00e9cessiterait d\u2019\u00eatre r\u00e9duite pour 17 personnes<\/li>\n<li>L\u2019offre de trajet, trop faible, pour 16 personnes<\/li>\n<li>Le confort vient en dernier lieu, pour 5 personnes.<\/li>\n<\/ul>\n<p><u>En ce qui concerne le prix<\/u>\u00a0: la gratuit\u00e9 est souhait\u00e9e par 30 personnes\u00a0; 16 estiment normal que le prix soit fonction de la situation de l\u2019usager (\u00e2ge, handicap, situation socio-\u00e9conomique,\u2026)\u00a0; 4 estiment que tout le monde devrait payer le m\u00eame prix.<\/p>\n<p>Des suggestions\u00a0:<\/p>\n<ul>\n<li>Rendre plus facile l\u2019intermodalit\u00e9 en r\u00e9servant des espaces pour les v\u00e9los<\/li>\n<li>D\u00e9velopper les offres p\u00e9riph\u00e9riques, ne pas tout relier au centre\u00a0; des bus pour les liaisons de banlieue \u00e0 banlieue\u00a0; + de bus<\/li>\n<li>Des RER vers le nord toulousain, et vers le sud<\/li>\n<li>Am\u00e9liorer les correspondances<\/li>\n<li>Mettre des navettes gratuites en centre-ville<\/li>\n<li>Augmenter l\u2019amplitude horaire du m\u00e9tro<\/li>\n<li>Plus d\u2019amplitude horaire pour les bus<\/li>\n<\/ul>\n<p><strong>Et maintenant, les t\u00e9moignages<\/strong><\/p>\n<ol>\n<li>La fr\u00e9quence des bus de la ligne 12 est insuffisante, notamment pendant les vacances scolaires. Elle est aussi insuffisante pour les personnes qui souhaiteraient se rendre \u00e0 leur travail en p\u00e9riode \u00ab normale \u00bb : jusqu\u2019\u00e0 20 minutes d\u2019attente<\/li>\n<li>J\u2019ai totalement cess\u00e9 de me rendre \u00e0 mon travail en transports en communs (train + car) pour les raisons suivantes\u00a0:\n<ul>\n<li>Fr\u00e9quences insuffisantes (ligne Toulouse \u2013 Cahors)<\/li>\n<li>Annulation de trains du matin de plus en plus fr\u00e9quentes (et \u00e0 la derni\u00e8re minute)<\/li>\n<li>Le prix de l\u2019abonnement (222.90 euro\/mois)\u00a0; le train n\u2019est plus un moyen de transport fiable et abordable.<\/li>\n<\/ul>\n<\/li>\n<li>La ligne 54 s\u2019arr\u00eate \u00e0 21 h, beaucoup trop t\u00f4t\u00a0; sa fr\u00e9quence est trop r\u00e9duite entre les pics de fr\u00e9quentation li\u00e9s au travail \u00ab\u00a0classique\u00a0\u00bb 8 h \u2013 17 h<\/li>\n<li>Trop de monde dans les transports quand il pleut.<\/li>\n<\/ol>\n<p>Synth\u00e8se effectu\u00e9e par Th\u00e9r\u00e8se.<\/p>\n","protected":false},"excerpt":{"rendered":"<p>47 personnes ont r\u00e9pondu \u00e0 ce questionnaire, propos\u00e9 essentiellement lors du week-end \u00ab\u00a0Toulouse 2031\u00a0\u00bb. Plusieurs r\u00e9ponses sont possibles pour chaque question. Tranche d\u2019\u00e2ge\u00a0: 30 personnes de plus de 50 ans, 8 entre 35 et 50 ans, 8 entre 20 et 35 ans, 1 de moins de 20 ans. 2 personnes n\u2019utilisent jamais les TC, 18<\/p>\n<p class=\"more-link\"><a href=\"https:\/\/autate.fr\/site\/synthese-avis-des-usagers-juin-2019-quai-de-la-daurade\/\" class=\"themebutton2\">VOIR PLUS<\/a><\/p>\n","protected":false},"author":9,"featured_media":0,"comment_status":"open","ping_status":"open","sticky":false,"template":"","format":"standard","meta":{"footnotes":""},"categories":[336],"tags":[],"class_list":["post-3521","post","type-post","status-publish","format-standard","hentry","category-temoignages"],"yoast_head":"<!-- This site is optimized with the Yoast SEO plugin v27.4 - https:\/\/yoast.com\/product\/yoast-seo-wordpress\/ -->\n<title>Synth\u00e8se avis des usagers Juin 2019 (quai de la daurade) - AUTATE<\/title>\n<meta name=\"robots\" content=\"index, follow, max-snippet:-1, max-image-preview:large, max-video-preview:-1\" \/>\n<link rel=\"canonical\" href=\"https:\/\/autate.fr\/site\/synthese-avis-des-usagers-juin-2019-quai-de-la-daurade\/\" \/>\n<meta property=\"og:locale\" content=\"fr_FR\" \/>\n<meta property=\"og:type\" content=\"article\" \/>\n<meta property=\"og:title\" content=\"Synth\u00e8se avis des usagers Juin 2019 (quai de la daurade) - AUTATE\" \/>\n<meta property=\"og:description\" content=\"47 personnes ont r\u00e9pondu \u00e0 ce questionnaire, propos\u00e9 essentiellement lors du week-end \u00ab\u00a0Toulouse 2031\u00a0\u00bb. Plusieurs r\u00e9ponses sont possibles pour chaque question. Tranche d\u2019\u00e2ge\u00a0: 30 personnes de plus de 50 ans, 8 entre 35 et 50 ans, 8 entre 20 et 35 ans, 1 de moins de 20 ans. 2 personnes n\u2019utilisent jamais les TC, 18VOIR PLUS\" \/>\n<meta property=\"og:url\" content=\"https:\/\/autate.fr\/site\/synthese-avis-des-usagers-juin-2019-quai-de-la-daurade\/\" \/>\n<meta property=\"og:site_name\" content=\"AUTATE\" \/>\n<meta property=\"article:publisher\" content=\"https:\/\/www.facebook.com\/AutateToulouse\" \/>\n<meta property=\"article:published_time\" content=\"2019-09-07T21:23:11+00:00\" \/>\n<meta property=\"article:modified_time\" content=\"2019-09-22T11:37:30+00:00\" \/>\n<meta name=\"author\" content=\"Marie-Pierre Bes\" \/>\n<meta name=\"twitter:card\" content=\"summary_large_image\" \/>\n<meta name=\"twitter:creator\" content=\"@AutateToulouse\" \/>\n<meta name=\"twitter:site\" content=\"@AutateToulouse\" \/>\n<meta name=\"twitter:label1\" content=\"\u00c9crit par\" \/>\n\t<meta name=\"twitter:data1\" content=\"Marie-Pierre Bes\" \/>\n\t<meta name=\"twitter:label2\" content=\"Dur\u00e9e de lecture estim\u00e9e\" \/>\n\t<meta name=\"twitter:data2\" content=\"2 minutes\" \/>\n<script type=\"application\/ld+json\" class=\"yoast-schema-graph\">{\"@context\":\"https:\\\/\\\/schema.org\",\"@graph\":[{\"@type\":\"Article\",\"@id\":\"https:\\\/\\\/autate.fr\\\/site\\\/synthese-avis-des-usagers-juin-2019-quai-de-la-daurade\\\/#article\",\"isPartOf\":{\"@id\":\"https:\\\/\\\/autate.fr\\\/site\\\/synthese-avis-des-usagers-juin-2019-quai-de-la-daurade\\\/\"},\"author\":{\"name\":\"Marie-Pierre Bes\",\"@id\":\"https:\\\/\\\/autate.fr\\\/site\\\/#\\\/schema\\\/person\\\/ca1ac9182f29f02489db16f08b0834ff\"},\"headline\":\"Synth\u00e8se avis des usagers Juin 2019 (quai de la daurade)\",\"datePublished\":\"2019-09-07T21:23:11+00:00\",\"dateModified\":\"2019-09-22T11:37:30+00:00\",\"mainEntityOfPage\":{\"@id\":\"https:\\\/\\\/autate.fr\\\/site\\\/synthese-avis-des-usagers-juin-2019-quai-de-la-daurade\\\/\"},\"wordCount\":438,\"commentCount\":0,\"publisher\":{\"@id\":\"https:\\\/\\\/autate.fr\\\/site\\\/#organization\"},\"articleSection\":[\"T\u00e9moignages\"],\"inLanguage\":\"fr-FR\",\"potentialAction\":[{\"@type\":\"CommentAction\",\"name\":\"Comment\",\"target\":[\"https:\\\/\\\/autate.fr\\\/site\\\/synthese-avis-des-usagers-juin-2019-quai-de-la-daurade\\\/#respond\"]}]},{\"@type\":\"WebPage\",\"@id\":\"https:\\\/\\\/autate.fr\\\/site\\\/synthese-avis-des-usagers-juin-2019-quai-de-la-daurade\\\/\",\"url\":\"https:\\\/\\\/autate.fr\\\/site\\\/synthese-avis-des-usagers-juin-2019-quai-de-la-daurade\\\/\",\"name\":\"Synth\u00e8se avis des usagers Juin 2019 (quai de la daurade) - AUTATE\",\"isPartOf\":{\"@id\":\"https:\\\/\\\/autate.fr\\\/site\\\/#website\"},\"datePublished\":\"2019-09-07T21:23:11+00:00\",\"dateModified\":\"2019-09-22T11:37:30+00:00\",\"breadcrumb\":{\"@id\":\"https:\\\/\\\/autate.fr\\\/site\\\/synthese-avis-des-usagers-juin-2019-quai-de-la-daurade\\\/#breadcrumb\"},\"inLanguage\":\"fr-FR\",\"potentialAction\":[{\"@type\":\"ReadAction\",\"target\":[\"https:\\\/\\\/autate.fr\\\/site\\\/synthese-avis-des-usagers-juin-2019-quai-de-la-daurade\\\/\"]}]},{\"@type\":\"BreadcrumbList\",\"@id\":\"https:\\\/\\\/autate.fr\\\/site\\\/synthese-avis-des-usagers-juin-2019-quai-de-la-daurade\\\/#breadcrumb\",\"itemListElement\":[{\"@type\":\"ListItem\",\"position\":1,\"name\":\"Accueil\",\"item\":\"https:\\\/\\\/autate.fr\\\/site\\\/\"},{\"@type\":\"ListItem\",\"position\":2,\"name\":\"Synth\u00e8se avis des usagers Juin 2019 (quai de la daurade)\"}]},{\"@type\":\"WebSite\",\"@id\":\"https:\\\/\\\/autate.fr\\\/site\\\/#website\",\"url\":\"https:\\\/\\\/autate.fr\\\/site\\\/\",\"name\":\"AUTATE\",\"description\":\"Association des usagers des transports de l&#039;agglom\u00e9ration Toulousaine et de ses environs\",\"publisher\":{\"@id\":\"https:\\\/\\\/autate.fr\\\/site\\\/#organization\"},\"potentialAction\":[{\"@type\":\"SearchAction\",\"target\":{\"@type\":\"EntryPoint\",\"urlTemplate\":\"https:\\\/\\\/autate.fr\\\/site\\\/?s={search_term_string}\"},\"query-input\":{\"@type\":\"PropertyValueSpecification\",\"valueRequired\":true,\"valueName\":\"search_term_string\"}}],\"inLanguage\":\"fr-FR\"},{\"@type\":\"Organization\",\"@id\":\"https:\\\/\\\/autate.fr\\\/site\\\/#organization\",\"name\":\"AUTATE\",\"url\":\"https:\\\/\\\/autate.fr\\\/site\\\/\",\"logo\":{\"@type\":\"ImageObject\",\"inLanguage\":\"fr-FR\",\"@id\":\"https:\\\/\\\/autate.fr\\\/site\\\/#\\\/schema\\\/logo\\\/image\\\/\",\"url\":\"http:\\\/\\\/autate.fr\\\/site\\\/wp-content\\\/uploads\\\/2019\\\/01\\\/logo.png\",\"contentUrl\":\"http:\\\/\\\/autate.fr\\\/site\\\/wp-content\\\/uploads\\\/2019\\\/01\\\/logo.png\",\"width\":506,\"height\":280,\"caption\":\"AUTATE\"},\"image\":{\"@id\":\"https:\\\/\\\/autate.fr\\\/site\\\/#\\\/schema\\\/logo\\\/image\\\/\"},\"sameAs\":[\"https:\\\/\\\/www.facebook.com\\\/AutateToulouse\",\"https:\\\/\\\/x.com\\\/AutateToulouse\"]},{\"@type\":\"Person\",\"@id\":\"https:\\\/\\\/autate.fr\\\/site\\\/#\\\/schema\\\/person\\\/ca1ac9182f29f02489db16f08b0834ff\",\"name\":\"Marie-Pierre Bes\",\"image\":{\"@type\":\"ImageObject\",\"inLanguage\":\"fr-FR\",\"@id\":\"https:\\\/\\\/secure.gravatar.com\\\/avatar\\\/08aa632b25ee7197789b8ec59d6cbcab7d9fc182fc393ccb7ac607ba55766261?s=96&d=mm&r=g\",\"url\":\"https:\\\/\\\/secure.gravatar.com\\\/avatar\\\/08aa632b25ee7197789b8ec59d6cbcab7d9fc182fc393ccb7ac607ba55766261?s=96&d=mm&r=g\",\"contentUrl\":\"https:\\\/\\\/secure.gravatar.com\\\/avatar\\\/08aa632b25ee7197789b8ec59d6cbcab7d9fc182fc393ccb7ac607ba55766261?s=96&d=mm&r=g\",\"caption\":\"Marie-Pierre Bes\"},\"url\":\"https:\\\/\\\/autate.fr\\\/site\\\/author\\\/mariepierre\\\/\"}]}<\/script>\n<!-- \/ Yoast SEO plugin. -->","yoast_head_json":{"title":"Synth\u00e8se avis des usagers Juin 2019 (quai de la daurade) - AUTATE","robots":{"index":"index","follow":"follow","max-snippet":"max-snippet:-1","max-image-preview":"max-image-preview:large","max-video-preview":"max-video-preview:-1"},"canonical":"https:\/\/autate.fr\/site\/synthese-avis-des-usagers-juin-2019-quai-de-la-daurade\/","og_locale":"fr_FR","og_type":"article","og_title":"Synth\u00e8se avis des usagers Juin 2019 (quai de la daurade) - AUTATE","og_description":"47 personnes ont r\u00e9pondu \u00e0 ce questionnaire, propos\u00e9 essentiellement lors du week-end \u00ab\u00a0Toulouse 2031\u00a0\u00bb. Plusieurs r\u00e9ponses sont possibles pour chaque question. Tranche d\u2019\u00e2ge\u00a0: 30 personnes de plus de 50 ans, 8 entre 35 et 50 ans, 8 entre 20 et 35 ans, 1 de moins de 20 ans. 2 personnes n\u2019utilisent jamais les TC, 18VOIR PLUS","og_url":"https:\/\/autate.fr\/site\/synthese-avis-des-usagers-juin-2019-quai-de-la-daurade\/","og_site_name":"AUTATE","article_publisher":"https:\/\/www.facebook.com\/AutateToulouse","article_published_time":"2019-09-07T21:23:11+00:00","article_modified_time":"2019-09-22T11:37:30+00:00","author":"Marie-Pierre Bes","twitter_card":"summary_large_image","twitter_creator":"@AutateToulouse","twitter_site":"@AutateToulouse","twitter_misc":{"\u00c9crit par":"Marie-Pierre Bes","Dur\u00e9e de lecture estim\u00e9e":"2 minutes"},"schema":{"@context":"https:\/\/schema.org","@graph":[{"@type":"Article","@id":"https:\/\/autate.fr\/site\/synthese-avis-des-usagers-juin-2019-quai-de-la-daurade\/#article","isPartOf":{"@id":"https:\/\/autate.fr\/site\/synthese-avis-des-usagers-juin-2019-quai-de-la-daurade\/"},"author":{"name":"Marie-Pierre Bes","@id":"https:\/\/autate.fr\/site\/#\/schema\/person\/ca1ac9182f29f02489db16f08b0834ff"},"headline":"Synth\u00e8se avis des usagers Juin 2019 (quai de la daurade)","datePublished":"2019-09-07T21:23:11+00:00","dateModified":"2019-09-22T11:37:30+00:00","mainEntityOfPage":{"@id":"https:\/\/autate.fr\/site\/synthese-avis-des-usagers-juin-2019-quai-de-la-daurade\/"},"wordCount":438,"commentCount":0,"publisher":{"@id":"https:\/\/autate.fr\/site\/#organization"},"articleSection":["T\u00e9moignages"],"inLanguage":"fr-FR","potentialAction":[{"@type":"CommentAction","name":"Comment","target":["https:\/\/autate.fr\/site\/synthese-avis-des-usagers-juin-2019-quai-de-la-daurade\/#respond"]}]},{"@type":"WebPage","@id":"https:\/\/autate.fr\/site\/synthese-avis-des-usagers-juin-2019-quai-de-la-daurade\/","url":"https:\/\/autate.fr\/site\/synthese-avis-des-usagers-juin-2019-quai-de-la-daurade\/","name":"Synth\u00e8se avis des usagers Juin 2019 (quai de la daurade) - AUTATE","isPartOf":{"@id":"https:\/\/autate.fr\/site\/#website"},"datePublished":"2019-09-07T21:23:11+00:00","dateModified":"2019-09-22T11:37:30+00:00","breadcrumb":{"@id":"https:\/\/autate.fr\/site\/synthese-avis-des-usagers-juin-2019-quai-de-la-daurade\/#breadcrumb"},"inLanguage":"fr-FR","potentialAction":[{"@type":"ReadAction","target":["https:\/\/autate.fr\/site\/synthese-avis-des-usagers-juin-2019-quai-de-la-daurade\/"]}]},{"@type":"BreadcrumbList","@id":"https:\/\/autate.fr\/site\/synthese-avis-des-usagers-juin-2019-quai-de-la-daurade\/#breadcrumb","itemListElement":[{"@type":"ListItem","position":1,"name":"Accueil","item":"https:\/\/autate.fr\/site\/"},{"@type":"ListItem","position":2,"name":"Synth\u00e8se avis des usagers Juin 2019 (quai de la daurade)"}]},{"@type":"WebSite","@id":"https:\/\/autate.fr\/site\/#website","url":"https:\/\/autate.fr\/site\/","name":"AUTATE","description":"Association des usagers des transports de l&#039;agglom\u00e9ration Toulousaine et de ses environs","publisher":{"@id":"https:\/\/autate.fr\/site\/#organization"},"potentialAction":[{"@type":"SearchAction","target":{"@type":"EntryPoint","urlTemplate":"https:\/\/autate.fr\/site\/?s={search_term_string}"},"query-input":{"@type":"PropertyValueSpecification","valueRequired":true,"valueName":"search_term_string"}}],"inLanguage":"fr-FR"},{"@type":"Organization","@id":"https:\/\/autate.fr\/site\/#organization","name":"AUTATE","url":"https:\/\/autate.fr\/site\/","logo":{"@type":"ImageObject","inLanguage":"fr-FR","@id":"https:\/\/autate.fr\/site\/#\/schema\/logo\/image\/","url":"http:\/\/autate.fr\/site\/wp-content\/uploads\/2019\/01\/logo.png","contentUrl":"http:\/\/autate.fr\/site\/wp-content\/uploads\/2019\/01\/logo.png","width":506,"height":280,"caption":"AUTATE"},"image":{"@id":"https:\/\/autate.fr\/site\/#\/schema\/logo\/image\/"},"sameAs":["https:\/\/www.facebook.com\/AutateToulouse","https:\/\/x.com\/AutateToulouse"]},{"@type":"Person","@id":"https:\/\/autate.fr\/site\/#\/schema\/person\/ca1ac9182f29f02489db16f08b0834ff","name":"Marie-Pierre Bes","image":{"@type":"ImageObject","inLanguage":"fr-FR","@id":"https:\/\/secure.gravatar.com\/avatar\/08aa632b25ee7197789b8ec59d6cbcab7d9fc182fc393ccb7ac607ba55766261?s=96&d=mm&r=g","url":"https:\/\/secure.gravatar.com\/avatar\/08aa632b25ee7197789b8ec59d6cbcab7d9fc182fc393ccb7ac607ba55766261?s=96&d=mm&r=g","contentUrl":"https:\/\/secure.gravatar.com\/avatar\/08aa632b25ee7197789b8ec59d6cbcab7d9fc182fc393ccb7ac607ba55766261?s=96&d=mm&r=g","caption":"Marie-Pierre Bes"},"url":"https:\/\/autate.fr\/site\/author\/mariepierre\/"}]}},"_links":{"self":[{"href":"https:\/\/autate.fr\/site\/wp-json\/wp\/v2\/posts\/3521","targetHints":{"allow":["GET"]}}],"collection":[{"href":"https:\/\/autate.fr\/site\/wp-json\/wp\/v2\/posts"}],"about":[{"href":"https:\/\/autate.fr\/site\/wp-json\/wp\/v2\/types\/post"}],"author":[{"embeddable":true,"href":"https:\/\/autate.fr\/site\/wp-json\/wp\/v2\/users\/9"}],"replies":[{"embeddable":true,"href":"https:\/\/autate.fr\/site\/wp-json\/wp\/v2\/comments?post=3521"}],"version-history":[{"count":3,"href":"https:\/\/autate.fr\/site\/wp-json\/wp\/v2\/posts\/3521\/revisions"}],"predecessor-version":[{"id":3545,"href":"https:\/\/autate.fr\/site\/wp-json\/wp\/v2\/posts\/3521\/revisions\/3545"}],"wp:attachment":[{"href":"https:\/\/autate.fr\/site\/wp-json\/wp\/v2\/media?parent=3521"}],"wp:term":[{"taxonomy":"category","embeddable":true,"href":"https:\/\/autate.fr\/site\/wp-json\/wp\/v2\/categories?post=3521"},{"taxonomy":"post_tag","embeddable":true,"href":"https:\/\/autate.fr\/site\/wp-json\/wp\/v2\/tags?post=3521"}],"curies":[{"name":"wp","href":"https:\/\/api.w.org\/{rel}","templated":true}]}}