{"id":352,"date":"2016-03-17T00:35:23","date_gmt":"2016-03-16T23:35:23","guid":{"rendered":"http:\/\/autate.fr\/site\/?p=352"},"modified":"2025-11-21T22:24:57","modified_gmt":"2025-11-21T21:24:57","slug":"commissions-territoriales-organisees-par-tisseo-smtc-ouvertes-aux-personnes-publiques-associees-projet-mobilites-revision-du-pdu","status":"publish","type":"post","link":"https:\/\/autate.fr\/site\/commissions-territoriales-organisees-par-tisseo-smtc-ouvertes-aux-personnes-publiques-associees-projet-mobilites-revision-du-pdu\/","title":{"rendered":"commissions territoriales organis\u00e9es par Tisseo-SMTC ouvertes aux personnes publiques associ\u00e9es \/PROJET MOBILITES \/r\u00e9vision du PDU."},"content":{"rendered":"<p>Venez participer avec nous aux 4 commissions territoriales, organis\u00e9es par Tisseo-SMTC ouvertes aux personnes publiques associ\u00e9es dans le cadre du PROJET MOBILITES plan de r\u00e9vision du PDU.<\/p>\n<p>Les r\u00e9unions sont les suivantes :<br \/>\n&#8211; Commission territoriale Sud-Ouest, jeudi 24 mars 14h \u00e0 17h salle Nelson Paillou Muret<br \/>\n&#8211; Commission territoriale Sud-Est, vendredi 25 mars 15h \u00e0 18h salle du lac Castanet Tolosan<br \/>\n&#8211; Commission territoriale Nord-Ouest mardi 29 mars 17h30 \u00e0 20h30, le pigeonnier de campagne Plaisance du Touch<br \/>\n&#8211; Commission territoriale Nord-Est, jeudi 31mars 17h \u00e0 20h, Salle Polyvalente Castelginest<\/p>\n","protected":false},"excerpt":{"rendered":"<p>Venez participer avec nous aux 4 commissions territoriales, organis\u00e9es par Tisseo-SMTC ouvertes aux personnes publiques associ\u00e9es dans le cadre du PROJET MOBILITES plan de r\u00e9vision du PDU. Les r\u00e9unions sont les suivantes : &#8211; Commission territoriale Sud-Ouest, jeudi 24 mars 14h \u00e0 17h salle Nelson Paillou Muret &#8211; Commission territoriale Sud-Est, vendredi 25 mars 15h<\/p>\n<p class=\"more-link\"><a href=\"https:\/\/autate.fr\/site\/commissions-territoriales-organisees-par-tisseo-smtc-ouvertes-aux-personnes-publiques-associees-projet-mobilites-revision-du-pdu\/\" class=\"themebutton2\">VOIR PLUS<\/a><\/p>\n","protected":false},"author":1,"featured_media":0,"comment_status":"open","ping_status":"open","sticky":false,"template":"","format":"standard","meta":{"footnotes":""},"categories":[4,525],"tags":[88,86,87],"class_list":["post-352","post","type-post","status-publish","format-standard","hentry","category-actualite-association","category-pdm","tag-commissions-territoriales","tag-pdu","tag-plan-mobilite"],"yoast_head":"<!-- This site is optimized with the Yoast SEO plugin v27.4 - https:\/\/yoast.com\/product\/yoast-seo-wordpress\/ -->\n<title>commissions territoriales organis\u00e9es par Tisseo-SMTC ouvertes aux personnes publiques associ\u00e9es \/PROJET MOBILITES \/r\u00e9vision du PDU. - AUTATE<\/title>\n<meta name=\"robots\" content=\"index, follow, max-snippet:-1, max-image-preview:large, max-video-preview:-1\" \/>\n<link rel=\"canonical\" href=\"https:\/\/autate.fr\/site\/commissions-territoriales-organisees-par-tisseo-smtc-ouvertes-aux-personnes-publiques-associees-projet-mobilites-revision-du-pdu\/\" \/>\n<meta property=\"og:locale\" content=\"fr_FR\" \/>\n<meta property=\"og:type\" content=\"article\" \/>\n<meta property=\"og:title\" content=\"commissions territoriales organis\u00e9es par Tisseo-SMTC ouvertes aux personnes publiques associ\u00e9es \/PROJET MOBILITES \/r\u00e9vision du PDU. - AUTATE\" \/>\n<meta property=\"og:description\" content=\"Venez participer avec nous aux 4 commissions territoriales, organis\u00e9es par Tisseo-SMTC ouvertes aux personnes publiques associ\u00e9es dans le cadre du PROJET MOBILITES plan de r\u00e9vision du PDU. Les r\u00e9unions sont les suivantes : &#8211; Commission territoriale Sud-Ouest, jeudi 24 mars 14h \u00e0 17h salle Nelson Paillou Muret &#8211; Commission territoriale Sud-Est, vendredi 25 mars 15hVOIR PLUS\" \/>\n<meta property=\"og:url\" content=\"https:\/\/autate.fr\/site\/commissions-territoriales-organisees-par-tisseo-smtc-ouvertes-aux-personnes-publiques-associees-projet-mobilites-revision-du-pdu\/\" \/>\n<meta property=\"og:site_name\" content=\"AUTATE\" \/>\n<meta property=\"article:publisher\" content=\"https:\/\/www.facebook.com\/AutateToulouse\" \/>\n<meta property=\"article:published_time\" content=\"2016-03-16T23:35:23+00:00\" \/>\n<meta property=\"article:modified_time\" content=\"2025-11-21T21:24:57+00:00\" \/>\n<meta name=\"author\" content=\"pascalbarbier\" \/>\n<meta name=\"twitter:card\" content=\"summary_large_image\" \/>\n<meta name=\"twitter:creator\" content=\"@AutateToulouse\" \/>\n<meta name=\"twitter:site\" content=\"@AutateToulouse\" \/>\n<meta name=\"twitter:label1\" content=\"\u00c9crit par\" \/>\n\t<meta name=\"twitter:data1\" content=\"pascalbarbier\" \/>\n<script type=\"application\/ld+json\" class=\"yoast-schema-graph\">{\"@context\":\"https:\\\/\\\/schema.org\",\"@graph\":[{\"@type\":\"Article\",\"@id\":\"https:\\\/\\\/autate.fr\\\/site\\\/commissions-territoriales-organisees-par-tisseo-smtc-ouvertes-aux-personnes-publiques-associees-projet-mobilites-revision-du-pdu\\\/#article\",\"isPartOf\":{\"@id\":\"https:\\\/\\\/autate.fr\\\/site\\\/commissions-territoriales-organisees-par-tisseo-smtc-ouvertes-aux-personnes-publiques-associees-projet-mobilites-revision-du-pdu\\\/\"},\"author\":{\"name\":\"pascalbarbier\",\"@id\":\"https:\\\/\\\/autate.fr\\\/site\\\/#\\\/schema\\\/person\\\/ae1ab8bdaa7b41d2a9b52d2557ce8254\"},\"headline\":\"commissions territoriales organis\u00e9es par Tisseo-SMTC ouvertes aux personnes publiques associ\u00e9es \\\/PROJET MOBILITES \\\/r\u00e9vision du PDU.\",\"datePublished\":\"2016-03-16T23:35:23+00:00\",\"dateModified\":\"2025-11-21T21:24:57+00:00\",\"mainEntityOfPage\":{\"@id\":\"https:\\\/\\\/autate.fr\\\/site\\\/commissions-territoriales-organisees-par-tisseo-smtc-ouvertes-aux-personnes-publiques-associees-projet-mobilites-revision-du-pdu\\\/\"},\"wordCount\":104,\"commentCount\":0,\"publisher\":{\"@id\":\"https:\\\/\\\/autate.fr\\\/site\\\/#organization\"},\"keywords\":[\"commissions territoriales\",\"PDU\",\"plan mobilit\u00e9\"],\"articleSection\":[\"Actualit\u00e9s-AUTATE\",\"PlanDeMobilit\u00e9\"],\"inLanguage\":\"fr-FR\",\"potentialAction\":[{\"@type\":\"CommentAction\",\"name\":\"Comment\",\"target\":[\"https:\\\/\\\/autate.fr\\\/site\\\/commissions-territoriales-organisees-par-tisseo-smtc-ouvertes-aux-personnes-publiques-associees-projet-mobilites-revision-du-pdu\\\/#respond\"]}]},{\"@type\":\"WebPage\",\"@id\":\"https:\\\/\\\/autate.fr\\\/site\\\/commissions-territoriales-organisees-par-tisseo-smtc-ouvertes-aux-personnes-publiques-associees-projet-mobilites-revision-du-pdu\\\/\",\"url\":\"https:\\\/\\\/autate.fr\\\/site\\\/commissions-territoriales-organisees-par-tisseo-smtc-ouvertes-aux-personnes-publiques-associees-projet-mobilites-revision-du-pdu\\\/\",\"name\":\"commissions territoriales organis\u00e9es par Tisseo-SMTC ouvertes aux personnes publiques associ\u00e9es \\\/PROJET MOBILITES \\\/r\u00e9vision du PDU. - AUTATE\",\"isPartOf\":{\"@id\":\"https:\\\/\\\/autate.fr\\\/site\\\/#website\"},\"datePublished\":\"2016-03-16T23:35:23+00:00\",\"dateModified\":\"2025-11-21T21:24:57+00:00\",\"breadcrumb\":{\"@id\":\"https:\\\/\\\/autate.fr\\\/site\\\/commissions-territoriales-organisees-par-tisseo-smtc-ouvertes-aux-personnes-publiques-associees-projet-mobilites-revision-du-pdu\\\/#breadcrumb\"},\"inLanguage\":\"fr-FR\",\"potentialAction\":[{\"@type\":\"ReadAction\",\"target\":[\"https:\\\/\\\/autate.fr\\\/site\\\/commissions-territoriales-organisees-par-tisseo-smtc-ouvertes-aux-personnes-publiques-associees-projet-mobilites-revision-du-pdu\\\/\"]}]},{\"@type\":\"BreadcrumbList\",\"@id\":\"https:\\\/\\\/autate.fr\\\/site\\\/commissions-territoriales-organisees-par-tisseo-smtc-ouvertes-aux-personnes-publiques-associees-projet-mobilites-revision-du-pdu\\\/#breadcrumb\",\"itemListElement\":[{\"@type\":\"ListItem\",\"position\":1,\"name\":\"Accueil\",\"item\":\"https:\\\/\\\/autate.fr\\\/site\\\/\"},{\"@type\":\"ListItem\",\"position\":2,\"name\":\"commissions territoriales organis\u00e9es par Tisseo-SMTC ouvertes aux personnes publiques associ\u00e9es \\\/PROJET MOBILITES \\\/r\u00e9vision du PDU.\"}]},{\"@type\":\"WebSite\",\"@id\":\"https:\\\/\\\/autate.fr\\\/site\\\/#website\",\"url\":\"https:\\\/\\\/autate.fr\\\/site\\\/\",\"name\":\"AUTATE\",\"description\":\"Association des usagers des transports de l&#039;agglom\u00e9ration Toulousaine et de ses environs\",\"publisher\":{\"@id\":\"https:\\\/\\\/autate.fr\\\/site\\\/#organization\"},\"potentialAction\":[{\"@type\":\"SearchAction\",\"target\":{\"@type\":\"EntryPoint\",\"urlTemplate\":\"https:\\\/\\\/autate.fr\\\/site\\\/?s={search_term_string}\"},\"query-input\":{\"@type\":\"PropertyValueSpecification\",\"valueRequired\":true,\"valueName\":\"search_term_string\"}}],\"inLanguage\":\"fr-FR\"},{\"@type\":\"Organization\",\"@id\":\"https:\\\/\\\/autate.fr\\\/site\\\/#organization\",\"name\":\"AUTATE\",\"url\":\"https:\\\/\\\/autate.fr\\\/site\\\/\",\"logo\":{\"@type\":\"ImageObject\",\"inLanguage\":\"fr-FR\",\"@id\":\"https:\\\/\\\/autate.fr\\\/site\\\/#\\\/schema\\\/logo\\\/image\\\/\",\"url\":\"http:\\\/\\\/autate.fr\\\/site\\\/wp-content\\\/uploads\\\/2019\\\/01\\\/logo.png\",\"contentUrl\":\"http:\\\/\\\/autate.fr\\\/site\\\/wp-content\\\/uploads\\\/2019\\\/01\\\/logo.png\",\"width\":506,\"height\":280,\"caption\":\"AUTATE\"},\"image\":{\"@id\":\"https:\\\/\\\/autate.fr\\\/site\\\/#\\\/schema\\\/logo\\\/image\\\/\"},\"sameAs\":[\"https:\\\/\\\/www.facebook.com\\\/AutateToulouse\",\"https:\\\/\\\/x.com\\\/AutateToulouse\"]},{\"@type\":\"Person\",\"@id\":\"https:\\\/\\\/autate.fr\\\/site\\\/#\\\/schema\\\/person\\\/ae1ab8bdaa7b41d2a9b52d2557ce8254\",\"name\":\"pascalbarbier\",\"image\":{\"@type\":\"ImageObject\",\"inLanguage\":\"fr-FR\",\"@id\":\"https:\\\/\\\/secure.gravatar.com\\\/avatar\\\/03f4e8ced09894b72c67e83142540730d4b3bbf619bf46341b0074e3bf5f08a0?s=96&d=mm&r=g\",\"url\":\"https:\\\/\\\/secure.gravatar.com\\\/avatar\\\/03f4e8ced09894b72c67e83142540730d4b3bbf619bf46341b0074e3bf5f08a0?s=96&d=mm&r=g\",\"contentUrl\":\"https:\\\/\\\/secure.gravatar.com\\\/avatar\\\/03f4e8ced09894b72c67e83142540730d4b3bbf619bf46341b0074e3bf5f08a0?s=96&d=mm&r=g\",\"caption\":\"pascalbarbier\"},\"url\":\"https:\\\/\\\/autate.fr\\\/site\\\/author\\\/pascalbarbier\\\/\"}]}<\/script>\n<!-- \/ Yoast SEO plugin. -->","yoast_head_json":{"title":"commissions territoriales organis\u00e9es par Tisseo-SMTC ouvertes aux personnes publiques associ\u00e9es \/PROJET MOBILITES \/r\u00e9vision du PDU. - AUTATE","robots":{"index":"index","follow":"follow","max-snippet":"max-snippet:-1","max-image-preview":"max-image-preview:large","max-video-preview":"max-video-preview:-1"},"canonical":"https:\/\/autate.fr\/site\/commissions-territoriales-organisees-par-tisseo-smtc-ouvertes-aux-personnes-publiques-associees-projet-mobilites-revision-du-pdu\/","og_locale":"fr_FR","og_type":"article","og_title":"commissions territoriales organis\u00e9es par Tisseo-SMTC ouvertes aux personnes publiques associ\u00e9es \/PROJET MOBILITES \/r\u00e9vision du PDU. - AUTATE","og_description":"Venez participer avec nous aux 4 commissions territoriales, organis\u00e9es par Tisseo-SMTC ouvertes aux personnes publiques associ\u00e9es dans le cadre du PROJET MOBILITES plan de r\u00e9vision du PDU. Les r\u00e9unions sont les suivantes : &#8211; Commission territoriale Sud-Ouest, jeudi 24 mars 14h \u00e0 17h salle Nelson Paillou Muret &#8211; Commission territoriale Sud-Est, vendredi 25 mars 15hVOIR PLUS","og_url":"https:\/\/autate.fr\/site\/commissions-territoriales-organisees-par-tisseo-smtc-ouvertes-aux-personnes-publiques-associees-projet-mobilites-revision-du-pdu\/","og_site_name":"AUTATE","article_publisher":"https:\/\/www.facebook.com\/AutateToulouse","article_published_time":"2016-03-16T23:35:23+00:00","article_modified_time":"2025-11-21T21:24:57+00:00","author":"pascalbarbier","twitter_card":"summary_large_image","twitter_creator":"@AutateToulouse","twitter_site":"@AutateToulouse","twitter_misc":{"\u00c9crit par":"pascalbarbier"},"schema":{"@context":"https:\/\/schema.org","@graph":[{"@type":"Article","@id":"https:\/\/autate.fr\/site\/commissions-territoriales-organisees-par-tisseo-smtc-ouvertes-aux-personnes-publiques-associees-projet-mobilites-revision-du-pdu\/#article","isPartOf":{"@id":"https:\/\/autate.fr\/site\/commissions-territoriales-organisees-par-tisseo-smtc-ouvertes-aux-personnes-publiques-associees-projet-mobilites-revision-du-pdu\/"},"author":{"name":"pascalbarbier","@id":"https:\/\/autate.fr\/site\/#\/schema\/person\/ae1ab8bdaa7b41d2a9b52d2557ce8254"},"headline":"commissions territoriales organis\u00e9es par Tisseo-SMTC ouvertes aux personnes publiques associ\u00e9es \/PROJET MOBILITES \/r\u00e9vision du PDU.","datePublished":"2016-03-16T23:35:23+00:00","dateModified":"2025-11-21T21:24:57+00:00","mainEntityOfPage":{"@id":"https:\/\/autate.fr\/site\/commissions-territoriales-organisees-par-tisseo-smtc-ouvertes-aux-personnes-publiques-associees-projet-mobilites-revision-du-pdu\/"},"wordCount":104,"commentCount":0,"publisher":{"@id":"https:\/\/autate.fr\/site\/#organization"},"keywords":["commissions territoriales","PDU","plan mobilit\u00e9"],"articleSection":["Actualit\u00e9s-AUTATE","PlanDeMobilit\u00e9"],"inLanguage":"fr-FR","potentialAction":[{"@type":"CommentAction","name":"Comment","target":["https:\/\/autate.fr\/site\/commissions-territoriales-organisees-par-tisseo-smtc-ouvertes-aux-personnes-publiques-associees-projet-mobilites-revision-du-pdu\/#respond"]}]},{"@type":"WebPage","@id":"https:\/\/autate.fr\/site\/commissions-territoriales-organisees-par-tisseo-smtc-ouvertes-aux-personnes-publiques-associees-projet-mobilites-revision-du-pdu\/","url":"https:\/\/autate.fr\/site\/commissions-territoriales-organisees-par-tisseo-smtc-ouvertes-aux-personnes-publiques-associees-projet-mobilites-revision-du-pdu\/","name":"commissions territoriales organis\u00e9es par Tisseo-SMTC ouvertes aux personnes publiques associ\u00e9es \/PROJET MOBILITES \/r\u00e9vision du PDU. - AUTATE","isPartOf":{"@id":"https:\/\/autate.fr\/site\/#website"},"datePublished":"2016-03-16T23:35:23+00:00","dateModified":"2025-11-21T21:24:57+00:00","breadcrumb":{"@id":"https:\/\/autate.fr\/site\/commissions-territoriales-organisees-par-tisseo-smtc-ouvertes-aux-personnes-publiques-associees-projet-mobilites-revision-du-pdu\/#breadcrumb"},"inLanguage":"fr-FR","potentialAction":[{"@type":"ReadAction","target":["https:\/\/autate.fr\/site\/commissions-territoriales-organisees-par-tisseo-smtc-ouvertes-aux-personnes-publiques-associees-projet-mobilites-revision-du-pdu\/"]}]},{"@type":"BreadcrumbList","@id":"https:\/\/autate.fr\/site\/commissions-territoriales-organisees-par-tisseo-smtc-ouvertes-aux-personnes-publiques-associees-projet-mobilites-revision-du-pdu\/#breadcrumb","itemListElement":[{"@type":"ListItem","position":1,"name":"Accueil","item":"https:\/\/autate.fr\/site\/"},{"@type":"ListItem","position":2,"name":"commissions territoriales organis\u00e9es par Tisseo-SMTC ouvertes aux personnes publiques associ\u00e9es \/PROJET MOBILITES \/r\u00e9vision du PDU."}]},{"@type":"WebSite","@id":"https:\/\/autate.fr\/site\/#website","url":"https:\/\/autate.fr\/site\/","name":"AUTATE","description":"Association des usagers des transports de l&#039;agglom\u00e9ration Toulousaine et de ses environs","publisher":{"@id":"https:\/\/autate.fr\/site\/#organization"},"potentialAction":[{"@type":"SearchAction","target":{"@type":"EntryPoint","urlTemplate":"https:\/\/autate.fr\/site\/?s={search_term_string}"},"query-input":{"@type":"PropertyValueSpecification","valueRequired":true,"valueName":"search_term_string"}}],"inLanguage":"fr-FR"},{"@type":"Organization","@id":"https:\/\/autate.fr\/site\/#organization","name":"AUTATE","url":"https:\/\/autate.fr\/site\/","logo":{"@type":"ImageObject","inLanguage":"fr-FR","@id":"https:\/\/autate.fr\/site\/#\/schema\/logo\/image\/","url":"http:\/\/autate.fr\/site\/wp-content\/uploads\/2019\/01\/logo.png","contentUrl":"http:\/\/autate.fr\/site\/wp-content\/uploads\/2019\/01\/logo.png","width":506,"height":280,"caption":"AUTATE"},"image":{"@id":"https:\/\/autate.fr\/site\/#\/schema\/logo\/image\/"},"sameAs":["https:\/\/www.facebook.com\/AutateToulouse","https:\/\/x.com\/AutateToulouse"]},{"@type":"Person","@id":"https:\/\/autate.fr\/site\/#\/schema\/person\/ae1ab8bdaa7b41d2a9b52d2557ce8254","name":"pascalbarbier","image":{"@type":"ImageObject","inLanguage":"fr-FR","@id":"https:\/\/secure.gravatar.com\/avatar\/03f4e8ced09894b72c67e83142540730d4b3bbf619bf46341b0074e3bf5f08a0?s=96&d=mm&r=g","url":"https:\/\/secure.gravatar.com\/avatar\/03f4e8ced09894b72c67e83142540730d4b3bbf619bf46341b0074e3bf5f08a0?s=96&d=mm&r=g","contentUrl":"https:\/\/secure.gravatar.com\/avatar\/03f4e8ced09894b72c67e83142540730d4b3bbf619bf46341b0074e3bf5f08a0?s=96&d=mm&r=g","caption":"pascalbarbier"},"url":"https:\/\/autate.fr\/site\/author\/pascalbarbier\/"}]}},"_links":{"self":[{"href":"https:\/\/autate.fr\/site\/wp-json\/wp\/v2\/posts\/352","targetHints":{"allow":["GET"]}}],"collection":[{"href":"https:\/\/autate.fr\/site\/wp-json\/wp\/v2\/posts"}],"about":[{"href":"https:\/\/autate.fr\/site\/wp-json\/wp\/v2\/types\/post"}],"author":[{"embeddable":true,"href":"https:\/\/autate.fr\/site\/wp-json\/wp\/v2\/users\/1"}],"replies":[{"embeddable":true,"href":"https:\/\/autate.fr\/site\/wp-json\/wp\/v2\/comments?post=352"}],"version-history":[{"count":1,"href":"https:\/\/autate.fr\/site\/wp-json\/wp\/v2\/posts\/352\/revisions"}],"predecessor-version":[{"id":353,"href":"https:\/\/autate.fr\/site\/wp-json\/wp\/v2\/posts\/352\/revisions\/353"}],"wp:attachment":[{"href":"https:\/\/autate.fr\/site\/wp-json\/wp\/v2\/media?parent=352"}],"wp:term":[{"taxonomy":"category","embeddable":true,"href":"https:\/\/autate.fr\/site\/wp-json\/wp\/v2\/categories?post=352"},{"taxonomy":"post_tag","embeddable":true,"href":"https:\/\/autate.fr\/site\/wp-json\/wp\/v2\/tags?post=352"}],"curies":[{"name":"wp","href":"https:\/\/api.w.org\/{rel}","templated":true}]}}