{"id":3495,"date":"2019-08-20T11:42:08","date_gmt":"2019-08-20T09:42:08","guid":{"rendered":"https:\/\/autate.fr\/site\/?p=3495"},"modified":"2025-11-21T21:49:17","modified_gmt":"2025-11-21T20:49:17","slug":"lavis-de-lassociation-sur-le-projet-de-3eme-ligne-de-metro","status":"publish","type":"post","link":"https:\/\/autate.fr\/site\/lavis-de-lassociation-sur-le-projet-de-3eme-ligne-de-metro\/","title":{"rendered":"L&rsquo;avis de l&rsquo;association sur le projet de troisi\u00e8me ligne de m\u00e9tro"},"content":{"rendered":"\n<p><a href=\"https:\/\/autate.fr\/site\/wp-content\/uploads\/2019\/08\/Contribution-Enqu\u00eate-publique-AUTATE-VD.pdf\">Contribution Enqu\u00eate publique AUTATE VD<\/a><\/p>\n<p>CONCLUSION DE NOTRE REPONSE A L&rsquo;ENQUETE PUBLIQUE :<\/p>\n<p>L&rsquo;AUTATE constate que la r\u00e9alisation de la future ligne de m\u00e9tro TAE ampute la grosse majorit\u00e9 du budget d\u2019investissement des transports en commun, au d\u00e9triment du d\u00e9veloppement des transports en commun dans la p\u00e9riph\u00e9rie de l\u2019agglom\u00e9ration qui souffre d\u2019un manque de dessertes, de congestion automobile, et de pollution atmosph\u00e9rique due aux transports.<\/p>\n<p>L&rsquo;AUTATE constate que la r\u00e9alisation de la future ligne de m\u00e9tro TAE ne permettrait pas d&rsquo;augmenter fortement l\u2019usage des transports publics, du v\u00e9lo et de la marche \u00e0 pied et par cons\u00e9quent de faire baisser sensiblement la part modale de la voiture individuelle.<\/p>\n<p>L\u2019AUTATE pr\u00e9conise de remplacer la TAE par&nbsp;:<\/p>\n<ul>\n<li>Un r\u00e9seau dense de ligne de bus et de tramways en voies r\u00e9serv\u00e9es<\/li>\n<li>La ceinture sud<\/li>\n<li>Une ligne transversale dans l\u2019ouest de l\u2019agglom\u00e9ration (Portet-Cugnaux-Plaisance-Colomiers)<\/li>\n<li>L\u2019am\u00e9lioration de la ligne C<\/li>\n<li>Des lignes de RER bas\u00e9es sur l\u2019actuelle \u00e9toile ferroviaire (en priorit\u00e9 les branches du nord et de l\u2019ouest)<\/li>\n<\/ul>\n<p>L\u2019AUTATE demande une \u00e9tude d\u2019une autre option de fuseau qui relierait les deux m\u00eames terminus en passant par l\u2019ouest de l\u2019agglom\u00e9ration.<\/p>\n<p>L\u2019AUTATE constate que l\u2019enjeu climatique n\u2019a pas \u00e9t\u00e9 prioritaire dans le choix de lancer de cette troisi\u00e8me ligne de m\u00e9tro.<\/p>\n<p>En cons\u00e9quent, l\u00a0\u00bbAUTATE donne un AVIS DEFAVORABLE au projet de r\u00e9alisation de la future la ligne de m\u00e9tro TAE.<\/p>\n","protected":false},"excerpt":{"rendered":"<p>Contribution Enqu\u00eate publique AUTATE VD CONCLUSION DE NOTRE REPONSE A L&rsquo;ENQUETE PUBLIQUE : L&rsquo;AUTATE constate que la r\u00e9alisation de la future ligne de m\u00e9tro TAE ampute la grosse majorit\u00e9 du budget d\u2019investissement des transports en commun, au d\u00e9triment du d\u00e9veloppement des transports en commun dans la p\u00e9riph\u00e9rie de l\u2019agglom\u00e9ration qui souffre d\u2019un manque de dessertes,<\/p>\n<p class=\"more-link\"><a href=\"https:\/\/autate.fr\/site\/lavis-de-lassociation-sur-le-projet-de-3eme-ligne-de-metro\/\" class=\"themebutton2\">VOIR PLUS<\/a><\/p>\n","protected":false},"author":9,"featured_media":0,"comment_status":"open","ping_status":"open","sticky":false,"template":"","format":"standard","meta":{"footnotes":""},"categories":[4,265,525],"tags":[532],"class_list":["post-3495","post","type-post","status-publish","format-standard","hentry","category-actualite-association","category-contribution-au-debat-public-3eme-ligne","category-pdm","tag-concertation-enquete"],"yoast_head":"<!-- This site is optimized with the Yoast SEO plugin v27.4 - https:\/\/yoast.com\/product\/yoast-seo-wordpress\/ -->\n<title>L&#039;avis de l&#039;association sur le projet de troisi\u00e8me ligne de m\u00e9tro - AUTATE<\/title>\n<meta name=\"robots\" content=\"index, follow, max-snippet:-1, max-image-preview:large, max-video-preview:-1\" \/>\n<link rel=\"canonical\" href=\"https:\/\/autate.fr\/site\/lavis-de-lassociation-sur-le-projet-de-3eme-ligne-de-metro\/\" \/>\n<meta property=\"og:locale\" content=\"fr_FR\" \/>\n<meta property=\"og:type\" content=\"article\" \/>\n<meta property=\"og:title\" content=\"L&#039;avis de l&#039;association sur le projet de troisi\u00e8me ligne de m\u00e9tro - AUTATE\" \/>\n<meta property=\"og:description\" content=\"Contribution Enqu\u00eate publique AUTATE VD CONCLUSION DE NOTRE REPONSE A L&rsquo;ENQUETE PUBLIQUE : L&rsquo;AUTATE constate que la r\u00e9alisation de la future ligne de m\u00e9tro TAE ampute la grosse majorit\u00e9 du budget d\u2019investissement des transports en commun, au d\u00e9triment du d\u00e9veloppement des transports en commun dans la p\u00e9riph\u00e9rie de l\u2019agglom\u00e9ration qui souffre d\u2019un manque de dessertes,VOIR PLUS\" \/>\n<meta property=\"og:url\" content=\"https:\/\/autate.fr\/site\/lavis-de-lassociation-sur-le-projet-de-3eme-ligne-de-metro\/\" \/>\n<meta property=\"og:site_name\" content=\"AUTATE\" \/>\n<meta property=\"article:publisher\" content=\"https:\/\/www.facebook.com\/AutateToulouse\" \/>\n<meta property=\"article:published_time\" content=\"2019-08-20T09:42:08+00:00\" \/>\n<meta property=\"article:modified_time\" content=\"2025-11-21T20:49:17+00:00\" \/>\n<meta name=\"author\" content=\"Marie-Pierre Bes\" \/>\n<meta name=\"twitter:card\" content=\"summary_large_image\" \/>\n<meta name=\"twitter:creator\" content=\"@AutateToulouse\" \/>\n<meta name=\"twitter:site\" content=\"@AutateToulouse\" \/>\n<meta name=\"twitter:label1\" content=\"\u00c9crit par\" \/>\n\t<meta name=\"twitter:data1\" content=\"Marie-Pierre Bes\" \/>\n\t<meta name=\"twitter:label2\" content=\"Dur\u00e9e de lecture estim\u00e9e\" \/>\n\t<meta name=\"twitter:data2\" content=\"1 minute\" \/>\n<script type=\"application\/ld+json\" class=\"yoast-schema-graph\">{\"@context\":\"https:\\\/\\\/schema.org\",\"@graph\":[{\"@type\":\"Article\",\"@id\":\"https:\\\/\\\/autate.fr\\\/site\\\/lavis-de-lassociation-sur-le-projet-de-3eme-ligne-de-metro\\\/#article\",\"isPartOf\":{\"@id\":\"https:\\\/\\\/autate.fr\\\/site\\\/lavis-de-lassociation-sur-le-projet-de-3eme-ligne-de-metro\\\/\"},\"author\":{\"name\":\"Marie-Pierre Bes\",\"@id\":\"https:\\\/\\\/autate.fr\\\/site\\\/#\\\/schema\\\/person\\\/ca1ac9182f29f02489db16f08b0834ff\"},\"headline\":\"L&rsquo;avis de l&rsquo;association sur le projet de troisi\u00e8me ligne de m\u00e9tro\",\"datePublished\":\"2019-08-20T09:42:08+00:00\",\"dateModified\":\"2025-11-21T20:49:17+00:00\",\"mainEntityOfPage\":{\"@id\":\"https:\\\/\\\/autate.fr\\\/site\\\/lavis-de-lassociation-sur-le-projet-de-3eme-ligne-de-metro\\\/\"},\"wordCount\":278,\"commentCount\":0,\"publisher\":{\"@id\":\"https:\\\/\\\/autate.fr\\\/site\\\/#organization\"},\"keywords\":[\"concertation-enqu\u00eate\"],\"articleSection\":[\"Actualit\u00e9s-AUTATE\",\"M\u00e9tro\",\"PlanDeMobilit\u00e9\"],\"inLanguage\":\"fr-FR\",\"potentialAction\":[{\"@type\":\"CommentAction\",\"name\":\"Comment\",\"target\":[\"https:\\\/\\\/autate.fr\\\/site\\\/lavis-de-lassociation-sur-le-projet-de-3eme-ligne-de-metro\\\/#respond\"]}]},{\"@type\":\"WebPage\",\"@id\":\"https:\\\/\\\/autate.fr\\\/site\\\/lavis-de-lassociation-sur-le-projet-de-3eme-ligne-de-metro\\\/\",\"url\":\"https:\\\/\\\/autate.fr\\\/site\\\/lavis-de-lassociation-sur-le-projet-de-3eme-ligne-de-metro\\\/\",\"name\":\"L'avis de l'association sur le projet de troisi\u00e8me ligne de m\u00e9tro - AUTATE\",\"isPartOf\":{\"@id\":\"https:\\\/\\\/autate.fr\\\/site\\\/#website\"},\"datePublished\":\"2019-08-20T09:42:08+00:00\",\"dateModified\":\"2025-11-21T20:49:17+00:00\",\"breadcrumb\":{\"@id\":\"https:\\\/\\\/autate.fr\\\/site\\\/lavis-de-lassociation-sur-le-projet-de-3eme-ligne-de-metro\\\/#breadcrumb\"},\"inLanguage\":\"fr-FR\",\"potentialAction\":[{\"@type\":\"ReadAction\",\"target\":[\"https:\\\/\\\/autate.fr\\\/site\\\/lavis-de-lassociation-sur-le-projet-de-3eme-ligne-de-metro\\\/\"]}]},{\"@type\":\"BreadcrumbList\",\"@id\":\"https:\\\/\\\/autate.fr\\\/site\\\/lavis-de-lassociation-sur-le-projet-de-3eme-ligne-de-metro\\\/#breadcrumb\",\"itemListElement\":[{\"@type\":\"ListItem\",\"position\":1,\"name\":\"Accueil\",\"item\":\"https:\\\/\\\/autate.fr\\\/site\\\/\"},{\"@type\":\"ListItem\",\"position\":2,\"name\":\"L&rsquo;avis de l&rsquo;association sur le projet de troisi\u00e8me ligne de m\u00e9tro\"}]},{\"@type\":\"WebSite\",\"@id\":\"https:\\\/\\\/autate.fr\\\/site\\\/#website\",\"url\":\"https:\\\/\\\/autate.fr\\\/site\\\/\",\"name\":\"AUTATE\",\"description\":\"Association des usagers des transports de l&#039;agglom\u00e9ration Toulousaine et de ses environs\",\"publisher\":{\"@id\":\"https:\\\/\\\/autate.fr\\\/site\\\/#organization\"},\"potentialAction\":[{\"@type\":\"SearchAction\",\"target\":{\"@type\":\"EntryPoint\",\"urlTemplate\":\"https:\\\/\\\/autate.fr\\\/site\\\/?s={search_term_string}\"},\"query-input\":{\"@type\":\"PropertyValueSpecification\",\"valueRequired\":true,\"valueName\":\"search_term_string\"}}],\"inLanguage\":\"fr-FR\"},{\"@type\":\"Organization\",\"@id\":\"https:\\\/\\\/autate.fr\\\/site\\\/#organization\",\"name\":\"AUTATE\",\"url\":\"https:\\\/\\\/autate.fr\\\/site\\\/\",\"logo\":{\"@type\":\"ImageObject\",\"inLanguage\":\"fr-FR\",\"@id\":\"https:\\\/\\\/autate.fr\\\/site\\\/#\\\/schema\\\/logo\\\/image\\\/\",\"url\":\"http:\\\/\\\/autate.fr\\\/site\\\/wp-content\\\/uploads\\\/2019\\\/01\\\/logo.png\",\"contentUrl\":\"http:\\\/\\\/autate.fr\\\/site\\\/wp-content\\\/uploads\\\/2019\\\/01\\\/logo.png\",\"width\":506,\"height\":280,\"caption\":\"AUTATE\"},\"image\":{\"@id\":\"https:\\\/\\\/autate.fr\\\/site\\\/#\\\/schema\\\/logo\\\/image\\\/\"},\"sameAs\":[\"https:\\\/\\\/www.facebook.com\\\/AutateToulouse\",\"https:\\\/\\\/x.com\\\/AutateToulouse\"]},{\"@type\":\"Person\",\"@id\":\"https:\\\/\\\/autate.fr\\\/site\\\/#\\\/schema\\\/person\\\/ca1ac9182f29f02489db16f08b0834ff\",\"name\":\"Marie-Pierre Bes\",\"image\":{\"@type\":\"ImageObject\",\"inLanguage\":\"fr-FR\",\"@id\":\"https:\\\/\\\/secure.gravatar.com\\\/avatar\\\/08aa632b25ee7197789b8ec59d6cbcab7d9fc182fc393ccb7ac607ba55766261?s=96&d=mm&r=g\",\"url\":\"https:\\\/\\\/secure.gravatar.com\\\/avatar\\\/08aa632b25ee7197789b8ec59d6cbcab7d9fc182fc393ccb7ac607ba55766261?s=96&d=mm&r=g\",\"contentUrl\":\"https:\\\/\\\/secure.gravatar.com\\\/avatar\\\/08aa632b25ee7197789b8ec59d6cbcab7d9fc182fc393ccb7ac607ba55766261?s=96&d=mm&r=g\",\"caption\":\"Marie-Pierre Bes\"},\"url\":\"https:\\\/\\\/autate.fr\\\/site\\\/author\\\/mariepierre\\\/\"}]}<\/script>\n<!-- \/ Yoast SEO plugin. -->","yoast_head_json":{"title":"L'avis de l'association sur le projet de troisi\u00e8me ligne de m\u00e9tro - AUTATE","robots":{"index":"index","follow":"follow","max-snippet":"max-snippet:-1","max-image-preview":"max-image-preview:large","max-video-preview":"max-video-preview:-1"},"canonical":"https:\/\/autate.fr\/site\/lavis-de-lassociation-sur-le-projet-de-3eme-ligne-de-metro\/","og_locale":"fr_FR","og_type":"article","og_title":"L'avis de l'association sur le projet de troisi\u00e8me ligne de m\u00e9tro - AUTATE","og_description":"Contribution Enqu\u00eate publique AUTATE VD CONCLUSION DE NOTRE REPONSE A L&rsquo;ENQUETE PUBLIQUE : L&rsquo;AUTATE constate que la r\u00e9alisation de la future ligne de m\u00e9tro TAE ampute la grosse majorit\u00e9 du budget d\u2019investissement des transports en commun, au d\u00e9triment du d\u00e9veloppement des transports en commun dans la p\u00e9riph\u00e9rie de l\u2019agglom\u00e9ration qui souffre d\u2019un manque de dessertes,VOIR PLUS","og_url":"https:\/\/autate.fr\/site\/lavis-de-lassociation-sur-le-projet-de-3eme-ligne-de-metro\/","og_site_name":"AUTATE","article_publisher":"https:\/\/www.facebook.com\/AutateToulouse","article_published_time":"2019-08-20T09:42:08+00:00","article_modified_time":"2025-11-21T20:49:17+00:00","author":"Marie-Pierre Bes","twitter_card":"summary_large_image","twitter_creator":"@AutateToulouse","twitter_site":"@AutateToulouse","twitter_misc":{"\u00c9crit par":"Marie-Pierre Bes","Dur\u00e9e de lecture estim\u00e9e":"1 minute"},"schema":{"@context":"https:\/\/schema.org","@graph":[{"@type":"Article","@id":"https:\/\/autate.fr\/site\/lavis-de-lassociation-sur-le-projet-de-3eme-ligne-de-metro\/#article","isPartOf":{"@id":"https:\/\/autate.fr\/site\/lavis-de-lassociation-sur-le-projet-de-3eme-ligne-de-metro\/"},"author":{"name":"Marie-Pierre Bes","@id":"https:\/\/autate.fr\/site\/#\/schema\/person\/ca1ac9182f29f02489db16f08b0834ff"},"headline":"L&rsquo;avis de l&rsquo;association sur le projet de troisi\u00e8me ligne de m\u00e9tro","datePublished":"2019-08-20T09:42:08+00:00","dateModified":"2025-11-21T20:49:17+00:00","mainEntityOfPage":{"@id":"https:\/\/autate.fr\/site\/lavis-de-lassociation-sur-le-projet-de-3eme-ligne-de-metro\/"},"wordCount":278,"commentCount":0,"publisher":{"@id":"https:\/\/autate.fr\/site\/#organization"},"keywords":["concertation-enqu\u00eate"],"articleSection":["Actualit\u00e9s-AUTATE","M\u00e9tro","PlanDeMobilit\u00e9"],"inLanguage":"fr-FR","potentialAction":[{"@type":"CommentAction","name":"Comment","target":["https:\/\/autate.fr\/site\/lavis-de-lassociation-sur-le-projet-de-3eme-ligne-de-metro\/#respond"]}]},{"@type":"WebPage","@id":"https:\/\/autate.fr\/site\/lavis-de-lassociation-sur-le-projet-de-3eme-ligne-de-metro\/","url":"https:\/\/autate.fr\/site\/lavis-de-lassociation-sur-le-projet-de-3eme-ligne-de-metro\/","name":"L'avis de l'association sur le projet de troisi\u00e8me ligne de m\u00e9tro - AUTATE","isPartOf":{"@id":"https:\/\/autate.fr\/site\/#website"},"datePublished":"2019-08-20T09:42:08+00:00","dateModified":"2025-11-21T20:49:17+00:00","breadcrumb":{"@id":"https:\/\/autate.fr\/site\/lavis-de-lassociation-sur-le-projet-de-3eme-ligne-de-metro\/#breadcrumb"},"inLanguage":"fr-FR","potentialAction":[{"@type":"ReadAction","target":["https:\/\/autate.fr\/site\/lavis-de-lassociation-sur-le-projet-de-3eme-ligne-de-metro\/"]}]},{"@type":"BreadcrumbList","@id":"https:\/\/autate.fr\/site\/lavis-de-lassociation-sur-le-projet-de-3eme-ligne-de-metro\/#breadcrumb","itemListElement":[{"@type":"ListItem","position":1,"name":"Accueil","item":"https:\/\/autate.fr\/site\/"},{"@type":"ListItem","position":2,"name":"L&rsquo;avis de l&rsquo;association sur le projet de troisi\u00e8me ligne de m\u00e9tro"}]},{"@type":"WebSite","@id":"https:\/\/autate.fr\/site\/#website","url":"https:\/\/autate.fr\/site\/","name":"AUTATE","description":"Association des usagers des transports de l&#039;agglom\u00e9ration Toulousaine et de ses environs","publisher":{"@id":"https:\/\/autate.fr\/site\/#organization"},"potentialAction":[{"@type":"SearchAction","target":{"@type":"EntryPoint","urlTemplate":"https:\/\/autate.fr\/site\/?s={search_term_string}"},"query-input":{"@type":"PropertyValueSpecification","valueRequired":true,"valueName":"search_term_string"}}],"inLanguage":"fr-FR"},{"@type":"Organization","@id":"https:\/\/autate.fr\/site\/#organization","name":"AUTATE","url":"https:\/\/autate.fr\/site\/","logo":{"@type":"ImageObject","inLanguage":"fr-FR","@id":"https:\/\/autate.fr\/site\/#\/schema\/logo\/image\/","url":"http:\/\/autate.fr\/site\/wp-content\/uploads\/2019\/01\/logo.png","contentUrl":"http:\/\/autate.fr\/site\/wp-content\/uploads\/2019\/01\/logo.png","width":506,"height":280,"caption":"AUTATE"},"image":{"@id":"https:\/\/autate.fr\/site\/#\/schema\/logo\/image\/"},"sameAs":["https:\/\/www.facebook.com\/AutateToulouse","https:\/\/x.com\/AutateToulouse"]},{"@type":"Person","@id":"https:\/\/autate.fr\/site\/#\/schema\/person\/ca1ac9182f29f02489db16f08b0834ff","name":"Marie-Pierre Bes","image":{"@type":"ImageObject","inLanguage":"fr-FR","@id":"https:\/\/secure.gravatar.com\/avatar\/08aa632b25ee7197789b8ec59d6cbcab7d9fc182fc393ccb7ac607ba55766261?s=96&d=mm&r=g","url":"https:\/\/secure.gravatar.com\/avatar\/08aa632b25ee7197789b8ec59d6cbcab7d9fc182fc393ccb7ac607ba55766261?s=96&d=mm&r=g","contentUrl":"https:\/\/secure.gravatar.com\/avatar\/08aa632b25ee7197789b8ec59d6cbcab7d9fc182fc393ccb7ac607ba55766261?s=96&d=mm&r=g","caption":"Marie-Pierre Bes"},"url":"https:\/\/autate.fr\/site\/author\/mariepierre\/"}]}},"_links":{"self":[{"href":"https:\/\/autate.fr\/site\/wp-json\/wp\/v2\/posts\/3495","targetHints":{"allow":["GET"]}}],"collection":[{"href":"https:\/\/autate.fr\/site\/wp-json\/wp\/v2\/posts"}],"about":[{"href":"https:\/\/autate.fr\/site\/wp-json\/wp\/v2\/types\/post"}],"author":[{"embeddable":true,"href":"https:\/\/autate.fr\/site\/wp-json\/wp\/v2\/users\/9"}],"replies":[{"embeddable":true,"href":"https:\/\/autate.fr\/site\/wp-json\/wp\/v2\/comments?post=3495"}],"version-history":[{"count":3,"href":"https:\/\/autate.fr\/site\/wp-json\/wp\/v2\/posts\/3495\/revisions"}],"predecessor-version":[{"id":3499,"href":"https:\/\/autate.fr\/site\/wp-json\/wp\/v2\/posts\/3495\/revisions\/3499"}],"wp:attachment":[{"href":"https:\/\/autate.fr\/site\/wp-json\/wp\/v2\/media?parent=3495"}],"wp:term":[{"taxonomy":"category","embeddable":true,"href":"https:\/\/autate.fr\/site\/wp-json\/wp\/v2\/categories?post=3495"},{"taxonomy":"post_tag","embeddable":true,"href":"https:\/\/autate.fr\/site\/wp-json\/wp\/v2\/tags?post=3495"}],"curies":[{"name":"wp","href":"https:\/\/api.w.org\/{rel}","templated":true}]}}