{"id":349,"date":"2016-03-10T12:02:48","date_gmt":"2016-03-10T11:02:48","guid":{"rendered":"http:\/\/autate.fr\/site\/?p=349"},"modified":"2016-08-10T21:14:20","modified_gmt":"2016-08-10T19:14:20","slug":"la-tribune-requiem-pour-le-plb-une-metropole-toulousaine-est-elle-possible","status":"publish","type":"post","link":"https:\/\/autate.fr\/site\/la-tribune-requiem-pour-le-plb-une-metropole-toulousaine-est-elle-possible\/","title":{"rendered":"[La Tribune] : Requiem pour le PLB, une m\u00e9tropole toulousaine est-elle possible ?"},"content":{"rendered":"<section class=\"chapo\">Une tribune de Christian Lavigne publi\u00e9e dans la Tribune du 09\/03\/2016\u00a0Photo\u00a0Cr\u00e9dits : DR<\/p>\n<\/section>\n<section class=\"chapo\">Pour Christian Lavigne, premier vice-pr\u00e9sident de Tiss\u00e9o de 1977 \u00e0 2014 et ancien vice-pr\u00e9sident du Sicoval charg\u00e9 des Transports, le dossier PLB illustre l&rsquo;arrogance toulousaine vis-\u00e0-vis des autres territoires composant l&rsquo;agglom\u00e9ration toulousaine. L&rsquo;ancien maire PS de Lab\u00e8ge estime qu&rsquo;il est temps d&rsquo;en finir avec l&rsquo;\u00e9clatement territorial entre Toulouse M\u00e9tropole, le Sicoval, la Cam et les autres.<\/section>\n<section class=\"contenu-article clearfix\">\n<div class=\"body-article\">\n<p><strong>\u00ab\u00a0<\/strong>C&rsquo;est fait. Le maire de Toulouse a impos\u00e9 sa volont\u00e9 au terme d&rsquo;une trop longue p\u00e9riode de pseudo consultation qui ne trompait que ceux qui le voulaient bien&#8230;<\/p>\n<p>Le sud-est toulousain et le Sicoval ne seront pas desservis par la ligne B qui ne sera pas prolong\u00e9e. C&rsquo;est un fait concret et tangible, avec ses cons\u00e9quences imm\u00e9diates pour les citoyens.<\/p>\n<p>Le reste\u00a0? Le reste rel\u00e8ve de contours improbables qui caract\u00e9risent la politique des actuels responsables de Toulouse M\u00e9tropole.<\/p>\n<p>On peut aussi constater que depuis mars 2014, les dirigeants du Sicoval ont bien facilit\u00e9 la t\u00e2che au maire de Toulouse. Leur unit\u00e9 de fa\u00e7ade, y compris sur ce dossier, ne leur permettait pas de d\u00e9gager la force, la pugnacit\u00e9 voire l&rsquo;agressivit\u00e9 n\u00e9cessaires pour r\u00e9sister \u00e0 la pression de Toulouse. Le retour fracassant de certains se solde finalement deux ans apr\u00e8s par \u00ab\u00a0plus de m\u00e9tro\u00a0\u00bb et un transfuge de l&rsquo;ex-UMP au fauteuil de maire de Lab\u00e8ge. Pas vraiment un retour gagnant.<\/p>\n<p>Le temps n&rsquo;est plus \u00e0 d\u00e9velopper des argumentaires techniques ou politiques. Le temps n&rsquo;est plus \u00e0 la n\u00e9gociation car tous les stades de celle-ci ont \u00e9t\u00e9 \u00e9puis\u00e9s.<\/p>\n<p><a href=\"http:\/\/objectifnews.latribune.fr\/idees\/2016-03-09\/tribune-requiem-pour-le-plb-une-metropole-toulousaine-est-elle-possible.html\">lire la suite<\/a><\/p>\n<p>&nbsp;<\/p>\n<\/div>\n<\/section>\n","protected":false},"excerpt":{"rendered":"<p>Une tribune de Christian Lavigne publi\u00e9e dans la Tribune du 09\/03\/2016\u00a0Photo\u00a0Cr\u00e9dits : DR Pour Christian Lavigne, premier vice-pr\u00e9sident de Tiss\u00e9o de 1977 \u00e0 2014 et ancien vice-pr\u00e9sident du Sicoval charg\u00e9 des Transports, le dossier PLB illustre l&rsquo;arrogance toulousaine vis-\u00e0-vis des autres territoires composant l&rsquo;agglom\u00e9ration toulousaine. L&rsquo;ancien maire PS de Lab\u00e8ge estime qu&rsquo;il est temps d&rsquo;en<\/p>\n<p class=\"more-link\"><a href=\"https:\/\/autate.fr\/site\/la-tribune-requiem-pour-le-plb-une-metropole-toulousaine-est-elle-possible\/\" class=\"themebutton2\">VOIR PLUS<\/a><\/p>\n","protected":false},"author":1,"featured_media":350,"comment_status":"open","ping_status":"open","sticky":false,"template":"","format":"standard","meta":{"footnotes":""},"categories":[7],"tags":[12,17],"class_list":["post-349","post","type-post","status-publish","format-standard","has-post-thumbnail","hentry","category-revue-de-presse","tag-metro","tag-plb"],"yoast_head":"<!-- This site is optimized with the Yoast SEO plugin v27.4 - https:\/\/yoast.com\/product\/yoast-seo-wordpress\/ -->\n<title>[La Tribune] : Requiem pour le PLB, une m\u00e9tropole toulousaine est-elle possible ? - AUTATE<\/title>\n<meta name=\"robots\" content=\"index, follow, max-snippet:-1, max-image-preview:large, max-video-preview:-1\" \/>\n<link rel=\"canonical\" href=\"https:\/\/autate.fr\/site\/la-tribune-requiem-pour-le-plb-une-metropole-toulousaine-est-elle-possible\/\" \/>\n<meta property=\"og:locale\" content=\"fr_FR\" \/>\n<meta property=\"og:type\" content=\"article\" \/>\n<meta property=\"og:title\" content=\"[La Tribune] : Requiem pour le PLB, une m\u00e9tropole toulousaine est-elle possible ? - AUTATE\" \/>\n<meta property=\"og:description\" content=\"Une tribune de Christian Lavigne publi\u00e9e dans la Tribune du 09\/03\/2016\u00a0Photo\u00a0Cr\u00e9dits : DR Pour Christian Lavigne, premier vice-pr\u00e9sident de Tiss\u00e9o de 1977 \u00e0 2014 et ancien vice-pr\u00e9sident du Sicoval charg\u00e9 des Transports, le dossier PLB illustre l&rsquo;arrogance toulousaine vis-\u00e0-vis des autres territoires composant l&rsquo;agglom\u00e9ration toulousaine. L&rsquo;ancien maire PS de Lab\u00e8ge estime qu&rsquo;il est temps d&rsquo;enVOIR PLUS\" \/>\n<meta property=\"og:url\" content=\"https:\/\/autate.fr\/site\/la-tribune-requiem-pour-le-plb-une-metropole-toulousaine-est-elle-possible\/\" \/>\n<meta property=\"og:site_name\" content=\"AUTATE\" \/>\n<meta property=\"article:publisher\" content=\"https:\/\/www.facebook.com\/AutateToulouse\" \/>\n<meta property=\"article:published_time\" content=\"2016-03-10T11:02:48+00:00\" \/>\n<meta property=\"article:modified_time\" content=\"2016-08-10T19:14:20+00:00\" \/>\n<meta property=\"og:image\" content=\"https:\/\/autate.fr\/site\/wp-content\/uploads\/2016\/03\/lavigne.jpg\" \/>\n\t<meta property=\"og:image:width\" content=\"612\" \/>\n\t<meta property=\"og:image:height\" content=\"306\" \/>\n\t<meta property=\"og:image:type\" content=\"image\/jpeg\" \/>\n<meta name=\"author\" content=\"pascalbarbier\" \/>\n<meta name=\"twitter:card\" content=\"summary_large_image\" \/>\n<meta name=\"twitter:creator\" content=\"@AutateToulouse\" \/>\n<meta name=\"twitter:site\" content=\"@AutateToulouse\" \/>\n<meta name=\"twitter:label1\" content=\"\u00c9crit par\" \/>\n\t<meta name=\"twitter:data1\" content=\"pascalbarbier\" \/>\n\t<meta name=\"twitter:label2\" content=\"Dur\u00e9e de lecture estim\u00e9e\" \/>\n\t<meta name=\"twitter:data2\" content=\"1 minute\" \/>\n<script type=\"application\/ld+json\" class=\"yoast-schema-graph\">{\"@context\":\"https:\\\/\\\/schema.org\",\"@graph\":[{\"@type\":\"Article\",\"@id\":\"https:\\\/\\\/autate.fr\\\/site\\\/la-tribune-requiem-pour-le-plb-une-metropole-toulousaine-est-elle-possible\\\/#article\",\"isPartOf\":{\"@id\":\"https:\\\/\\\/autate.fr\\\/site\\\/la-tribune-requiem-pour-le-plb-une-metropole-toulousaine-est-elle-possible\\\/\"},\"author\":{\"name\":\"pascalbarbier\",\"@id\":\"https:\\\/\\\/autate.fr\\\/site\\\/#\\\/schema\\\/person\\\/ae1ab8bdaa7b41d2a9b52d2557ce8254\"},\"headline\":\"[La Tribune] : Requiem pour le PLB, une m\u00e9tropole toulousaine est-elle possible ?\",\"datePublished\":\"2016-03-10T11:02:48+00:00\",\"dateModified\":\"2016-08-10T19:14:20+00:00\",\"mainEntityOfPage\":{\"@id\":\"https:\\\/\\\/autate.fr\\\/site\\\/la-tribune-requiem-pour-le-plb-une-metropole-toulousaine-est-elle-possible\\\/\"},\"wordCount\":292,\"commentCount\":0,\"publisher\":{\"@id\":\"https:\\\/\\\/autate.fr\\\/site\\\/#organization\"},\"image\":{\"@id\":\"https:\\\/\\\/autate.fr\\\/site\\\/la-tribune-requiem-pour-le-plb-une-metropole-toulousaine-est-elle-possible\\\/#primaryimage\"},\"thumbnailUrl\":\"https:\\\/\\\/autate.fr\\\/site\\\/wp-content\\\/uploads\\\/2016\\\/03\\\/lavigne.jpg\",\"keywords\":[\"m\u00e9tro\",\"PLB\"],\"articleSection\":[\"Revue de presse\"],\"inLanguage\":\"fr-FR\",\"potentialAction\":[{\"@type\":\"CommentAction\",\"name\":\"Comment\",\"target\":[\"https:\\\/\\\/autate.fr\\\/site\\\/la-tribune-requiem-pour-le-plb-une-metropole-toulousaine-est-elle-possible\\\/#respond\"]}]},{\"@type\":\"WebPage\",\"@id\":\"https:\\\/\\\/autate.fr\\\/site\\\/la-tribune-requiem-pour-le-plb-une-metropole-toulousaine-est-elle-possible\\\/\",\"url\":\"https:\\\/\\\/autate.fr\\\/site\\\/la-tribune-requiem-pour-le-plb-une-metropole-toulousaine-est-elle-possible\\\/\",\"name\":\"[La Tribune] : Requiem pour le PLB, une m\u00e9tropole toulousaine est-elle possible ? - AUTATE\",\"isPartOf\":{\"@id\":\"https:\\\/\\\/autate.fr\\\/site\\\/#website\"},\"primaryImageOfPage\":{\"@id\":\"https:\\\/\\\/autate.fr\\\/site\\\/la-tribune-requiem-pour-le-plb-une-metropole-toulousaine-est-elle-possible\\\/#primaryimage\"},\"image\":{\"@id\":\"https:\\\/\\\/autate.fr\\\/site\\\/la-tribune-requiem-pour-le-plb-une-metropole-toulousaine-est-elle-possible\\\/#primaryimage\"},\"thumbnailUrl\":\"https:\\\/\\\/autate.fr\\\/site\\\/wp-content\\\/uploads\\\/2016\\\/03\\\/lavigne.jpg\",\"datePublished\":\"2016-03-10T11:02:48+00:00\",\"dateModified\":\"2016-08-10T19:14:20+00:00\",\"breadcrumb\":{\"@id\":\"https:\\\/\\\/autate.fr\\\/site\\\/la-tribune-requiem-pour-le-plb-une-metropole-toulousaine-est-elle-possible\\\/#breadcrumb\"},\"inLanguage\":\"fr-FR\",\"potentialAction\":[{\"@type\":\"ReadAction\",\"target\":[\"https:\\\/\\\/autate.fr\\\/site\\\/la-tribune-requiem-pour-le-plb-une-metropole-toulousaine-est-elle-possible\\\/\"]}]},{\"@type\":\"ImageObject\",\"inLanguage\":\"fr-FR\",\"@id\":\"https:\\\/\\\/autate.fr\\\/site\\\/la-tribune-requiem-pour-le-plb-une-metropole-toulousaine-est-elle-possible\\\/#primaryimage\",\"url\":\"https:\\\/\\\/autate.fr\\\/site\\\/wp-content\\\/uploads\\\/2016\\\/03\\\/lavigne.jpg\",\"contentUrl\":\"https:\\\/\\\/autate.fr\\\/site\\\/wp-content\\\/uploads\\\/2016\\\/03\\\/lavigne.jpg\",\"width\":612,\"height\":306},{\"@type\":\"BreadcrumbList\",\"@id\":\"https:\\\/\\\/autate.fr\\\/site\\\/la-tribune-requiem-pour-le-plb-une-metropole-toulousaine-est-elle-possible\\\/#breadcrumb\",\"itemListElement\":[{\"@type\":\"ListItem\",\"position\":1,\"name\":\"Accueil\",\"item\":\"https:\\\/\\\/autate.fr\\\/site\\\/\"},{\"@type\":\"ListItem\",\"position\":2,\"name\":\"[La Tribune] : Requiem pour le PLB, une m\u00e9tropole toulousaine est-elle possible ?\"}]},{\"@type\":\"WebSite\",\"@id\":\"https:\\\/\\\/autate.fr\\\/site\\\/#website\",\"url\":\"https:\\\/\\\/autate.fr\\\/site\\\/\",\"name\":\"AUTATE\",\"description\":\"Association des usagers des transports de l&#039;agglom\u00e9ration Toulousaine et de ses environs\",\"publisher\":{\"@id\":\"https:\\\/\\\/autate.fr\\\/site\\\/#organization\"},\"potentialAction\":[{\"@type\":\"SearchAction\",\"target\":{\"@type\":\"EntryPoint\",\"urlTemplate\":\"https:\\\/\\\/autate.fr\\\/site\\\/?s={search_term_string}\"},\"query-input\":{\"@type\":\"PropertyValueSpecification\",\"valueRequired\":true,\"valueName\":\"search_term_string\"}}],\"inLanguage\":\"fr-FR\"},{\"@type\":\"Organization\",\"@id\":\"https:\\\/\\\/autate.fr\\\/site\\\/#organization\",\"name\":\"AUTATE\",\"url\":\"https:\\\/\\\/autate.fr\\\/site\\\/\",\"logo\":{\"@type\":\"ImageObject\",\"inLanguage\":\"fr-FR\",\"@id\":\"https:\\\/\\\/autate.fr\\\/site\\\/#\\\/schema\\\/logo\\\/image\\\/\",\"url\":\"http:\\\/\\\/autate.fr\\\/site\\\/wp-content\\\/uploads\\\/2019\\\/01\\\/logo.png\",\"contentUrl\":\"http:\\\/\\\/autate.fr\\\/site\\\/wp-content\\\/uploads\\\/2019\\\/01\\\/logo.png\",\"width\":506,\"height\":280,\"caption\":\"AUTATE\"},\"image\":{\"@id\":\"https:\\\/\\\/autate.fr\\\/site\\\/#\\\/schema\\\/logo\\\/image\\\/\"},\"sameAs\":[\"https:\\\/\\\/www.facebook.com\\\/AutateToulouse\",\"https:\\\/\\\/x.com\\\/AutateToulouse\"]},{\"@type\":\"Person\",\"@id\":\"https:\\\/\\\/autate.fr\\\/site\\\/#\\\/schema\\\/person\\\/ae1ab8bdaa7b41d2a9b52d2557ce8254\",\"name\":\"pascalbarbier\",\"image\":{\"@type\":\"ImageObject\",\"inLanguage\":\"fr-FR\",\"@id\":\"https:\\\/\\\/secure.gravatar.com\\\/avatar\\\/03f4e8ced09894b72c67e83142540730d4b3bbf619bf46341b0074e3bf5f08a0?s=96&d=mm&r=g\",\"url\":\"https:\\\/\\\/secure.gravatar.com\\\/avatar\\\/03f4e8ced09894b72c67e83142540730d4b3bbf619bf46341b0074e3bf5f08a0?s=96&d=mm&r=g\",\"contentUrl\":\"https:\\\/\\\/secure.gravatar.com\\\/avatar\\\/03f4e8ced09894b72c67e83142540730d4b3bbf619bf46341b0074e3bf5f08a0?s=96&d=mm&r=g\",\"caption\":\"pascalbarbier\"},\"url\":\"https:\\\/\\\/autate.fr\\\/site\\\/author\\\/pascalbarbier\\\/\"}]}<\/script>\n<!-- \/ Yoast SEO plugin. -->","yoast_head_json":{"title":"[La Tribune] : Requiem pour le PLB, une m\u00e9tropole toulousaine est-elle possible ? - AUTATE","robots":{"index":"index","follow":"follow","max-snippet":"max-snippet:-1","max-image-preview":"max-image-preview:large","max-video-preview":"max-video-preview:-1"},"canonical":"https:\/\/autate.fr\/site\/la-tribune-requiem-pour-le-plb-une-metropole-toulousaine-est-elle-possible\/","og_locale":"fr_FR","og_type":"article","og_title":"[La Tribune] : Requiem pour le PLB, une m\u00e9tropole toulousaine est-elle possible ? - AUTATE","og_description":"Une tribune de Christian Lavigne publi\u00e9e dans la Tribune du 09\/03\/2016\u00a0Photo\u00a0Cr\u00e9dits : DR Pour Christian Lavigne, premier vice-pr\u00e9sident de Tiss\u00e9o de 1977 \u00e0 2014 et ancien vice-pr\u00e9sident du Sicoval charg\u00e9 des Transports, le dossier PLB illustre l&rsquo;arrogance toulousaine vis-\u00e0-vis des autres territoires composant l&rsquo;agglom\u00e9ration toulousaine. L&rsquo;ancien maire PS de Lab\u00e8ge estime qu&rsquo;il est temps d&rsquo;enVOIR PLUS","og_url":"https:\/\/autate.fr\/site\/la-tribune-requiem-pour-le-plb-une-metropole-toulousaine-est-elle-possible\/","og_site_name":"AUTATE","article_publisher":"https:\/\/www.facebook.com\/AutateToulouse","article_published_time":"2016-03-10T11:02:48+00:00","article_modified_time":"2016-08-10T19:14:20+00:00","og_image":[{"width":612,"height":306,"url":"https:\/\/autate.fr\/site\/wp-content\/uploads\/2016\/03\/lavigne.jpg","type":"image\/jpeg"}],"author":"pascalbarbier","twitter_card":"summary_large_image","twitter_creator":"@AutateToulouse","twitter_site":"@AutateToulouse","twitter_misc":{"\u00c9crit par":"pascalbarbier","Dur\u00e9e de lecture estim\u00e9e":"1 minute"},"schema":{"@context":"https:\/\/schema.org","@graph":[{"@type":"Article","@id":"https:\/\/autate.fr\/site\/la-tribune-requiem-pour-le-plb-une-metropole-toulousaine-est-elle-possible\/#article","isPartOf":{"@id":"https:\/\/autate.fr\/site\/la-tribune-requiem-pour-le-plb-une-metropole-toulousaine-est-elle-possible\/"},"author":{"name":"pascalbarbier","@id":"https:\/\/autate.fr\/site\/#\/schema\/person\/ae1ab8bdaa7b41d2a9b52d2557ce8254"},"headline":"[La Tribune] : Requiem pour le PLB, une m\u00e9tropole toulousaine est-elle possible ?","datePublished":"2016-03-10T11:02:48+00:00","dateModified":"2016-08-10T19:14:20+00:00","mainEntityOfPage":{"@id":"https:\/\/autate.fr\/site\/la-tribune-requiem-pour-le-plb-une-metropole-toulousaine-est-elle-possible\/"},"wordCount":292,"commentCount":0,"publisher":{"@id":"https:\/\/autate.fr\/site\/#organization"},"image":{"@id":"https:\/\/autate.fr\/site\/la-tribune-requiem-pour-le-plb-une-metropole-toulousaine-est-elle-possible\/#primaryimage"},"thumbnailUrl":"https:\/\/autate.fr\/site\/wp-content\/uploads\/2016\/03\/lavigne.jpg","keywords":["m\u00e9tro","PLB"],"articleSection":["Revue de presse"],"inLanguage":"fr-FR","potentialAction":[{"@type":"CommentAction","name":"Comment","target":["https:\/\/autate.fr\/site\/la-tribune-requiem-pour-le-plb-une-metropole-toulousaine-est-elle-possible\/#respond"]}]},{"@type":"WebPage","@id":"https:\/\/autate.fr\/site\/la-tribune-requiem-pour-le-plb-une-metropole-toulousaine-est-elle-possible\/","url":"https:\/\/autate.fr\/site\/la-tribune-requiem-pour-le-plb-une-metropole-toulousaine-est-elle-possible\/","name":"[La Tribune] : Requiem pour le PLB, une m\u00e9tropole toulousaine est-elle possible ? - AUTATE","isPartOf":{"@id":"https:\/\/autate.fr\/site\/#website"},"primaryImageOfPage":{"@id":"https:\/\/autate.fr\/site\/la-tribune-requiem-pour-le-plb-une-metropole-toulousaine-est-elle-possible\/#primaryimage"},"image":{"@id":"https:\/\/autate.fr\/site\/la-tribune-requiem-pour-le-plb-une-metropole-toulousaine-est-elle-possible\/#primaryimage"},"thumbnailUrl":"https:\/\/autate.fr\/site\/wp-content\/uploads\/2016\/03\/lavigne.jpg","datePublished":"2016-03-10T11:02:48+00:00","dateModified":"2016-08-10T19:14:20+00:00","breadcrumb":{"@id":"https:\/\/autate.fr\/site\/la-tribune-requiem-pour-le-plb-une-metropole-toulousaine-est-elle-possible\/#breadcrumb"},"inLanguage":"fr-FR","potentialAction":[{"@type":"ReadAction","target":["https:\/\/autate.fr\/site\/la-tribune-requiem-pour-le-plb-une-metropole-toulousaine-est-elle-possible\/"]}]},{"@type":"ImageObject","inLanguage":"fr-FR","@id":"https:\/\/autate.fr\/site\/la-tribune-requiem-pour-le-plb-une-metropole-toulousaine-est-elle-possible\/#primaryimage","url":"https:\/\/autate.fr\/site\/wp-content\/uploads\/2016\/03\/lavigne.jpg","contentUrl":"https:\/\/autate.fr\/site\/wp-content\/uploads\/2016\/03\/lavigne.jpg","width":612,"height":306},{"@type":"BreadcrumbList","@id":"https:\/\/autate.fr\/site\/la-tribune-requiem-pour-le-plb-une-metropole-toulousaine-est-elle-possible\/#breadcrumb","itemListElement":[{"@type":"ListItem","position":1,"name":"Accueil","item":"https:\/\/autate.fr\/site\/"},{"@type":"ListItem","position":2,"name":"[La Tribune] : Requiem pour le PLB, une m\u00e9tropole toulousaine est-elle possible ?"}]},{"@type":"WebSite","@id":"https:\/\/autate.fr\/site\/#website","url":"https:\/\/autate.fr\/site\/","name":"AUTATE","description":"Association des usagers des transports de l&#039;agglom\u00e9ration Toulousaine et de ses environs","publisher":{"@id":"https:\/\/autate.fr\/site\/#organization"},"potentialAction":[{"@type":"SearchAction","target":{"@type":"EntryPoint","urlTemplate":"https:\/\/autate.fr\/site\/?s={search_term_string}"},"query-input":{"@type":"PropertyValueSpecification","valueRequired":true,"valueName":"search_term_string"}}],"inLanguage":"fr-FR"},{"@type":"Organization","@id":"https:\/\/autate.fr\/site\/#organization","name":"AUTATE","url":"https:\/\/autate.fr\/site\/","logo":{"@type":"ImageObject","inLanguage":"fr-FR","@id":"https:\/\/autate.fr\/site\/#\/schema\/logo\/image\/","url":"http:\/\/autate.fr\/site\/wp-content\/uploads\/2019\/01\/logo.png","contentUrl":"http:\/\/autate.fr\/site\/wp-content\/uploads\/2019\/01\/logo.png","width":506,"height":280,"caption":"AUTATE"},"image":{"@id":"https:\/\/autate.fr\/site\/#\/schema\/logo\/image\/"},"sameAs":["https:\/\/www.facebook.com\/AutateToulouse","https:\/\/x.com\/AutateToulouse"]},{"@type":"Person","@id":"https:\/\/autate.fr\/site\/#\/schema\/person\/ae1ab8bdaa7b41d2a9b52d2557ce8254","name":"pascalbarbier","image":{"@type":"ImageObject","inLanguage":"fr-FR","@id":"https:\/\/secure.gravatar.com\/avatar\/03f4e8ced09894b72c67e83142540730d4b3bbf619bf46341b0074e3bf5f08a0?s=96&d=mm&r=g","url":"https:\/\/secure.gravatar.com\/avatar\/03f4e8ced09894b72c67e83142540730d4b3bbf619bf46341b0074e3bf5f08a0?s=96&d=mm&r=g","contentUrl":"https:\/\/secure.gravatar.com\/avatar\/03f4e8ced09894b72c67e83142540730d4b3bbf619bf46341b0074e3bf5f08a0?s=96&d=mm&r=g","caption":"pascalbarbier"},"url":"https:\/\/autate.fr\/site\/author\/pascalbarbier\/"}]}},"_links":{"self":[{"href":"https:\/\/autate.fr\/site\/wp-json\/wp\/v2\/posts\/349","targetHints":{"allow":["GET"]}}],"collection":[{"href":"https:\/\/autate.fr\/site\/wp-json\/wp\/v2\/posts"}],"about":[{"href":"https:\/\/autate.fr\/site\/wp-json\/wp\/v2\/types\/post"}],"author":[{"embeddable":true,"href":"https:\/\/autate.fr\/site\/wp-json\/wp\/v2\/users\/1"}],"replies":[{"embeddable":true,"href":"https:\/\/autate.fr\/site\/wp-json\/wp\/v2\/comments?post=349"}],"version-history":[{"count":1,"href":"https:\/\/autate.fr\/site\/wp-json\/wp\/v2\/posts\/349\/revisions"}],"predecessor-version":[{"id":351,"href":"https:\/\/autate.fr\/site\/wp-json\/wp\/v2\/posts\/349\/revisions\/351"}],"wp:featuredmedia":[{"embeddable":true,"href":"https:\/\/autate.fr\/site\/wp-json\/wp\/v2\/media\/350"}],"wp:attachment":[{"href":"https:\/\/autate.fr\/site\/wp-json\/wp\/v2\/media?parent=349"}],"wp:term":[{"taxonomy":"category","embeddable":true,"href":"https:\/\/autate.fr\/site\/wp-json\/wp\/v2\/categories?post=349"},{"taxonomy":"post_tag","embeddable":true,"href":"https:\/\/autate.fr\/site\/wp-json\/wp\/v2\/tags?post=349"}],"curies":[{"name":"wp","href":"https:\/\/api.w.org\/{rel}","templated":true}]}}