{"id":3381,"date":"2019-06-05T23:20:25","date_gmt":"2019-06-05T21:20:25","guid":{"rendered":"https:\/\/autate.fr\/site\/?p=3381"},"modified":"2025-11-11T17:46:39","modified_gmt":"2025-11-11T16:46:39","slug":"reponse-aux-maires-de-louest","status":"publish","type":"post","link":"https:\/\/autate.fr\/site\/reponse-aux-maires-de-louest\/","title":{"rendered":"R\u00e9ponse aux Maires du Nord-Ouest de l&rsquo;agglom\u00e9ration"},"content":{"rendered":"\n<p><em>A Monsieur le Maire de Blagnac, <\/em><\/p>\n<p><em>&nbsp;<\/em><em>Copie \u00e0&nbsp;:<\/em><\/p>\n<p><em>Mme Lysiane Maurel maire d&rsquo;Aussonne, M. Patrice Rodrigues maire de Beauzelle, M. Alain Topan maire de Cornebarrieu, M. Michel Simon maire de Gagnac, M. Edmond Desclaux maire de Mondonville, M. Jean-Louis Miegeville maire de Seilh.<\/em><\/p>\n<p>&nbsp;Monsieur, Madame,<\/p>\n<p>Vous avez lanc\u00e9, derni\u00e8rement, avec d\u2019autres maires, une p\u00e9tition \u00ab&nbsp;Stop \u00e0 l\u2019asphyxie de Blagnac et du nord-ouest toulousain&nbsp;\u00bb&nbsp;qui comprend trois volets, dont le dernier porte sur les transports en commun, sur lequel nous souhaiterions r\u00e9agir. Je reprends ici votre paragraphe&nbsp;:<\/p>\n<p><strong>Les p\u00e9titionnaires sont amen\u00e9s \u00e0 demander d\u2019am\u00e9liorer les transports en commun<\/strong><strong>&nbsp;:<\/strong><\/p>\n<ul>\n<li>augmentation de la fr\u00e9quence de la ligne de tramway T1,<\/li>\n<li>augmentation de la fr\u00e9quence des lignes 70&nbsp; et 30,<\/li>\n<li>cr\u00e9ation acc\u00e9l\u00e9r\u00e9e de la ligne Optimo (Colomiers \/ Cornebarrieu \/ Blagnac \/ Fenouillet) en prenant en compte la desserte des communes d\u2019Aussonne et de Seilh.<\/li>\n<\/ul>\n<p>Du point de vue des usagers des transports en commun, ces propositions sont largement <u>insuffisantes<\/u>, eu \u00e9gard \u00e0 la situation d\u2019asphyxie. &nbsp;&nbsp;<\/p>\n<p>Je reprends dans ce courrier, nos principales id\u00e9es&nbsp;g\u00e9n\u00e9rales et d\u00e9taill\u00e9es, d\u00e9j\u00e0 pr\u00e9sent\u00e9es lors du d\u00e9bat public sur la 3<sup>\u00e8me<\/sup> ligne et de l\u2019enqu\u00eate sur le plan mobilit\u00e9s :<\/p>\n<ul>\n<li><strong>il faut emp\u00eacher les voitures solo et donner syst\u00e9matiquement la priorit\u00e9 aux transports en commun par tous les moyens possibles<\/strong>:\n<ul>\n<li>\u00e9tudier l\u2019am\u00e9nagement et la cr\u00e9ation de lignes nouvelles (y compris sur la rocade),<\/li>\n<li>sites propres pour tous les bus et tramways,<\/li>\n<li>augmenter la fr\u00e9quence des bus et tramways,<\/li>\n<li>renforcer les horaires au moment des vacances scolaires,<\/li>\n<li>adapter la tarification (gratuit\u00e9 lors des pics de pollutions et le dimanche, par exemple),<\/li>\n<li>accroitre l\u2019affichage et la publicit\u00e9 accrues pour ces modes de d\u00e9placement,<\/li>\n<li>relancer les bus arc-en-ciel,<\/li>\n<li>r\u00e9unir les entreprises et relancer les transports en commun de leurs salari\u00e9s (ouvrir les navettes airbus \u00e0 d\u2019autres usagers, par exemple).<\/li>\n<\/ul>\n<\/li>\n<\/ul>\n<p><em>Point par point&nbsp;: <\/em><\/p>\n<ol>\n<li><em>Le tramway <\/em><\/li>\n<\/ol>\n<ul>\n<li>Il est trop lent et mal connect\u00e9 aux autres modes&nbsp;:\n<ul>\n<li><strong>le connecter \u00e0 la LINEO 1 par un bus depuis les Sept-deniers<\/strong><\/li>\n<li>augmenter la fr\u00e9quence<\/li>\n<li>le mettre en site propre \u00e0 hauteur de la station Airbus (sauf riverains)<\/li>\n<li>mettre des trams express (qui pourraient ne pas desservir certaines stations en heures de pointe)<\/li>\n<li>prolonger tous les tramway 1 jusqu\u2019au parc des expositions (et pas seulement lors des salons)<\/li>\n<li>mettre des parking relais au parc des expositions<\/li>\n<\/ul>\n<\/li>\n<\/ul>\n<ol start=\"2\">\n<li>la ligne aerospace express&nbsp;:\n<ul>\n<li>le tramway T2 a tr\u00e8s cher<\/li>\n<li>la LAE doit \u00eatre annul\u00e9e et report\u00e9e<\/li>\n<li>si elle est maintenue, la prolonger jusqu\u2019au parc des expositions<\/li>\n<\/ul>\n<\/li>\n<li>Les bus&nbsp;:\n<ul>\n<li><strong>Mettre en place un Bus entre barri\u00e8re de Paris et le tram, avenue d\u2019Elche <\/strong><\/li>\n<li>Augmenter la fr\u00e9quence du bus 70 pendant les vacances scolaires<\/li>\n<li>Penser \u00e0 re-prolonger le 66 vers Blagnac<\/li>\n<li>Relancer les bus arc-en-ciel<\/li>\n<li>Remettre un bus Bus transversal Est-Ouest dans blagnac&nbsp;fr\u00e9quent, comme indiqu\u00e9 par les fl\u00e8ches (ancienne ligne 25)<\/li>\n<\/ul>\n<\/li>\n<\/ol>\n<p><strong>Les temps de parcours&nbsp;: <\/strong><\/p>\n<p>Ce point nous parait essentiel car il est \u00e9voqu\u00e9 par les automobilistes comme argument en d\u00e9faveur des transports en commun. Du coup, je vous joins ce tableau et vous conseille de vous en servir lorsque vous n\u00e9gociez des am\u00e9liorations du r\u00e9seau de transport en commun.<\/p>\n<p><a href=\"https:\/\/autate.fr\/site\/wp-content\/uploads\/2019\/06\/Capturetemps-1.png\"><img loading=\"lazy\" decoding=\"async\" class=\"alignnone  wp-image-3383\" src=\"https:\/\/autate.fr\/site\/wp-content\/uploads\/2019\/06\/Capturetemps-1-300x128.png\" alt=\"\" width=\"581\" height=\"248\" srcset=\"https:\/\/autate.fr\/site\/wp-content\/uploads\/2019\/06\/Capturetemps-1-300x128.png 300w, https:\/\/autate.fr\/site\/wp-content\/uploads\/2019\/06\/Capturetemps-1-768x326.png 768w, https:\/\/autate.fr\/site\/wp-content\/uploads\/2019\/06\/Capturetemps-1-1024x435.png 1024w, https:\/\/autate.fr\/site\/wp-content\/uploads\/2019\/06\/Capturetemps-1.png 1127w\" sizes=\"auto, (max-width: 581px) 100vw, 581px\" \/><\/a><\/p>\n<p>Par ailleurs, et cela est plus anecdotique, nous souhaiterions aussi savoir quelles sont les mesures d\u2019incitation \u00e0 r\u00e9duire l\u2019usage de la voiture, et donc \u00e0 utiliser les transports en commun, que vous mettez en place pour les employ\u00e9s de votre mairie.<\/p>\n<p>Nous serons tr\u00e8s attentifs \u00e0 vos r\u00e9ponses et vous adressons nos sinc\u00e8res salutations,<\/p>\n<p>Marie-Pierre B\u00e8s&nbsp;<\/p>\n","protected":false},"excerpt":{"rendered":"<p>A Monsieur le Maire de Blagnac, &nbsp;Copie \u00e0&nbsp;: Mme Lysiane Maurel maire d&rsquo;Aussonne, M. Patrice Rodrigues maire de Beauzelle, M. Alain Topan maire de Cornebarrieu, M. Michel Simon maire de Gagnac, M. Edmond Desclaux maire de Mondonville, M. Jean-Louis Miegeville maire de Seilh. &nbsp;Monsieur, Madame, Vous avez lanc\u00e9, derni\u00e8rement, avec d\u2019autres maires, une p\u00e9tition \u00ab&nbsp;Stop<\/p>\n<p class=\"more-link\"><a href=\"https:\/\/autate.fr\/site\/reponse-aux-maires-de-louest\/\" class=\"themebutton2\">VOIR PLUS<\/a><\/p>\n","protected":false},"author":9,"featured_media":0,"comment_status":"open","ping_status":"open","sticky":false,"template":"","format":"standard","meta":{"footnotes":""},"categories":[504],"tags":[],"class_list":["post-3381","post","type-post","status-publish","format-standard","hentry","category-temps-de-trajet"],"yoast_head":"<!-- This site is optimized with the Yoast SEO plugin v27.4 - https:\/\/yoast.com\/product\/yoast-seo-wordpress\/ -->\n<title>R\u00e9ponse aux Maires du Nord-Ouest de l&#039;agglom\u00e9ration - AUTATE<\/title>\n<meta name=\"robots\" content=\"index, follow, max-snippet:-1, max-image-preview:large, max-video-preview:-1\" \/>\n<link rel=\"canonical\" href=\"https:\/\/autate.fr\/site\/reponse-aux-maires-de-louest\/\" \/>\n<meta property=\"og:locale\" content=\"fr_FR\" \/>\n<meta property=\"og:type\" content=\"article\" \/>\n<meta property=\"og:title\" content=\"R\u00e9ponse aux Maires du Nord-Ouest de l&#039;agglom\u00e9ration - AUTATE\" \/>\n<meta property=\"og:description\" content=\"A Monsieur le Maire de Blagnac, &nbsp;Copie \u00e0&nbsp;: Mme Lysiane Maurel maire d&rsquo;Aussonne, M. Patrice Rodrigues maire de Beauzelle, M. Alain Topan maire de Cornebarrieu, M. Michel Simon maire de Gagnac, M. Edmond Desclaux maire de Mondonville, M. Jean-Louis Miegeville maire de Seilh. &nbsp;Monsieur, Madame, Vous avez lanc\u00e9, derni\u00e8rement, avec d\u2019autres maires, une p\u00e9tition \u00ab&nbsp;StopVOIR PLUS\" \/>\n<meta property=\"og:url\" content=\"https:\/\/autate.fr\/site\/reponse-aux-maires-de-louest\/\" \/>\n<meta property=\"og:site_name\" content=\"AUTATE\" \/>\n<meta property=\"article:publisher\" content=\"https:\/\/www.facebook.com\/AutateToulouse\" \/>\n<meta property=\"article:published_time\" content=\"2019-06-05T21:20:25+00:00\" \/>\n<meta property=\"article:modified_time\" content=\"2025-11-11T16:46:39+00:00\" \/>\n<meta property=\"og:image\" content=\"https:\/\/autate.fr\/site\/wp-content\/uploads\/2019\/06\/Capturetemps-1.png\" \/>\n\t<meta property=\"og:image:width\" content=\"1127\" \/>\n\t<meta property=\"og:image:height\" content=\"479\" \/>\n\t<meta property=\"og:image:type\" content=\"image\/png\" \/>\n<meta name=\"author\" content=\"Marie-Pierre Bes\" \/>\n<meta name=\"twitter:card\" content=\"summary_large_image\" \/>\n<meta name=\"twitter:creator\" content=\"@AutateToulouse\" \/>\n<meta name=\"twitter:site\" content=\"@AutateToulouse\" \/>\n<meta name=\"twitter:label1\" content=\"\u00c9crit par\" \/>\n\t<meta name=\"twitter:data1\" content=\"Marie-Pierre Bes\" \/>\n\t<meta name=\"twitter:label2\" content=\"Dur\u00e9e de lecture estim\u00e9e\" \/>\n\t<meta name=\"twitter:data2\" content=\"3 minutes\" \/>\n<script type=\"application\/ld+json\" class=\"yoast-schema-graph\">{\"@context\":\"https:\\\/\\\/schema.org\",\"@graph\":[{\"@type\":\"Article\",\"@id\":\"https:\\\/\\\/autate.fr\\\/site\\\/reponse-aux-maires-de-louest\\\/#article\",\"isPartOf\":{\"@id\":\"https:\\\/\\\/autate.fr\\\/site\\\/reponse-aux-maires-de-louest\\\/\"},\"author\":{\"name\":\"Marie-Pierre Bes\",\"@id\":\"https:\\\/\\\/autate.fr\\\/site\\\/#\\\/schema\\\/person\\\/ca1ac9182f29f02489db16f08b0834ff\"},\"headline\":\"R\u00e9ponse aux Maires du Nord-Ouest de l&rsquo;agglom\u00e9ration\",\"datePublished\":\"2019-06-05T21:20:25+00:00\",\"dateModified\":\"2025-11-11T16:46:39+00:00\",\"mainEntityOfPage\":{\"@id\":\"https:\\\/\\\/autate.fr\\\/site\\\/reponse-aux-maires-de-louest\\\/\"},\"wordCount\":633,\"commentCount\":0,\"publisher\":{\"@id\":\"https:\\\/\\\/autate.fr\\\/site\\\/#organization\"},\"image\":{\"@id\":\"https:\\\/\\\/autate.fr\\\/site\\\/reponse-aux-maires-de-louest\\\/#primaryimage\"},\"thumbnailUrl\":\"https:\\\/\\\/autate.fr\\\/site\\\/wp-content\\\/uploads\\\/2019\\\/06\\\/Capturetemps-1-300x128.png\",\"articleSection\":[\"temps de trajet\"],\"inLanguage\":\"fr-FR\",\"potentialAction\":[{\"@type\":\"CommentAction\",\"name\":\"Comment\",\"target\":[\"https:\\\/\\\/autate.fr\\\/site\\\/reponse-aux-maires-de-louest\\\/#respond\"]}]},{\"@type\":\"WebPage\",\"@id\":\"https:\\\/\\\/autate.fr\\\/site\\\/reponse-aux-maires-de-louest\\\/\",\"url\":\"https:\\\/\\\/autate.fr\\\/site\\\/reponse-aux-maires-de-louest\\\/\",\"name\":\"R\u00e9ponse aux Maires du Nord-Ouest de l'agglom\u00e9ration - AUTATE\",\"isPartOf\":{\"@id\":\"https:\\\/\\\/autate.fr\\\/site\\\/#website\"},\"primaryImageOfPage\":{\"@id\":\"https:\\\/\\\/autate.fr\\\/site\\\/reponse-aux-maires-de-louest\\\/#primaryimage\"},\"image\":{\"@id\":\"https:\\\/\\\/autate.fr\\\/site\\\/reponse-aux-maires-de-louest\\\/#primaryimage\"},\"thumbnailUrl\":\"https:\\\/\\\/autate.fr\\\/site\\\/wp-content\\\/uploads\\\/2019\\\/06\\\/Capturetemps-1-300x128.png\",\"datePublished\":\"2019-06-05T21:20:25+00:00\",\"dateModified\":\"2025-11-11T16:46:39+00:00\",\"breadcrumb\":{\"@id\":\"https:\\\/\\\/autate.fr\\\/site\\\/reponse-aux-maires-de-louest\\\/#breadcrumb\"},\"inLanguage\":\"fr-FR\",\"potentialAction\":[{\"@type\":\"ReadAction\",\"target\":[\"https:\\\/\\\/autate.fr\\\/site\\\/reponse-aux-maires-de-louest\\\/\"]}]},{\"@type\":\"ImageObject\",\"inLanguage\":\"fr-FR\",\"@id\":\"https:\\\/\\\/autate.fr\\\/site\\\/reponse-aux-maires-de-louest\\\/#primaryimage\",\"url\":\"https:\\\/\\\/autate.fr\\\/site\\\/wp-content\\\/uploads\\\/2019\\\/06\\\/Capturetemps-1.png\",\"contentUrl\":\"https:\\\/\\\/autate.fr\\\/site\\\/wp-content\\\/uploads\\\/2019\\\/06\\\/Capturetemps-1.png\",\"width\":1127,\"height\":479},{\"@type\":\"BreadcrumbList\",\"@id\":\"https:\\\/\\\/autate.fr\\\/site\\\/reponse-aux-maires-de-louest\\\/#breadcrumb\",\"itemListElement\":[{\"@type\":\"ListItem\",\"position\":1,\"name\":\"Accueil\",\"item\":\"https:\\\/\\\/autate.fr\\\/site\\\/\"},{\"@type\":\"ListItem\",\"position\":2,\"name\":\"R\u00e9ponse aux Maires du Nord-Ouest de l&rsquo;agglom\u00e9ration\"}]},{\"@type\":\"WebSite\",\"@id\":\"https:\\\/\\\/autate.fr\\\/site\\\/#website\",\"url\":\"https:\\\/\\\/autate.fr\\\/site\\\/\",\"name\":\"AUTATE\",\"description\":\"Association des usagers des transports de l&#039;agglom\u00e9ration Toulousaine et de ses environs\",\"publisher\":{\"@id\":\"https:\\\/\\\/autate.fr\\\/site\\\/#organization\"},\"potentialAction\":[{\"@type\":\"SearchAction\",\"target\":{\"@type\":\"EntryPoint\",\"urlTemplate\":\"https:\\\/\\\/autate.fr\\\/site\\\/?s={search_term_string}\"},\"query-input\":{\"@type\":\"PropertyValueSpecification\",\"valueRequired\":true,\"valueName\":\"search_term_string\"}}],\"inLanguage\":\"fr-FR\"},{\"@type\":\"Organization\",\"@id\":\"https:\\\/\\\/autate.fr\\\/site\\\/#organization\",\"name\":\"AUTATE\",\"url\":\"https:\\\/\\\/autate.fr\\\/site\\\/\",\"logo\":{\"@type\":\"ImageObject\",\"inLanguage\":\"fr-FR\",\"@id\":\"https:\\\/\\\/autate.fr\\\/site\\\/#\\\/schema\\\/logo\\\/image\\\/\",\"url\":\"http:\\\/\\\/autate.fr\\\/site\\\/wp-content\\\/uploads\\\/2019\\\/01\\\/logo.png\",\"contentUrl\":\"http:\\\/\\\/autate.fr\\\/site\\\/wp-content\\\/uploads\\\/2019\\\/01\\\/logo.png\",\"width\":506,\"height\":280,\"caption\":\"AUTATE\"},\"image\":{\"@id\":\"https:\\\/\\\/autate.fr\\\/site\\\/#\\\/schema\\\/logo\\\/image\\\/\"},\"sameAs\":[\"https:\\\/\\\/www.facebook.com\\\/AutateToulouse\",\"https:\\\/\\\/x.com\\\/AutateToulouse\"]},{\"@type\":\"Person\",\"@id\":\"https:\\\/\\\/autate.fr\\\/site\\\/#\\\/schema\\\/person\\\/ca1ac9182f29f02489db16f08b0834ff\",\"name\":\"Marie-Pierre Bes\",\"image\":{\"@type\":\"ImageObject\",\"inLanguage\":\"fr-FR\",\"@id\":\"https:\\\/\\\/secure.gravatar.com\\\/avatar\\\/08aa632b25ee7197789b8ec59d6cbcab7d9fc182fc393ccb7ac607ba55766261?s=96&d=mm&r=g\",\"url\":\"https:\\\/\\\/secure.gravatar.com\\\/avatar\\\/08aa632b25ee7197789b8ec59d6cbcab7d9fc182fc393ccb7ac607ba55766261?s=96&d=mm&r=g\",\"contentUrl\":\"https:\\\/\\\/secure.gravatar.com\\\/avatar\\\/08aa632b25ee7197789b8ec59d6cbcab7d9fc182fc393ccb7ac607ba55766261?s=96&d=mm&r=g\",\"caption\":\"Marie-Pierre Bes\"},\"url\":\"https:\\\/\\\/autate.fr\\\/site\\\/author\\\/mariepierre\\\/\"}]}<\/script>\n<!-- \/ Yoast SEO plugin. -->","yoast_head_json":{"title":"R\u00e9ponse aux Maires du Nord-Ouest de l'agglom\u00e9ration - AUTATE","robots":{"index":"index","follow":"follow","max-snippet":"max-snippet:-1","max-image-preview":"max-image-preview:large","max-video-preview":"max-video-preview:-1"},"canonical":"https:\/\/autate.fr\/site\/reponse-aux-maires-de-louest\/","og_locale":"fr_FR","og_type":"article","og_title":"R\u00e9ponse aux Maires du Nord-Ouest de l'agglom\u00e9ration - AUTATE","og_description":"A Monsieur le Maire de Blagnac, &nbsp;Copie \u00e0&nbsp;: Mme Lysiane Maurel maire d&rsquo;Aussonne, M. Patrice Rodrigues maire de Beauzelle, M. Alain Topan maire de Cornebarrieu, M. Michel Simon maire de Gagnac, M. Edmond Desclaux maire de Mondonville, M. Jean-Louis Miegeville maire de Seilh. &nbsp;Monsieur, Madame, Vous avez lanc\u00e9, derni\u00e8rement, avec d\u2019autres maires, une p\u00e9tition \u00ab&nbsp;StopVOIR PLUS","og_url":"https:\/\/autate.fr\/site\/reponse-aux-maires-de-louest\/","og_site_name":"AUTATE","article_publisher":"https:\/\/www.facebook.com\/AutateToulouse","article_published_time":"2019-06-05T21:20:25+00:00","article_modified_time":"2025-11-11T16:46:39+00:00","og_image":[{"width":1127,"height":479,"url":"https:\/\/autate.fr\/site\/wp-content\/uploads\/2019\/06\/Capturetemps-1.png","type":"image\/png"}],"author":"Marie-Pierre Bes","twitter_card":"summary_large_image","twitter_creator":"@AutateToulouse","twitter_site":"@AutateToulouse","twitter_misc":{"\u00c9crit par":"Marie-Pierre Bes","Dur\u00e9e de lecture estim\u00e9e":"3 minutes"},"schema":{"@context":"https:\/\/schema.org","@graph":[{"@type":"Article","@id":"https:\/\/autate.fr\/site\/reponse-aux-maires-de-louest\/#article","isPartOf":{"@id":"https:\/\/autate.fr\/site\/reponse-aux-maires-de-louest\/"},"author":{"name":"Marie-Pierre Bes","@id":"https:\/\/autate.fr\/site\/#\/schema\/person\/ca1ac9182f29f02489db16f08b0834ff"},"headline":"R\u00e9ponse aux Maires du Nord-Ouest de l&rsquo;agglom\u00e9ration","datePublished":"2019-06-05T21:20:25+00:00","dateModified":"2025-11-11T16:46:39+00:00","mainEntityOfPage":{"@id":"https:\/\/autate.fr\/site\/reponse-aux-maires-de-louest\/"},"wordCount":633,"commentCount":0,"publisher":{"@id":"https:\/\/autate.fr\/site\/#organization"},"image":{"@id":"https:\/\/autate.fr\/site\/reponse-aux-maires-de-louest\/#primaryimage"},"thumbnailUrl":"https:\/\/autate.fr\/site\/wp-content\/uploads\/2019\/06\/Capturetemps-1-300x128.png","articleSection":["temps de trajet"],"inLanguage":"fr-FR","potentialAction":[{"@type":"CommentAction","name":"Comment","target":["https:\/\/autate.fr\/site\/reponse-aux-maires-de-louest\/#respond"]}]},{"@type":"WebPage","@id":"https:\/\/autate.fr\/site\/reponse-aux-maires-de-louest\/","url":"https:\/\/autate.fr\/site\/reponse-aux-maires-de-louest\/","name":"R\u00e9ponse aux Maires du Nord-Ouest de l'agglom\u00e9ration - AUTATE","isPartOf":{"@id":"https:\/\/autate.fr\/site\/#website"},"primaryImageOfPage":{"@id":"https:\/\/autate.fr\/site\/reponse-aux-maires-de-louest\/#primaryimage"},"image":{"@id":"https:\/\/autate.fr\/site\/reponse-aux-maires-de-louest\/#primaryimage"},"thumbnailUrl":"https:\/\/autate.fr\/site\/wp-content\/uploads\/2019\/06\/Capturetemps-1-300x128.png","datePublished":"2019-06-05T21:20:25+00:00","dateModified":"2025-11-11T16:46:39+00:00","breadcrumb":{"@id":"https:\/\/autate.fr\/site\/reponse-aux-maires-de-louest\/#breadcrumb"},"inLanguage":"fr-FR","potentialAction":[{"@type":"ReadAction","target":["https:\/\/autate.fr\/site\/reponse-aux-maires-de-louest\/"]}]},{"@type":"ImageObject","inLanguage":"fr-FR","@id":"https:\/\/autate.fr\/site\/reponse-aux-maires-de-louest\/#primaryimage","url":"https:\/\/autate.fr\/site\/wp-content\/uploads\/2019\/06\/Capturetemps-1.png","contentUrl":"https:\/\/autate.fr\/site\/wp-content\/uploads\/2019\/06\/Capturetemps-1.png","width":1127,"height":479},{"@type":"BreadcrumbList","@id":"https:\/\/autate.fr\/site\/reponse-aux-maires-de-louest\/#breadcrumb","itemListElement":[{"@type":"ListItem","position":1,"name":"Accueil","item":"https:\/\/autate.fr\/site\/"},{"@type":"ListItem","position":2,"name":"R\u00e9ponse aux Maires du Nord-Ouest de l&rsquo;agglom\u00e9ration"}]},{"@type":"WebSite","@id":"https:\/\/autate.fr\/site\/#website","url":"https:\/\/autate.fr\/site\/","name":"AUTATE","description":"Association des usagers des transports de l&#039;agglom\u00e9ration Toulousaine et de ses environs","publisher":{"@id":"https:\/\/autate.fr\/site\/#organization"},"potentialAction":[{"@type":"SearchAction","target":{"@type":"EntryPoint","urlTemplate":"https:\/\/autate.fr\/site\/?s={search_term_string}"},"query-input":{"@type":"PropertyValueSpecification","valueRequired":true,"valueName":"search_term_string"}}],"inLanguage":"fr-FR"},{"@type":"Organization","@id":"https:\/\/autate.fr\/site\/#organization","name":"AUTATE","url":"https:\/\/autate.fr\/site\/","logo":{"@type":"ImageObject","inLanguage":"fr-FR","@id":"https:\/\/autate.fr\/site\/#\/schema\/logo\/image\/","url":"http:\/\/autate.fr\/site\/wp-content\/uploads\/2019\/01\/logo.png","contentUrl":"http:\/\/autate.fr\/site\/wp-content\/uploads\/2019\/01\/logo.png","width":506,"height":280,"caption":"AUTATE"},"image":{"@id":"https:\/\/autate.fr\/site\/#\/schema\/logo\/image\/"},"sameAs":["https:\/\/www.facebook.com\/AutateToulouse","https:\/\/x.com\/AutateToulouse"]},{"@type":"Person","@id":"https:\/\/autate.fr\/site\/#\/schema\/person\/ca1ac9182f29f02489db16f08b0834ff","name":"Marie-Pierre Bes","image":{"@type":"ImageObject","inLanguage":"fr-FR","@id":"https:\/\/secure.gravatar.com\/avatar\/08aa632b25ee7197789b8ec59d6cbcab7d9fc182fc393ccb7ac607ba55766261?s=96&d=mm&r=g","url":"https:\/\/secure.gravatar.com\/avatar\/08aa632b25ee7197789b8ec59d6cbcab7d9fc182fc393ccb7ac607ba55766261?s=96&d=mm&r=g","contentUrl":"https:\/\/secure.gravatar.com\/avatar\/08aa632b25ee7197789b8ec59d6cbcab7d9fc182fc393ccb7ac607ba55766261?s=96&d=mm&r=g","caption":"Marie-Pierre Bes"},"url":"https:\/\/autate.fr\/site\/author\/mariepierre\/"}]}},"_links":{"self":[{"href":"https:\/\/autate.fr\/site\/wp-json\/wp\/v2\/posts\/3381","targetHints":{"allow":["GET"]}}],"collection":[{"href":"https:\/\/autate.fr\/site\/wp-json\/wp\/v2\/posts"}],"about":[{"href":"https:\/\/autate.fr\/site\/wp-json\/wp\/v2\/types\/post"}],"author":[{"embeddable":true,"href":"https:\/\/autate.fr\/site\/wp-json\/wp\/v2\/users\/9"}],"replies":[{"embeddable":true,"href":"https:\/\/autate.fr\/site\/wp-json\/wp\/v2\/comments?post=3381"}],"version-history":[{"count":3,"href":"https:\/\/autate.fr\/site\/wp-json\/wp\/v2\/posts\/3381\/revisions"}],"predecessor-version":[{"id":3386,"href":"https:\/\/autate.fr\/site\/wp-json\/wp\/v2\/posts\/3381\/revisions\/3386"}],"wp:attachment":[{"href":"https:\/\/autate.fr\/site\/wp-json\/wp\/v2\/media?parent=3381"}],"wp:term":[{"taxonomy":"category","embeddable":true,"href":"https:\/\/autate.fr\/site\/wp-json\/wp\/v2\/categories?post=3381"},{"taxonomy":"post_tag","embeddable":true,"href":"https:\/\/autate.fr\/site\/wp-json\/wp\/v2\/tags?post=3381"}],"curies":[{"name":"wp","href":"https:\/\/api.w.org\/{rel}","templated":true}]}}