{"id":3347,"date":"2019-05-22T22:28:37","date_gmt":"2019-05-22T20:28:37","guid":{"rendered":"https:\/\/autate.fr\/site\/?p=3347"},"modified":"2025-11-11T17:46:55","modified_gmt":"2025-11-11T16:46:55","slug":"reunion-publique-a-blagnac","status":"publish","type":"post","link":"https:\/\/autate.fr\/site\/reunion-publique-a-blagnac\/","title":{"rendered":"R\u00e9union publique \u00e0 Blagnac"},"content":{"rendered":"\n<p>Pour aborder les probl\u00e8mes de transport en commun (T1, T2, 70, 17, etc.), et vous faire part de nos propositions, une r\u00e9union commune organis\u00e9e par l&rsquo;Association Blagnac A Vire Environnement (ABAVE) <span id=\"OBJ_PREFIX_DWT153_com_zimbra_url\" class=\"Object\"><span id=\"OBJ_PREFIX_DWT154_com_zimbra_url\" class=\"Object\"><a href=\"http:\/\/www.abave.net\/\" target=\"_blank\" rel=\"noopener noreferrer\">http:\/\/www.abave.net\/<\/a><\/span><\/span> et l&rsquo;Association des Usag\u00e8res, usagers des Transports de l&rsquo;Agglom\u00e9ration Toulousaine et de ses Environs (AUTATE)<br \/><br \/>aura lieu \u00e0 Blagnac,<br \/>le <span id=\"OBJ_PREFIX_DWT157_com_zimbra_date\" class=\"Object\"><span id=\"OBJ_PREFIX_DWT158_com_zimbra_date\" class=\"Object\">jeudi 23 mai 2019<\/span><\/span> entre 20h30 et 23h00<br \/>Salle municipale 2 B2<br \/>rue des Myosotis (pr\u00e8s de la patinoire)<br \/>BLAGNAC<\/p>\n<p><a href=\"https:\/\/www.ladepeche.fr\/2019\/05\/22\/reunion-dinformation-sur-les-transports-collectifs,8214175.php\">https:\/\/www.ladepeche.fr\/2019\/05\/22\/reunion-dinformation-sur-les-transports-collectifs,8214175.php<\/a><\/p>\n","protected":false},"excerpt":{"rendered":"<p>Pour aborder les probl\u00e8mes de transport en commun (T1, T2, 70, 17, etc.), et vous faire part de nos propositions, une r\u00e9union commune organis\u00e9e par l&rsquo;Association Blagnac A Vire Environnement (ABAVE) http:\/\/www.abave.net\/ et l&rsquo;Association des Usag\u00e8res, usagers des Transports de l&rsquo;Agglom\u00e9ration Toulousaine et de ses Environs (AUTATE) aura lieu \u00e0 Blagnac,le jeudi 23 mai 2019<\/p>\n<p class=\"more-link\"><a href=\"https:\/\/autate.fr\/site\/reunion-publique-a-blagnac\/\" class=\"themebutton2\">VOIR PLUS<\/a><\/p>\n","protected":false},"author":9,"featured_media":0,"comment_status":"open","ping_status":"open","sticky":false,"template":"","format":"standard","meta":{"footnotes":""},"categories":[4],"tags":[],"class_list":["post-3347","post","type-post","status-publish","format-standard","hentry","category-actualite-association"],"yoast_head":"<!-- This site is optimized with the Yoast SEO plugin v27.4 - https:\/\/yoast.com\/product\/yoast-seo-wordpress\/ -->\n<title>R\u00e9union publique \u00e0 Blagnac - AUTATE<\/title>\n<meta name=\"robots\" content=\"index, follow, max-snippet:-1, max-image-preview:large, max-video-preview:-1\" \/>\n<link rel=\"canonical\" href=\"https:\/\/autate.fr\/site\/reunion-publique-a-blagnac\/\" \/>\n<meta property=\"og:locale\" content=\"fr_FR\" \/>\n<meta property=\"og:type\" content=\"article\" \/>\n<meta property=\"og:title\" content=\"R\u00e9union publique \u00e0 Blagnac - AUTATE\" \/>\n<meta property=\"og:description\" content=\"Pour aborder les probl\u00e8mes de transport en commun (T1, T2, 70, 17, etc.), et vous faire part de nos propositions, une r\u00e9union commune organis\u00e9e par l&rsquo;Association Blagnac A Vire Environnement (ABAVE) http:\/\/www.abave.net\/ et l&rsquo;Association des Usag\u00e8res, usagers des Transports de l&rsquo;Agglom\u00e9ration Toulousaine et de ses Environs (AUTATE) aura lieu \u00e0 Blagnac,le jeudi 23 mai 2019VOIR PLUS\" \/>\n<meta property=\"og:url\" content=\"https:\/\/autate.fr\/site\/reunion-publique-a-blagnac\/\" \/>\n<meta property=\"og:site_name\" content=\"AUTATE\" \/>\n<meta property=\"article:publisher\" content=\"https:\/\/www.facebook.com\/AutateToulouse\" \/>\n<meta property=\"article:published_time\" content=\"2019-05-22T20:28:37+00:00\" \/>\n<meta property=\"article:modified_time\" content=\"2025-11-11T16:46:55+00:00\" \/>\n<meta name=\"author\" content=\"Marie-Pierre Bes\" \/>\n<meta name=\"twitter:card\" content=\"summary_large_image\" \/>\n<meta name=\"twitter:creator\" content=\"@AutateToulouse\" \/>\n<meta name=\"twitter:site\" content=\"@AutateToulouse\" \/>\n<meta name=\"twitter:label1\" content=\"\u00c9crit par\" \/>\n\t<meta name=\"twitter:data1\" content=\"Marie-Pierre Bes\" \/>\n<script type=\"application\/ld+json\" class=\"yoast-schema-graph\">{\"@context\":\"https:\\\/\\\/schema.org\",\"@graph\":[{\"@type\":\"Article\",\"@id\":\"https:\\\/\\\/autate.fr\\\/site\\\/reunion-publique-a-blagnac\\\/#article\",\"isPartOf\":{\"@id\":\"https:\\\/\\\/autate.fr\\\/site\\\/reunion-publique-a-blagnac\\\/\"},\"author\":{\"name\":\"Marie-Pierre Bes\",\"@id\":\"https:\\\/\\\/autate.fr\\\/site\\\/#\\\/schema\\\/person\\\/ca1ac9182f29f02489db16f08b0834ff\"},\"headline\":\"R\u00e9union publique \u00e0 Blagnac\",\"datePublished\":\"2019-05-22T20:28:37+00:00\",\"dateModified\":\"2025-11-11T16:46:55+00:00\",\"mainEntityOfPage\":{\"@id\":\"https:\\\/\\\/autate.fr\\\/site\\\/reunion-publique-a-blagnac\\\/\"},\"wordCount\":85,\"commentCount\":0,\"publisher\":{\"@id\":\"https:\\\/\\\/autate.fr\\\/site\\\/#organization\"},\"articleSection\":[\"Actualit\u00e9s-AUTATE\"],\"inLanguage\":\"fr-FR\",\"potentialAction\":[{\"@type\":\"CommentAction\",\"name\":\"Comment\",\"target\":[\"https:\\\/\\\/autate.fr\\\/site\\\/reunion-publique-a-blagnac\\\/#respond\"]}]},{\"@type\":\"WebPage\",\"@id\":\"https:\\\/\\\/autate.fr\\\/site\\\/reunion-publique-a-blagnac\\\/\",\"url\":\"https:\\\/\\\/autate.fr\\\/site\\\/reunion-publique-a-blagnac\\\/\",\"name\":\"R\u00e9union publique \u00e0 Blagnac - AUTATE\",\"isPartOf\":{\"@id\":\"https:\\\/\\\/autate.fr\\\/site\\\/#website\"},\"datePublished\":\"2019-05-22T20:28:37+00:00\",\"dateModified\":\"2025-11-11T16:46:55+00:00\",\"breadcrumb\":{\"@id\":\"https:\\\/\\\/autate.fr\\\/site\\\/reunion-publique-a-blagnac\\\/#breadcrumb\"},\"inLanguage\":\"fr-FR\",\"potentialAction\":[{\"@type\":\"ReadAction\",\"target\":[\"https:\\\/\\\/autate.fr\\\/site\\\/reunion-publique-a-blagnac\\\/\"]}]},{\"@type\":\"BreadcrumbList\",\"@id\":\"https:\\\/\\\/autate.fr\\\/site\\\/reunion-publique-a-blagnac\\\/#breadcrumb\",\"itemListElement\":[{\"@type\":\"ListItem\",\"position\":1,\"name\":\"Accueil\",\"item\":\"https:\\\/\\\/autate.fr\\\/site\\\/\"},{\"@type\":\"ListItem\",\"position\":2,\"name\":\"R\u00e9union publique \u00e0 Blagnac\"}]},{\"@type\":\"WebSite\",\"@id\":\"https:\\\/\\\/autate.fr\\\/site\\\/#website\",\"url\":\"https:\\\/\\\/autate.fr\\\/site\\\/\",\"name\":\"AUTATE\",\"description\":\"Association des usagers des transports de l&#039;agglom\u00e9ration Toulousaine et de ses environs\",\"publisher\":{\"@id\":\"https:\\\/\\\/autate.fr\\\/site\\\/#organization\"},\"potentialAction\":[{\"@type\":\"SearchAction\",\"target\":{\"@type\":\"EntryPoint\",\"urlTemplate\":\"https:\\\/\\\/autate.fr\\\/site\\\/?s={search_term_string}\"},\"query-input\":{\"@type\":\"PropertyValueSpecification\",\"valueRequired\":true,\"valueName\":\"search_term_string\"}}],\"inLanguage\":\"fr-FR\"},{\"@type\":\"Organization\",\"@id\":\"https:\\\/\\\/autate.fr\\\/site\\\/#organization\",\"name\":\"AUTATE\",\"url\":\"https:\\\/\\\/autate.fr\\\/site\\\/\",\"logo\":{\"@type\":\"ImageObject\",\"inLanguage\":\"fr-FR\",\"@id\":\"https:\\\/\\\/autate.fr\\\/site\\\/#\\\/schema\\\/logo\\\/image\\\/\",\"url\":\"http:\\\/\\\/autate.fr\\\/site\\\/wp-content\\\/uploads\\\/2019\\\/01\\\/logo.png\",\"contentUrl\":\"http:\\\/\\\/autate.fr\\\/site\\\/wp-content\\\/uploads\\\/2019\\\/01\\\/logo.png\",\"width\":506,\"height\":280,\"caption\":\"AUTATE\"},\"image\":{\"@id\":\"https:\\\/\\\/autate.fr\\\/site\\\/#\\\/schema\\\/logo\\\/image\\\/\"},\"sameAs\":[\"https:\\\/\\\/www.facebook.com\\\/AutateToulouse\",\"https:\\\/\\\/x.com\\\/AutateToulouse\"]},{\"@type\":\"Person\",\"@id\":\"https:\\\/\\\/autate.fr\\\/site\\\/#\\\/schema\\\/person\\\/ca1ac9182f29f02489db16f08b0834ff\",\"name\":\"Marie-Pierre Bes\",\"image\":{\"@type\":\"ImageObject\",\"inLanguage\":\"fr-FR\",\"@id\":\"https:\\\/\\\/secure.gravatar.com\\\/avatar\\\/08aa632b25ee7197789b8ec59d6cbcab7d9fc182fc393ccb7ac607ba55766261?s=96&d=mm&r=g\",\"url\":\"https:\\\/\\\/secure.gravatar.com\\\/avatar\\\/08aa632b25ee7197789b8ec59d6cbcab7d9fc182fc393ccb7ac607ba55766261?s=96&d=mm&r=g\",\"contentUrl\":\"https:\\\/\\\/secure.gravatar.com\\\/avatar\\\/08aa632b25ee7197789b8ec59d6cbcab7d9fc182fc393ccb7ac607ba55766261?s=96&d=mm&r=g\",\"caption\":\"Marie-Pierre Bes\"},\"url\":\"https:\\\/\\\/autate.fr\\\/site\\\/author\\\/mariepierre\\\/\"}]}<\/script>\n<!-- \/ Yoast SEO plugin. -->","yoast_head_json":{"title":"R\u00e9union publique \u00e0 Blagnac - AUTATE","robots":{"index":"index","follow":"follow","max-snippet":"max-snippet:-1","max-image-preview":"max-image-preview:large","max-video-preview":"max-video-preview:-1"},"canonical":"https:\/\/autate.fr\/site\/reunion-publique-a-blagnac\/","og_locale":"fr_FR","og_type":"article","og_title":"R\u00e9union publique \u00e0 Blagnac - AUTATE","og_description":"Pour aborder les probl\u00e8mes de transport en commun (T1, T2, 70, 17, etc.), et vous faire part de nos propositions, une r\u00e9union commune organis\u00e9e par l&rsquo;Association Blagnac A Vire Environnement (ABAVE) http:\/\/www.abave.net\/ et l&rsquo;Association des Usag\u00e8res, usagers des Transports de l&rsquo;Agglom\u00e9ration Toulousaine et de ses Environs (AUTATE) aura lieu \u00e0 Blagnac,le jeudi 23 mai 2019VOIR PLUS","og_url":"https:\/\/autate.fr\/site\/reunion-publique-a-blagnac\/","og_site_name":"AUTATE","article_publisher":"https:\/\/www.facebook.com\/AutateToulouse","article_published_time":"2019-05-22T20:28:37+00:00","article_modified_time":"2025-11-11T16:46:55+00:00","author":"Marie-Pierre Bes","twitter_card":"summary_large_image","twitter_creator":"@AutateToulouse","twitter_site":"@AutateToulouse","twitter_misc":{"\u00c9crit par":"Marie-Pierre Bes"},"schema":{"@context":"https:\/\/schema.org","@graph":[{"@type":"Article","@id":"https:\/\/autate.fr\/site\/reunion-publique-a-blagnac\/#article","isPartOf":{"@id":"https:\/\/autate.fr\/site\/reunion-publique-a-blagnac\/"},"author":{"name":"Marie-Pierre Bes","@id":"https:\/\/autate.fr\/site\/#\/schema\/person\/ca1ac9182f29f02489db16f08b0834ff"},"headline":"R\u00e9union publique \u00e0 Blagnac","datePublished":"2019-05-22T20:28:37+00:00","dateModified":"2025-11-11T16:46:55+00:00","mainEntityOfPage":{"@id":"https:\/\/autate.fr\/site\/reunion-publique-a-blagnac\/"},"wordCount":85,"commentCount":0,"publisher":{"@id":"https:\/\/autate.fr\/site\/#organization"},"articleSection":["Actualit\u00e9s-AUTATE"],"inLanguage":"fr-FR","potentialAction":[{"@type":"CommentAction","name":"Comment","target":["https:\/\/autate.fr\/site\/reunion-publique-a-blagnac\/#respond"]}]},{"@type":"WebPage","@id":"https:\/\/autate.fr\/site\/reunion-publique-a-blagnac\/","url":"https:\/\/autate.fr\/site\/reunion-publique-a-blagnac\/","name":"R\u00e9union publique \u00e0 Blagnac - AUTATE","isPartOf":{"@id":"https:\/\/autate.fr\/site\/#website"},"datePublished":"2019-05-22T20:28:37+00:00","dateModified":"2025-11-11T16:46:55+00:00","breadcrumb":{"@id":"https:\/\/autate.fr\/site\/reunion-publique-a-blagnac\/#breadcrumb"},"inLanguage":"fr-FR","potentialAction":[{"@type":"ReadAction","target":["https:\/\/autate.fr\/site\/reunion-publique-a-blagnac\/"]}]},{"@type":"BreadcrumbList","@id":"https:\/\/autate.fr\/site\/reunion-publique-a-blagnac\/#breadcrumb","itemListElement":[{"@type":"ListItem","position":1,"name":"Accueil","item":"https:\/\/autate.fr\/site\/"},{"@type":"ListItem","position":2,"name":"R\u00e9union publique \u00e0 Blagnac"}]},{"@type":"WebSite","@id":"https:\/\/autate.fr\/site\/#website","url":"https:\/\/autate.fr\/site\/","name":"AUTATE","description":"Association des usagers des transports de l&#039;agglom\u00e9ration Toulousaine et de ses environs","publisher":{"@id":"https:\/\/autate.fr\/site\/#organization"},"potentialAction":[{"@type":"SearchAction","target":{"@type":"EntryPoint","urlTemplate":"https:\/\/autate.fr\/site\/?s={search_term_string}"},"query-input":{"@type":"PropertyValueSpecification","valueRequired":true,"valueName":"search_term_string"}}],"inLanguage":"fr-FR"},{"@type":"Organization","@id":"https:\/\/autate.fr\/site\/#organization","name":"AUTATE","url":"https:\/\/autate.fr\/site\/","logo":{"@type":"ImageObject","inLanguage":"fr-FR","@id":"https:\/\/autate.fr\/site\/#\/schema\/logo\/image\/","url":"http:\/\/autate.fr\/site\/wp-content\/uploads\/2019\/01\/logo.png","contentUrl":"http:\/\/autate.fr\/site\/wp-content\/uploads\/2019\/01\/logo.png","width":506,"height":280,"caption":"AUTATE"},"image":{"@id":"https:\/\/autate.fr\/site\/#\/schema\/logo\/image\/"},"sameAs":["https:\/\/www.facebook.com\/AutateToulouse","https:\/\/x.com\/AutateToulouse"]},{"@type":"Person","@id":"https:\/\/autate.fr\/site\/#\/schema\/person\/ca1ac9182f29f02489db16f08b0834ff","name":"Marie-Pierre Bes","image":{"@type":"ImageObject","inLanguage":"fr-FR","@id":"https:\/\/secure.gravatar.com\/avatar\/08aa632b25ee7197789b8ec59d6cbcab7d9fc182fc393ccb7ac607ba55766261?s=96&d=mm&r=g","url":"https:\/\/secure.gravatar.com\/avatar\/08aa632b25ee7197789b8ec59d6cbcab7d9fc182fc393ccb7ac607ba55766261?s=96&d=mm&r=g","contentUrl":"https:\/\/secure.gravatar.com\/avatar\/08aa632b25ee7197789b8ec59d6cbcab7d9fc182fc393ccb7ac607ba55766261?s=96&d=mm&r=g","caption":"Marie-Pierre Bes"},"url":"https:\/\/autate.fr\/site\/author\/mariepierre\/"}]}},"_links":{"self":[{"href":"https:\/\/autate.fr\/site\/wp-json\/wp\/v2\/posts\/3347","targetHints":{"allow":["GET"]}}],"collection":[{"href":"https:\/\/autate.fr\/site\/wp-json\/wp\/v2\/posts"}],"about":[{"href":"https:\/\/autate.fr\/site\/wp-json\/wp\/v2\/types\/post"}],"author":[{"embeddable":true,"href":"https:\/\/autate.fr\/site\/wp-json\/wp\/v2\/users\/9"}],"replies":[{"embeddable":true,"href":"https:\/\/autate.fr\/site\/wp-json\/wp\/v2\/comments?post=3347"}],"version-history":[{"count":2,"href":"https:\/\/autate.fr\/site\/wp-json\/wp\/v2\/posts\/3347\/revisions"}],"predecessor-version":[{"id":3350,"href":"https:\/\/autate.fr\/site\/wp-json\/wp\/v2\/posts\/3347\/revisions\/3350"}],"wp:attachment":[{"href":"https:\/\/autate.fr\/site\/wp-json\/wp\/v2\/media?parent=3347"}],"wp:term":[{"taxonomy":"category","embeddable":true,"href":"https:\/\/autate.fr\/site\/wp-json\/wp\/v2\/categories?post=3347"},{"taxonomy":"post_tag","embeddable":true,"href":"https:\/\/autate.fr\/site\/wp-json\/wp\/v2\/tags?post=3347"}],"curies":[{"name":"wp","href":"https:\/\/api.w.org\/{rel}","templated":true}]}}