{"id":329,"date":"2016-03-05T12:15:09","date_gmt":"2016-03-05T11:15:09","guid":{"rendered":"http:\/\/autate.fr\/site\/?p=329"},"modified":"2016-08-10T18:11:29","modified_gmt":"2016-08-10T16:11:29","slug":"la-depeche-jean-luc-moudenc-en-2024-avec-la-3e-ligne","status":"publish","type":"post","link":"https:\/\/autate.fr\/site\/la-depeche-jean-luc-moudenc-en-2024-avec-la-3e-ligne\/","title":{"rendered":"[La D\u00e9p\u00eache] Jean-Luc Moudenc : \u00abEn 2024 avec la 3e ligne\u00bb"},"content":{"rendered":"<p>Un article paru dans la D\u00e9p\u00eache du midi le 05\/03\/2016<\/p>\n<p><strong>Dans un courrier rendu public qu&rsquo;il adresse au PDG de Sigfox <\/strong>en r\u00e9ponse \u00e0 sa lettre ouverte, le maire de Toulouse et pr\u00e9sident de Toulouse M\u00e9tropole s&rsquo;\u00e9tonne \u00abqu&rsquo;un chef d&rsquo;entreprise de votre dimension puisse se laisser berner par une campagne politicienne de d\u00e9sinformation. La proposition que je fais est bien de desservir le secteur de Lab\u00e8ge-La Cad\u00e8ne en m\u00e9tro par la troisi\u00e8me ligne et de desservir \u00e9galement le segment Ramonville-Buchens-Parc Technologique-INPT par t\u00e9l\u00e9ph\u00e9rique urbain. Cette combinaison offrira un final une desserte bien plus efficace que le seul prolongement de la ligne B, et sur un d\u00e9lai de r\u00e9alisation identique\u00bb. Par ailleurs, Jean-Luc Moudenc indique \u00e0 Ludovic Le Moan que \u00abvotre accusation selon laquelle je cherche \u00e0 freiner le d\u00e9veloppement de Lab\u00e8ge rel\u00e8ve du fantasme. Sinon, pourquoi p\u00e8serais-je tant en faveur d&rsquo;une liaison directe entre ce p\u00f4le \u00e9conomique, la future gare TGV et la zone a\u00e9roportuaire?\u00bb, interroge le pr\u00e9sident de Toulouse M\u00e9tropole en proposant enfin au PDG de Sigfox, s&rsquo;il le souhaite, de prolonger cet \u00e9change par un dialogue franc et direct.<\/p>\n<p><strong>Dans une r\u00e9ponse qu&rsquo;il adresse \u00e0 Georges M\u00e9ric, pr\u00e9sident du Conseil d\u00e9partemental, <\/strong><\/p>\n<p><a href=\"http:\/\/www.ladepeche.fr\/article\/2016\/03\/05\/2297734-jean-luc-moudenc-en-2024-avec-la-3e-ligne.html\" target=\"_blank\">lire la suite<\/a><\/p>\n<p>&nbsp;<\/p>\n","protected":false},"excerpt":{"rendered":"<p>Un article paru dans la D\u00e9p\u00eache du midi le 05\/03\/2016 Dans un courrier rendu public qu&rsquo;il adresse au PDG de Sigfox en r\u00e9ponse \u00e0 sa lettre ouverte, le maire de Toulouse et pr\u00e9sident de Toulouse M\u00e9tropole s&rsquo;\u00e9tonne \u00abqu&rsquo;un chef d&rsquo;entreprise de votre dimension puisse se laisser berner par une campagne politicienne de d\u00e9sinformation. La proposition<\/p>\n<p class=\"more-link\"><a href=\"https:\/\/autate.fr\/site\/la-depeche-jean-luc-moudenc-en-2024-avec-la-3e-ligne\/\" class=\"themebutton2\">VOIR PLUS<\/a><\/p>\n","protected":false},"author":1,"featured_media":0,"comment_status":"open","ping_status":"open","sticky":false,"template":"","format":"standard","meta":{"footnotes":""},"categories":[7],"tags":[153,83,18,20,12,17],"class_list":["post-329","post","type-post","status-publish","format-standard","hentry","category-revue-de-presse","tag-jl-moudenc","tag-le-moan","tag-ligne-b","tag-meric","tag-metro","tag-plb"],"yoast_head":"<!-- This site is optimized with the Yoast SEO plugin v27.4 - https:\/\/yoast.com\/product\/yoast-seo-wordpress\/ -->\n<title>[La D\u00e9p\u00eache] Jean-Luc Moudenc : \u00abEn 2024 avec la 3e ligne\u00bb - AUTATE<\/title>\n<meta name=\"robots\" content=\"index, follow, max-snippet:-1, max-image-preview:large, max-video-preview:-1\" \/>\n<link rel=\"canonical\" href=\"https:\/\/autate.fr\/site\/la-depeche-jean-luc-moudenc-en-2024-avec-la-3e-ligne\/\" \/>\n<meta property=\"og:locale\" content=\"fr_FR\" \/>\n<meta property=\"og:type\" content=\"article\" \/>\n<meta property=\"og:title\" content=\"[La D\u00e9p\u00eache] Jean-Luc Moudenc : \u00abEn 2024 avec la 3e ligne\u00bb - AUTATE\" \/>\n<meta property=\"og:description\" content=\"Un article paru dans la D\u00e9p\u00eache du midi le 05\/03\/2016 Dans un courrier rendu public qu&rsquo;il adresse au PDG de Sigfox en r\u00e9ponse \u00e0 sa lettre ouverte, le maire de Toulouse et pr\u00e9sident de Toulouse M\u00e9tropole s&rsquo;\u00e9tonne \u00abqu&rsquo;un chef d&rsquo;entreprise de votre dimension puisse se laisser berner par une campagne politicienne de d\u00e9sinformation. La propositionVOIR PLUS\" \/>\n<meta property=\"og:url\" content=\"https:\/\/autate.fr\/site\/la-depeche-jean-luc-moudenc-en-2024-avec-la-3e-ligne\/\" \/>\n<meta property=\"og:site_name\" content=\"AUTATE\" \/>\n<meta property=\"article:publisher\" content=\"https:\/\/www.facebook.com\/AutateToulouse\" \/>\n<meta property=\"article:published_time\" content=\"2016-03-05T11:15:09+00:00\" \/>\n<meta property=\"article:modified_time\" content=\"2016-08-10T16:11:29+00:00\" \/>\n<meta name=\"author\" content=\"pascalbarbier\" \/>\n<meta name=\"twitter:card\" content=\"summary_large_image\" \/>\n<meta name=\"twitter:creator\" content=\"@AutateToulouse\" \/>\n<meta name=\"twitter:site\" content=\"@AutateToulouse\" \/>\n<meta name=\"twitter:label1\" content=\"\u00c9crit par\" \/>\n\t<meta name=\"twitter:data1\" content=\"pascalbarbier\" \/>\n\t<meta name=\"twitter:label2\" content=\"Dur\u00e9e de lecture estim\u00e9e\" \/>\n\t<meta name=\"twitter:data2\" content=\"1 minute\" \/>\n<script type=\"application\/ld+json\" class=\"yoast-schema-graph\">{\"@context\":\"https:\\\/\\\/schema.org\",\"@graph\":[{\"@type\":\"Article\",\"@id\":\"https:\\\/\\\/autate.fr\\\/site\\\/la-depeche-jean-luc-moudenc-en-2024-avec-la-3e-ligne\\\/#article\",\"isPartOf\":{\"@id\":\"https:\\\/\\\/autate.fr\\\/site\\\/la-depeche-jean-luc-moudenc-en-2024-avec-la-3e-ligne\\\/\"},\"author\":{\"name\":\"pascalbarbier\",\"@id\":\"https:\\\/\\\/autate.fr\\\/site\\\/#\\\/schema\\\/person\\\/ae1ab8bdaa7b41d2a9b52d2557ce8254\"},\"headline\":\"[La D\u00e9p\u00eache] Jean-Luc Moudenc : \u00abEn 2024 avec la 3e ligne\u00bb\",\"datePublished\":\"2016-03-05T11:15:09+00:00\",\"dateModified\":\"2016-08-10T16:11:29+00:00\",\"mainEntityOfPage\":{\"@id\":\"https:\\\/\\\/autate.fr\\\/site\\\/la-depeche-jean-luc-moudenc-en-2024-avec-la-3e-ligne\\\/\"},\"wordCount\":231,\"commentCount\":0,\"publisher\":{\"@id\":\"https:\\\/\\\/autate.fr\\\/site\\\/#organization\"},\"keywords\":[\"JL.Moudenc\",\"le moan\",\"ligne B\",\"M\u00e9ric\",\"m\u00e9tro\",\"PLB\"],\"articleSection\":[\"Revue de presse\"],\"inLanguage\":\"fr-FR\",\"potentialAction\":[{\"@type\":\"CommentAction\",\"name\":\"Comment\",\"target\":[\"https:\\\/\\\/autate.fr\\\/site\\\/la-depeche-jean-luc-moudenc-en-2024-avec-la-3e-ligne\\\/#respond\"]}]},{\"@type\":\"WebPage\",\"@id\":\"https:\\\/\\\/autate.fr\\\/site\\\/la-depeche-jean-luc-moudenc-en-2024-avec-la-3e-ligne\\\/\",\"url\":\"https:\\\/\\\/autate.fr\\\/site\\\/la-depeche-jean-luc-moudenc-en-2024-avec-la-3e-ligne\\\/\",\"name\":\"[La D\u00e9p\u00eache] Jean-Luc Moudenc : \u00abEn 2024 avec la 3e ligne\u00bb - AUTATE\",\"isPartOf\":{\"@id\":\"https:\\\/\\\/autate.fr\\\/site\\\/#website\"},\"datePublished\":\"2016-03-05T11:15:09+00:00\",\"dateModified\":\"2016-08-10T16:11:29+00:00\",\"breadcrumb\":{\"@id\":\"https:\\\/\\\/autate.fr\\\/site\\\/la-depeche-jean-luc-moudenc-en-2024-avec-la-3e-ligne\\\/#breadcrumb\"},\"inLanguage\":\"fr-FR\",\"potentialAction\":[{\"@type\":\"ReadAction\",\"target\":[\"https:\\\/\\\/autate.fr\\\/site\\\/la-depeche-jean-luc-moudenc-en-2024-avec-la-3e-ligne\\\/\"]}]},{\"@type\":\"BreadcrumbList\",\"@id\":\"https:\\\/\\\/autate.fr\\\/site\\\/la-depeche-jean-luc-moudenc-en-2024-avec-la-3e-ligne\\\/#breadcrumb\",\"itemListElement\":[{\"@type\":\"ListItem\",\"position\":1,\"name\":\"Accueil\",\"item\":\"https:\\\/\\\/autate.fr\\\/site\\\/\"},{\"@type\":\"ListItem\",\"position\":2,\"name\":\"[La D\u00e9p\u00eache] Jean-Luc Moudenc : \u00abEn 2024 avec la 3e ligne\u00bb\"}]},{\"@type\":\"WebSite\",\"@id\":\"https:\\\/\\\/autate.fr\\\/site\\\/#website\",\"url\":\"https:\\\/\\\/autate.fr\\\/site\\\/\",\"name\":\"AUTATE\",\"description\":\"Association des usagers des transports de l&#039;agglom\u00e9ration Toulousaine et de ses environs\",\"publisher\":{\"@id\":\"https:\\\/\\\/autate.fr\\\/site\\\/#organization\"},\"potentialAction\":[{\"@type\":\"SearchAction\",\"target\":{\"@type\":\"EntryPoint\",\"urlTemplate\":\"https:\\\/\\\/autate.fr\\\/site\\\/?s={search_term_string}\"},\"query-input\":{\"@type\":\"PropertyValueSpecification\",\"valueRequired\":true,\"valueName\":\"search_term_string\"}}],\"inLanguage\":\"fr-FR\"},{\"@type\":\"Organization\",\"@id\":\"https:\\\/\\\/autate.fr\\\/site\\\/#organization\",\"name\":\"AUTATE\",\"url\":\"https:\\\/\\\/autate.fr\\\/site\\\/\",\"logo\":{\"@type\":\"ImageObject\",\"inLanguage\":\"fr-FR\",\"@id\":\"https:\\\/\\\/autate.fr\\\/site\\\/#\\\/schema\\\/logo\\\/image\\\/\",\"url\":\"http:\\\/\\\/autate.fr\\\/site\\\/wp-content\\\/uploads\\\/2019\\\/01\\\/logo.png\",\"contentUrl\":\"http:\\\/\\\/autate.fr\\\/site\\\/wp-content\\\/uploads\\\/2019\\\/01\\\/logo.png\",\"width\":506,\"height\":280,\"caption\":\"AUTATE\"},\"image\":{\"@id\":\"https:\\\/\\\/autate.fr\\\/site\\\/#\\\/schema\\\/logo\\\/image\\\/\"},\"sameAs\":[\"https:\\\/\\\/www.facebook.com\\\/AutateToulouse\",\"https:\\\/\\\/x.com\\\/AutateToulouse\"]},{\"@type\":\"Person\",\"@id\":\"https:\\\/\\\/autate.fr\\\/site\\\/#\\\/schema\\\/person\\\/ae1ab8bdaa7b41d2a9b52d2557ce8254\",\"name\":\"pascalbarbier\",\"image\":{\"@type\":\"ImageObject\",\"inLanguage\":\"fr-FR\",\"@id\":\"https:\\\/\\\/secure.gravatar.com\\\/avatar\\\/03f4e8ced09894b72c67e83142540730d4b3bbf619bf46341b0074e3bf5f08a0?s=96&d=mm&r=g\",\"url\":\"https:\\\/\\\/secure.gravatar.com\\\/avatar\\\/03f4e8ced09894b72c67e83142540730d4b3bbf619bf46341b0074e3bf5f08a0?s=96&d=mm&r=g\",\"contentUrl\":\"https:\\\/\\\/secure.gravatar.com\\\/avatar\\\/03f4e8ced09894b72c67e83142540730d4b3bbf619bf46341b0074e3bf5f08a0?s=96&d=mm&r=g\",\"caption\":\"pascalbarbier\"},\"url\":\"https:\\\/\\\/autate.fr\\\/site\\\/author\\\/pascalbarbier\\\/\"}]}<\/script>\n<!-- \/ Yoast SEO plugin. -->","yoast_head_json":{"title":"[La D\u00e9p\u00eache] Jean-Luc Moudenc : \u00abEn 2024 avec la 3e ligne\u00bb - AUTATE","robots":{"index":"index","follow":"follow","max-snippet":"max-snippet:-1","max-image-preview":"max-image-preview:large","max-video-preview":"max-video-preview:-1"},"canonical":"https:\/\/autate.fr\/site\/la-depeche-jean-luc-moudenc-en-2024-avec-la-3e-ligne\/","og_locale":"fr_FR","og_type":"article","og_title":"[La D\u00e9p\u00eache] Jean-Luc Moudenc : \u00abEn 2024 avec la 3e ligne\u00bb - AUTATE","og_description":"Un article paru dans la D\u00e9p\u00eache du midi le 05\/03\/2016 Dans un courrier rendu public qu&rsquo;il adresse au PDG de Sigfox en r\u00e9ponse \u00e0 sa lettre ouverte, le maire de Toulouse et pr\u00e9sident de Toulouse M\u00e9tropole s&rsquo;\u00e9tonne \u00abqu&rsquo;un chef d&rsquo;entreprise de votre dimension puisse se laisser berner par une campagne politicienne de d\u00e9sinformation. La propositionVOIR PLUS","og_url":"https:\/\/autate.fr\/site\/la-depeche-jean-luc-moudenc-en-2024-avec-la-3e-ligne\/","og_site_name":"AUTATE","article_publisher":"https:\/\/www.facebook.com\/AutateToulouse","article_published_time":"2016-03-05T11:15:09+00:00","article_modified_time":"2016-08-10T16:11:29+00:00","author":"pascalbarbier","twitter_card":"summary_large_image","twitter_creator":"@AutateToulouse","twitter_site":"@AutateToulouse","twitter_misc":{"\u00c9crit par":"pascalbarbier","Dur\u00e9e de lecture estim\u00e9e":"1 minute"},"schema":{"@context":"https:\/\/schema.org","@graph":[{"@type":"Article","@id":"https:\/\/autate.fr\/site\/la-depeche-jean-luc-moudenc-en-2024-avec-la-3e-ligne\/#article","isPartOf":{"@id":"https:\/\/autate.fr\/site\/la-depeche-jean-luc-moudenc-en-2024-avec-la-3e-ligne\/"},"author":{"name":"pascalbarbier","@id":"https:\/\/autate.fr\/site\/#\/schema\/person\/ae1ab8bdaa7b41d2a9b52d2557ce8254"},"headline":"[La D\u00e9p\u00eache] Jean-Luc Moudenc : \u00abEn 2024 avec la 3e ligne\u00bb","datePublished":"2016-03-05T11:15:09+00:00","dateModified":"2016-08-10T16:11:29+00:00","mainEntityOfPage":{"@id":"https:\/\/autate.fr\/site\/la-depeche-jean-luc-moudenc-en-2024-avec-la-3e-ligne\/"},"wordCount":231,"commentCount":0,"publisher":{"@id":"https:\/\/autate.fr\/site\/#organization"},"keywords":["JL.Moudenc","le moan","ligne B","M\u00e9ric","m\u00e9tro","PLB"],"articleSection":["Revue de presse"],"inLanguage":"fr-FR","potentialAction":[{"@type":"CommentAction","name":"Comment","target":["https:\/\/autate.fr\/site\/la-depeche-jean-luc-moudenc-en-2024-avec-la-3e-ligne\/#respond"]}]},{"@type":"WebPage","@id":"https:\/\/autate.fr\/site\/la-depeche-jean-luc-moudenc-en-2024-avec-la-3e-ligne\/","url":"https:\/\/autate.fr\/site\/la-depeche-jean-luc-moudenc-en-2024-avec-la-3e-ligne\/","name":"[La D\u00e9p\u00eache] Jean-Luc Moudenc : \u00abEn 2024 avec la 3e ligne\u00bb - AUTATE","isPartOf":{"@id":"https:\/\/autate.fr\/site\/#website"},"datePublished":"2016-03-05T11:15:09+00:00","dateModified":"2016-08-10T16:11:29+00:00","breadcrumb":{"@id":"https:\/\/autate.fr\/site\/la-depeche-jean-luc-moudenc-en-2024-avec-la-3e-ligne\/#breadcrumb"},"inLanguage":"fr-FR","potentialAction":[{"@type":"ReadAction","target":["https:\/\/autate.fr\/site\/la-depeche-jean-luc-moudenc-en-2024-avec-la-3e-ligne\/"]}]},{"@type":"BreadcrumbList","@id":"https:\/\/autate.fr\/site\/la-depeche-jean-luc-moudenc-en-2024-avec-la-3e-ligne\/#breadcrumb","itemListElement":[{"@type":"ListItem","position":1,"name":"Accueil","item":"https:\/\/autate.fr\/site\/"},{"@type":"ListItem","position":2,"name":"[La D\u00e9p\u00eache] Jean-Luc Moudenc : \u00abEn 2024 avec la 3e ligne\u00bb"}]},{"@type":"WebSite","@id":"https:\/\/autate.fr\/site\/#website","url":"https:\/\/autate.fr\/site\/","name":"AUTATE","description":"Association des usagers des transports de l&#039;agglom\u00e9ration Toulousaine et de ses environs","publisher":{"@id":"https:\/\/autate.fr\/site\/#organization"},"potentialAction":[{"@type":"SearchAction","target":{"@type":"EntryPoint","urlTemplate":"https:\/\/autate.fr\/site\/?s={search_term_string}"},"query-input":{"@type":"PropertyValueSpecification","valueRequired":true,"valueName":"search_term_string"}}],"inLanguage":"fr-FR"},{"@type":"Organization","@id":"https:\/\/autate.fr\/site\/#organization","name":"AUTATE","url":"https:\/\/autate.fr\/site\/","logo":{"@type":"ImageObject","inLanguage":"fr-FR","@id":"https:\/\/autate.fr\/site\/#\/schema\/logo\/image\/","url":"http:\/\/autate.fr\/site\/wp-content\/uploads\/2019\/01\/logo.png","contentUrl":"http:\/\/autate.fr\/site\/wp-content\/uploads\/2019\/01\/logo.png","width":506,"height":280,"caption":"AUTATE"},"image":{"@id":"https:\/\/autate.fr\/site\/#\/schema\/logo\/image\/"},"sameAs":["https:\/\/www.facebook.com\/AutateToulouse","https:\/\/x.com\/AutateToulouse"]},{"@type":"Person","@id":"https:\/\/autate.fr\/site\/#\/schema\/person\/ae1ab8bdaa7b41d2a9b52d2557ce8254","name":"pascalbarbier","image":{"@type":"ImageObject","inLanguage":"fr-FR","@id":"https:\/\/secure.gravatar.com\/avatar\/03f4e8ced09894b72c67e83142540730d4b3bbf619bf46341b0074e3bf5f08a0?s=96&d=mm&r=g","url":"https:\/\/secure.gravatar.com\/avatar\/03f4e8ced09894b72c67e83142540730d4b3bbf619bf46341b0074e3bf5f08a0?s=96&d=mm&r=g","contentUrl":"https:\/\/secure.gravatar.com\/avatar\/03f4e8ced09894b72c67e83142540730d4b3bbf619bf46341b0074e3bf5f08a0?s=96&d=mm&r=g","caption":"pascalbarbier"},"url":"https:\/\/autate.fr\/site\/author\/pascalbarbier\/"}]}},"_links":{"self":[{"href":"https:\/\/autate.fr\/site\/wp-json\/wp\/v2\/posts\/329","targetHints":{"allow":["GET"]}}],"collection":[{"href":"https:\/\/autate.fr\/site\/wp-json\/wp\/v2\/posts"}],"about":[{"href":"https:\/\/autate.fr\/site\/wp-json\/wp\/v2\/types\/post"}],"author":[{"embeddable":true,"href":"https:\/\/autate.fr\/site\/wp-json\/wp\/v2\/users\/1"}],"replies":[{"embeddable":true,"href":"https:\/\/autate.fr\/site\/wp-json\/wp\/v2\/comments?post=329"}],"version-history":[{"count":2,"href":"https:\/\/autate.fr\/site\/wp-json\/wp\/v2\/posts\/329\/revisions"}],"predecessor-version":[{"id":331,"href":"https:\/\/autate.fr\/site\/wp-json\/wp\/v2\/posts\/329\/revisions\/331"}],"wp:attachment":[{"href":"https:\/\/autate.fr\/site\/wp-json\/wp\/v2\/media?parent=329"}],"wp:term":[{"taxonomy":"category","embeddable":true,"href":"https:\/\/autate.fr\/site\/wp-json\/wp\/v2\/categories?post=329"},{"taxonomy":"post_tag","embeddable":true,"href":"https:\/\/autate.fr\/site\/wp-json\/wp\/v2\/tags?post=329"}],"curies":[{"name":"wp","href":"https:\/\/api.w.org\/{rel}","templated":true}]}}