{"id":3270,"date":"2019-04-14T22:21:36","date_gmt":"2019-04-14T20:21:36","guid":{"rendered":"https:\/\/autate.fr\/site\/?p=3270"},"modified":"2025-11-11T17:47:31","modified_gmt":"2025-11-11T16:47:31","slug":"faiblesse-des-transports-en-commun-a-partir-de-tournefeuille","status":"publish","type":"post","link":"https:\/\/autate.fr\/site\/faiblesse-des-transports-en-commun-a-partir-de-tournefeuille\/","title":{"rendered":"Faiblesse des transports en commun \u00e0 partir de Tournefeuille"},"content":{"rendered":"\n<p>T\u00e9moigange d&rsquo;un  habitant de Tournefeuille:<\/p>\n\n\n\n<p>Habitant rue du Cours d&rsquo;Eau \u00e0 Tournefeuille (trop loin du L3), les probl\u00e8mes de transport en commun sont:<\/p>\n\n\n\n<p>&#8211; Faible fr\u00e9quence m\u00eame en heure de pointe pour ma fille qui\nse rend au Coll\u00e8ge Labitrie, avec le bus 48. Si elle le rate au retour elle\nd\u00e9cale de 20 min ou&nbsp;+.<\/p>\n\n\n\n<p>&#8211; Pour ma part, aller \u00e0 la m\u00e9t\u00e9opole en transport en commun\nest beaucoup plus long qu&rsquo;en voiture (12-25min). Il faut prendre le bus 48\n(faible fr\u00e9quence) et descendre \u00e0 la Moun\u00e8de puis marcher 15 min pour arriver\nau cerfacs dans l&rsquo;enceinte de la m\u00e9t\u00e9opole. Temps total sans compter le temps\nd&rsquo;attente: 30 min. Sinon le v\u00e9lo 20-25 min mais en passant pr\u00e8s des gens du\nvoyage et les risques avec les chiens, ou passer par Ramelet-Moundi mais pas de\nvoie cyclable correcte et voitures gar\u00e9es sur la piste, et traverse difficile\ndu rond-point (celui \u00e0 l&rsquo;ouest du viaduc de la rocade arc-en-ciel).<\/p>\n\n\n\n<p><\/p>\n\n\n\n<p>&#8211; Pour aller \u00e0 l&rsquo;a\u00e9roport, 15-20 min en voiture, mais 1h-1h15 en transport en commun, avec 2 ou 3 correspondances et faible fr\u00e9quence du 48. <\/p>\n\n\n\n<p>&#8211; Pour aller diner en ville, pas de d\u00e9part de bus 48 apr\u00e8s 21h de Basso Cambo, et pareil avec les bus qui passent au P+R Tucaut, <\/p>\n","protected":false},"excerpt":{"rendered":"<p>T\u00e9moigange d&rsquo;un habitant de Tournefeuille: Habitant rue du Cours d&rsquo;Eau \u00e0 Tournefeuille (trop loin du L3), les probl\u00e8mes de transport en commun sont: &#8211; Faible fr\u00e9quence m\u00eame en heure de pointe pour ma fille qui se rend au Coll\u00e8ge Labitrie, avec le bus 48. Si elle le rate au retour elle d\u00e9cale de 20 min<\/p>\n<p class=\"more-link\"><a href=\"https:\/\/autate.fr\/site\/faiblesse-des-transports-en-commun-a-partir-de-tournefeuille\/\" class=\"themebutton2\">VOIR PLUS<\/a><\/p>\n","protected":false},"author":10,"featured_media":0,"comment_status":"open","ping_status":"open","sticky":false,"template":"","format":"standard","meta":{"footnotes":""},"categories":[500,336,504],"tags":[],"class_list":["post-3270","post","type-post","status-publish","format-standard","hentry","category-bus-tisseo","category-temoignages","category-temps-de-trajet"],"yoast_head":"<!-- This site is optimized with the Yoast SEO plugin v27.4 - https:\/\/yoast.com\/product\/yoast-seo-wordpress\/ -->\n<title>Faiblesse des transports en commun \u00e0 partir de Tournefeuille - AUTATE<\/title>\n<meta name=\"robots\" content=\"index, follow, max-snippet:-1, max-image-preview:large, max-video-preview:-1\" \/>\n<link rel=\"canonical\" href=\"https:\/\/autate.fr\/site\/faiblesse-des-transports-en-commun-a-partir-de-tournefeuille\/\" \/>\n<meta property=\"og:locale\" content=\"fr_FR\" \/>\n<meta property=\"og:type\" content=\"article\" \/>\n<meta property=\"og:title\" content=\"Faiblesse des transports en commun \u00e0 partir de Tournefeuille - AUTATE\" \/>\n<meta property=\"og:description\" content=\"T\u00e9moigange d&rsquo;un habitant de Tournefeuille: Habitant rue du Cours d&rsquo;Eau \u00e0 Tournefeuille (trop loin du L3), les probl\u00e8mes de transport en commun sont: &#8211; Faible fr\u00e9quence m\u00eame en heure de pointe pour ma fille qui se rend au Coll\u00e8ge Labitrie, avec le bus 48. Si elle le rate au retour elle d\u00e9cale de 20 minVOIR PLUS\" \/>\n<meta property=\"og:url\" content=\"https:\/\/autate.fr\/site\/faiblesse-des-transports-en-commun-a-partir-de-tournefeuille\/\" \/>\n<meta property=\"og:site_name\" content=\"AUTATE\" \/>\n<meta property=\"article:publisher\" content=\"https:\/\/www.facebook.com\/AutateToulouse\" \/>\n<meta property=\"article:published_time\" content=\"2019-04-14T20:21:36+00:00\" \/>\n<meta property=\"article:modified_time\" content=\"2025-11-11T16:47:31+00:00\" \/>\n<meta name=\"author\" content=\"Agn\u00e8s D\u00e9fosse\" \/>\n<meta name=\"twitter:card\" content=\"summary_large_image\" \/>\n<meta name=\"twitter:creator\" content=\"@AutateToulouse\" \/>\n<meta name=\"twitter:site\" content=\"@AutateToulouse\" \/>\n<meta name=\"twitter:label1\" content=\"\u00c9crit par\" \/>\n\t<meta name=\"twitter:data1\" content=\"Agn\u00e8s D\u00e9fosse\" \/>\n\t<meta name=\"twitter:label2\" content=\"Dur\u00e9e de lecture estim\u00e9e\" \/>\n\t<meta name=\"twitter:data2\" content=\"1 minute\" \/>\n<script type=\"application\/ld+json\" class=\"yoast-schema-graph\">{\"@context\":\"https:\\\/\\\/schema.org\",\"@graph\":[{\"@type\":\"Article\",\"@id\":\"https:\\\/\\\/autate.fr\\\/site\\\/faiblesse-des-transports-en-commun-a-partir-de-tournefeuille\\\/#article\",\"isPartOf\":{\"@id\":\"https:\\\/\\\/autate.fr\\\/site\\\/faiblesse-des-transports-en-commun-a-partir-de-tournefeuille\\\/\"},\"author\":{\"name\":\"Agn\u00e8s D\u00e9fosse\",\"@id\":\"https:\\\/\\\/autate.fr\\\/site\\\/#\\\/schema\\\/person\\\/5dd2db09ec53d78638dc66bb99c1a96b\"},\"headline\":\"Faiblesse des transports en commun \u00e0 partir de Tournefeuille\",\"datePublished\":\"2019-04-14T20:21:36+00:00\",\"dateModified\":\"2025-11-11T16:47:31+00:00\",\"mainEntityOfPage\":{\"@id\":\"https:\\\/\\\/autate.fr\\\/site\\\/faiblesse-des-transports-en-commun-a-partir-de-tournefeuille\\\/\"},\"wordCount\":228,\"commentCount\":0,\"publisher\":{\"@id\":\"https:\\\/\\\/autate.fr\\\/site\\\/#organization\"},\"articleSection\":[\"Bus Tisseo\",\"T\u00e9moignages\",\"temps de trajet\"],\"inLanguage\":\"fr-FR\",\"potentialAction\":[{\"@type\":\"CommentAction\",\"name\":\"Comment\",\"target\":[\"https:\\\/\\\/autate.fr\\\/site\\\/faiblesse-des-transports-en-commun-a-partir-de-tournefeuille\\\/#respond\"]}]},{\"@type\":\"WebPage\",\"@id\":\"https:\\\/\\\/autate.fr\\\/site\\\/faiblesse-des-transports-en-commun-a-partir-de-tournefeuille\\\/\",\"url\":\"https:\\\/\\\/autate.fr\\\/site\\\/faiblesse-des-transports-en-commun-a-partir-de-tournefeuille\\\/\",\"name\":\"Faiblesse des transports en commun \u00e0 partir de Tournefeuille - AUTATE\",\"isPartOf\":{\"@id\":\"https:\\\/\\\/autate.fr\\\/site\\\/#website\"},\"datePublished\":\"2019-04-14T20:21:36+00:00\",\"dateModified\":\"2025-11-11T16:47:31+00:00\",\"breadcrumb\":{\"@id\":\"https:\\\/\\\/autate.fr\\\/site\\\/faiblesse-des-transports-en-commun-a-partir-de-tournefeuille\\\/#breadcrumb\"},\"inLanguage\":\"fr-FR\",\"potentialAction\":[{\"@type\":\"ReadAction\",\"target\":[\"https:\\\/\\\/autate.fr\\\/site\\\/faiblesse-des-transports-en-commun-a-partir-de-tournefeuille\\\/\"]}]},{\"@type\":\"BreadcrumbList\",\"@id\":\"https:\\\/\\\/autate.fr\\\/site\\\/faiblesse-des-transports-en-commun-a-partir-de-tournefeuille\\\/#breadcrumb\",\"itemListElement\":[{\"@type\":\"ListItem\",\"position\":1,\"name\":\"Accueil\",\"item\":\"https:\\\/\\\/autate.fr\\\/site\\\/\"},{\"@type\":\"ListItem\",\"position\":2,\"name\":\"Faiblesse des transports en commun \u00e0 partir de Tournefeuille\"}]},{\"@type\":\"WebSite\",\"@id\":\"https:\\\/\\\/autate.fr\\\/site\\\/#website\",\"url\":\"https:\\\/\\\/autate.fr\\\/site\\\/\",\"name\":\"AUTATE\",\"description\":\"Association des usagers des transports de l&#039;agglom\u00e9ration Toulousaine et de ses environs\",\"publisher\":{\"@id\":\"https:\\\/\\\/autate.fr\\\/site\\\/#organization\"},\"potentialAction\":[{\"@type\":\"SearchAction\",\"target\":{\"@type\":\"EntryPoint\",\"urlTemplate\":\"https:\\\/\\\/autate.fr\\\/site\\\/?s={search_term_string}\"},\"query-input\":{\"@type\":\"PropertyValueSpecification\",\"valueRequired\":true,\"valueName\":\"search_term_string\"}}],\"inLanguage\":\"fr-FR\"},{\"@type\":\"Organization\",\"@id\":\"https:\\\/\\\/autate.fr\\\/site\\\/#organization\",\"name\":\"AUTATE\",\"url\":\"https:\\\/\\\/autate.fr\\\/site\\\/\",\"logo\":{\"@type\":\"ImageObject\",\"inLanguage\":\"fr-FR\",\"@id\":\"https:\\\/\\\/autate.fr\\\/site\\\/#\\\/schema\\\/logo\\\/image\\\/\",\"url\":\"http:\\\/\\\/autate.fr\\\/site\\\/wp-content\\\/uploads\\\/2019\\\/01\\\/logo.png\",\"contentUrl\":\"http:\\\/\\\/autate.fr\\\/site\\\/wp-content\\\/uploads\\\/2019\\\/01\\\/logo.png\",\"width\":506,\"height\":280,\"caption\":\"AUTATE\"},\"image\":{\"@id\":\"https:\\\/\\\/autate.fr\\\/site\\\/#\\\/schema\\\/logo\\\/image\\\/\"},\"sameAs\":[\"https:\\\/\\\/www.facebook.com\\\/AutateToulouse\",\"https:\\\/\\\/x.com\\\/AutateToulouse\"]},{\"@type\":\"Person\",\"@id\":\"https:\\\/\\\/autate.fr\\\/site\\\/#\\\/schema\\\/person\\\/5dd2db09ec53d78638dc66bb99c1a96b\",\"name\":\"Agn\u00e8s D\u00e9fosse\",\"image\":{\"@type\":\"ImageObject\",\"inLanguage\":\"fr-FR\",\"@id\":\"https:\\\/\\\/secure.gravatar.com\\\/avatar\\\/95c9cd4b94e5a0c0ea8b60b9bdbb3225980cf1f6d229a870c299992be19d6804?s=96&d=mm&r=g\",\"url\":\"https:\\\/\\\/secure.gravatar.com\\\/avatar\\\/95c9cd4b94e5a0c0ea8b60b9bdbb3225980cf1f6d229a870c299992be19d6804?s=96&d=mm&r=g\",\"contentUrl\":\"https:\\\/\\\/secure.gravatar.com\\\/avatar\\\/95c9cd4b94e5a0c0ea8b60b9bdbb3225980cf1f6d229a870c299992be19d6804?s=96&d=mm&r=g\",\"caption\":\"Agn\u00e8s D\u00e9fosse\"},\"url\":\"https:\\\/\\\/autate.fr\\\/site\\\/author\\\/agnesdefosse\\\/\"}]}<\/script>\n<!-- \/ Yoast SEO plugin. -->","yoast_head_json":{"title":"Faiblesse des transports en commun \u00e0 partir de Tournefeuille - AUTATE","robots":{"index":"index","follow":"follow","max-snippet":"max-snippet:-1","max-image-preview":"max-image-preview:large","max-video-preview":"max-video-preview:-1"},"canonical":"https:\/\/autate.fr\/site\/faiblesse-des-transports-en-commun-a-partir-de-tournefeuille\/","og_locale":"fr_FR","og_type":"article","og_title":"Faiblesse des transports en commun \u00e0 partir de Tournefeuille - AUTATE","og_description":"T\u00e9moigange d&rsquo;un habitant de Tournefeuille: Habitant rue du Cours d&rsquo;Eau \u00e0 Tournefeuille (trop loin du L3), les probl\u00e8mes de transport en commun sont: &#8211; Faible fr\u00e9quence m\u00eame en heure de pointe pour ma fille qui se rend au Coll\u00e8ge Labitrie, avec le bus 48. Si elle le rate au retour elle d\u00e9cale de 20 minVOIR PLUS","og_url":"https:\/\/autate.fr\/site\/faiblesse-des-transports-en-commun-a-partir-de-tournefeuille\/","og_site_name":"AUTATE","article_publisher":"https:\/\/www.facebook.com\/AutateToulouse","article_published_time":"2019-04-14T20:21:36+00:00","article_modified_time":"2025-11-11T16:47:31+00:00","author":"Agn\u00e8s D\u00e9fosse","twitter_card":"summary_large_image","twitter_creator":"@AutateToulouse","twitter_site":"@AutateToulouse","twitter_misc":{"\u00c9crit par":"Agn\u00e8s D\u00e9fosse","Dur\u00e9e de lecture estim\u00e9e":"1 minute"},"schema":{"@context":"https:\/\/schema.org","@graph":[{"@type":"Article","@id":"https:\/\/autate.fr\/site\/faiblesse-des-transports-en-commun-a-partir-de-tournefeuille\/#article","isPartOf":{"@id":"https:\/\/autate.fr\/site\/faiblesse-des-transports-en-commun-a-partir-de-tournefeuille\/"},"author":{"name":"Agn\u00e8s D\u00e9fosse","@id":"https:\/\/autate.fr\/site\/#\/schema\/person\/5dd2db09ec53d78638dc66bb99c1a96b"},"headline":"Faiblesse des transports en commun \u00e0 partir de Tournefeuille","datePublished":"2019-04-14T20:21:36+00:00","dateModified":"2025-11-11T16:47:31+00:00","mainEntityOfPage":{"@id":"https:\/\/autate.fr\/site\/faiblesse-des-transports-en-commun-a-partir-de-tournefeuille\/"},"wordCount":228,"commentCount":0,"publisher":{"@id":"https:\/\/autate.fr\/site\/#organization"},"articleSection":["Bus Tisseo","T\u00e9moignages","temps de trajet"],"inLanguage":"fr-FR","potentialAction":[{"@type":"CommentAction","name":"Comment","target":["https:\/\/autate.fr\/site\/faiblesse-des-transports-en-commun-a-partir-de-tournefeuille\/#respond"]}]},{"@type":"WebPage","@id":"https:\/\/autate.fr\/site\/faiblesse-des-transports-en-commun-a-partir-de-tournefeuille\/","url":"https:\/\/autate.fr\/site\/faiblesse-des-transports-en-commun-a-partir-de-tournefeuille\/","name":"Faiblesse des transports en commun \u00e0 partir de Tournefeuille - AUTATE","isPartOf":{"@id":"https:\/\/autate.fr\/site\/#website"},"datePublished":"2019-04-14T20:21:36+00:00","dateModified":"2025-11-11T16:47:31+00:00","breadcrumb":{"@id":"https:\/\/autate.fr\/site\/faiblesse-des-transports-en-commun-a-partir-de-tournefeuille\/#breadcrumb"},"inLanguage":"fr-FR","potentialAction":[{"@type":"ReadAction","target":["https:\/\/autate.fr\/site\/faiblesse-des-transports-en-commun-a-partir-de-tournefeuille\/"]}]},{"@type":"BreadcrumbList","@id":"https:\/\/autate.fr\/site\/faiblesse-des-transports-en-commun-a-partir-de-tournefeuille\/#breadcrumb","itemListElement":[{"@type":"ListItem","position":1,"name":"Accueil","item":"https:\/\/autate.fr\/site\/"},{"@type":"ListItem","position":2,"name":"Faiblesse des transports en commun \u00e0 partir de Tournefeuille"}]},{"@type":"WebSite","@id":"https:\/\/autate.fr\/site\/#website","url":"https:\/\/autate.fr\/site\/","name":"AUTATE","description":"Association des usagers des transports de l&#039;agglom\u00e9ration Toulousaine et de ses environs","publisher":{"@id":"https:\/\/autate.fr\/site\/#organization"},"potentialAction":[{"@type":"SearchAction","target":{"@type":"EntryPoint","urlTemplate":"https:\/\/autate.fr\/site\/?s={search_term_string}"},"query-input":{"@type":"PropertyValueSpecification","valueRequired":true,"valueName":"search_term_string"}}],"inLanguage":"fr-FR"},{"@type":"Organization","@id":"https:\/\/autate.fr\/site\/#organization","name":"AUTATE","url":"https:\/\/autate.fr\/site\/","logo":{"@type":"ImageObject","inLanguage":"fr-FR","@id":"https:\/\/autate.fr\/site\/#\/schema\/logo\/image\/","url":"http:\/\/autate.fr\/site\/wp-content\/uploads\/2019\/01\/logo.png","contentUrl":"http:\/\/autate.fr\/site\/wp-content\/uploads\/2019\/01\/logo.png","width":506,"height":280,"caption":"AUTATE"},"image":{"@id":"https:\/\/autate.fr\/site\/#\/schema\/logo\/image\/"},"sameAs":["https:\/\/www.facebook.com\/AutateToulouse","https:\/\/x.com\/AutateToulouse"]},{"@type":"Person","@id":"https:\/\/autate.fr\/site\/#\/schema\/person\/5dd2db09ec53d78638dc66bb99c1a96b","name":"Agn\u00e8s D\u00e9fosse","image":{"@type":"ImageObject","inLanguage":"fr-FR","@id":"https:\/\/secure.gravatar.com\/avatar\/95c9cd4b94e5a0c0ea8b60b9bdbb3225980cf1f6d229a870c299992be19d6804?s=96&d=mm&r=g","url":"https:\/\/secure.gravatar.com\/avatar\/95c9cd4b94e5a0c0ea8b60b9bdbb3225980cf1f6d229a870c299992be19d6804?s=96&d=mm&r=g","contentUrl":"https:\/\/secure.gravatar.com\/avatar\/95c9cd4b94e5a0c0ea8b60b9bdbb3225980cf1f6d229a870c299992be19d6804?s=96&d=mm&r=g","caption":"Agn\u00e8s D\u00e9fosse"},"url":"https:\/\/autate.fr\/site\/author\/agnesdefosse\/"}]}},"_links":{"self":[{"href":"https:\/\/autate.fr\/site\/wp-json\/wp\/v2\/posts\/3270","targetHints":{"allow":["GET"]}}],"collection":[{"href":"https:\/\/autate.fr\/site\/wp-json\/wp\/v2\/posts"}],"about":[{"href":"https:\/\/autate.fr\/site\/wp-json\/wp\/v2\/types\/post"}],"author":[{"embeddable":true,"href":"https:\/\/autate.fr\/site\/wp-json\/wp\/v2\/users\/10"}],"replies":[{"embeddable":true,"href":"https:\/\/autate.fr\/site\/wp-json\/wp\/v2\/comments?post=3270"}],"version-history":[{"count":1,"href":"https:\/\/autate.fr\/site\/wp-json\/wp\/v2\/posts\/3270\/revisions"}],"predecessor-version":[{"id":3271,"href":"https:\/\/autate.fr\/site\/wp-json\/wp\/v2\/posts\/3270\/revisions\/3271"}],"wp:attachment":[{"href":"https:\/\/autate.fr\/site\/wp-json\/wp\/v2\/media?parent=3270"}],"wp:term":[{"taxonomy":"category","embeddable":true,"href":"https:\/\/autate.fr\/site\/wp-json\/wp\/v2\/categories?post=3270"},{"taxonomy":"post_tag","embeddable":true,"href":"https:\/\/autate.fr\/site\/wp-json\/wp\/v2\/tags?post=3270"}],"curies":[{"name":"wp","href":"https:\/\/api.w.org\/{rel}","templated":true}]}}