{"id":3240,"date":"2019-04-06T20:25:17","date_gmt":"2019-04-06T18:25:17","guid":{"rendered":"https:\/\/autate.fr\/site\/?p=3240"},"modified":"2019-04-06T20:28:22","modified_gmt":"2019-04-06T18:28:22","slug":"manifestation-pour-que-le-pont-neuf-et-laxe-rue-de-metz-rue-de-la-republique-soient-reserves-aux-modes-actifs-et-transports-en-commun","status":"publish","type":"post","link":"https:\/\/autate.fr\/site\/manifestation-pour-que-le-pont-neuf-et-laxe-rue-de-metz-rue-de-la-republique-soient-reserves-aux-modes-actifs-et-transports-en-commun\/","title":{"rendered":"Manifestation pour que le Pont Neuf et l\u2019axe rue de Metz\/rue de la r\u00e9publique soient r\u00e9serv\u00e9s aux modes actifs et transports en commun"},"content":{"rendered":"\n<p>Mardi  9  avril  \u00e0  18h30,  allons  marcher  pour  exiger  des   \u00e9volutions  fondamentales! Rendez-vous au bord du canal du midi derri\u00e8re  la Halle aux Grains et marchons jusqu&rsquo;\u00e0 la Patte d&rsquo;Oie.  <br><strong>Action co-organis\u00e9e avec l&rsquo;association 2pieds2roues. <\/strong><\/p>\n\n\n\n<p>Nous sommes en 2019. Les embouteillages paralysent quotidiennement notre agglom\u00e9ration. Les automobiles, camions et motos asphyxient ceux qui font l&rsquo;effort de p\u00e9daler ou de marcher. Ils immobilisent trop souvent les usagers des bus. Toulouse ville rose, ville thrombose. Le mod\u00e8le \u00ab\u00a0automobile\u00a0\u00bb  est  \u00e0  bout  de  souffle.  Ni  l&rsquo;Etat,ni  les  collectivit\u00e9s  locales  n&rsquo;avancent  de  solution s\u00e9rieuse.  Nous  voulons  une  primaut\u00e9  aux  modes respectueux  de  la  sant\u00e9  de  tous  et  de l&rsquo;environnement : \u00e0 pied, \u00e0 v\u00e9lo et en transports en commun.Partout, les besoins sont immenses. Mais ce 9 avril, focalisons-nous sur l&rsquo;hyper-centre et l&rsquo;axe Est-Ouest. La travers\u00e9e en voiture de cet axe central est devenue anachronique et source de nuisances. Nous demandons :<\/p>\n\n\n\n<ul class=\"wp-block-list\"><li>le Pont Neuf r\u00e9serv\u00e9 aux pi\u00e9tons, cyclistes et transports en commun. Bordeaux vient de le faire avec le Pont de Pierre. <\/li><li>une  augmentation  de  l&rsquo;espace  pi\u00e9ton  et  cyclable  sur  l&rsquo;axe  Est-Ouest: place  Esquirol pi\u00e9tonne, zone de rencontre rue de la r\u00e9publique, un espace apais\u00e9 rue de Metz.<\/li><li>un  acc\u00e8s  \u00e0  l&rsquo;hyper-centre  r\u00e9serv\u00e9  aux  riverains et  exceptions.  Le  transit  auto\/moto  ne doit plus traverser le centre historique.<\/li><li>une  modernisation  du  plan  de  circulation  du  canal.  Mettons  un  terme  \u00e0  ce  \u00ab\u00a0torrent\u00a0\u00bb  de moteurs tournoyant autour de la Halle aux Grains.<\/li><li>la suppression du terminal de bus du Cours Dillon et un r\u00e9seau bus plus adapt\u00e9:moins de bus grand format, plus de navettes l\u00e9g\u00e8res dans l&rsquo;hyper-centre.<\/li><li>le d\u00e9veloppement des livraisons \u00e0 v\u00e9lo, des v\u00e9lo-taxi.<\/li><li>Que les  places  Roguet  et  Saint-Cyprien ne soient plus des  giratoires  2X3  voies automobiles mais une seule place apais\u00e9e et v\u00e9g\u00e9talis\u00e9e o\u00f9 les pi\u00e9tons prennent plaisir \u00e0 marcher.<\/li><li>L&rsquo;Hotel  d&rsquo;Ass\u00e9zat (1555),  le  Mus\u00e9e  des  Augustins  (XIV\u00e8me si\u00e8cle),  la  Halle  aux  grains:  autant  de joyaux  historiques  sinistr\u00e9s  par  un  flux  motoris\u00e9  trop  important.  Mettons-les  en  valeur en supprimant le trafic de transit.<\/li><li>Pr\u00e9occupons-nous  enfin  des personnes  \u00e0  mobilit\u00e9  r\u00e9duite :  leur  parcours  est  trop  souvent jalonn\u00e9  d&rsquo;obstacles :  trottoir  encombr\u00e9,  scooters  en  travers,  carrefour  probl\u00e9matique,  trottoir infranchissable en fauteuil. <\/li><li>Soyons r\u00e9alistes, exigeons une mobilit\u00e9 propre et respectueuse!<\/li><\/ul>\n","protected":false},"excerpt":{"rendered":"<p>Mardi 9 avril \u00e0 18h30, allons marcher pour exiger des \u00e9volutions fondamentales! Rendez-vous au bord du canal du midi derri\u00e8re la Halle aux Grains et marchons jusqu&rsquo;\u00e0 la Patte d&rsquo;Oie. Action co-organis\u00e9e avec l&rsquo;association 2pieds2roues. Nous sommes en 2019. Les embouteillages paralysent quotidiennement notre agglom\u00e9ration. Les automobiles, camions et motos asphyxient ceux qui font l&rsquo;effort<\/p>\n<p class=\"more-link\"><a href=\"https:\/\/autate.fr\/site\/manifestation-pour-que-le-pont-neuf-et-laxe-rue-de-metz-rue-de-la-republique-soient-reserves-aux-modes-actifs-et-transports-en-commun\/\" class=\"themebutton2\">VOIR PLUS<\/a><\/p>\n","protected":false},"author":9,"featured_media":0,"comment_status":"open","ping_status":"open","sticky":false,"template":"","format":"standard","meta":{"footnotes":""},"categories":[4],"tags":[],"class_list":["post-3240","post","type-post","status-publish","format-standard","hentry","category-actualite-association"],"yoast_head":"<!-- This site is optimized with the Yoast SEO plugin v27.4 - https:\/\/yoast.com\/product\/yoast-seo-wordpress\/ -->\n<title>Manifestation pour que le Pont Neuf et l\u2019axe rue de Metz\/rue de la r\u00e9publique soient r\u00e9serv\u00e9s aux modes actifs et transports en commun - AUTATE<\/title>\n<meta name=\"robots\" content=\"index, follow, max-snippet:-1, max-image-preview:large, max-video-preview:-1\" \/>\n<link rel=\"canonical\" href=\"https:\/\/autate.fr\/site\/manifestation-pour-que-le-pont-neuf-et-laxe-rue-de-metz-rue-de-la-republique-soient-reserves-aux-modes-actifs-et-transports-en-commun\/\" \/>\n<meta property=\"og:locale\" content=\"fr_FR\" \/>\n<meta property=\"og:type\" content=\"article\" \/>\n<meta property=\"og:title\" content=\"Manifestation pour que le Pont Neuf et l\u2019axe rue de Metz\/rue de la r\u00e9publique soient r\u00e9serv\u00e9s aux modes actifs et transports en commun - AUTATE\" \/>\n<meta property=\"og:description\" content=\"Mardi 9 avril \u00e0 18h30, allons marcher pour exiger des \u00e9volutions fondamentales! Rendez-vous au bord du canal du midi derri\u00e8re la Halle aux Grains et marchons jusqu&rsquo;\u00e0 la Patte d&rsquo;Oie. Action co-organis\u00e9e avec l&rsquo;association 2pieds2roues. Nous sommes en 2019. Les embouteillages paralysent quotidiennement notre agglom\u00e9ration. Les automobiles, camions et motos asphyxient ceux qui font l&rsquo;effortVOIR PLUS\" \/>\n<meta property=\"og:url\" content=\"https:\/\/autate.fr\/site\/manifestation-pour-que-le-pont-neuf-et-laxe-rue-de-metz-rue-de-la-republique-soient-reserves-aux-modes-actifs-et-transports-en-commun\/\" \/>\n<meta property=\"og:site_name\" content=\"AUTATE\" \/>\n<meta property=\"article:publisher\" content=\"https:\/\/www.facebook.com\/AutateToulouse\" \/>\n<meta property=\"article:published_time\" content=\"2019-04-06T18:25:17+00:00\" \/>\n<meta property=\"article:modified_time\" content=\"2019-04-06T18:28:22+00:00\" \/>\n<meta name=\"author\" content=\"Marie-Pierre Bes\" \/>\n<meta name=\"twitter:card\" content=\"summary_large_image\" \/>\n<meta name=\"twitter:creator\" content=\"@AutateToulouse\" \/>\n<meta name=\"twitter:site\" content=\"@AutateToulouse\" \/>\n<meta name=\"twitter:label1\" content=\"\u00c9crit par\" \/>\n\t<meta name=\"twitter:data1\" content=\"Marie-Pierre Bes\" \/>\n\t<meta name=\"twitter:label2\" content=\"Dur\u00e9e de lecture estim\u00e9e\" \/>\n\t<meta name=\"twitter:data2\" content=\"2 minutes\" \/>\n<script type=\"application\/ld+json\" class=\"yoast-schema-graph\">{\"@context\":\"https:\\\/\\\/schema.org\",\"@graph\":[{\"@type\":\"Article\",\"@id\":\"https:\\\/\\\/autate.fr\\\/site\\\/manifestation-pour-que-le-pont-neuf-et-laxe-rue-de-metz-rue-de-la-republique-soient-reserves-aux-modes-actifs-et-transports-en-commun\\\/#article\",\"isPartOf\":{\"@id\":\"https:\\\/\\\/autate.fr\\\/site\\\/manifestation-pour-que-le-pont-neuf-et-laxe-rue-de-metz-rue-de-la-republique-soient-reserves-aux-modes-actifs-et-transports-en-commun\\\/\"},\"author\":{\"name\":\"Marie-Pierre Bes\",\"@id\":\"https:\\\/\\\/autate.fr\\\/site\\\/#\\\/schema\\\/person\\\/ca1ac9182f29f02489db16f08b0834ff\"},\"headline\":\"Manifestation pour que le Pont Neuf et l\u2019axe rue de Metz\\\/rue de la r\u00e9publique soient r\u00e9serv\u00e9s aux modes actifs et transports en commun\",\"datePublished\":\"2019-04-06T18:25:17+00:00\",\"dateModified\":\"2019-04-06T18:28:22+00:00\",\"mainEntityOfPage\":{\"@id\":\"https:\\\/\\\/autate.fr\\\/site\\\/manifestation-pour-que-le-pont-neuf-et-laxe-rue-de-metz-rue-de-la-republique-soient-reserves-aux-modes-actifs-et-transports-en-commun\\\/\"},\"wordCount\":417,\"commentCount\":0,\"publisher\":{\"@id\":\"https:\\\/\\\/autate.fr\\\/site\\\/#organization\"},\"articleSection\":[\"Actualit\u00e9s-AUTATE\"],\"inLanguage\":\"fr-FR\",\"potentialAction\":[{\"@type\":\"CommentAction\",\"name\":\"Comment\",\"target\":[\"https:\\\/\\\/autate.fr\\\/site\\\/manifestation-pour-que-le-pont-neuf-et-laxe-rue-de-metz-rue-de-la-republique-soient-reserves-aux-modes-actifs-et-transports-en-commun\\\/#respond\"]}]},{\"@type\":\"WebPage\",\"@id\":\"https:\\\/\\\/autate.fr\\\/site\\\/manifestation-pour-que-le-pont-neuf-et-laxe-rue-de-metz-rue-de-la-republique-soient-reserves-aux-modes-actifs-et-transports-en-commun\\\/\",\"url\":\"https:\\\/\\\/autate.fr\\\/site\\\/manifestation-pour-que-le-pont-neuf-et-laxe-rue-de-metz-rue-de-la-republique-soient-reserves-aux-modes-actifs-et-transports-en-commun\\\/\",\"name\":\"Manifestation pour que le Pont Neuf et l\u2019axe rue de Metz\\\/rue de la r\u00e9publique soient r\u00e9serv\u00e9s aux modes actifs et transports en commun - AUTATE\",\"isPartOf\":{\"@id\":\"https:\\\/\\\/autate.fr\\\/site\\\/#website\"},\"datePublished\":\"2019-04-06T18:25:17+00:00\",\"dateModified\":\"2019-04-06T18:28:22+00:00\",\"breadcrumb\":{\"@id\":\"https:\\\/\\\/autate.fr\\\/site\\\/manifestation-pour-que-le-pont-neuf-et-laxe-rue-de-metz-rue-de-la-republique-soient-reserves-aux-modes-actifs-et-transports-en-commun\\\/#breadcrumb\"},\"inLanguage\":\"fr-FR\",\"potentialAction\":[{\"@type\":\"ReadAction\",\"target\":[\"https:\\\/\\\/autate.fr\\\/site\\\/manifestation-pour-que-le-pont-neuf-et-laxe-rue-de-metz-rue-de-la-republique-soient-reserves-aux-modes-actifs-et-transports-en-commun\\\/\"]}]},{\"@type\":\"BreadcrumbList\",\"@id\":\"https:\\\/\\\/autate.fr\\\/site\\\/manifestation-pour-que-le-pont-neuf-et-laxe-rue-de-metz-rue-de-la-republique-soient-reserves-aux-modes-actifs-et-transports-en-commun\\\/#breadcrumb\",\"itemListElement\":[{\"@type\":\"ListItem\",\"position\":1,\"name\":\"Accueil\",\"item\":\"https:\\\/\\\/autate.fr\\\/site\\\/\"},{\"@type\":\"ListItem\",\"position\":2,\"name\":\"Manifestation pour que le Pont Neuf et l\u2019axe rue de Metz\\\/rue de la r\u00e9publique soient r\u00e9serv\u00e9s aux modes actifs et transports en commun\"}]},{\"@type\":\"WebSite\",\"@id\":\"https:\\\/\\\/autate.fr\\\/site\\\/#website\",\"url\":\"https:\\\/\\\/autate.fr\\\/site\\\/\",\"name\":\"AUTATE\",\"description\":\"Association des usagers des transports de l&#039;agglom\u00e9ration Toulousaine et de ses environs\",\"publisher\":{\"@id\":\"https:\\\/\\\/autate.fr\\\/site\\\/#organization\"},\"potentialAction\":[{\"@type\":\"SearchAction\",\"target\":{\"@type\":\"EntryPoint\",\"urlTemplate\":\"https:\\\/\\\/autate.fr\\\/site\\\/?s={search_term_string}\"},\"query-input\":{\"@type\":\"PropertyValueSpecification\",\"valueRequired\":true,\"valueName\":\"search_term_string\"}}],\"inLanguage\":\"fr-FR\"},{\"@type\":\"Organization\",\"@id\":\"https:\\\/\\\/autate.fr\\\/site\\\/#organization\",\"name\":\"AUTATE\",\"url\":\"https:\\\/\\\/autate.fr\\\/site\\\/\",\"logo\":{\"@type\":\"ImageObject\",\"inLanguage\":\"fr-FR\",\"@id\":\"https:\\\/\\\/autate.fr\\\/site\\\/#\\\/schema\\\/logo\\\/image\\\/\",\"url\":\"http:\\\/\\\/autate.fr\\\/site\\\/wp-content\\\/uploads\\\/2019\\\/01\\\/logo.png\",\"contentUrl\":\"http:\\\/\\\/autate.fr\\\/site\\\/wp-content\\\/uploads\\\/2019\\\/01\\\/logo.png\",\"width\":506,\"height\":280,\"caption\":\"AUTATE\"},\"image\":{\"@id\":\"https:\\\/\\\/autate.fr\\\/site\\\/#\\\/schema\\\/logo\\\/image\\\/\"},\"sameAs\":[\"https:\\\/\\\/www.facebook.com\\\/AutateToulouse\",\"https:\\\/\\\/x.com\\\/AutateToulouse\"]},{\"@type\":\"Person\",\"@id\":\"https:\\\/\\\/autate.fr\\\/site\\\/#\\\/schema\\\/person\\\/ca1ac9182f29f02489db16f08b0834ff\",\"name\":\"Marie-Pierre Bes\",\"image\":{\"@type\":\"ImageObject\",\"inLanguage\":\"fr-FR\",\"@id\":\"https:\\\/\\\/secure.gravatar.com\\\/avatar\\\/08aa632b25ee7197789b8ec59d6cbcab7d9fc182fc393ccb7ac607ba55766261?s=96&d=mm&r=g\",\"url\":\"https:\\\/\\\/secure.gravatar.com\\\/avatar\\\/08aa632b25ee7197789b8ec59d6cbcab7d9fc182fc393ccb7ac607ba55766261?s=96&d=mm&r=g\",\"contentUrl\":\"https:\\\/\\\/secure.gravatar.com\\\/avatar\\\/08aa632b25ee7197789b8ec59d6cbcab7d9fc182fc393ccb7ac607ba55766261?s=96&d=mm&r=g\",\"caption\":\"Marie-Pierre Bes\"},\"url\":\"https:\\\/\\\/autate.fr\\\/site\\\/author\\\/mariepierre\\\/\"}]}<\/script>\n<!-- \/ Yoast SEO plugin. -->","yoast_head_json":{"title":"Manifestation pour que le Pont Neuf et l\u2019axe rue de Metz\/rue de la r\u00e9publique soient r\u00e9serv\u00e9s aux modes actifs et transports en commun - AUTATE","robots":{"index":"index","follow":"follow","max-snippet":"max-snippet:-1","max-image-preview":"max-image-preview:large","max-video-preview":"max-video-preview:-1"},"canonical":"https:\/\/autate.fr\/site\/manifestation-pour-que-le-pont-neuf-et-laxe-rue-de-metz-rue-de-la-republique-soient-reserves-aux-modes-actifs-et-transports-en-commun\/","og_locale":"fr_FR","og_type":"article","og_title":"Manifestation pour que le Pont Neuf et l\u2019axe rue de Metz\/rue de la r\u00e9publique soient r\u00e9serv\u00e9s aux modes actifs et transports en commun - AUTATE","og_description":"Mardi 9 avril \u00e0 18h30, allons marcher pour exiger des \u00e9volutions fondamentales! Rendez-vous au bord du canal du midi derri\u00e8re la Halle aux Grains et marchons jusqu&rsquo;\u00e0 la Patte d&rsquo;Oie. Action co-organis\u00e9e avec l&rsquo;association 2pieds2roues. Nous sommes en 2019. Les embouteillages paralysent quotidiennement notre agglom\u00e9ration. Les automobiles, camions et motos asphyxient ceux qui font l&rsquo;effortVOIR PLUS","og_url":"https:\/\/autate.fr\/site\/manifestation-pour-que-le-pont-neuf-et-laxe-rue-de-metz-rue-de-la-republique-soient-reserves-aux-modes-actifs-et-transports-en-commun\/","og_site_name":"AUTATE","article_publisher":"https:\/\/www.facebook.com\/AutateToulouse","article_published_time":"2019-04-06T18:25:17+00:00","article_modified_time":"2019-04-06T18:28:22+00:00","author":"Marie-Pierre Bes","twitter_card":"summary_large_image","twitter_creator":"@AutateToulouse","twitter_site":"@AutateToulouse","twitter_misc":{"\u00c9crit par":"Marie-Pierre Bes","Dur\u00e9e de lecture estim\u00e9e":"2 minutes"},"schema":{"@context":"https:\/\/schema.org","@graph":[{"@type":"Article","@id":"https:\/\/autate.fr\/site\/manifestation-pour-que-le-pont-neuf-et-laxe-rue-de-metz-rue-de-la-republique-soient-reserves-aux-modes-actifs-et-transports-en-commun\/#article","isPartOf":{"@id":"https:\/\/autate.fr\/site\/manifestation-pour-que-le-pont-neuf-et-laxe-rue-de-metz-rue-de-la-republique-soient-reserves-aux-modes-actifs-et-transports-en-commun\/"},"author":{"name":"Marie-Pierre Bes","@id":"https:\/\/autate.fr\/site\/#\/schema\/person\/ca1ac9182f29f02489db16f08b0834ff"},"headline":"Manifestation pour que le Pont Neuf et l\u2019axe rue de Metz\/rue de la r\u00e9publique soient r\u00e9serv\u00e9s aux modes actifs et transports en commun","datePublished":"2019-04-06T18:25:17+00:00","dateModified":"2019-04-06T18:28:22+00:00","mainEntityOfPage":{"@id":"https:\/\/autate.fr\/site\/manifestation-pour-que-le-pont-neuf-et-laxe-rue-de-metz-rue-de-la-republique-soient-reserves-aux-modes-actifs-et-transports-en-commun\/"},"wordCount":417,"commentCount":0,"publisher":{"@id":"https:\/\/autate.fr\/site\/#organization"},"articleSection":["Actualit\u00e9s-AUTATE"],"inLanguage":"fr-FR","potentialAction":[{"@type":"CommentAction","name":"Comment","target":["https:\/\/autate.fr\/site\/manifestation-pour-que-le-pont-neuf-et-laxe-rue-de-metz-rue-de-la-republique-soient-reserves-aux-modes-actifs-et-transports-en-commun\/#respond"]}]},{"@type":"WebPage","@id":"https:\/\/autate.fr\/site\/manifestation-pour-que-le-pont-neuf-et-laxe-rue-de-metz-rue-de-la-republique-soient-reserves-aux-modes-actifs-et-transports-en-commun\/","url":"https:\/\/autate.fr\/site\/manifestation-pour-que-le-pont-neuf-et-laxe-rue-de-metz-rue-de-la-republique-soient-reserves-aux-modes-actifs-et-transports-en-commun\/","name":"Manifestation pour que le Pont Neuf et l\u2019axe rue de Metz\/rue de la r\u00e9publique soient r\u00e9serv\u00e9s aux modes actifs et transports en commun - AUTATE","isPartOf":{"@id":"https:\/\/autate.fr\/site\/#website"},"datePublished":"2019-04-06T18:25:17+00:00","dateModified":"2019-04-06T18:28:22+00:00","breadcrumb":{"@id":"https:\/\/autate.fr\/site\/manifestation-pour-que-le-pont-neuf-et-laxe-rue-de-metz-rue-de-la-republique-soient-reserves-aux-modes-actifs-et-transports-en-commun\/#breadcrumb"},"inLanguage":"fr-FR","potentialAction":[{"@type":"ReadAction","target":["https:\/\/autate.fr\/site\/manifestation-pour-que-le-pont-neuf-et-laxe-rue-de-metz-rue-de-la-republique-soient-reserves-aux-modes-actifs-et-transports-en-commun\/"]}]},{"@type":"BreadcrumbList","@id":"https:\/\/autate.fr\/site\/manifestation-pour-que-le-pont-neuf-et-laxe-rue-de-metz-rue-de-la-republique-soient-reserves-aux-modes-actifs-et-transports-en-commun\/#breadcrumb","itemListElement":[{"@type":"ListItem","position":1,"name":"Accueil","item":"https:\/\/autate.fr\/site\/"},{"@type":"ListItem","position":2,"name":"Manifestation pour que le Pont Neuf et l\u2019axe rue de Metz\/rue de la r\u00e9publique soient r\u00e9serv\u00e9s aux modes actifs et transports en commun"}]},{"@type":"WebSite","@id":"https:\/\/autate.fr\/site\/#website","url":"https:\/\/autate.fr\/site\/","name":"AUTATE","description":"Association des usagers des transports de l&#039;agglom\u00e9ration Toulousaine et de ses environs","publisher":{"@id":"https:\/\/autate.fr\/site\/#organization"},"potentialAction":[{"@type":"SearchAction","target":{"@type":"EntryPoint","urlTemplate":"https:\/\/autate.fr\/site\/?s={search_term_string}"},"query-input":{"@type":"PropertyValueSpecification","valueRequired":true,"valueName":"search_term_string"}}],"inLanguage":"fr-FR"},{"@type":"Organization","@id":"https:\/\/autate.fr\/site\/#organization","name":"AUTATE","url":"https:\/\/autate.fr\/site\/","logo":{"@type":"ImageObject","inLanguage":"fr-FR","@id":"https:\/\/autate.fr\/site\/#\/schema\/logo\/image\/","url":"http:\/\/autate.fr\/site\/wp-content\/uploads\/2019\/01\/logo.png","contentUrl":"http:\/\/autate.fr\/site\/wp-content\/uploads\/2019\/01\/logo.png","width":506,"height":280,"caption":"AUTATE"},"image":{"@id":"https:\/\/autate.fr\/site\/#\/schema\/logo\/image\/"},"sameAs":["https:\/\/www.facebook.com\/AutateToulouse","https:\/\/x.com\/AutateToulouse"]},{"@type":"Person","@id":"https:\/\/autate.fr\/site\/#\/schema\/person\/ca1ac9182f29f02489db16f08b0834ff","name":"Marie-Pierre Bes","image":{"@type":"ImageObject","inLanguage":"fr-FR","@id":"https:\/\/secure.gravatar.com\/avatar\/08aa632b25ee7197789b8ec59d6cbcab7d9fc182fc393ccb7ac607ba55766261?s=96&d=mm&r=g","url":"https:\/\/secure.gravatar.com\/avatar\/08aa632b25ee7197789b8ec59d6cbcab7d9fc182fc393ccb7ac607ba55766261?s=96&d=mm&r=g","contentUrl":"https:\/\/secure.gravatar.com\/avatar\/08aa632b25ee7197789b8ec59d6cbcab7d9fc182fc393ccb7ac607ba55766261?s=96&d=mm&r=g","caption":"Marie-Pierre Bes"},"url":"https:\/\/autate.fr\/site\/author\/mariepierre\/"}]}},"_links":{"self":[{"href":"https:\/\/autate.fr\/site\/wp-json\/wp\/v2\/posts\/3240","targetHints":{"allow":["GET"]}}],"collection":[{"href":"https:\/\/autate.fr\/site\/wp-json\/wp\/v2\/posts"}],"about":[{"href":"https:\/\/autate.fr\/site\/wp-json\/wp\/v2\/types\/post"}],"author":[{"embeddable":true,"href":"https:\/\/autate.fr\/site\/wp-json\/wp\/v2\/users\/9"}],"replies":[{"embeddable":true,"href":"https:\/\/autate.fr\/site\/wp-json\/wp\/v2\/comments?post=3240"}],"version-history":[{"count":3,"href":"https:\/\/autate.fr\/site\/wp-json\/wp\/v2\/posts\/3240\/revisions"}],"predecessor-version":[{"id":3243,"href":"https:\/\/autate.fr\/site\/wp-json\/wp\/v2\/posts\/3240\/revisions\/3243"}],"wp:attachment":[{"href":"https:\/\/autate.fr\/site\/wp-json\/wp\/v2\/media?parent=3240"}],"wp:term":[{"taxonomy":"category","embeddable":true,"href":"https:\/\/autate.fr\/site\/wp-json\/wp\/v2\/categories?post=3240"},{"taxonomy":"post_tag","embeddable":true,"href":"https:\/\/autate.fr\/site\/wp-json\/wp\/v2\/tags?post=3240"}],"curies":[{"name":"wp","href":"https:\/\/api.w.org\/{rel}","templated":true}]}}