{"id":3206,"date":"2019-03-27T01:42:23","date_gmt":"2019-03-27T00:42:23","guid":{"rendered":"https:\/\/autate.fr\/site\/?p=3206"},"modified":"2025-11-21T21:56:49","modified_gmt":"2025-11-21T20:56:49","slug":"telepherique-urbain-sud-contribution-a-lenquete-publique-mars-2019","status":"publish","type":"post","link":"https:\/\/autate.fr\/site\/telepherique-urbain-sud-contribution-a-lenquete-publique-mars-2019\/","title":{"rendered":"T\u00e9l\u00e9ph\u00e9rique Urbain Sud &#8211;  Contribution \u00e0 l\u2019enqu\u00eate publique &#8211; Mars 2019"},"content":{"rendered":"\n<p>La contribution de l&rsquo;AUTATE est fournie dans le fichier joint, et  la synth\u00e8se est reproduite ci-dessous: <\/p>\n\n\n\n<p>SYNTH\u00c8SE<\/p>\n\n\n\n<p>Une solution mineure pour un probl\u00e8me bien plus cons\u00e9quent,\nqui peut se r\u00e9soudre avec un bus cadenc\u00e9 en voie r\u00e9serv\u00e9e, un tramway ou le\ntrain. <\/p>\n\n\n\n<p>En synth\u00e8se, le T\u00e9l\u00e9ph\u00e9rique Urbain Sud (TUS) est une bonne\nsolution pour desservir localement les h\u00f4pitaux Rangueil, Larrey et Oncopole,\npour son impact touristique et de d\u00e9tente familiale, ainsi que pour les\ncyclistes. Cependant, il ne constitue pas un maillon essentiel du r\u00e9seau\nstructurant de transport \u00e0 l&rsquo;\u00e9chelle d&rsquo;une agglom\u00e9ration de 1 million\nd&rsquo;habitants, et il ne peut donc pas s\u2019inscrire dans la ceinture sud.<\/p>\n\n\n\n<p>Les chiffres annonc\u00e9s de transport montrent que le\nt\u00e9l\u00e9ph\u00e9rique n&rsquo;est pas en capacit\u00e9 d&rsquo;absorber une part significative du trafic\nautomobile Sud-ouest \/ Sud-Est et de cr\u00e9er une alternative cr\u00e9dible \u00e0 la\nvoiture.<\/p>\n\n\n\n<p>Une solution de tramway ou de bus cadenc\u00e9 avec voie r\u00e9serv\u00e9e\npeut r\u00e9pondre \u00e0 ce besoin. <\/p>\n\n\n\n<p>Une ligne de train le peut aussi sans d\u00e9figuration du coteau\net sans cr\u00e9ation d\u2019une ligne. \n\nL\u2019empressement \u00e0 r\u00e9aliser cette portion semble relever\nplus d\u2019une op\u00e9ration de communication que d\u2019un projet apte \u00e0 d\u00e9sengorger les\nembouteillages de la rocade autour de la portion situ\u00e9e sur l\u2019A620 entre les\nsorties 24 et 26.\n\n\n\n<\/p>\n\n\n\n<div class=\"wp-block-file\"><a href=\"https:\/\/autate.fr\/site\/wp-content\/uploads\/2019\/03\/Contribution-AUTATE-enqu\u00eate-publique-TUS.pdf\">Contribution AUTATE enqu\u00eate publique TUS<\/a><a href=\"https:\/\/autate.fr\/site\/wp-content\/uploads\/2019\/03\/Contribution-AUTATE-enqu\u00eate-publique-TUS.pdf\" class=\"wp-block-file__button\" download>T\u00e9l\u00e9charger<\/a><\/div>\n","protected":false},"excerpt":{"rendered":"<p>La contribution de l&rsquo;AUTATE est fournie dans le fichier joint, et la synth\u00e8se est reproduite ci-dessous: SYNTH\u00c8SE Une solution mineure pour un probl\u00e8me bien plus cons\u00e9quent, qui peut se r\u00e9soudre avec un bus cadenc\u00e9 en voie r\u00e9serv\u00e9e, un tramway ou le train. En synth\u00e8se, le T\u00e9l\u00e9ph\u00e9rique Urbain Sud (TUS) est une bonne solution pour desservir<\/p>\n<p class=\"more-link\"><a href=\"https:\/\/autate.fr\/site\/telepherique-urbain-sud-contribution-a-lenquete-publique-mars-2019\/\" class=\"themebutton2\">VOIR PLUS<\/a><\/p>\n","protected":false},"author":10,"featured_media":3213,"comment_status":"open","ping_status":"open","sticky":false,"template":"","format":"standard","meta":{"footnotes":""},"categories":[4,500,508,525],"tags":[532],"class_list":["post-3206","post","type-post","status-publish","format-standard","has-post-thumbnail","hentry","category-actualite-association","category-bus-tisseo","category-gares","category-pdm","tag-concertation-enquete"],"yoast_head":"<!-- This site is optimized with the Yoast SEO plugin v27.4 - https:\/\/yoast.com\/product\/yoast-seo-wordpress\/ -->\n<title>T\u00e9l\u00e9ph\u00e9rique Urbain Sud - Contribution \u00e0 l\u2019enqu\u00eate publique - Mars 2019 - AUTATE<\/title>\n<meta name=\"robots\" content=\"index, follow, max-snippet:-1, max-image-preview:large, max-video-preview:-1\" \/>\n<link rel=\"canonical\" href=\"https:\/\/autate.fr\/site\/telepherique-urbain-sud-contribution-a-lenquete-publique-mars-2019\/\" \/>\n<meta property=\"og:locale\" content=\"fr_FR\" \/>\n<meta property=\"og:type\" content=\"article\" \/>\n<meta property=\"og:title\" content=\"T\u00e9l\u00e9ph\u00e9rique Urbain Sud - Contribution \u00e0 l\u2019enqu\u00eate publique - Mars 2019 - AUTATE\" \/>\n<meta property=\"og:description\" content=\"La contribution de l&rsquo;AUTATE est fournie dans le fichier joint, et la synth\u00e8se est reproduite ci-dessous: SYNTH\u00c8SE Une solution mineure pour un probl\u00e8me bien plus cons\u00e9quent, qui peut se r\u00e9soudre avec un bus cadenc\u00e9 en voie r\u00e9serv\u00e9e, un tramway ou le train. En synth\u00e8se, le T\u00e9l\u00e9ph\u00e9rique Urbain Sud (TUS) est une bonne solution pour desservirVOIR PLUS\" \/>\n<meta property=\"og:url\" content=\"https:\/\/autate.fr\/site\/telepherique-urbain-sud-contribution-a-lenquete-publique-mars-2019\/\" \/>\n<meta property=\"og:site_name\" content=\"AUTATE\" \/>\n<meta property=\"article:publisher\" content=\"https:\/\/www.facebook.com\/AutateToulouse\" \/>\n<meta property=\"article:published_time\" content=\"2019-03-27T00:42:23+00:00\" \/>\n<meta property=\"article:modified_time\" content=\"2025-11-21T20:56:49+00:00\" \/>\n<meta property=\"og:image\" content=\"https:\/\/autate.fr\/site\/wp-content\/uploads\/2019\/03\/TUS-1.jpg\" \/>\n\t<meta property=\"og:image:width\" content=\"1086\" \/>\n\t<meta property=\"og:image:height\" content=\"697\" \/>\n\t<meta property=\"og:image:type\" content=\"image\/jpeg\" \/>\n<meta name=\"author\" content=\"Agn\u00e8s D\u00e9fosse\" \/>\n<meta name=\"twitter:card\" content=\"summary_large_image\" \/>\n<meta name=\"twitter:creator\" content=\"@AutateToulouse\" \/>\n<meta name=\"twitter:site\" content=\"@AutateToulouse\" \/>\n<meta name=\"twitter:label1\" content=\"\u00c9crit par\" \/>\n\t<meta name=\"twitter:data1\" content=\"Agn\u00e8s D\u00e9fosse\" \/>\n\t<meta name=\"twitter:label2\" content=\"Dur\u00e9e de lecture estim\u00e9e\" \/>\n\t<meta name=\"twitter:data2\" content=\"1 minute\" \/>\n<script type=\"application\/ld+json\" class=\"yoast-schema-graph\">{\"@context\":\"https:\\\/\\\/schema.org\",\"@graph\":[{\"@type\":\"Article\",\"@id\":\"https:\\\/\\\/autate.fr\\\/site\\\/telepherique-urbain-sud-contribution-a-lenquete-publique-mars-2019\\\/#article\",\"isPartOf\":{\"@id\":\"https:\\\/\\\/autate.fr\\\/site\\\/telepherique-urbain-sud-contribution-a-lenquete-publique-mars-2019\\\/\"},\"author\":{\"name\":\"Agn\u00e8s D\u00e9fosse\",\"@id\":\"https:\\\/\\\/autate.fr\\\/site\\\/#\\\/schema\\\/person\\\/5dd2db09ec53d78638dc66bb99c1a96b\"},\"headline\":\"T\u00e9l\u00e9ph\u00e9rique Urbain Sud &#8211; Contribution \u00e0 l\u2019enqu\u00eate publique &#8211; Mars 2019\",\"datePublished\":\"2019-03-27T00:42:23+00:00\",\"dateModified\":\"2025-11-21T20:56:49+00:00\",\"mainEntityOfPage\":{\"@id\":\"https:\\\/\\\/autate.fr\\\/site\\\/telepherique-urbain-sud-contribution-a-lenquete-publique-mars-2019\\\/\"},\"wordCount\":258,\"commentCount\":0,\"publisher\":{\"@id\":\"https:\\\/\\\/autate.fr\\\/site\\\/#organization\"},\"image\":{\"@id\":\"https:\\\/\\\/autate.fr\\\/site\\\/telepherique-urbain-sud-contribution-a-lenquete-publique-mars-2019\\\/#primaryimage\"},\"thumbnailUrl\":\"https:\\\/\\\/autate.fr\\\/site\\\/wp-content\\\/uploads\\\/2019\\\/03\\\/TUS-1.jpg\",\"keywords\":[\"concertation-enqu\u00eate\"],\"articleSection\":[\"Actualit\u00e9s-AUTATE\",\"Bus Tisseo\",\"Gares-SERM\",\"PlanDeMobilit\u00e9\"],\"inLanguage\":\"fr-FR\",\"potentialAction\":[{\"@type\":\"CommentAction\",\"name\":\"Comment\",\"target\":[\"https:\\\/\\\/autate.fr\\\/site\\\/telepherique-urbain-sud-contribution-a-lenquete-publique-mars-2019\\\/#respond\"]}]},{\"@type\":\"WebPage\",\"@id\":\"https:\\\/\\\/autate.fr\\\/site\\\/telepherique-urbain-sud-contribution-a-lenquete-publique-mars-2019\\\/\",\"url\":\"https:\\\/\\\/autate.fr\\\/site\\\/telepherique-urbain-sud-contribution-a-lenquete-publique-mars-2019\\\/\",\"name\":\"T\u00e9l\u00e9ph\u00e9rique Urbain Sud - Contribution \u00e0 l\u2019enqu\u00eate publique - Mars 2019 - AUTATE\",\"isPartOf\":{\"@id\":\"https:\\\/\\\/autate.fr\\\/site\\\/#website\"},\"primaryImageOfPage\":{\"@id\":\"https:\\\/\\\/autate.fr\\\/site\\\/telepherique-urbain-sud-contribution-a-lenquete-publique-mars-2019\\\/#primaryimage\"},\"image\":{\"@id\":\"https:\\\/\\\/autate.fr\\\/site\\\/telepherique-urbain-sud-contribution-a-lenquete-publique-mars-2019\\\/#primaryimage\"},\"thumbnailUrl\":\"https:\\\/\\\/autate.fr\\\/site\\\/wp-content\\\/uploads\\\/2019\\\/03\\\/TUS-1.jpg\",\"datePublished\":\"2019-03-27T00:42:23+00:00\",\"dateModified\":\"2025-11-21T20:56:49+00:00\",\"breadcrumb\":{\"@id\":\"https:\\\/\\\/autate.fr\\\/site\\\/telepherique-urbain-sud-contribution-a-lenquete-publique-mars-2019\\\/#breadcrumb\"},\"inLanguage\":\"fr-FR\",\"potentialAction\":[{\"@type\":\"ReadAction\",\"target\":[\"https:\\\/\\\/autate.fr\\\/site\\\/telepherique-urbain-sud-contribution-a-lenquete-publique-mars-2019\\\/\"]}]},{\"@type\":\"ImageObject\",\"inLanguage\":\"fr-FR\",\"@id\":\"https:\\\/\\\/autate.fr\\\/site\\\/telepherique-urbain-sud-contribution-a-lenquete-publique-mars-2019\\\/#primaryimage\",\"url\":\"https:\\\/\\\/autate.fr\\\/site\\\/wp-content\\\/uploads\\\/2019\\\/03\\\/TUS-1.jpg\",\"contentUrl\":\"https:\\\/\\\/autate.fr\\\/site\\\/wp-content\\\/uploads\\\/2019\\\/03\\\/TUS-1.jpg\",\"width\":1086,\"height\":697},{\"@type\":\"BreadcrumbList\",\"@id\":\"https:\\\/\\\/autate.fr\\\/site\\\/telepherique-urbain-sud-contribution-a-lenquete-publique-mars-2019\\\/#breadcrumb\",\"itemListElement\":[{\"@type\":\"ListItem\",\"position\":1,\"name\":\"Accueil\",\"item\":\"https:\\\/\\\/autate.fr\\\/site\\\/\"},{\"@type\":\"ListItem\",\"position\":2,\"name\":\"T\u00e9l\u00e9ph\u00e9rique Urbain Sud &#8211; Contribution \u00e0 l\u2019enqu\u00eate publique &#8211; Mars 2019\"}]},{\"@type\":\"WebSite\",\"@id\":\"https:\\\/\\\/autate.fr\\\/site\\\/#website\",\"url\":\"https:\\\/\\\/autate.fr\\\/site\\\/\",\"name\":\"AUTATE\",\"description\":\"Association des usagers des transports de l&#039;agglom\u00e9ration Toulousaine et de ses environs\",\"publisher\":{\"@id\":\"https:\\\/\\\/autate.fr\\\/site\\\/#organization\"},\"potentialAction\":[{\"@type\":\"SearchAction\",\"target\":{\"@type\":\"EntryPoint\",\"urlTemplate\":\"https:\\\/\\\/autate.fr\\\/site\\\/?s={search_term_string}\"},\"query-input\":{\"@type\":\"PropertyValueSpecification\",\"valueRequired\":true,\"valueName\":\"search_term_string\"}}],\"inLanguage\":\"fr-FR\"},{\"@type\":\"Organization\",\"@id\":\"https:\\\/\\\/autate.fr\\\/site\\\/#organization\",\"name\":\"AUTATE\",\"url\":\"https:\\\/\\\/autate.fr\\\/site\\\/\",\"logo\":{\"@type\":\"ImageObject\",\"inLanguage\":\"fr-FR\",\"@id\":\"https:\\\/\\\/autate.fr\\\/site\\\/#\\\/schema\\\/logo\\\/image\\\/\",\"url\":\"http:\\\/\\\/autate.fr\\\/site\\\/wp-content\\\/uploads\\\/2019\\\/01\\\/logo.png\",\"contentUrl\":\"http:\\\/\\\/autate.fr\\\/site\\\/wp-content\\\/uploads\\\/2019\\\/01\\\/logo.png\",\"width\":506,\"height\":280,\"caption\":\"AUTATE\"},\"image\":{\"@id\":\"https:\\\/\\\/autate.fr\\\/site\\\/#\\\/schema\\\/logo\\\/image\\\/\"},\"sameAs\":[\"https:\\\/\\\/www.facebook.com\\\/AutateToulouse\",\"https:\\\/\\\/x.com\\\/AutateToulouse\"]},{\"@type\":\"Person\",\"@id\":\"https:\\\/\\\/autate.fr\\\/site\\\/#\\\/schema\\\/person\\\/5dd2db09ec53d78638dc66bb99c1a96b\",\"name\":\"Agn\u00e8s D\u00e9fosse\",\"image\":{\"@type\":\"ImageObject\",\"inLanguage\":\"fr-FR\",\"@id\":\"https:\\\/\\\/secure.gravatar.com\\\/avatar\\\/95c9cd4b94e5a0c0ea8b60b9bdbb3225980cf1f6d229a870c299992be19d6804?s=96&d=mm&r=g\",\"url\":\"https:\\\/\\\/secure.gravatar.com\\\/avatar\\\/95c9cd4b94e5a0c0ea8b60b9bdbb3225980cf1f6d229a870c299992be19d6804?s=96&d=mm&r=g\",\"contentUrl\":\"https:\\\/\\\/secure.gravatar.com\\\/avatar\\\/95c9cd4b94e5a0c0ea8b60b9bdbb3225980cf1f6d229a870c299992be19d6804?s=96&d=mm&r=g\",\"caption\":\"Agn\u00e8s D\u00e9fosse\"},\"url\":\"https:\\\/\\\/autate.fr\\\/site\\\/author\\\/agnesdefosse\\\/\"}]}<\/script>\n<!-- \/ Yoast SEO plugin. -->","yoast_head_json":{"title":"T\u00e9l\u00e9ph\u00e9rique Urbain Sud - Contribution \u00e0 l\u2019enqu\u00eate publique - Mars 2019 - AUTATE","robots":{"index":"index","follow":"follow","max-snippet":"max-snippet:-1","max-image-preview":"max-image-preview:large","max-video-preview":"max-video-preview:-1"},"canonical":"https:\/\/autate.fr\/site\/telepherique-urbain-sud-contribution-a-lenquete-publique-mars-2019\/","og_locale":"fr_FR","og_type":"article","og_title":"T\u00e9l\u00e9ph\u00e9rique Urbain Sud - Contribution \u00e0 l\u2019enqu\u00eate publique - Mars 2019 - AUTATE","og_description":"La contribution de l&rsquo;AUTATE est fournie dans le fichier joint, et la synth\u00e8se est reproduite ci-dessous: SYNTH\u00c8SE Une solution mineure pour un probl\u00e8me bien plus cons\u00e9quent, qui peut se r\u00e9soudre avec un bus cadenc\u00e9 en voie r\u00e9serv\u00e9e, un tramway ou le train. En synth\u00e8se, le T\u00e9l\u00e9ph\u00e9rique Urbain Sud (TUS) est une bonne solution pour desservirVOIR PLUS","og_url":"https:\/\/autate.fr\/site\/telepherique-urbain-sud-contribution-a-lenquete-publique-mars-2019\/","og_site_name":"AUTATE","article_publisher":"https:\/\/www.facebook.com\/AutateToulouse","article_published_time":"2019-03-27T00:42:23+00:00","article_modified_time":"2025-11-21T20:56:49+00:00","og_image":[{"width":1086,"height":697,"url":"https:\/\/autate.fr\/site\/wp-content\/uploads\/2019\/03\/TUS-1.jpg","type":"image\/jpeg"}],"author":"Agn\u00e8s D\u00e9fosse","twitter_card":"summary_large_image","twitter_creator":"@AutateToulouse","twitter_site":"@AutateToulouse","twitter_misc":{"\u00c9crit par":"Agn\u00e8s D\u00e9fosse","Dur\u00e9e de lecture estim\u00e9e":"1 minute"},"schema":{"@context":"https:\/\/schema.org","@graph":[{"@type":"Article","@id":"https:\/\/autate.fr\/site\/telepherique-urbain-sud-contribution-a-lenquete-publique-mars-2019\/#article","isPartOf":{"@id":"https:\/\/autate.fr\/site\/telepherique-urbain-sud-contribution-a-lenquete-publique-mars-2019\/"},"author":{"name":"Agn\u00e8s D\u00e9fosse","@id":"https:\/\/autate.fr\/site\/#\/schema\/person\/5dd2db09ec53d78638dc66bb99c1a96b"},"headline":"T\u00e9l\u00e9ph\u00e9rique Urbain Sud &#8211; Contribution \u00e0 l\u2019enqu\u00eate publique &#8211; Mars 2019","datePublished":"2019-03-27T00:42:23+00:00","dateModified":"2025-11-21T20:56:49+00:00","mainEntityOfPage":{"@id":"https:\/\/autate.fr\/site\/telepherique-urbain-sud-contribution-a-lenquete-publique-mars-2019\/"},"wordCount":258,"commentCount":0,"publisher":{"@id":"https:\/\/autate.fr\/site\/#organization"},"image":{"@id":"https:\/\/autate.fr\/site\/telepherique-urbain-sud-contribution-a-lenquete-publique-mars-2019\/#primaryimage"},"thumbnailUrl":"https:\/\/autate.fr\/site\/wp-content\/uploads\/2019\/03\/TUS-1.jpg","keywords":["concertation-enqu\u00eate"],"articleSection":["Actualit\u00e9s-AUTATE","Bus Tisseo","Gares-SERM","PlanDeMobilit\u00e9"],"inLanguage":"fr-FR","potentialAction":[{"@type":"CommentAction","name":"Comment","target":["https:\/\/autate.fr\/site\/telepherique-urbain-sud-contribution-a-lenquete-publique-mars-2019\/#respond"]}]},{"@type":"WebPage","@id":"https:\/\/autate.fr\/site\/telepherique-urbain-sud-contribution-a-lenquete-publique-mars-2019\/","url":"https:\/\/autate.fr\/site\/telepherique-urbain-sud-contribution-a-lenquete-publique-mars-2019\/","name":"T\u00e9l\u00e9ph\u00e9rique Urbain Sud - Contribution \u00e0 l\u2019enqu\u00eate publique - Mars 2019 - AUTATE","isPartOf":{"@id":"https:\/\/autate.fr\/site\/#website"},"primaryImageOfPage":{"@id":"https:\/\/autate.fr\/site\/telepherique-urbain-sud-contribution-a-lenquete-publique-mars-2019\/#primaryimage"},"image":{"@id":"https:\/\/autate.fr\/site\/telepherique-urbain-sud-contribution-a-lenquete-publique-mars-2019\/#primaryimage"},"thumbnailUrl":"https:\/\/autate.fr\/site\/wp-content\/uploads\/2019\/03\/TUS-1.jpg","datePublished":"2019-03-27T00:42:23+00:00","dateModified":"2025-11-21T20:56:49+00:00","breadcrumb":{"@id":"https:\/\/autate.fr\/site\/telepherique-urbain-sud-contribution-a-lenquete-publique-mars-2019\/#breadcrumb"},"inLanguage":"fr-FR","potentialAction":[{"@type":"ReadAction","target":["https:\/\/autate.fr\/site\/telepherique-urbain-sud-contribution-a-lenquete-publique-mars-2019\/"]}]},{"@type":"ImageObject","inLanguage":"fr-FR","@id":"https:\/\/autate.fr\/site\/telepherique-urbain-sud-contribution-a-lenquete-publique-mars-2019\/#primaryimage","url":"https:\/\/autate.fr\/site\/wp-content\/uploads\/2019\/03\/TUS-1.jpg","contentUrl":"https:\/\/autate.fr\/site\/wp-content\/uploads\/2019\/03\/TUS-1.jpg","width":1086,"height":697},{"@type":"BreadcrumbList","@id":"https:\/\/autate.fr\/site\/telepherique-urbain-sud-contribution-a-lenquete-publique-mars-2019\/#breadcrumb","itemListElement":[{"@type":"ListItem","position":1,"name":"Accueil","item":"https:\/\/autate.fr\/site\/"},{"@type":"ListItem","position":2,"name":"T\u00e9l\u00e9ph\u00e9rique Urbain Sud &#8211; Contribution \u00e0 l\u2019enqu\u00eate publique &#8211; Mars 2019"}]},{"@type":"WebSite","@id":"https:\/\/autate.fr\/site\/#website","url":"https:\/\/autate.fr\/site\/","name":"AUTATE","description":"Association des usagers des transports de l&#039;agglom\u00e9ration Toulousaine et de ses environs","publisher":{"@id":"https:\/\/autate.fr\/site\/#organization"},"potentialAction":[{"@type":"SearchAction","target":{"@type":"EntryPoint","urlTemplate":"https:\/\/autate.fr\/site\/?s={search_term_string}"},"query-input":{"@type":"PropertyValueSpecification","valueRequired":true,"valueName":"search_term_string"}}],"inLanguage":"fr-FR"},{"@type":"Organization","@id":"https:\/\/autate.fr\/site\/#organization","name":"AUTATE","url":"https:\/\/autate.fr\/site\/","logo":{"@type":"ImageObject","inLanguage":"fr-FR","@id":"https:\/\/autate.fr\/site\/#\/schema\/logo\/image\/","url":"http:\/\/autate.fr\/site\/wp-content\/uploads\/2019\/01\/logo.png","contentUrl":"http:\/\/autate.fr\/site\/wp-content\/uploads\/2019\/01\/logo.png","width":506,"height":280,"caption":"AUTATE"},"image":{"@id":"https:\/\/autate.fr\/site\/#\/schema\/logo\/image\/"},"sameAs":["https:\/\/www.facebook.com\/AutateToulouse","https:\/\/x.com\/AutateToulouse"]},{"@type":"Person","@id":"https:\/\/autate.fr\/site\/#\/schema\/person\/5dd2db09ec53d78638dc66bb99c1a96b","name":"Agn\u00e8s D\u00e9fosse","image":{"@type":"ImageObject","inLanguage":"fr-FR","@id":"https:\/\/secure.gravatar.com\/avatar\/95c9cd4b94e5a0c0ea8b60b9bdbb3225980cf1f6d229a870c299992be19d6804?s=96&d=mm&r=g","url":"https:\/\/secure.gravatar.com\/avatar\/95c9cd4b94e5a0c0ea8b60b9bdbb3225980cf1f6d229a870c299992be19d6804?s=96&d=mm&r=g","contentUrl":"https:\/\/secure.gravatar.com\/avatar\/95c9cd4b94e5a0c0ea8b60b9bdbb3225980cf1f6d229a870c299992be19d6804?s=96&d=mm&r=g","caption":"Agn\u00e8s D\u00e9fosse"},"url":"https:\/\/autate.fr\/site\/author\/agnesdefosse\/"}]}},"_links":{"self":[{"href":"https:\/\/autate.fr\/site\/wp-json\/wp\/v2\/posts\/3206","targetHints":{"allow":["GET"]}}],"collection":[{"href":"https:\/\/autate.fr\/site\/wp-json\/wp\/v2\/posts"}],"about":[{"href":"https:\/\/autate.fr\/site\/wp-json\/wp\/v2\/types\/post"}],"author":[{"embeddable":true,"href":"https:\/\/autate.fr\/site\/wp-json\/wp\/v2\/users\/10"}],"replies":[{"embeddable":true,"href":"https:\/\/autate.fr\/site\/wp-json\/wp\/v2\/comments?post=3206"}],"version-history":[{"count":4,"href":"https:\/\/autate.fr\/site\/wp-json\/wp\/v2\/posts\/3206\/revisions"}],"predecessor-version":[{"id":3211,"href":"https:\/\/autate.fr\/site\/wp-json\/wp\/v2\/posts\/3206\/revisions\/3211"}],"wp:featuredmedia":[{"embeddable":true,"href":"https:\/\/autate.fr\/site\/wp-json\/wp\/v2\/media\/3213"}],"wp:attachment":[{"href":"https:\/\/autate.fr\/site\/wp-json\/wp\/v2\/media?parent=3206"}],"wp:term":[{"taxonomy":"category","embeddable":true,"href":"https:\/\/autate.fr\/site\/wp-json\/wp\/v2\/categories?post=3206"},{"taxonomy":"post_tag","embeddable":true,"href":"https:\/\/autate.fr\/site\/wp-json\/wp\/v2\/tags?post=3206"}],"curies":[{"name":"wp","href":"https:\/\/api.w.org\/{rel}","templated":true}]}}