{"id":320,"date":"2016-03-03T11:52:37","date_gmt":"2016-03-03T10:52:37","guid":{"rendered":"http:\/\/autate.fr\/site\/?p=320"},"modified":"2016-03-07T11:56:21","modified_gmt":"2016-03-07T10:56:21","slug":"la-tribune-pas-de-metro-a-labege-le-ceo-de-sigfox-ludovic-le-moan-exprime-sa-colere-dans-une-tribune","status":"publish","type":"post","link":"https:\/\/autate.fr\/site\/la-tribune-pas-de-metro-a-labege-le-ceo-de-sigfox-ludovic-le-moan-exprime-sa-colere-dans-une-tribune\/","title":{"rendered":"[La Tribune] Pas de m\u00e9tro \u00e0 Lab\u00e8ge : le CEO de Sigfox Ludovic Le Moan exprime sa col\u00e8re dans une tribune"},"content":{"rendered":"<p><span class=\"author-name\"> Un article de <a>Florine Gal\u00e9ron et Sophie Arutunian <\/a>publi\u00e9 dans La Tribune le 03\/03\/2016<\/span><\/p>\n<p>Photo R\u00e9mi Beno\u00eet<\/p>\n<p>Ludovic Le Moan est en col\u00e8re. Le CEO de Sigfox et pr\u00e9sident de l&rsquo;IoT Valley, dont l\u2019entreprise est bas\u00e9e \u00e0 Lab\u00e8ge, ne dig\u00e8re pas l\u2019annonce faite cette semaine : il n\u2019y aura pas de prolongement de la ligne B du m\u00e9tro jusqu\u2019\u00e0 Lab\u00e8ge. Dans une virulente tribune publi\u00e9e ce vendredi 4 mars, il interpelle directement Jean-Luc Moudenc, estimant que \u00ab\u00a0Toulouse et son agglom\u00e9ration sont victimes d\u2019un manque de vision\u00a0\u00bb. Jean-Luc Moudenc a r\u00e9pondu en d\u00e9but de soir\u00e9e.<\/p>\n<p>Apr\u00e8s la col\u00e8re des \u00e9lus du Sicoval, c&rsquo;est au tour des chefs d&rsquo;entreprise de monter au cr\u00e9neau apr\u00e8s la mise \u00e0 l&rsquo;arr\u00eat cette semaine du projet de prolongement de la ligne B du m\u00e9tro jusqu&rsquo;\u00e0 Lab\u00e8ge.<\/p>\n<p>Ce vendredi 4 mars, le CEO de Sigfox et pr\u00e9sident de l&rsquo;IoT Valley, Ludovic Le Moan sort de son silence dans une tribune intitul\u00e9e <em>\u00ab\u00a0Toulouse et son agglom\u00e9ration victimes d&rsquo;un manque de vision !\u00a0\u00bb<\/em>.<\/p>\n<p>Il exhorte Jean-Luc Moudenc de \u00ab\u00a0lancer cette prolongation de la ligne B du m\u00e9tro\u00a0\u00bb et s&rsquo;interroge : \u00ab\u00a0Comment peut-on, aujourd&rsquo;hui, imaginer vivre avec une vision aussi \u00e9triqu\u00e9e des enjeux \u00e9conomiques et \u00e9cologiques ?\u00a0\u00bb<\/p>\n<p><a href=\"http:\/\/objectifnews.latribune.fr\/entreprises\/soutien-et-financement\/2016-03-03\/arret-du-plb-le-pdg-de-sigfox-ludovic-le-moan-exprime-sa-colere-dans-une-tribune.html\">lire la suite<\/a><\/p>\n","protected":false},"excerpt":{"rendered":"<p>Un article de Florine Gal\u00e9ron et Sophie Arutunian publi\u00e9 dans La Tribune le 03\/03\/2016 Photo R\u00e9mi Beno\u00eet Ludovic Le Moan est en col\u00e8re. Le CEO de Sigfox et pr\u00e9sident de l&rsquo;IoT Valley, dont l\u2019entreprise est bas\u00e9e \u00e0 Lab\u00e8ge, ne dig\u00e8re pas l\u2019annonce faite cette semaine : il n\u2019y aura pas de prolongement de la ligne<\/p>\n<p class=\"more-link\"><a href=\"https:\/\/autate.fr\/site\/la-tribune-pas-de-metro-a-labege-le-ceo-de-sigfox-ludovic-le-moan-exprime-sa-colere-dans-une-tribune\/\" class=\"themebutton2\">VOIR PLUS<\/a><\/p>\n","protected":false},"author":1,"featured_media":321,"comment_status":"open","ping_status":"open","sticky":false,"template":"","format":"standard","meta":{"footnotes":""},"categories":[7],"tags":[22,83,18,12,17],"class_list":["post-320","post","type-post","status-publish","format-standard","has-post-thumbnail","hentry","category-revue-de-presse","tag-labege","tag-le-moan","tag-ligne-b","tag-metro","tag-plb"],"yoast_head":"<!-- This site is optimized with the Yoast SEO plugin v27.4 - https:\/\/yoast.com\/product\/yoast-seo-wordpress\/ -->\n<title>[La Tribune] Pas de m\u00e9tro \u00e0 Lab\u00e8ge : le CEO de Sigfox Ludovic Le Moan exprime sa col\u00e8re dans une tribune - AUTATE<\/title>\n<meta name=\"robots\" content=\"index, follow, max-snippet:-1, max-image-preview:large, max-video-preview:-1\" \/>\n<link rel=\"canonical\" href=\"https:\/\/autate.fr\/site\/la-tribune-pas-de-metro-a-labege-le-ceo-de-sigfox-ludovic-le-moan-exprime-sa-colere-dans-une-tribune\/\" \/>\n<meta property=\"og:locale\" content=\"fr_FR\" \/>\n<meta property=\"og:type\" content=\"article\" \/>\n<meta property=\"og:title\" content=\"[La Tribune] Pas de m\u00e9tro \u00e0 Lab\u00e8ge : le CEO de Sigfox Ludovic Le Moan exprime sa col\u00e8re dans une tribune - AUTATE\" \/>\n<meta property=\"og:description\" content=\"Un article de Florine Gal\u00e9ron et Sophie Arutunian publi\u00e9 dans La Tribune le 03\/03\/2016 Photo R\u00e9mi Beno\u00eet Ludovic Le Moan est en col\u00e8re. Le CEO de Sigfox et pr\u00e9sident de l&rsquo;IoT Valley, dont l\u2019entreprise est bas\u00e9e \u00e0 Lab\u00e8ge, ne dig\u00e8re pas l\u2019annonce faite cette semaine : il n\u2019y aura pas de prolongement de la ligneVOIR PLUS\" \/>\n<meta property=\"og:url\" content=\"https:\/\/autate.fr\/site\/la-tribune-pas-de-metro-a-labege-le-ceo-de-sigfox-ludovic-le-moan-exprime-sa-colere-dans-une-tribune\/\" \/>\n<meta property=\"og:site_name\" content=\"AUTATE\" \/>\n<meta property=\"article:publisher\" content=\"https:\/\/www.facebook.com\/AutateToulouse\" \/>\n<meta property=\"article:published_time\" content=\"2016-03-03T10:52:37+00:00\" \/>\n<meta property=\"article:modified_time\" content=\"2016-03-07T10:56:21+00:00\" \/>\n<meta property=\"og:image\" content=\"https:\/\/autate.fr\/site\/wp-content\/uploads\/2016\/03\/ludovic-le-moan.jpg\" \/>\n\t<meta property=\"og:image:width\" content=\"612\" \/>\n\t<meta property=\"og:image:height\" content=\"306\" \/>\n\t<meta property=\"og:image:type\" content=\"image\/jpeg\" \/>\n<meta name=\"author\" content=\"pascalbarbier\" \/>\n<meta name=\"twitter:card\" content=\"summary_large_image\" \/>\n<meta name=\"twitter:creator\" content=\"@AutateToulouse\" \/>\n<meta name=\"twitter:site\" content=\"@AutateToulouse\" \/>\n<meta name=\"twitter:label1\" content=\"\u00c9crit par\" \/>\n\t<meta name=\"twitter:data1\" content=\"pascalbarbier\" \/>\n\t<meta name=\"twitter:label2\" content=\"Dur\u00e9e de lecture estim\u00e9e\" \/>\n\t<meta name=\"twitter:data2\" content=\"1 minute\" \/>\n<script type=\"application\/ld+json\" class=\"yoast-schema-graph\">{\"@context\":\"https:\\\/\\\/schema.org\",\"@graph\":[{\"@type\":\"Article\",\"@id\":\"https:\\\/\\\/autate.fr\\\/site\\\/la-tribune-pas-de-metro-a-labege-le-ceo-de-sigfox-ludovic-le-moan-exprime-sa-colere-dans-une-tribune\\\/#article\",\"isPartOf\":{\"@id\":\"https:\\\/\\\/autate.fr\\\/site\\\/la-tribune-pas-de-metro-a-labege-le-ceo-de-sigfox-ludovic-le-moan-exprime-sa-colere-dans-une-tribune\\\/\"},\"author\":{\"name\":\"pascalbarbier\",\"@id\":\"https:\\\/\\\/autate.fr\\\/site\\\/#\\\/schema\\\/person\\\/ae1ab8bdaa7b41d2a9b52d2557ce8254\"},\"headline\":\"[La Tribune] Pas de m\u00e9tro \u00e0 Lab\u00e8ge : le CEO de Sigfox Ludovic Le Moan exprime sa col\u00e8re dans une tribune\",\"datePublished\":\"2016-03-03T10:52:37+00:00\",\"dateModified\":\"2016-03-07T10:56:21+00:00\",\"mainEntityOfPage\":{\"@id\":\"https:\\\/\\\/autate.fr\\\/site\\\/la-tribune-pas-de-metro-a-labege-le-ceo-de-sigfox-ludovic-le-moan-exprime-sa-colere-dans-une-tribune\\\/\"},\"wordCount\":244,\"commentCount\":0,\"publisher\":{\"@id\":\"https:\\\/\\\/autate.fr\\\/site\\\/#organization\"},\"image\":{\"@id\":\"https:\\\/\\\/autate.fr\\\/site\\\/la-tribune-pas-de-metro-a-labege-le-ceo-de-sigfox-ludovic-le-moan-exprime-sa-colere-dans-une-tribune\\\/#primaryimage\"},\"thumbnailUrl\":\"https:\\\/\\\/autate.fr\\\/site\\\/wp-content\\\/uploads\\\/2016\\\/03\\\/ludovic-le-moan.jpg\",\"keywords\":[\"Lab\u00e8ge\",\"le moan\",\"ligne B\",\"m\u00e9tro\",\"PLB\"],\"articleSection\":[\"Revue de presse\"],\"inLanguage\":\"fr-FR\",\"potentialAction\":[{\"@type\":\"CommentAction\",\"name\":\"Comment\",\"target\":[\"https:\\\/\\\/autate.fr\\\/site\\\/la-tribune-pas-de-metro-a-labege-le-ceo-de-sigfox-ludovic-le-moan-exprime-sa-colere-dans-une-tribune\\\/#respond\"]}]},{\"@type\":\"WebPage\",\"@id\":\"https:\\\/\\\/autate.fr\\\/site\\\/la-tribune-pas-de-metro-a-labege-le-ceo-de-sigfox-ludovic-le-moan-exprime-sa-colere-dans-une-tribune\\\/\",\"url\":\"https:\\\/\\\/autate.fr\\\/site\\\/la-tribune-pas-de-metro-a-labege-le-ceo-de-sigfox-ludovic-le-moan-exprime-sa-colere-dans-une-tribune\\\/\",\"name\":\"[La Tribune] Pas de m\u00e9tro \u00e0 Lab\u00e8ge : le CEO de Sigfox Ludovic Le Moan exprime sa col\u00e8re dans une tribune - AUTATE\",\"isPartOf\":{\"@id\":\"https:\\\/\\\/autate.fr\\\/site\\\/#website\"},\"primaryImageOfPage\":{\"@id\":\"https:\\\/\\\/autate.fr\\\/site\\\/la-tribune-pas-de-metro-a-labege-le-ceo-de-sigfox-ludovic-le-moan-exprime-sa-colere-dans-une-tribune\\\/#primaryimage\"},\"image\":{\"@id\":\"https:\\\/\\\/autate.fr\\\/site\\\/la-tribune-pas-de-metro-a-labege-le-ceo-de-sigfox-ludovic-le-moan-exprime-sa-colere-dans-une-tribune\\\/#primaryimage\"},\"thumbnailUrl\":\"https:\\\/\\\/autate.fr\\\/site\\\/wp-content\\\/uploads\\\/2016\\\/03\\\/ludovic-le-moan.jpg\",\"datePublished\":\"2016-03-03T10:52:37+00:00\",\"dateModified\":\"2016-03-07T10:56:21+00:00\",\"breadcrumb\":{\"@id\":\"https:\\\/\\\/autate.fr\\\/site\\\/la-tribune-pas-de-metro-a-labege-le-ceo-de-sigfox-ludovic-le-moan-exprime-sa-colere-dans-une-tribune\\\/#breadcrumb\"},\"inLanguage\":\"fr-FR\",\"potentialAction\":[{\"@type\":\"ReadAction\",\"target\":[\"https:\\\/\\\/autate.fr\\\/site\\\/la-tribune-pas-de-metro-a-labege-le-ceo-de-sigfox-ludovic-le-moan-exprime-sa-colere-dans-une-tribune\\\/\"]}]},{\"@type\":\"ImageObject\",\"inLanguage\":\"fr-FR\",\"@id\":\"https:\\\/\\\/autate.fr\\\/site\\\/la-tribune-pas-de-metro-a-labege-le-ceo-de-sigfox-ludovic-le-moan-exprime-sa-colere-dans-une-tribune\\\/#primaryimage\",\"url\":\"https:\\\/\\\/autate.fr\\\/site\\\/wp-content\\\/uploads\\\/2016\\\/03\\\/ludovic-le-moan.jpg\",\"contentUrl\":\"https:\\\/\\\/autate.fr\\\/site\\\/wp-content\\\/uploads\\\/2016\\\/03\\\/ludovic-le-moan.jpg\",\"width\":612,\"height\":306},{\"@type\":\"BreadcrumbList\",\"@id\":\"https:\\\/\\\/autate.fr\\\/site\\\/la-tribune-pas-de-metro-a-labege-le-ceo-de-sigfox-ludovic-le-moan-exprime-sa-colere-dans-une-tribune\\\/#breadcrumb\",\"itemListElement\":[{\"@type\":\"ListItem\",\"position\":1,\"name\":\"Accueil\",\"item\":\"https:\\\/\\\/autate.fr\\\/site\\\/\"},{\"@type\":\"ListItem\",\"position\":2,\"name\":\"[La Tribune] Pas de m\u00e9tro \u00e0 Lab\u00e8ge : le CEO de Sigfox Ludovic Le Moan exprime sa col\u00e8re dans une tribune\"}]},{\"@type\":\"WebSite\",\"@id\":\"https:\\\/\\\/autate.fr\\\/site\\\/#website\",\"url\":\"https:\\\/\\\/autate.fr\\\/site\\\/\",\"name\":\"AUTATE\",\"description\":\"Association des usagers des transports de l&#039;agglom\u00e9ration Toulousaine et de ses environs\",\"publisher\":{\"@id\":\"https:\\\/\\\/autate.fr\\\/site\\\/#organization\"},\"potentialAction\":[{\"@type\":\"SearchAction\",\"target\":{\"@type\":\"EntryPoint\",\"urlTemplate\":\"https:\\\/\\\/autate.fr\\\/site\\\/?s={search_term_string}\"},\"query-input\":{\"@type\":\"PropertyValueSpecification\",\"valueRequired\":true,\"valueName\":\"search_term_string\"}}],\"inLanguage\":\"fr-FR\"},{\"@type\":\"Organization\",\"@id\":\"https:\\\/\\\/autate.fr\\\/site\\\/#organization\",\"name\":\"AUTATE\",\"url\":\"https:\\\/\\\/autate.fr\\\/site\\\/\",\"logo\":{\"@type\":\"ImageObject\",\"inLanguage\":\"fr-FR\",\"@id\":\"https:\\\/\\\/autate.fr\\\/site\\\/#\\\/schema\\\/logo\\\/image\\\/\",\"url\":\"http:\\\/\\\/autate.fr\\\/site\\\/wp-content\\\/uploads\\\/2019\\\/01\\\/logo.png\",\"contentUrl\":\"http:\\\/\\\/autate.fr\\\/site\\\/wp-content\\\/uploads\\\/2019\\\/01\\\/logo.png\",\"width\":506,\"height\":280,\"caption\":\"AUTATE\"},\"image\":{\"@id\":\"https:\\\/\\\/autate.fr\\\/site\\\/#\\\/schema\\\/logo\\\/image\\\/\"},\"sameAs\":[\"https:\\\/\\\/www.facebook.com\\\/AutateToulouse\",\"https:\\\/\\\/x.com\\\/AutateToulouse\"]},{\"@type\":\"Person\",\"@id\":\"https:\\\/\\\/autate.fr\\\/site\\\/#\\\/schema\\\/person\\\/ae1ab8bdaa7b41d2a9b52d2557ce8254\",\"name\":\"pascalbarbier\",\"image\":{\"@type\":\"ImageObject\",\"inLanguage\":\"fr-FR\",\"@id\":\"https:\\\/\\\/secure.gravatar.com\\\/avatar\\\/03f4e8ced09894b72c67e83142540730d4b3bbf619bf46341b0074e3bf5f08a0?s=96&d=mm&r=g\",\"url\":\"https:\\\/\\\/secure.gravatar.com\\\/avatar\\\/03f4e8ced09894b72c67e83142540730d4b3bbf619bf46341b0074e3bf5f08a0?s=96&d=mm&r=g\",\"contentUrl\":\"https:\\\/\\\/secure.gravatar.com\\\/avatar\\\/03f4e8ced09894b72c67e83142540730d4b3bbf619bf46341b0074e3bf5f08a0?s=96&d=mm&r=g\",\"caption\":\"pascalbarbier\"},\"url\":\"https:\\\/\\\/autate.fr\\\/site\\\/author\\\/pascalbarbier\\\/\"}]}<\/script>\n<!-- \/ Yoast SEO plugin. -->","yoast_head_json":{"title":"[La Tribune] Pas de m\u00e9tro \u00e0 Lab\u00e8ge : le CEO de Sigfox Ludovic Le Moan exprime sa col\u00e8re dans une tribune - AUTATE","robots":{"index":"index","follow":"follow","max-snippet":"max-snippet:-1","max-image-preview":"max-image-preview:large","max-video-preview":"max-video-preview:-1"},"canonical":"https:\/\/autate.fr\/site\/la-tribune-pas-de-metro-a-labege-le-ceo-de-sigfox-ludovic-le-moan-exprime-sa-colere-dans-une-tribune\/","og_locale":"fr_FR","og_type":"article","og_title":"[La Tribune] Pas de m\u00e9tro \u00e0 Lab\u00e8ge : le CEO de Sigfox Ludovic Le Moan exprime sa col\u00e8re dans une tribune - AUTATE","og_description":"Un article de Florine Gal\u00e9ron et Sophie Arutunian publi\u00e9 dans La Tribune le 03\/03\/2016 Photo R\u00e9mi Beno\u00eet Ludovic Le Moan est en col\u00e8re. Le CEO de Sigfox et pr\u00e9sident de l&rsquo;IoT Valley, dont l\u2019entreprise est bas\u00e9e \u00e0 Lab\u00e8ge, ne dig\u00e8re pas l\u2019annonce faite cette semaine : il n\u2019y aura pas de prolongement de la ligneVOIR PLUS","og_url":"https:\/\/autate.fr\/site\/la-tribune-pas-de-metro-a-labege-le-ceo-de-sigfox-ludovic-le-moan-exprime-sa-colere-dans-une-tribune\/","og_site_name":"AUTATE","article_publisher":"https:\/\/www.facebook.com\/AutateToulouse","article_published_time":"2016-03-03T10:52:37+00:00","article_modified_time":"2016-03-07T10:56:21+00:00","og_image":[{"width":612,"height":306,"url":"https:\/\/autate.fr\/site\/wp-content\/uploads\/2016\/03\/ludovic-le-moan.jpg","type":"image\/jpeg"}],"author":"pascalbarbier","twitter_card":"summary_large_image","twitter_creator":"@AutateToulouse","twitter_site":"@AutateToulouse","twitter_misc":{"\u00c9crit par":"pascalbarbier","Dur\u00e9e de lecture estim\u00e9e":"1 minute"},"schema":{"@context":"https:\/\/schema.org","@graph":[{"@type":"Article","@id":"https:\/\/autate.fr\/site\/la-tribune-pas-de-metro-a-labege-le-ceo-de-sigfox-ludovic-le-moan-exprime-sa-colere-dans-une-tribune\/#article","isPartOf":{"@id":"https:\/\/autate.fr\/site\/la-tribune-pas-de-metro-a-labege-le-ceo-de-sigfox-ludovic-le-moan-exprime-sa-colere-dans-une-tribune\/"},"author":{"name":"pascalbarbier","@id":"https:\/\/autate.fr\/site\/#\/schema\/person\/ae1ab8bdaa7b41d2a9b52d2557ce8254"},"headline":"[La Tribune] Pas de m\u00e9tro \u00e0 Lab\u00e8ge : le CEO de Sigfox Ludovic Le Moan exprime sa col\u00e8re dans une tribune","datePublished":"2016-03-03T10:52:37+00:00","dateModified":"2016-03-07T10:56:21+00:00","mainEntityOfPage":{"@id":"https:\/\/autate.fr\/site\/la-tribune-pas-de-metro-a-labege-le-ceo-de-sigfox-ludovic-le-moan-exprime-sa-colere-dans-une-tribune\/"},"wordCount":244,"commentCount":0,"publisher":{"@id":"https:\/\/autate.fr\/site\/#organization"},"image":{"@id":"https:\/\/autate.fr\/site\/la-tribune-pas-de-metro-a-labege-le-ceo-de-sigfox-ludovic-le-moan-exprime-sa-colere-dans-une-tribune\/#primaryimage"},"thumbnailUrl":"https:\/\/autate.fr\/site\/wp-content\/uploads\/2016\/03\/ludovic-le-moan.jpg","keywords":["Lab\u00e8ge","le moan","ligne B","m\u00e9tro","PLB"],"articleSection":["Revue de presse"],"inLanguage":"fr-FR","potentialAction":[{"@type":"CommentAction","name":"Comment","target":["https:\/\/autate.fr\/site\/la-tribune-pas-de-metro-a-labege-le-ceo-de-sigfox-ludovic-le-moan-exprime-sa-colere-dans-une-tribune\/#respond"]}]},{"@type":"WebPage","@id":"https:\/\/autate.fr\/site\/la-tribune-pas-de-metro-a-labege-le-ceo-de-sigfox-ludovic-le-moan-exprime-sa-colere-dans-une-tribune\/","url":"https:\/\/autate.fr\/site\/la-tribune-pas-de-metro-a-labege-le-ceo-de-sigfox-ludovic-le-moan-exprime-sa-colere-dans-une-tribune\/","name":"[La Tribune] Pas de m\u00e9tro \u00e0 Lab\u00e8ge : le CEO de Sigfox Ludovic Le Moan exprime sa col\u00e8re dans une tribune - AUTATE","isPartOf":{"@id":"https:\/\/autate.fr\/site\/#website"},"primaryImageOfPage":{"@id":"https:\/\/autate.fr\/site\/la-tribune-pas-de-metro-a-labege-le-ceo-de-sigfox-ludovic-le-moan-exprime-sa-colere-dans-une-tribune\/#primaryimage"},"image":{"@id":"https:\/\/autate.fr\/site\/la-tribune-pas-de-metro-a-labege-le-ceo-de-sigfox-ludovic-le-moan-exprime-sa-colere-dans-une-tribune\/#primaryimage"},"thumbnailUrl":"https:\/\/autate.fr\/site\/wp-content\/uploads\/2016\/03\/ludovic-le-moan.jpg","datePublished":"2016-03-03T10:52:37+00:00","dateModified":"2016-03-07T10:56:21+00:00","breadcrumb":{"@id":"https:\/\/autate.fr\/site\/la-tribune-pas-de-metro-a-labege-le-ceo-de-sigfox-ludovic-le-moan-exprime-sa-colere-dans-une-tribune\/#breadcrumb"},"inLanguage":"fr-FR","potentialAction":[{"@type":"ReadAction","target":["https:\/\/autate.fr\/site\/la-tribune-pas-de-metro-a-labege-le-ceo-de-sigfox-ludovic-le-moan-exprime-sa-colere-dans-une-tribune\/"]}]},{"@type":"ImageObject","inLanguage":"fr-FR","@id":"https:\/\/autate.fr\/site\/la-tribune-pas-de-metro-a-labege-le-ceo-de-sigfox-ludovic-le-moan-exprime-sa-colere-dans-une-tribune\/#primaryimage","url":"https:\/\/autate.fr\/site\/wp-content\/uploads\/2016\/03\/ludovic-le-moan.jpg","contentUrl":"https:\/\/autate.fr\/site\/wp-content\/uploads\/2016\/03\/ludovic-le-moan.jpg","width":612,"height":306},{"@type":"BreadcrumbList","@id":"https:\/\/autate.fr\/site\/la-tribune-pas-de-metro-a-labege-le-ceo-de-sigfox-ludovic-le-moan-exprime-sa-colere-dans-une-tribune\/#breadcrumb","itemListElement":[{"@type":"ListItem","position":1,"name":"Accueil","item":"https:\/\/autate.fr\/site\/"},{"@type":"ListItem","position":2,"name":"[La Tribune] Pas de m\u00e9tro \u00e0 Lab\u00e8ge : le CEO de Sigfox Ludovic Le Moan exprime sa col\u00e8re dans une tribune"}]},{"@type":"WebSite","@id":"https:\/\/autate.fr\/site\/#website","url":"https:\/\/autate.fr\/site\/","name":"AUTATE","description":"Association des usagers des transports de l&#039;agglom\u00e9ration Toulousaine et de ses environs","publisher":{"@id":"https:\/\/autate.fr\/site\/#organization"},"potentialAction":[{"@type":"SearchAction","target":{"@type":"EntryPoint","urlTemplate":"https:\/\/autate.fr\/site\/?s={search_term_string}"},"query-input":{"@type":"PropertyValueSpecification","valueRequired":true,"valueName":"search_term_string"}}],"inLanguage":"fr-FR"},{"@type":"Organization","@id":"https:\/\/autate.fr\/site\/#organization","name":"AUTATE","url":"https:\/\/autate.fr\/site\/","logo":{"@type":"ImageObject","inLanguage":"fr-FR","@id":"https:\/\/autate.fr\/site\/#\/schema\/logo\/image\/","url":"http:\/\/autate.fr\/site\/wp-content\/uploads\/2019\/01\/logo.png","contentUrl":"http:\/\/autate.fr\/site\/wp-content\/uploads\/2019\/01\/logo.png","width":506,"height":280,"caption":"AUTATE"},"image":{"@id":"https:\/\/autate.fr\/site\/#\/schema\/logo\/image\/"},"sameAs":["https:\/\/www.facebook.com\/AutateToulouse","https:\/\/x.com\/AutateToulouse"]},{"@type":"Person","@id":"https:\/\/autate.fr\/site\/#\/schema\/person\/ae1ab8bdaa7b41d2a9b52d2557ce8254","name":"pascalbarbier","image":{"@type":"ImageObject","inLanguage":"fr-FR","@id":"https:\/\/secure.gravatar.com\/avatar\/03f4e8ced09894b72c67e83142540730d4b3bbf619bf46341b0074e3bf5f08a0?s=96&d=mm&r=g","url":"https:\/\/secure.gravatar.com\/avatar\/03f4e8ced09894b72c67e83142540730d4b3bbf619bf46341b0074e3bf5f08a0?s=96&d=mm&r=g","contentUrl":"https:\/\/secure.gravatar.com\/avatar\/03f4e8ced09894b72c67e83142540730d4b3bbf619bf46341b0074e3bf5f08a0?s=96&d=mm&r=g","caption":"pascalbarbier"},"url":"https:\/\/autate.fr\/site\/author\/pascalbarbier\/"}]}},"_links":{"self":[{"href":"https:\/\/autate.fr\/site\/wp-json\/wp\/v2\/posts\/320","targetHints":{"allow":["GET"]}}],"collection":[{"href":"https:\/\/autate.fr\/site\/wp-json\/wp\/v2\/posts"}],"about":[{"href":"https:\/\/autate.fr\/site\/wp-json\/wp\/v2\/types\/post"}],"author":[{"embeddable":true,"href":"https:\/\/autate.fr\/site\/wp-json\/wp\/v2\/users\/1"}],"replies":[{"embeddable":true,"href":"https:\/\/autate.fr\/site\/wp-json\/wp\/v2\/comments?post=320"}],"version-history":[{"count":1,"href":"https:\/\/autate.fr\/site\/wp-json\/wp\/v2\/posts\/320\/revisions"}],"predecessor-version":[{"id":322,"href":"https:\/\/autate.fr\/site\/wp-json\/wp\/v2\/posts\/320\/revisions\/322"}],"wp:featuredmedia":[{"embeddable":true,"href":"https:\/\/autate.fr\/site\/wp-json\/wp\/v2\/media\/321"}],"wp:attachment":[{"href":"https:\/\/autate.fr\/site\/wp-json\/wp\/v2\/media?parent=320"}],"wp:term":[{"taxonomy":"category","embeddable":true,"href":"https:\/\/autate.fr\/site\/wp-json\/wp\/v2\/categories?post=320"},{"taxonomy":"post_tag","embeddable":true,"href":"https:\/\/autate.fr\/site\/wp-json\/wp\/v2\/tags?post=320"}],"curies":[{"name":"wp","href":"https:\/\/api.w.org\/{rel}","templated":true}]}}