{"id":3198,"date":"2019-03-27T01:15:57","date_gmt":"2019-03-27T00:15:57","guid":{"rendered":"https:\/\/autate.fr\/site\/?p=3198"},"modified":"2025-11-21T21:57:12","modified_gmt":"2025-11-21T20:57:12","slug":"lautate-participe-au-grand-debat-2-2","status":"publish","type":"post","link":"https:\/\/autate.fr\/site\/lautate-participe-au-grand-debat-2-2\/","title":{"rendered":"L\u2019AUTATE participe au Grand D\u00e9bat (2\/2)"},"content":{"rendered":"\n<h2 class=\"wp-block-heading\">R\u00e9duire l&rsquo;utilisation de la voiture &#8211; solutions transports en commun et autres id\u00e9es<\/h2>\n\n\n\n<p><a href=\"https:\/\/granddebat.fr\/projects\/la-transition-ecologique\/collect\/participez-a-la-recherche-collective-de-solutions-1\/proposals\/reduire-lutilisation-des-voiture-solutions-transports-en-commun-et-autres-idees\">https:\/\/granddebat.fr\/projects\/la-transition-ecologique\/collect\/participez-a-la-recherche-collective-de-solutions-1\/proposals\/reduire-lutilisation-des-voiture-solutions-transports-en-commun-et-autres-idees<\/a><\/p>\n\n\n\n<p style=\"color:#ac00ff;font-size:17px;text-align:left\" class=\"has-text-color\">Solutions de transports pour r\u00e9duire l&rsquo;utilisation de la voiture: <\/p>\n\n\n\n<p class=\"has-medium-font-size\">B\u00e2tir l&rsquo;offre de transports collectifs sur une analyse des besoins exprim\u00e9s en assembl\u00e9e bi-annuelle avec les partenaires qui g\u00e8rent les transports, les municipalit\u00e9s et les associations d&rsquo;usagers : <\/p>\n\n\n\n<p>1. rendre obligatoire un Plan de D\u00e9placements avec\n\u00e9valuation annuelle des impacts attendus au niveau des entreprises, au niveau\ndes municipalit\u00e9s, au niveau des usagers via des associations d&rsquo;usagers. <\/p>\n\n\n\n<p>2. Financer \u00e9quitablement tous les modes de transports :\n1\u20ac investit pour la voiture implique 1\u20ac pour le train , 1\u20ac pour les bus , 1\u20ac\npour les modes doux, \u2026.Une place de parking voiture pour une place de parking 2\nroues et une place de parking v\u00e9lo (parkings publics, parkings r\u00e9sidentiels,\nparkings d&rsquo;entreprise, &#8230;) <\/p>\n\n\n\n<p>3. d\u00e9velopper la compl\u00e9mentarit\u00e9 des modes de transports\nen unifiant les structures : un seul gestionnaire train+bus, une seule\ntarification.<\/p>\n\n\n\n<p class=\"has-medium-font-size\">Diminuer la saturation aux heures de pointe : <\/p>\n\n\n\n<p>1. faciliter le t\u00e9l\u00e9travail ou le co-working au niveau\ndes entreprises <\/p>\n\n\n\n<p>2. \u00e9taler les plages horaires d&rsquo;arriv\u00e9es et de d\u00e9parts\ncontraints : au niveau des entreprises avec une souplesse sur les horaires de\ntravail, au niveau des \u00e9coles, coll\u00e8ges, lyc\u00e9es pour \u00e9taler l&rsquo;heure de\nd\u00e9marrage des cours. <\/p>\n\n\n\n<p class=\"has-medium-font-size\">Augmenter les performances des transports collectifs : <\/p>\n\n\n\n<p>1. augmenter le nombre de passages des transports\ncollectifs : tous les bus , tous les trains et pas seulement les LINEOs avec\ndes fr\u00e9quences minimales de 15min. <\/p>\n\n\n\n<p>2. rendre les transports collectifs prioritaires par\nrapport \u00e0 la voiture individuelle (solo) : d\u00e9clenchement des feux tricolores\navec l&rsquo;arriv\u00e9e des bus. <\/p>\n\n\n\n<p>3. d\u00e9dier des voies aux transports collectifs : partager\nl&rsquo;espace existant des voiries en restreignant l&rsquo;acc\u00e8s de certaines rues aux\ntransports collectifs (ce partage peut se faire rapidement sans travaux).\nL&rsquo;exemple des centres-ville pi\u00e9tonniers sans voiture sauf les r\u00e9sidents peut\n\u00eatre \u00e9tendu \u00e0 des rues pour modes doux, des rues pour bus , des rues pour\nvoiture. <\/p>\n\n\n\n<p class=\"has-medium-font-size\">Diminuer les trajets en avion : <\/p>\n\n\n\n<p>1. interdire la vente \u00e0 perte des billets d&rsquo;avion comme\ncela est pratiqu\u00e9 dans l&rsquo;alimentation. <\/p>\n\n\n\n<p>2.\nVid\u00e9o-conf\u00e9rence <\/p>\n\n\n\n<p class=\"has-medium-font-size\">Augmenter l&rsquo;utilisation du covoiturage : <\/p>\n\n\n\n<p>1. agrandir les parkings de covoiturage <\/p>\n\n\n\n<p>2. cr\u00e9er ces parkings de covoiturage l\u00e0 o\u00f9 le besoin est\nconcret : d\u00e9clarer un parking existant comme parking de covoiturage n&rsquo;est pas\nsuffisant si ce parking est mal plac\u00e9 par rapport aux d\u00e9placements. <\/p>\n\n\n\n<p>3. r\u00e9server des places de covoiturage sur les parkings\nd&rsquo;entreprises, d&rsquo;\u00e9coles, \u2026 <\/p>\n\n\n\n<p>4. cr\u00e9er des voies r\u00e9serv\u00e9es au covoiturage <\/p>\n\n\n\n<p>5. appliquer un tarif d\u00e9gressif en fonction du nombre de\npassagers (parkings, p\u00e9ages) <\/p>\n\n\n\n<p class=\"has-medium-font-size\">Augmenter l&rsquo;utilisation des modes doux d\u00e8s le plus jeune \u00e2ge : <\/p>\n\n\n\n<p>1. s\u00e9curiser les acc\u00e8s modes doux par des voies d\u00e9di\u00e9es\n(voir le partage de l&rsquo;espace plus haut dans ce texte) <\/p>\n\n\n\n<p>2. proposer un nombre suffisant de parkings v\u00e9los au\nniveau des \u00e9coles et des habitats r\u00e9sidentiels. <\/p>\n\n\n\n<p>3. cr\u00e9er une signal\u00e9tique chemins pi\u00e9tonniers-pistes\ncyclables tr\u00e8s offensive pour faire la promotion de leur usage. <\/p>\n\n\n\n<p>4. inciter, aider les associations de d\u00e9placement sur le\nlieu scolaire \u00e0 v\u00e9lo ou pedibus, afin que les initiatives ne s\u2019essoufflent pas\ndans les \u00e9coles : garder une continuit\u00e9 dans le temps. <\/p>\n\n\n\n<p class=\"has-medium-font-size\">Diminuer le nombre de voitures individuelles : <\/p>\n\n\n\n<p>1. augmenter le nombre de structures qui proposent des\nlocations de voiture pour des trajets ponctuels : des structures bas\u00e9es sur une\nassociation de citoyens seraient \u00e0 envisager <\/p>\n\n\n\n<p>2. augmenter de fa\u00e7on significative les nombres de\nplaces dans les transports collectifs de fa\u00e7on homog\u00e8ne sur tout le territoire\n: \u00e9galit\u00e9 des choix de transports pour tous. <\/p>\n\n\n\n<p>3. affecter le co\u00fbt \u00e9cologique des d\u00e9placements des\nemploy\u00e9s et des produits \u00e0 l&rsquo;entreprise : le bonus\/malus renforcerait\nl&rsquo;implication au niveau de l&rsquo;entreprise. <\/p>\n\n\n\n<p class=\"has-medium-font-size\">Diminuer les distances parcourues pour les biens de consommation : <\/p>\n\n\n\n<p>1. cr\u00e9er une \u00e9tiquette \u00e9cologique des produits chiffrant\nle nombre de km parcourus, l&rsquo;impact \u00e9cologique : cela laissera le choix aux\nconsommateurs de prioriser les produits locaux <\/p>\n\n\n\n<p>2. cr\u00e9er une taxe \u00e9cologique appliqu\u00e9e aux produits :\npour inciter \u00e0 une production proche de la consommation <\/p>\n\n\n\n<p class=\"has-medium-font-size\">Contr\u00f4ler les utilisations des aides : <\/p>\n\n\n\n<p>1. associer les aides de l&rsquo;\u00e9tat , de la r\u00e9gion, \u2026. \u00e0 un\ncontr\u00f4le du service rendu. Sinon pr\u00e9voir des p\u00e9nalit\u00e9s. Exemple aide pour\nentretenir les rails associ\u00e9e \u00e0 un faible pourcentage de trains en retard.<\/p>\n\n\n\n<p class=\"has-medium-font-size\">Financements : <\/p>\n\n\n\n<p>1. avoir des politiques incitatives qui prennent en compte\nle contexte : choix r\u00e9el de modes de transport dans sa commune. <\/p>\n\n\n\n<p>2. Pr\u00e9lever des taxes sur les \u00e9nergies les plus\npolluantes et affecter ces recettes \u00e0 la diminution de la pollution. \n\n3. R\u00e9affecter ces recettes vers les personnes habitant\nles territoires sous-dimensionn\u00e9s en transports tant que l&rsquo;\u00e9galit\u00e9 de l&rsquo;offre\nn&rsquo;est pas atteinte.\n\n\n\n<\/p>\n","protected":false},"excerpt":{"rendered":"<p>R\u00e9duire l&rsquo;utilisation de la voiture &#8211; solutions transports en commun et autres id\u00e9es https:\/\/granddebat.fr\/projects\/la-transition-ecologique\/collect\/participez-a-la-recherche-collective-de-solutions-1\/proposals\/reduire-lutilisation-des-voiture-solutions-transports-en-commun-et-autres-idees Solutions de transports pour r\u00e9duire l&rsquo;utilisation de la voiture: B\u00e2tir l&rsquo;offre de transports collectifs sur une analyse des besoins exprim\u00e9s en assembl\u00e9e bi-annuelle avec les partenaires qui g\u00e8rent les transports, les municipalit\u00e9s et les associations d&rsquo;usagers : 1. rendre obligatoire un<\/p>\n<p class=\"more-link\"><a href=\"https:\/\/autate.fr\/site\/lautate-participe-au-grand-debat-2-2\/\" class=\"themebutton2\">VOIR PLUS<\/a><\/p>\n","protected":false},"author":10,"featured_media":0,"comment_status":"open","ping_status":"open","sticky":false,"template":"","format":"standard","meta":{"footnotes":""},"categories":[4,500,508,298,265,525,442,490,504,507,509],"tags":[532],"class_list":["post-3198","post","type-post","status-publish","format-standard","hentry","category-actualite-association","category-bus-tisseo","category-gares","category-lineo","category-contribution-au-debat-public-3eme-ligne","category-pdm","category-pollution","category-prix-des-transports","category-temps-de-trajet","category-tram","category-velo","tag-concertation-enquete"],"yoast_head":"<!-- This site is optimized with the Yoast SEO plugin v27.4 - https:\/\/yoast.com\/product\/yoast-seo-wordpress\/ -->\n<title>L\u2019AUTATE participe au Grand D\u00e9bat (2\/2) - AUTATE<\/title>\n<meta name=\"robots\" content=\"index, follow, max-snippet:-1, max-image-preview:large, max-video-preview:-1\" \/>\n<link rel=\"canonical\" href=\"https:\/\/autate.fr\/site\/lautate-participe-au-grand-debat-2-2\/\" \/>\n<meta property=\"og:locale\" content=\"fr_FR\" \/>\n<meta property=\"og:type\" content=\"article\" \/>\n<meta property=\"og:title\" content=\"L\u2019AUTATE participe au Grand D\u00e9bat (2\/2) - AUTATE\" \/>\n<meta property=\"og:description\" content=\"R\u00e9duire l&rsquo;utilisation de la voiture &#8211; solutions transports en commun et autres id\u00e9es https:\/\/granddebat.fr\/projects\/la-transition-ecologique\/collect\/participez-a-la-recherche-collective-de-solutions-1\/proposals\/reduire-lutilisation-des-voiture-solutions-transports-en-commun-et-autres-idees Solutions de transports pour r\u00e9duire l&rsquo;utilisation de la voiture: B\u00e2tir l&rsquo;offre de transports collectifs sur une analyse des besoins exprim\u00e9s en assembl\u00e9e bi-annuelle avec les partenaires qui g\u00e8rent les transports, les municipalit\u00e9s et les associations d&rsquo;usagers : 1. rendre obligatoire unVOIR PLUS\" \/>\n<meta property=\"og:url\" content=\"https:\/\/autate.fr\/site\/lautate-participe-au-grand-debat-2-2\/\" \/>\n<meta property=\"og:site_name\" content=\"AUTATE\" \/>\n<meta property=\"article:publisher\" content=\"https:\/\/www.facebook.com\/AutateToulouse\" \/>\n<meta property=\"article:published_time\" content=\"2019-03-27T00:15:57+00:00\" \/>\n<meta property=\"article:modified_time\" content=\"2025-11-21T20:57:12+00:00\" \/>\n<meta name=\"author\" content=\"Agn\u00e8s D\u00e9fosse\" \/>\n<meta name=\"twitter:card\" content=\"summary_large_image\" \/>\n<meta name=\"twitter:creator\" content=\"@AutateToulouse\" \/>\n<meta name=\"twitter:site\" content=\"@AutateToulouse\" \/>\n<meta name=\"twitter:label1\" content=\"\u00c9crit par\" \/>\n\t<meta name=\"twitter:data1\" content=\"Agn\u00e8s D\u00e9fosse\" \/>\n\t<meta name=\"twitter:label2\" content=\"Dur\u00e9e de lecture estim\u00e9e\" \/>\n\t<meta name=\"twitter:data2\" content=\"4 minutes\" \/>\n<script type=\"application\/ld+json\" class=\"yoast-schema-graph\">{\"@context\":\"https:\\\/\\\/schema.org\",\"@graph\":[{\"@type\":\"Article\",\"@id\":\"https:\\\/\\\/autate.fr\\\/site\\\/lautate-participe-au-grand-debat-2-2\\\/#article\",\"isPartOf\":{\"@id\":\"https:\\\/\\\/autate.fr\\\/site\\\/lautate-participe-au-grand-debat-2-2\\\/\"},\"author\":{\"name\":\"Agn\u00e8s D\u00e9fosse\",\"@id\":\"https:\\\/\\\/autate.fr\\\/site\\\/#\\\/schema\\\/person\\\/5dd2db09ec53d78638dc66bb99c1a96b\"},\"headline\":\"L\u2019AUTATE participe au Grand D\u00e9bat (2\\\/2)\",\"datePublished\":\"2019-03-27T00:15:57+00:00\",\"dateModified\":\"2025-11-21T20:57:12+00:00\",\"mainEntityOfPage\":{\"@id\":\"https:\\\/\\\/autate.fr\\\/site\\\/lautate-participe-au-grand-debat-2-2\\\/\"},\"wordCount\":785,\"commentCount\":0,\"publisher\":{\"@id\":\"https:\\\/\\\/autate.fr\\\/site\\\/#organization\"},\"keywords\":[\"concertation-enqu\u00eate\"],\"articleSection\":[\"Actualit\u00e9s-AUTATE\",\"Bus Tisseo\",\"Gares-SERM\",\"Lin\u00e9o\",\"M\u00e9tro\",\"PlanDeMobilit\u00e9\",\"Pollution\",\"Prix des transports\",\"temps de trajet\",\"tram\",\"v\u00e9lo\"],\"inLanguage\":\"fr-FR\",\"potentialAction\":[{\"@type\":\"CommentAction\",\"name\":\"Comment\",\"target\":[\"https:\\\/\\\/autate.fr\\\/site\\\/lautate-participe-au-grand-debat-2-2\\\/#respond\"]}]},{\"@type\":\"WebPage\",\"@id\":\"https:\\\/\\\/autate.fr\\\/site\\\/lautate-participe-au-grand-debat-2-2\\\/\",\"url\":\"https:\\\/\\\/autate.fr\\\/site\\\/lautate-participe-au-grand-debat-2-2\\\/\",\"name\":\"L\u2019AUTATE participe au Grand D\u00e9bat (2\\\/2) - AUTATE\",\"isPartOf\":{\"@id\":\"https:\\\/\\\/autate.fr\\\/site\\\/#website\"},\"datePublished\":\"2019-03-27T00:15:57+00:00\",\"dateModified\":\"2025-11-21T20:57:12+00:00\",\"breadcrumb\":{\"@id\":\"https:\\\/\\\/autate.fr\\\/site\\\/lautate-participe-au-grand-debat-2-2\\\/#breadcrumb\"},\"inLanguage\":\"fr-FR\",\"potentialAction\":[{\"@type\":\"ReadAction\",\"target\":[\"https:\\\/\\\/autate.fr\\\/site\\\/lautate-participe-au-grand-debat-2-2\\\/\"]}]},{\"@type\":\"BreadcrumbList\",\"@id\":\"https:\\\/\\\/autate.fr\\\/site\\\/lautate-participe-au-grand-debat-2-2\\\/#breadcrumb\",\"itemListElement\":[{\"@type\":\"ListItem\",\"position\":1,\"name\":\"Accueil\",\"item\":\"https:\\\/\\\/autate.fr\\\/site\\\/\"},{\"@type\":\"ListItem\",\"position\":2,\"name\":\"L\u2019AUTATE participe au Grand D\u00e9bat (2\\\/2)\"}]},{\"@type\":\"WebSite\",\"@id\":\"https:\\\/\\\/autate.fr\\\/site\\\/#website\",\"url\":\"https:\\\/\\\/autate.fr\\\/site\\\/\",\"name\":\"AUTATE\",\"description\":\"Association des usagers des transports de l&#039;agglom\u00e9ration Toulousaine et de ses environs\",\"publisher\":{\"@id\":\"https:\\\/\\\/autate.fr\\\/site\\\/#organization\"},\"potentialAction\":[{\"@type\":\"SearchAction\",\"target\":{\"@type\":\"EntryPoint\",\"urlTemplate\":\"https:\\\/\\\/autate.fr\\\/site\\\/?s={search_term_string}\"},\"query-input\":{\"@type\":\"PropertyValueSpecification\",\"valueRequired\":true,\"valueName\":\"search_term_string\"}}],\"inLanguage\":\"fr-FR\"},{\"@type\":\"Organization\",\"@id\":\"https:\\\/\\\/autate.fr\\\/site\\\/#organization\",\"name\":\"AUTATE\",\"url\":\"https:\\\/\\\/autate.fr\\\/site\\\/\",\"logo\":{\"@type\":\"ImageObject\",\"inLanguage\":\"fr-FR\",\"@id\":\"https:\\\/\\\/autate.fr\\\/site\\\/#\\\/schema\\\/logo\\\/image\\\/\",\"url\":\"http:\\\/\\\/autate.fr\\\/site\\\/wp-content\\\/uploads\\\/2019\\\/01\\\/logo.png\",\"contentUrl\":\"http:\\\/\\\/autate.fr\\\/site\\\/wp-content\\\/uploads\\\/2019\\\/01\\\/logo.png\",\"width\":506,\"height\":280,\"caption\":\"AUTATE\"},\"image\":{\"@id\":\"https:\\\/\\\/autate.fr\\\/site\\\/#\\\/schema\\\/logo\\\/image\\\/\"},\"sameAs\":[\"https:\\\/\\\/www.facebook.com\\\/AutateToulouse\",\"https:\\\/\\\/x.com\\\/AutateToulouse\"]},{\"@type\":\"Person\",\"@id\":\"https:\\\/\\\/autate.fr\\\/site\\\/#\\\/schema\\\/person\\\/5dd2db09ec53d78638dc66bb99c1a96b\",\"name\":\"Agn\u00e8s D\u00e9fosse\",\"image\":{\"@type\":\"ImageObject\",\"inLanguage\":\"fr-FR\",\"@id\":\"https:\\\/\\\/secure.gravatar.com\\\/avatar\\\/95c9cd4b94e5a0c0ea8b60b9bdbb3225980cf1f6d229a870c299992be19d6804?s=96&d=mm&r=g\",\"url\":\"https:\\\/\\\/secure.gravatar.com\\\/avatar\\\/95c9cd4b94e5a0c0ea8b60b9bdbb3225980cf1f6d229a870c299992be19d6804?s=96&d=mm&r=g\",\"contentUrl\":\"https:\\\/\\\/secure.gravatar.com\\\/avatar\\\/95c9cd4b94e5a0c0ea8b60b9bdbb3225980cf1f6d229a870c299992be19d6804?s=96&d=mm&r=g\",\"caption\":\"Agn\u00e8s D\u00e9fosse\"},\"url\":\"https:\\\/\\\/autate.fr\\\/site\\\/author\\\/agnesdefosse\\\/\"}]}<\/script>\n<!-- \/ Yoast SEO plugin. -->","yoast_head_json":{"title":"L\u2019AUTATE participe au Grand D\u00e9bat (2\/2) - AUTATE","robots":{"index":"index","follow":"follow","max-snippet":"max-snippet:-1","max-image-preview":"max-image-preview:large","max-video-preview":"max-video-preview:-1"},"canonical":"https:\/\/autate.fr\/site\/lautate-participe-au-grand-debat-2-2\/","og_locale":"fr_FR","og_type":"article","og_title":"L\u2019AUTATE participe au Grand D\u00e9bat (2\/2) - AUTATE","og_description":"R\u00e9duire l&rsquo;utilisation de la voiture &#8211; solutions transports en commun et autres id\u00e9es https:\/\/granddebat.fr\/projects\/la-transition-ecologique\/collect\/participez-a-la-recherche-collective-de-solutions-1\/proposals\/reduire-lutilisation-des-voiture-solutions-transports-en-commun-et-autres-idees Solutions de transports pour r\u00e9duire l&rsquo;utilisation de la voiture: B\u00e2tir l&rsquo;offre de transports collectifs sur une analyse des besoins exprim\u00e9s en assembl\u00e9e bi-annuelle avec les partenaires qui g\u00e8rent les transports, les municipalit\u00e9s et les associations d&rsquo;usagers : 1. rendre obligatoire unVOIR PLUS","og_url":"https:\/\/autate.fr\/site\/lautate-participe-au-grand-debat-2-2\/","og_site_name":"AUTATE","article_publisher":"https:\/\/www.facebook.com\/AutateToulouse","article_published_time":"2019-03-27T00:15:57+00:00","article_modified_time":"2025-11-21T20:57:12+00:00","author":"Agn\u00e8s D\u00e9fosse","twitter_card":"summary_large_image","twitter_creator":"@AutateToulouse","twitter_site":"@AutateToulouse","twitter_misc":{"\u00c9crit par":"Agn\u00e8s D\u00e9fosse","Dur\u00e9e de lecture estim\u00e9e":"4 minutes"},"schema":{"@context":"https:\/\/schema.org","@graph":[{"@type":"Article","@id":"https:\/\/autate.fr\/site\/lautate-participe-au-grand-debat-2-2\/#article","isPartOf":{"@id":"https:\/\/autate.fr\/site\/lautate-participe-au-grand-debat-2-2\/"},"author":{"name":"Agn\u00e8s D\u00e9fosse","@id":"https:\/\/autate.fr\/site\/#\/schema\/person\/5dd2db09ec53d78638dc66bb99c1a96b"},"headline":"L\u2019AUTATE participe au Grand D\u00e9bat (2\/2)","datePublished":"2019-03-27T00:15:57+00:00","dateModified":"2025-11-21T20:57:12+00:00","mainEntityOfPage":{"@id":"https:\/\/autate.fr\/site\/lautate-participe-au-grand-debat-2-2\/"},"wordCount":785,"commentCount":0,"publisher":{"@id":"https:\/\/autate.fr\/site\/#organization"},"keywords":["concertation-enqu\u00eate"],"articleSection":["Actualit\u00e9s-AUTATE","Bus Tisseo","Gares-SERM","Lin\u00e9o","M\u00e9tro","PlanDeMobilit\u00e9","Pollution","Prix des transports","temps de trajet","tram","v\u00e9lo"],"inLanguage":"fr-FR","potentialAction":[{"@type":"CommentAction","name":"Comment","target":["https:\/\/autate.fr\/site\/lautate-participe-au-grand-debat-2-2\/#respond"]}]},{"@type":"WebPage","@id":"https:\/\/autate.fr\/site\/lautate-participe-au-grand-debat-2-2\/","url":"https:\/\/autate.fr\/site\/lautate-participe-au-grand-debat-2-2\/","name":"L\u2019AUTATE participe au Grand D\u00e9bat (2\/2) - AUTATE","isPartOf":{"@id":"https:\/\/autate.fr\/site\/#website"},"datePublished":"2019-03-27T00:15:57+00:00","dateModified":"2025-11-21T20:57:12+00:00","breadcrumb":{"@id":"https:\/\/autate.fr\/site\/lautate-participe-au-grand-debat-2-2\/#breadcrumb"},"inLanguage":"fr-FR","potentialAction":[{"@type":"ReadAction","target":["https:\/\/autate.fr\/site\/lautate-participe-au-grand-debat-2-2\/"]}]},{"@type":"BreadcrumbList","@id":"https:\/\/autate.fr\/site\/lautate-participe-au-grand-debat-2-2\/#breadcrumb","itemListElement":[{"@type":"ListItem","position":1,"name":"Accueil","item":"https:\/\/autate.fr\/site\/"},{"@type":"ListItem","position":2,"name":"L\u2019AUTATE participe au Grand D\u00e9bat (2\/2)"}]},{"@type":"WebSite","@id":"https:\/\/autate.fr\/site\/#website","url":"https:\/\/autate.fr\/site\/","name":"AUTATE","description":"Association des usagers des transports de l&#039;agglom\u00e9ration Toulousaine et de ses environs","publisher":{"@id":"https:\/\/autate.fr\/site\/#organization"},"potentialAction":[{"@type":"SearchAction","target":{"@type":"EntryPoint","urlTemplate":"https:\/\/autate.fr\/site\/?s={search_term_string}"},"query-input":{"@type":"PropertyValueSpecification","valueRequired":true,"valueName":"search_term_string"}}],"inLanguage":"fr-FR"},{"@type":"Organization","@id":"https:\/\/autate.fr\/site\/#organization","name":"AUTATE","url":"https:\/\/autate.fr\/site\/","logo":{"@type":"ImageObject","inLanguage":"fr-FR","@id":"https:\/\/autate.fr\/site\/#\/schema\/logo\/image\/","url":"http:\/\/autate.fr\/site\/wp-content\/uploads\/2019\/01\/logo.png","contentUrl":"http:\/\/autate.fr\/site\/wp-content\/uploads\/2019\/01\/logo.png","width":506,"height":280,"caption":"AUTATE"},"image":{"@id":"https:\/\/autate.fr\/site\/#\/schema\/logo\/image\/"},"sameAs":["https:\/\/www.facebook.com\/AutateToulouse","https:\/\/x.com\/AutateToulouse"]},{"@type":"Person","@id":"https:\/\/autate.fr\/site\/#\/schema\/person\/5dd2db09ec53d78638dc66bb99c1a96b","name":"Agn\u00e8s D\u00e9fosse","image":{"@type":"ImageObject","inLanguage":"fr-FR","@id":"https:\/\/secure.gravatar.com\/avatar\/95c9cd4b94e5a0c0ea8b60b9bdbb3225980cf1f6d229a870c299992be19d6804?s=96&d=mm&r=g","url":"https:\/\/secure.gravatar.com\/avatar\/95c9cd4b94e5a0c0ea8b60b9bdbb3225980cf1f6d229a870c299992be19d6804?s=96&d=mm&r=g","contentUrl":"https:\/\/secure.gravatar.com\/avatar\/95c9cd4b94e5a0c0ea8b60b9bdbb3225980cf1f6d229a870c299992be19d6804?s=96&d=mm&r=g","caption":"Agn\u00e8s D\u00e9fosse"},"url":"https:\/\/autate.fr\/site\/author\/agnesdefosse\/"}]}},"_links":{"self":[{"href":"https:\/\/autate.fr\/site\/wp-json\/wp\/v2\/posts\/3198","targetHints":{"allow":["GET"]}}],"collection":[{"href":"https:\/\/autate.fr\/site\/wp-json\/wp\/v2\/posts"}],"about":[{"href":"https:\/\/autate.fr\/site\/wp-json\/wp\/v2\/types\/post"}],"author":[{"embeddable":true,"href":"https:\/\/autate.fr\/site\/wp-json\/wp\/v2\/users\/10"}],"replies":[{"embeddable":true,"href":"https:\/\/autate.fr\/site\/wp-json\/wp\/v2\/comments?post=3198"}],"version-history":[{"count":7,"href":"https:\/\/autate.fr\/site\/wp-json\/wp\/v2\/posts\/3198\/revisions"}],"predecessor-version":[{"id":3205,"href":"https:\/\/autate.fr\/site\/wp-json\/wp\/v2\/posts\/3198\/revisions\/3205"}],"wp:attachment":[{"href":"https:\/\/autate.fr\/site\/wp-json\/wp\/v2\/media?parent=3198"}],"wp:term":[{"taxonomy":"category","embeddable":true,"href":"https:\/\/autate.fr\/site\/wp-json\/wp\/v2\/categories?post=3198"},{"taxonomy":"post_tag","embeddable":true,"href":"https:\/\/autate.fr\/site\/wp-json\/wp\/v2\/tags?post=3198"}],"curies":[{"name":"wp","href":"https:\/\/api.w.org\/{rel}","templated":true}]}}