{"id":3192,"date":"2019-03-27T00:57:42","date_gmt":"2019-03-26T23:57:42","guid":{"rendered":"https:\/\/autate.fr\/site\/?p=3192"},"modified":"2025-11-21T22:01:08","modified_gmt":"2025-11-21T21:01:08","slug":"lautate-participe-au-grand-debat-1-2","status":"publish","type":"post","link":"https:\/\/autate.fr\/site\/lautate-participe-au-grand-debat-1-2\/","title":{"rendered":"L&rsquo;AUTATE participe au Grand D\u00e9bat (1\/2)"},"content":{"rendered":"\n<h2 class=\"wp-block-heading\">R\u00e9duction des embouteillages et am\u00e9lioration de la qualit\u00e9 de l&rsquo;air: le\ncollectif du d\u00e9sert de l&rsquo;ouest r\u00e9clame un transport en commun efficace<\/h2>\n\n\n\n<p><a href=\"https:\/\/granddebat.fr\/projects\/la-transition-ecologique\/collect\/participez-a-la-recherche-collective-de-solutions-1\/proposals\/un-secteur-oublie-le-collectif-du-desert-de-louest-reclame-un-transport-en-commun-efficace\">https:\/\/granddebat.fr\/projects\/la-transition-ecologique\/collect\/participez-a-la-recherche-collective-de-solutions-1\/proposals\/un-secteur-oublie-le-collectif-du-desert-de-louest-reclame-un-transport-en-commun-efficace<\/a><\/p>\n\n\n\n<p class=\"has-background has-medium-font-size has-light-green-cyan-background-color\">\nNous avons r\u00e9pondu au questionnaire propos\u00e9 sur le site:\n\n<\/p>\n\n\n\n<p>AUTATE, le 14 mars 2019 \u00e0 22:14 \u2022 Modifi\u00e9 le 14 mars\n2019 \u00e0 22:24<\/p>\n\n\n\n<h4 class=\"wp-block-heading\">Quel est aujourd&rsquo;hui pour vous le probl\u00e8me concret le plus important dans\nle domaine de l&rsquo;environnement ?<\/h4>\n\n\n\n<p>La pollution de l&rsquo;air<\/p>\n\n\n\n<h4 class=\"wp-block-heading\">Que faudrait-il faire selon vous pour apporter des r\u00e9ponses \u00e0 ce probl\u00e8me ?<\/h4>\n\n\n\n<p>R\u00e9duire l&rsquo;utilisation de la voiture dans les grandes agglom\u00e9rations<\/p>\n\n\n\n<h4 class=\"wp-block-heading\">Diriez-vous que votre vie quotidienne est aujourd&rsquo;hui touch\u00e9e par le\nchangement climatique ?<\/h4>\n\n\n\n<p>Oui<\/p>\n\n\n\n<h4 class=\"wp-block-heading\">\u00c0 titre personnel, pensez-vous pouvoir contribuer \u00e0 prot\u00e9ger\nl&rsquo;environnement ?<\/h4>\n\n\n\n<p>Oui<\/p>\n\n\n\n<h4 class=\"wp-block-heading\">Si oui, que faites-vous aujourd&rsquo;hui pour prot\u00e9ger l&rsquo;environnement et\/ou que\npourriez-vous faire ?<\/h4>\n\n\n\n<p>Les objectifs de notre association d&rsquo;usagers (AUTATE: Association des\nUsagers des Transports de l&rsquo;Agglom\u00e9ration Toulousaine et de ses Environs) sont\nd&rsquo;informer les usag\u00e8res et usagers des transports et leur permettre d\u2019exprimer\nleurs difficult\u00e9s au quotidien ainsi que de les repr\u00e9senter aupr\u00e8s des\ninstances et des pouvoirs publics.<\/p>\n\n\n\n<h4 class=\"wp-block-heading\">Si oui, que faudrait-il faire pour vous convaincre ou vous aider \u00e0 utiliser\nces solutions alternatives ?<\/h4>\n\n\n\n<p>Il faut des alternatives \u00e0 la voiture qui soient efficaces. Notre\nassociation milite en particulier pour des transports en commun sur des voies\nd\u00e9di\u00e9es afin d&rsquo;assurer la rapidit\u00e9 et la r\u00e9gularit\u00e9.<\/p>\n\n\n\n<h4 class=\"wp-block-heading\">Si non, quelles sont les solutions de mobilit\u00e9 alternatives que vous\nsouhaiteriez pouvoir utiliser ?<\/h4>\n\n\n\n<p>Les transports en commun<\/p>\n\n\n\n<h4 class=\"wp-block-heading\">Y a-t-il d&rsquo;autres points sur la transition \u00e9cologique sur lesquels vous\nsouhaiteriez vous exprimer ?<\/h4>\n\n\n\n<p>Le collectif \u00ab le D\u00e9sert de l\u2019Ouest de la M\u00e9tropole \u00bb rassemble des habitants des communes de l\u2019ouest de Toulouse (forte zone d\u2019emploi a\u00e9ronautique). Il est soutenu par l&rsquo;AUTATE (Association des Usagers des Transports de l&rsquo;Agglom\u00e9ration Toulousaine et de ses Environs). <\/p>\n\n\n\n<p>Dans l&rsquo;ouest de Toulouse, seulement 8% des d\u00e9placements se font en transport en commun contre 72% en voiture. Ceci est d\u00fb \u00e0 la faible offre de transports en commun et \u00e0 son manque d\u2019efficacit\u00e9. Le PDU est b\u00e2ti autour de la r\u00e9alisation d\u2019une 3\u00e8me ligne de m\u00e9tro, qui repr\u00e9sente les deux tiers du budget. Les autres projets ne sont pas \u00e0 la hauteur des besoins d\u2019une population en constante croissance. Le collectif a fait des propositions alternatives, non entendues jusque-l\u00e0 : <\/p>\n\n\n\n<p>&#8211; Mettre en site propre les bus structurants sur l\u2019ensemble de leurs parcours.<\/p>\n\n\n\n<p> &#8211; Prolonger la ligne A du m\u00e9tro et la ligne C (RER) vers l\u2019ouest et augmenter la fr\u00e9quence de cette derni\u00e8re. <\/p>\n\n\n\n<p>&#8211; Cr\u00e9er une ligne tram-train pour assurer les liaisons transversales entre villes de banlieue, et pr\u00e9voir des parking-relais aux principales gares.<\/p>\n","protected":false},"excerpt":{"rendered":"<p>R\u00e9duction des embouteillages et am\u00e9lioration de la qualit\u00e9 de l&rsquo;air: le collectif du d\u00e9sert de l&rsquo;ouest r\u00e9clame un transport en commun efficace https:\/\/granddebat.fr\/projects\/la-transition-ecologique\/collect\/participez-a-la-recherche-collective-de-solutions-1\/proposals\/un-secteur-oublie-le-collectif-du-desert-de-louest-reclame-un-transport-en-commun-efficace Nous avons r\u00e9pondu au questionnaire propos\u00e9 sur le site: AUTATE, le 14 mars 2019 \u00e0 22:14 \u2022 Modifi\u00e9 le 14 mars 2019 \u00e0 22:24 Quel est aujourd&rsquo;hui pour vous le probl\u00e8me concret<\/p>\n<p class=\"more-link\"><a href=\"https:\/\/autate.fr\/site\/lautate-participe-au-grand-debat-1-2\/\" class=\"themebutton2\">VOIR PLUS<\/a><\/p>\n","protected":false},"author":10,"featured_media":0,"comment_status":"open","ping_status":"open","sticky":false,"template":"","format":"standard","meta":{"footnotes":""},"categories":[4,500,508,298,265,525,442],"tags":[532],"class_list":["post-3192","post","type-post","status-publish","format-standard","hentry","category-actualite-association","category-bus-tisseo","category-gares","category-lineo","category-contribution-au-debat-public-3eme-ligne","category-pdm","category-pollution","tag-concertation-enquete"],"yoast_head":"<!-- This site is optimized with the Yoast SEO plugin v27.4 - https:\/\/yoast.com\/product\/yoast-seo-wordpress\/ -->\n<title>L&#039;AUTATE participe au Grand D\u00e9bat (1\/2) - AUTATE<\/title>\n<meta name=\"robots\" content=\"index, follow, max-snippet:-1, max-image-preview:large, max-video-preview:-1\" \/>\n<link rel=\"canonical\" href=\"https:\/\/autate.fr\/site\/lautate-participe-au-grand-debat-1-2\/\" \/>\n<meta property=\"og:locale\" content=\"fr_FR\" \/>\n<meta property=\"og:type\" content=\"article\" \/>\n<meta property=\"og:title\" content=\"L&#039;AUTATE participe au Grand D\u00e9bat (1\/2) - AUTATE\" \/>\n<meta property=\"og:description\" content=\"R\u00e9duction des embouteillages et am\u00e9lioration de la qualit\u00e9 de l&rsquo;air: le collectif du d\u00e9sert de l&rsquo;ouest r\u00e9clame un transport en commun efficace https:\/\/granddebat.fr\/projects\/la-transition-ecologique\/collect\/participez-a-la-recherche-collective-de-solutions-1\/proposals\/un-secteur-oublie-le-collectif-du-desert-de-louest-reclame-un-transport-en-commun-efficace Nous avons r\u00e9pondu au questionnaire propos\u00e9 sur le site: AUTATE, le 14 mars 2019 \u00e0 22:14 \u2022 Modifi\u00e9 le 14 mars 2019 \u00e0 22:24 Quel est aujourd&rsquo;hui pour vous le probl\u00e8me concretVOIR PLUS\" \/>\n<meta property=\"og:url\" content=\"https:\/\/autate.fr\/site\/lautate-participe-au-grand-debat-1-2\/\" \/>\n<meta property=\"og:site_name\" content=\"AUTATE\" \/>\n<meta property=\"article:publisher\" content=\"https:\/\/www.facebook.com\/AutateToulouse\" \/>\n<meta property=\"article:published_time\" content=\"2019-03-26T23:57:42+00:00\" \/>\n<meta property=\"article:modified_time\" content=\"2025-11-21T21:01:08+00:00\" \/>\n<meta name=\"author\" content=\"Agn\u00e8s D\u00e9fosse\" \/>\n<meta name=\"twitter:card\" content=\"summary_large_image\" \/>\n<meta name=\"twitter:creator\" content=\"@AutateToulouse\" \/>\n<meta name=\"twitter:site\" content=\"@AutateToulouse\" \/>\n<meta name=\"twitter:label1\" content=\"\u00c9crit par\" \/>\n\t<meta name=\"twitter:data1\" content=\"Agn\u00e8s D\u00e9fosse\" \/>\n\t<meta name=\"twitter:label2\" content=\"Dur\u00e9e de lecture estim\u00e9e\" \/>\n\t<meta name=\"twitter:data2\" content=\"2 minutes\" \/>\n<script type=\"application\/ld+json\" class=\"yoast-schema-graph\">{\"@context\":\"https:\\\/\\\/schema.org\",\"@graph\":[{\"@type\":\"Article\",\"@id\":\"https:\\\/\\\/autate.fr\\\/site\\\/lautate-participe-au-grand-debat-1-2\\\/#article\",\"isPartOf\":{\"@id\":\"https:\\\/\\\/autate.fr\\\/site\\\/lautate-participe-au-grand-debat-1-2\\\/\"},\"author\":{\"name\":\"Agn\u00e8s D\u00e9fosse\",\"@id\":\"https:\\\/\\\/autate.fr\\\/site\\\/#\\\/schema\\\/person\\\/5dd2db09ec53d78638dc66bb99c1a96b\"},\"headline\":\"L&rsquo;AUTATE participe au Grand D\u00e9bat (1\\\/2)\",\"datePublished\":\"2019-03-26T23:57:42+00:00\",\"dateModified\":\"2025-11-21T21:01:08+00:00\",\"mainEntityOfPage\":{\"@id\":\"https:\\\/\\\/autate.fr\\\/site\\\/lautate-participe-au-grand-debat-1-2\\\/\"},\"wordCount\":463,\"commentCount\":0,\"publisher\":{\"@id\":\"https:\\\/\\\/autate.fr\\\/site\\\/#organization\"},\"keywords\":[\"concertation-enqu\u00eate\"],\"articleSection\":[\"Actualit\u00e9s-AUTATE\",\"Bus Tisseo\",\"Gares-SERM\",\"Lin\u00e9o\",\"M\u00e9tro\",\"PlanDeMobilit\u00e9\",\"Pollution\"],\"inLanguage\":\"fr-FR\",\"potentialAction\":[{\"@type\":\"CommentAction\",\"name\":\"Comment\",\"target\":[\"https:\\\/\\\/autate.fr\\\/site\\\/lautate-participe-au-grand-debat-1-2\\\/#respond\"]}]},{\"@type\":\"WebPage\",\"@id\":\"https:\\\/\\\/autate.fr\\\/site\\\/lautate-participe-au-grand-debat-1-2\\\/\",\"url\":\"https:\\\/\\\/autate.fr\\\/site\\\/lautate-participe-au-grand-debat-1-2\\\/\",\"name\":\"L'AUTATE participe au Grand D\u00e9bat (1\\\/2) - AUTATE\",\"isPartOf\":{\"@id\":\"https:\\\/\\\/autate.fr\\\/site\\\/#website\"},\"datePublished\":\"2019-03-26T23:57:42+00:00\",\"dateModified\":\"2025-11-21T21:01:08+00:00\",\"breadcrumb\":{\"@id\":\"https:\\\/\\\/autate.fr\\\/site\\\/lautate-participe-au-grand-debat-1-2\\\/#breadcrumb\"},\"inLanguage\":\"fr-FR\",\"potentialAction\":[{\"@type\":\"ReadAction\",\"target\":[\"https:\\\/\\\/autate.fr\\\/site\\\/lautate-participe-au-grand-debat-1-2\\\/\"]}]},{\"@type\":\"BreadcrumbList\",\"@id\":\"https:\\\/\\\/autate.fr\\\/site\\\/lautate-participe-au-grand-debat-1-2\\\/#breadcrumb\",\"itemListElement\":[{\"@type\":\"ListItem\",\"position\":1,\"name\":\"Accueil\",\"item\":\"https:\\\/\\\/autate.fr\\\/site\\\/\"},{\"@type\":\"ListItem\",\"position\":2,\"name\":\"L&rsquo;AUTATE participe au Grand D\u00e9bat (1\\\/2)\"}]},{\"@type\":\"WebSite\",\"@id\":\"https:\\\/\\\/autate.fr\\\/site\\\/#website\",\"url\":\"https:\\\/\\\/autate.fr\\\/site\\\/\",\"name\":\"AUTATE\",\"description\":\"Association des usagers des transports de l&#039;agglom\u00e9ration Toulousaine et de ses environs\",\"publisher\":{\"@id\":\"https:\\\/\\\/autate.fr\\\/site\\\/#organization\"},\"potentialAction\":[{\"@type\":\"SearchAction\",\"target\":{\"@type\":\"EntryPoint\",\"urlTemplate\":\"https:\\\/\\\/autate.fr\\\/site\\\/?s={search_term_string}\"},\"query-input\":{\"@type\":\"PropertyValueSpecification\",\"valueRequired\":true,\"valueName\":\"search_term_string\"}}],\"inLanguage\":\"fr-FR\"},{\"@type\":\"Organization\",\"@id\":\"https:\\\/\\\/autate.fr\\\/site\\\/#organization\",\"name\":\"AUTATE\",\"url\":\"https:\\\/\\\/autate.fr\\\/site\\\/\",\"logo\":{\"@type\":\"ImageObject\",\"inLanguage\":\"fr-FR\",\"@id\":\"https:\\\/\\\/autate.fr\\\/site\\\/#\\\/schema\\\/logo\\\/image\\\/\",\"url\":\"http:\\\/\\\/autate.fr\\\/site\\\/wp-content\\\/uploads\\\/2019\\\/01\\\/logo.png\",\"contentUrl\":\"http:\\\/\\\/autate.fr\\\/site\\\/wp-content\\\/uploads\\\/2019\\\/01\\\/logo.png\",\"width\":506,\"height\":280,\"caption\":\"AUTATE\"},\"image\":{\"@id\":\"https:\\\/\\\/autate.fr\\\/site\\\/#\\\/schema\\\/logo\\\/image\\\/\"},\"sameAs\":[\"https:\\\/\\\/www.facebook.com\\\/AutateToulouse\",\"https:\\\/\\\/x.com\\\/AutateToulouse\"]},{\"@type\":\"Person\",\"@id\":\"https:\\\/\\\/autate.fr\\\/site\\\/#\\\/schema\\\/person\\\/5dd2db09ec53d78638dc66bb99c1a96b\",\"name\":\"Agn\u00e8s D\u00e9fosse\",\"image\":{\"@type\":\"ImageObject\",\"inLanguage\":\"fr-FR\",\"@id\":\"https:\\\/\\\/secure.gravatar.com\\\/avatar\\\/95c9cd4b94e5a0c0ea8b60b9bdbb3225980cf1f6d229a870c299992be19d6804?s=96&d=mm&r=g\",\"url\":\"https:\\\/\\\/secure.gravatar.com\\\/avatar\\\/95c9cd4b94e5a0c0ea8b60b9bdbb3225980cf1f6d229a870c299992be19d6804?s=96&d=mm&r=g\",\"contentUrl\":\"https:\\\/\\\/secure.gravatar.com\\\/avatar\\\/95c9cd4b94e5a0c0ea8b60b9bdbb3225980cf1f6d229a870c299992be19d6804?s=96&d=mm&r=g\",\"caption\":\"Agn\u00e8s D\u00e9fosse\"},\"url\":\"https:\\\/\\\/autate.fr\\\/site\\\/author\\\/agnesdefosse\\\/\"}]}<\/script>\n<!-- \/ Yoast SEO plugin. -->","yoast_head_json":{"title":"L'AUTATE participe au Grand D\u00e9bat (1\/2) - AUTATE","robots":{"index":"index","follow":"follow","max-snippet":"max-snippet:-1","max-image-preview":"max-image-preview:large","max-video-preview":"max-video-preview:-1"},"canonical":"https:\/\/autate.fr\/site\/lautate-participe-au-grand-debat-1-2\/","og_locale":"fr_FR","og_type":"article","og_title":"L'AUTATE participe au Grand D\u00e9bat (1\/2) - AUTATE","og_description":"R\u00e9duction des embouteillages et am\u00e9lioration de la qualit\u00e9 de l&rsquo;air: le collectif du d\u00e9sert de l&rsquo;ouest r\u00e9clame un transport en commun efficace https:\/\/granddebat.fr\/projects\/la-transition-ecologique\/collect\/participez-a-la-recherche-collective-de-solutions-1\/proposals\/un-secteur-oublie-le-collectif-du-desert-de-louest-reclame-un-transport-en-commun-efficace Nous avons r\u00e9pondu au questionnaire propos\u00e9 sur le site: AUTATE, le 14 mars 2019 \u00e0 22:14 \u2022 Modifi\u00e9 le 14 mars 2019 \u00e0 22:24 Quel est aujourd&rsquo;hui pour vous le probl\u00e8me concretVOIR PLUS","og_url":"https:\/\/autate.fr\/site\/lautate-participe-au-grand-debat-1-2\/","og_site_name":"AUTATE","article_publisher":"https:\/\/www.facebook.com\/AutateToulouse","article_published_time":"2019-03-26T23:57:42+00:00","article_modified_time":"2025-11-21T21:01:08+00:00","author":"Agn\u00e8s D\u00e9fosse","twitter_card":"summary_large_image","twitter_creator":"@AutateToulouse","twitter_site":"@AutateToulouse","twitter_misc":{"\u00c9crit par":"Agn\u00e8s D\u00e9fosse","Dur\u00e9e de lecture estim\u00e9e":"2 minutes"},"schema":{"@context":"https:\/\/schema.org","@graph":[{"@type":"Article","@id":"https:\/\/autate.fr\/site\/lautate-participe-au-grand-debat-1-2\/#article","isPartOf":{"@id":"https:\/\/autate.fr\/site\/lautate-participe-au-grand-debat-1-2\/"},"author":{"name":"Agn\u00e8s D\u00e9fosse","@id":"https:\/\/autate.fr\/site\/#\/schema\/person\/5dd2db09ec53d78638dc66bb99c1a96b"},"headline":"L&rsquo;AUTATE participe au Grand D\u00e9bat (1\/2)","datePublished":"2019-03-26T23:57:42+00:00","dateModified":"2025-11-21T21:01:08+00:00","mainEntityOfPage":{"@id":"https:\/\/autate.fr\/site\/lautate-participe-au-grand-debat-1-2\/"},"wordCount":463,"commentCount":0,"publisher":{"@id":"https:\/\/autate.fr\/site\/#organization"},"keywords":["concertation-enqu\u00eate"],"articleSection":["Actualit\u00e9s-AUTATE","Bus Tisseo","Gares-SERM","Lin\u00e9o","M\u00e9tro","PlanDeMobilit\u00e9","Pollution"],"inLanguage":"fr-FR","potentialAction":[{"@type":"CommentAction","name":"Comment","target":["https:\/\/autate.fr\/site\/lautate-participe-au-grand-debat-1-2\/#respond"]}]},{"@type":"WebPage","@id":"https:\/\/autate.fr\/site\/lautate-participe-au-grand-debat-1-2\/","url":"https:\/\/autate.fr\/site\/lautate-participe-au-grand-debat-1-2\/","name":"L'AUTATE participe au Grand D\u00e9bat (1\/2) - AUTATE","isPartOf":{"@id":"https:\/\/autate.fr\/site\/#website"},"datePublished":"2019-03-26T23:57:42+00:00","dateModified":"2025-11-21T21:01:08+00:00","breadcrumb":{"@id":"https:\/\/autate.fr\/site\/lautate-participe-au-grand-debat-1-2\/#breadcrumb"},"inLanguage":"fr-FR","potentialAction":[{"@type":"ReadAction","target":["https:\/\/autate.fr\/site\/lautate-participe-au-grand-debat-1-2\/"]}]},{"@type":"BreadcrumbList","@id":"https:\/\/autate.fr\/site\/lautate-participe-au-grand-debat-1-2\/#breadcrumb","itemListElement":[{"@type":"ListItem","position":1,"name":"Accueil","item":"https:\/\/autate.fr\/site\/"},{"@type":"ListItem","position":2,"name":"L&rsquo;AUTATE participe au Grand D\u00e9bat (1\/2)"}]},{"@type":"WebSite","@id":"https:\/\/autate.fr\/site\/#website","url":"https:\/\/autate.fr\/site\/","name":"AUTATE","description":"Association des usagers des transports de l&#039;agglom\u00e9ration Toulousaine et de ses environs","publisher":{"@id":"https:\/\/autate.fr\/site\/#organization"},"potentialAction":[{"@type":"SearchAction","target":{"@type":"EntryPoint","urlTemplate":"https:\/\/autate.fr\/site\/?s={search_term_string}"},"query-input":{"@type":"PropertyValueSpecification","valueRequired":true,"valueName":"search_term_string"}}],"inLanguage":"fr-FR"},{"@type":"Organization","@id":"https:\/\/autate.fr\/site\/#organization","name":"AUTATE","url":"https:\/\/autate.fr\/site\/","logo":{"@type":"ImageObject","inLanguage":"fr-FR","@id":"https:\/\/autate.fr\/site\/#\/schema\/logo\/image\/","url":"http:\/\/autate.fr\/site\/wp-content\/uploads\/2019\/01\/logo.png","contentUrl":"http:\/\/autate.fr\/site\/wp-content\/uploads\/2019\/01\/logo.png","width":506,"height":280,"caption":"AUTATE"},"image":{"@id":"https:\/\/autate.fr\/site\/#\/schema\/logo\/image\/"},"sameAs":["https:\/\/www.facebook.com\/AutateToulouse","https:\/\/x.com\/AutateToulouse"]},{"@type":"Person","@id":"https:\/\/autate.fr\/site\/#\/schema\/person\/5dd2db09ec53d78638dc66bb99c1a96b","name":"Agn\u00e8s D\u00e9fosse","image":{"@type":"ImageObject","inLanguage":"fr-FR","@id":"https:\/\/secure.gravatar.com\/avatar\/95c9cd4b94e5a0c0ea8b60b9bdbb3225980cf1f6d229a870c299992be19d6804?s=96&d=mm&r=g","url":"https:\/\/secure.gravatar.com\/avatar\/95c9cd4b94e5a0c0ea8b60b9bdbb3225980cf1f6d229a870c299992be19d6804?s=96&d=mm&r=g","contentUrl":"https:\/\/secure.gravatar.com\/avatar\/95c9cd4b94e5a0c0ea8b60b9bdbb3225980cf1f6d229a870c299992be19d6804?s=96&d=mm&r=g","caption":"Agn\u00e8s D\u00e9fosse"},"url":"https:\/\/autate.fr\/site\/author\/agnesdefosse\/"}]}},"_links":{"self":[{"href":"https:\/\/autate.fr\/site\/wp-json\/wp\/v2\/posts\/3192","targetHints":{"allow":["GET"]}}],"collection":[{"href":"https:\/\/autate.fr\/site\/wp-json\/wp\/v2\/posts"}],"about":[{"href":"https:\/\/autate.fr\/site\/wp-json\/wp\/v2\/types\/post"}],"author":[{"embeddable":true,"href":"https:\/\/autate.fr\/site\/wp-json\/wp\/v2\/users\/10"}],"replies":[{"embeddable":true,"href":"https:\/\/autate.fr\/site\/wp-json\/wp\/v2\/comments?post=3192"}],"version-history":[{"count":5,"href":"https:\/\/autate.fr\/site\/wp-json\/wp\/v2\/posts\/3192\/revisions"}],"predecessor-version":[{"id":3197,"href":"https:\/\/autate.fr\/site\/wp-json\/wp\/v2\/posts\/3192\/revisions\/3197"}],"wp:attachment":[{"href":"https:\/\/autate.fr\/site\/wp-json\/wp\/v2\/media?parent=3192"}],"wp:term":[{"taxonomy":"category","embeddable":true,"href":"https:\/\/autate.fr\/site\/wp-json\/wp\/v2\/categories?post=3192"},{"taxonomy":"post_tag","embeddable":true,"href":"https:\/\/autate.fr\/site\/wp-json\/wp\/v2\/tags?post=3192"}],"curies":[{"name":"wp","href":"https:\/\/api.w.org\/{rel}","templated":true}]}}