{"id":3167,"date":"2019-03-17T10:25:12","date_gmt":"2019-03-17T09:25:12","guid":{"rendered":"http:\/\/autate.fr\/site\/?p=3167"},"modified":"2025-11-11T17:50:14","modified_gmt":"2025-11-11T16:50:14","slug":"les-principaux-problemes-en-transport-en-commun-depuis-colomiers","status":"publish","type":"post","link":"https:\/\/autate.fr\/site\/les-principaux-problemes-en-transport-en-commun-depuis-colomiers\/","title":{"rendered":"Les principaux probl\u00e8mes en transport en commun depuis Colomiers"},"content":{"rendered":"\n<p>  S&rsquo;il ne fallait retenir que deux points : <br>&#8211; la liaison avec Blagnac : quasi impossible ou alors avec un temps infini, totalement dissuasif quand on a une bagnole. D&rsquo;autres personnes pourraient en t\u00e9moigner aussi.<br>&#8211; aller (et revenir) \u00e0 Toulouse : il faut en vouloir&#8230;  le train est vraiment le meilleur moyen mais la r\u00e9gularit\u00e9 est un gros  point faible (milieu de journ\u00e9e et durant les vacances, en soir\u00e9e n&rsquo;en  parlons pas, c&rsquo;est rien du tout). Le L2 a apport\u00e9 un grand mieux  (surtout en soir\u00e9e) mais il est clairement mensonger de parler de ligne  express : pas ou peu de voies r\u00e9serv\u00e9es, un trajet acrobatique dans St  Martin (je ne comprends pas ce trac\u00e9 en zig zag, tr\u00e8s inconfortable et  une vraie perte de temps) et au final une dur\u00e9e de trajet peu  concurrentielle face \u00e0 la voiture. Un vrai Lin\u00e9o 2 devrait permettre de  faire Colomiers-Gare &#8211;> Ar\u00e8nes en 25 minutes max en p\u00e9riode de  pointe sinon c&rsquo;est vraiment pas tr\u00e8s int\u00e9ressant (les stats doivent \u00eatre  tr\u00e8s nettes, notamment le soir, c&rsquo;est une navette Tlse-Colomiers qu&rsquo;il  faut, peu importe les arr\u00eats interm\u00e9diaires). <br>Sinon, les  liaisons vers les autres villes sont tout simplement inefficaces ou  inutiles en l&rsquo;\u00e9tat actuel (aller \u00e0 Tournefeuille en bus ne me viendrait  m\u00eame pas \u00e0 l&rsquo;esprit) : je regrette que le 63 ne fonctionne que pour les  (quelques) salari\u00e9s d&rsquo;Airbus qui le prennent alors que son trac\u00e9 vers  Compans est vraiment une bonne alternative au L2 (rive gauche \/ rive  droite).<br>Pour finir, je trouve inadmissible qu&rsquo;il n&rsquo;y  ait AUCUNE borne Tiss\u00e9o pour acheter des tickets ou des abonnements&#8230;  c&rsquo;est vraiment incompr\u00e9hensible. <\/p>\n","protected":false},"excerpt":{"rendered":"<p>S&rsquo;il ne fallait retenir que deux points : &#8211; la liaison avec Blagnac : quasi impossible ou alors avec un temps infini, totalement dissuasif quand on a une bagnole. D&rsquo;autres personnes pourraient en t\u00e9moigner aussi.&#8211; aller (et revenir) \u00e0 Toulouse : il faut en vouloir&#8230; le train est vraiment le meilleur moyen mais la r\u00e9gularit\u00e9<\/p>\n<p class=\"more-link\"><a href=\"https:\/\/autate.fr\/site\/les-principaux-problemes-en-transport-en-commun-depuis-colomiers\/\" class=\"themebutton2\">VOIR PLUS<\/a><\/p>\n","protected":false},"author":9,"featured_media":0,"comment_status":"open","ping_status":"open","sticky":false,"template":"","format":"standard","meta":{"footnotes":""},"categories":[336,504],"tags":[],"class_list":["post-3167","post","type-post","status-publish","format-standard","hentry","category-temoignages","category-temps-de-trajet"],"yoast_head":"<!-- This site is optimized with the Yoast SEO plugin v27.4 - https:\/\/yoast.com\/product\/yoast-seo-wordpress\/ -->\n<title>Les principaux probl\u00e8mes en transport en commun depuis Colomiers - AUTATE<\/title>\n<meta name=\"robots\" content=\"index, follow, max-snippet:-1, max-image-preview:large, max-video-preview:-1\" \/>\n<link rel=\"canonical\" href=\"https:\/\/autate.fr\/site\/les-principaux-problemes-en-transport-en-commun-depuis-colomiers\/\" \/>\n<meta property=\"og:locale\" content=\"fr_FR\" \/>\n<meta property=\"og:type\" content=\"article\" \/>\n<meta property=\"og:title\" content=\"Les principaux probl\u00e8mes en transport en commun depuis Colomiers - AUTATE\" \/>\n<meta property=\"og:description\" content=\"S&rsquo;il ne fallait retenir que deux points : &#8211; la liaison avec Blagnac : quasi impossible ou alors avec un temps infini, totalement dissuasif quand on a une bagnole. D&rsquo;autres personnes pourraient en t\u00e9moigner aussi.&#8211; aller (et revenir) \u00e0 Toulouse : il faut en vouloir&#8230; le train est vraiment le meilleur moyen mais la r\u00e9gularit\u00e9VOIR PLUS\" \/>\n<meta property=\"og:url\" content=\"https:\/\/autate.fr\/site\/les-principaux-problemes-en-transport-en-commun-depuis-colomiers\/\" \/>\n<meta property=\"og:site_name\" content=\"AUTATE\" \/>\n<meta property=\"article:publisher\" content=\"https:\/\/www.facebook.com\/AutateToulouse\" \/>\n<meta property=\"article:published_time\" content=\"2019-03-17T09:25:12+00:00\" \/>\n<meta property=\"article:modified_time\" content=\"2025-11-11T16:50:14+00:00\" \/>\n<meta name=\"author\" content=\"Marie-Pierre Bes\" \/>\n<meta name=\"twitter:card\" content=\"summary_large_image\" \/>\n<meta name=\"twitter:creator\" content=\"@AutateToulouse\" \/>\n<meta name=\"twitter:site\" content=\"@AutateToulouse\" \/>\n<meta name=\"twitter:label1\" content=\"\u00c9crit par\" \/>\n\t<meta name=\"twitter:data1\" content=\"Marie-Pierre Bes\" \/>\n\t<meta name=\"twitter:label2\" content=\"Dur\u00e9e de lecture estim\u00e9e\" \/>\n\t<meta name=\"twitter:data2\" content=\"1 minute\" \/>\n<script type=\"application\/ld+json\" class=\"yoast-schema-graph\">{\"@context\":\"https:\\\/\\\/schema.org\",\"@graph\":[{\"@type\":\"Article\",\"@id\":\"https:\\\/\\\/autate.fr\\\/site\\\/les-principaux-problemes-en-transport-en-commun-depuis-colomiers\\\/#article\",\"isPartOf\":{\"@id\":\"https:\\\/\\\/autate.fr\\\/site\\\/les-principaux-problemes-en-transport-en-commun-depuis-colomiers\\\/\"},\"author\":{\"name\":\"Marie-Pierre Bes\",\"@id\":\"https:\\\/\\\/autate.fr\\\/site\\\/#\\\/schema\\\/person\\\/ca1ac9182f29f02489db16f08b0834ff\"},\"headline\":\"Les principaux probl\u00e8mes en transport en commun depuis Colomiers\",\"datePublished\":\"2019-03-17T09:25:12+00:00\",\"dateModified\":\"2025-11-11T16:50:14+00:00\",\"mainEntityOfPage\":{\"@id\":\"https:\\\/\\\/autate.fr\\\/site\\\/les-principaux-problemes-en-transport-en-commun-depuis-colomiers\\\/\"},\"wordCount\":288,\"commentCount\":0,\"publisher\":{\"@id\":\"https:\\\/\\\/autate.fr\\\/site\\\/#organization\"},\"articleSection\":[\"T\u00e9moignages\",\"temps de trajet\"],\"inLanguage\":\"fr-FR\",\"potentialAction\":[{\"@type\":\"CommentAction\",\"name\":\"Comment\",\"target\":[\"https:\\\/\\\/autate.fr\\\/site\\\/les-principaux-problemes-en-transport-en-commun-depuis-colomiers\\\/#respond\"]}]},{\"@type\":\"WebPage\",\"@id\":\"https:\\\/\\\/autate.fr\\\/site\\\/les-principaux-problemes-en-transport-en-commun-depuis-colomiers\\\/\",\"url\":\"https:\\\/\\\/autate.fr\\\/site\\\/les-principaux-problemes-en-transport-en-commun-depuis-colomiers\\\/\",\"name\":\"Les principaux probl\u00e8mes en transport en commun depuis Colomiers - AUTATE\",\"isPartOf\":{\"@id\":\"https:\\\/\\\/autate.fr\\\/site\\\/#website\"},\"datePublished\":\"2019-03-17T09:25:12+00:00\",\"dateModified\":\"2025-11-11T16:50:14+00:00\",\"breadcrumb\":{\"@id\":\"https:\\\/\\\/autate.fr\\\/site\\\/les-principaux-problemes-en-transport-en-commun-depuis-colomiers\\\/#breadcrumb\"},\"inLanguage\":\"fr-FR\",\"potentialAction\":[{\"@type\":\"ReadAction\",\"target\":[\"https:\\\/\\\/autate.fr\\\/site\\\/les-principaux-problemes-en-transport-en-commun-depuis-colomiers\\\/\"]}]},{\"@type\":\"BreadcrumbList\",\"@id\":\"https:\\\/\\\/autate.fr\\\/site\\\/les-principaux-problemes-en-transport-en-commun-depuis-colomiers\\\/#breadcrumb\",\"itemListElement\":[{\"@type\":\"ListItem\",\"position\":1,\"name\":\"Accueil\",\"item\":\"https:\\\/\\\/autate.fr\\\/site\\\/\"},{\"@type\":\"ListItem\",\"position\":2,\"name\":\"Les principaux probl\u00e8mes en transport en commun depuis Colomiers\"}]},{\"@type\":\"WebSite\",\"@id\":\"https:\\\/\\\/autate.fr\\\/site\\\/#website\",\"url\":\"https:\\\/\\\/autate.fr\\\/site\\\/\",\"name\":\"AUTATE\",\"description\":\"Association des usagers des transports de l&#039;agglom\u00e9ration Toulousaine et de ses environs\",\"publisher\":{\"@id\":\"https:\\\/\\\/autate.fr\\\/site\\\/#organization\"},\"potentialAction\":[{\"@type\":\"SearchAction\",\"target\":{\"@type\":\"EntryPoint\",\"urlTemplate\":\"https:\\\/\\\/autate.fr\\\/site\\\/?s={search_term_string}\"},\"query-input\":{\"@type\":\"PropertyValueSpecification\",\"valueRequired\":true,\"valueName\":\"search_term_string\"}}],\"inLanguage\":\"fr-FR\"},{\"@type\":\"Organization\",\"@id\":\"https:\\\/\\\/autate.fr\\\/site\\\/#organization\",\"name\":\"AUTATE\",\"url\":\"https:\\\/\\\/autate.fr\\\/site\\\/\",\"logo\":{\"@type\":\"ImageObject\",\"inLanguage\":\"fr-FR\",\"@id\":\"https:\\\/\\\/autate.fr\\\/site\\\/#\\\/schema\\\/logo\\\/image\\\/\",\"url\":\"http:\\\/\\\/autate.fr\\\/site\\\/wp-content\\\/uploads\\\/2019\\\/01\\\/logo.png\",\"contentUrl\":\"http:\\\/\\\/autate.fr\\\/site\\\/wp-content\\\/uploads\\\/2019\\\/01\\\/logo.png\",\"width\":506,\"height\":280,\"caption\":\"AUTATE\"},\"image\":{\"@id\":\"https:\\\/\\\/autate.fr\\\/site\\\/#\\\/schema\\\/logo\\\/image\\\/\"},\"sameAs\":[\"https:\\\/\\\/www.facebook.com\\\/AutateToulouse\",\"https:\\\/\\\/x.com\\\/AutateToulouse\"]},{\"@type\":\"Person\",\"@id\":\"https:\\\/\\\/autate.fr\\\/site\\\/#\\\/schema\\\/person\\\/ca1ac9182f29f02489db16f08b0834ff\",\"name\":\"Marie-Pierre Bes\",\"image\":{\"@type\":\"ImageObject\",\"inLanguage\":\"fr-FR\",\"@id\":\"https:\\\/\\\/secure.gravatar.com\\\/avatar\\\/08aa632b25ee7197789b8ec59d6cbcab7d9fc182fc393ccb7ac607ba55766261?s=96&d=mm&r=g\",\"url\":\"https:\\\/\\\/secure.gravatar.com\\\/avatar\\\/08aa632b25ee7197789b8ec59d6cbcab7d9fc182fc393ccb7ac607ba55766261?s=96&d=mm&r=g\",\"contentUrl\":\"https:\\\/\\\/secure.gravatar.com\\\/avatar\\\/08aa632b25ee7197789b8ec59d6cbcab7d9fc182fc393ccb7ac607ba55766261?s=96&d=mm&r=g\",\"caption\":\"Marie-Pierre Bes\"},\"url\":\"https:\\\/\\\/autate.fr\\\/site\\\/author\\\/mariepierre\\\/\"}]}<\/script>\n<!-- \/ Yoast SEO plugin. -->","yoast_head_json":{"title":"Les principaux probl\u00e8mes en transport en commun depuis Colomiers - AUTATE","robots":{"index":"index","follow":"follow","max-snippet":"max-snippet:-1","max-image-preview":"max-image-preview:large","max-video-preview":"max-video-preview:-1"},"canonical":"https:\/\/autate.fr\/site\/les-principaux-problemes-en-transport-en-commun-depuis-colomiers\/","og_locale":"fr_FR","og_type":"article","og_title":"Les principaux probl\u00e8mes en transport en commun depuis Colomiers - AUTATE","og_description":"S&rsquo;il ne fallait retenir que deux points : &#8211; la liaison avec Blagnac : quasi impossible ou alors avec un temps infini, totalement dissuasif quand on a une bagnole. D&rsquo;autres personnes pourraient en t\u00e9moigner aussi.&#8211; aller (et revenir) \u00e0 Toulouse : il faut en vouloir&#8230; le train est vraiment le meilleur moyen mais la r\u00e9gularit\u00e9VOIR PLUS","og_url":"https:\/\/autate.fr\/site\/les-principaux-problemes-en-transport-en-commun-depuis-colomiers\/","og_site_name":"AUTATE","article_publisher":"https:\/\/www.facebook.com\/AutateToulouse","article_published_time":"2019-03-17T09:25:12+00:00","article_modified_time":"2025-11-11T16:50:14+00:00","author":"Marie-Pierre Bes","twitter_card":"summary_large_image","twitter_creator":"@AutateToulouse","twitter_site":"@AutateToulouse","twitter_misc":{"\u00c9crit par":"Marie-Pierre Bes","Dur\u00e9e de lecture estim\u00e9e":"1 minute"},"schema":{"@context":"https:\/\/schema.org","@graph":[{"@type":"Article","@id":"https:\/\/autate.fr\/site\/les-principaux-problemes-en-transport-en-commun-depuis-colomiers\/#article","isPartOf":{"@id":"https:\/\/autate.fr\/site\/les-principaux-problemes-en-transport-en-commun-depuis-colomiers\/"},"author":{"name":"Marie-Pierre Bes","@id":"https:\/\/autate.fr\/site\/#\/schema\/person\/ca1ac9182f29f02489db16f08b0834ff"},"headline":"Les principaux probl\u00e8mes en transport en commun depuis Colomiers","datePublished":"2019-03-17T09:25:12+00:00","dateModified":"2025-11-11T16:50:14+00:00","mainEntityOfPage":{"@id":"https:\/\/autate.fr\/site\/les-principaux-problemes-en-transport-en-commun-depuis-colomiers\/"},"wordCount":288,"commentCount":0,"publisher":{"@id":"https:\/\/autate.fr\/site\/#organization"},"articleSection":["T\u00e9moignages","temps de trajet"],"inLanguage":"fr-FR","potentialAction":[{"@type":"CommentAction","name":"Comment","target":["https:\/\/autate.fr\/site\/les-principaux-problemes-en-transport-en-commun-depuis-colomiers\/#respond"]}]},{"@type":"WebPage","@id":"https:\/\/autate.fr\/site\/les-principaux-problemes-en-transport-en-commun-depuis-colomiers\/","url":"https:\/\/autate.fr\/site\/les-principaux-problemes-en-transport-en-commun-depuis-colomiers\/","name":"Les principaux probl\u00e8mes en transport en commun depuis Colomiers - AUTATE","isPartOf":{"@id":"https:\/\/autate.fr\/site\/#website"},"datePublished":"2019-03-17T09:25:12+00:00","dateModified":"2025-11-11T16:50:14+00:00","breadcrumb":{"@id":"https:\/\/autate.fr\/site\/les-principaux-problemes-en-transport-en-commun-depuis-colomiers\/#breadcrumb"},"inLanguage":"fr-FR","potentialAction":[{"@type":"ReadAction","target":["https:\/\/autate.fr\/site\/les-principaux-problemes-en-transport-en-commun-depuis-colomiers\/"]}]},{"@type":"BreadcrumbList","@id":"https:\/\/autate.fr\/site\/les-principaux-problemes-en-transport-en-commun-depuis-colomiers\/#breadcrumb","itemListElement":[{"@type":"ListItem","position":1,"name":"Accueil","item":"https:\/\/autate.fr\/site\/"},{"@type":"ListItem","position":2,"name":"Les principaux probl\u00e8mes en transport en commun depuis Colomiers"}]},{"@type":"WebSite","@id":"https:\/\/autate.fr\/site\/#website","url":"https:\/\/autate.fr\/site\/","name":"AUTATE","description":"Association des usagers des transports de l&#039;agglom\u00e9ration Toulousaine et de ses environs","publisher":{"@id":"https:\/\/autate.fr\/site\/#organization"},"potentialAction":[{"@type":"SearchAction","target":{"@type":"EntryPoint","urlTemplate":"https:\/\/autate.fr\/site\/?s={search_term_string}"},"query-input":{"@type":"PropertyValueSpecification","valueRequired":true,"valueName":"search_term_string"}}],"inLanguage":"fr-FR"},{"@type":"Organization","@id":"https:\/\/autate.fr\/site\/#organization","name":"AUTATE","url":"https:\/\/autate.fr\/site\/","logo":{"@type":"ImageObject","inLanguage":"fr-FR","@id":"https:\/\/autate.fr\/site\/#\/schema\/logo\/image\/","url":"http:\/\/autate.fr\/site\/wp-content\/uploads\/2019\/01\/logo.png","contentUrl":"http:\/\/autate.fr\/site\/wp-content\/uploads\/2019\/01\/logo.png","width":506,"height":280,"caption":"AUTATE"},"image":{"@id":"https:\/\/autate.fr\/site\/#\/schema\/logo\/image\/"},"sameAs":["https:\/\/www.facebook.com\/AutateToulouse","https:\/\/x.com\/AutateToulouse"]},{"@type":"Person","@id":"https:\/\/autate.fr\/site\/#\/schema\/person\/ca1ac9182f29f02489db16f08b0834ff","name":"Marie-Pierre Bes","image":{"@type":"ImageObject","inLanguage":"fr-FR","@id":"https:\/\/secure.gravatar.com\/avatar\/08aa632b25ee7197789b8ec59d6cbcab7d9fc182fc393ccb7ac607ba55766261?s=96&d=mm&r=g","url":"https:\/\/secure.gravatar.com\/avatar\/08aa632b25ee7197789b8ec59d6cbcab7d9fc182fc393ccb7ac607ba55766261?s=96&d=mm&r=g","contentUrl":"https:\/\/secure.gravatar.com\/avatar\/08aa632b25ee7197789b8ec59d6cbcab7d9fc182fc393ccb7ac607ba55766261?s=96&d=mm&r=g","caption":"Marie-Pierre Bes"},"url":"https:\/\/autate.fr\/site\/author\/mariepierre\/"}]}},"_links":{"self":[{"href":"https:\/\/autate.fr\/site\/wp-json\/wp\/v2\/posts\/3167","targetHints":{"allow":["GET"]}}],"collection":[{"href":"https:\/\/autate.fr\/site\/wp-json\/wp\/v2\/posts"}],"about":[{"href":"https:\/\/autate.fr\/site\/wp-json\/wp\/v2\/types\/post"}],"author":[{"embeddable":true,"href":"https:\/\/autate.fr\/site\/wp-json\/wp\/v2\/users\/9"}],"replies":[{"embeddable":true,"href":"https:\/\/autate.fr\/site\/wp-json\/wp\/v2\/comments?post=3167"}],"version-history":[{"count":1,"href":"https:\/\/autate.fr\/site\/wp-json\/wp\/v2\/posts\/3167\/revisions"}],"predecessor-version":[{"id":3168,"href":"https:\/\/autate.fr\/site\/wp-json\/wp\/v2\/posts\/3167\/revisions\/3168"}],"wp:attachment":[{"href":"https:\/\/autate.fr\/site\/wp-json\/wp\/v2\/media?parent=3167"}],"wp:term":[{"taxonomy":"category","embeddable":true,"href":"https:\/\/autate.fr\/site\/wp-json\/wp\/v2\/categories?post=3167"},{"taxonomy":"post_tag","embeddable":true,"href":"https:\/\/autate.fr\/site\/wp-json\/wp\/v2\/tags?post=3167"}],"curies":[{"name":"wp","href":"https:\/\/api.w.org\/{rel}","templated":true}]}}