{"id":3157,"date":"2019-03-15T19:33:29","date_gmt":"2019-03-15T18:33:29","guid":{"rendered":"http:\/\/autate.fr\/site\/?p=3157"},"modified":"2025-11-11T17:58:55","modified_gmt":"2025-11-11T16:58:55","slug":"position-de-lautate-par-rapport-a-la-petition-stop-a-lasphyxie-a-louest-lettre-aux-maires","status":"publish","type":"post","link":"https:\/\/autate.fr\/site\/position-de-lautate-par-rapport-a-la-petition-stop-a-lasphyxie-a-louest-lettre-aux-maires\/","title":{"rendered":"Position de l&rsquo;AUTATE par rapport \u00e0 la p\u00e9tition \u00ab\u00a0stop \u00e0 l&rsquo;asphyxie \u00e0 l&rsquo;ouest\u00a0\u00bb : lettre aux Maires"},"content":{"rendered":"\n<p><a href=\"https:\/\/www.mesopinions.com\/petition\/autres\/stop-asphyxie-blagnac-nord-ouest-toulousain\/58338\">https:\/\/www.mesopinions.com\/petition\/autres\/stop-asphyxie-blagnac-nord-ouest-toulousain\/58338<\/a><\/p>\n\n\n\n<p><em>A Monsieur le Maire de Blagnac, <\/em><\/p>\n\n\n\n<p><em>Copie \u00e0&nbsp;:<\/em><\/p>\n\n\n\n<p><em>Mme Lysiane Maurel maire d&rsquo;Aussonne, M. Patrice\nRodrigues maire de Beauzelle, M. Alain Topan maire de Cornebarrieu, M. Michel\nSimon maire de Gagnac, M. Edmond Desclaux maire de Mondonville, M. Jean-Louis\nMiegeville maire de Seilh.<\/em><\/p>\n\n\n\n<p><em>Monsieur,\nMadame, <\/em><\/p>\n\n\n\n<p><em>Vous\navez lanc\u00e9, derni\u00e8rement, avec d\u2019autres maires, une p\u00e9tition \u00ab&nbsp;<\/em><em>Stop \u00e0\nl\u2019asphyxie de Blagnac et du nord-ouest toulousain&nbsp;<\/em><em>\u00bb&nbsp;qui comprend trois volets,\ndont le dernier porte sur les transports en commun, sur lequel nous souhaiterions\nr\u00e9agir. Je reprends ici votre paragraphe&nbsp;: <\/em><\/p>\n\n\n\n<p><em><strong>Les p\u00e9titionnaires sont\namen\u00e9s \u00e0 demander d\u2019am\u00e9liorer les transports en commun<\/strong><\/em><strong>&nbsp;:<\/strong><\/p>\n\n\n\n<ul class=\"wp-block-list\"><li><em>augmentation de la fr\u00e9quence de la ligne de tramway T1,<\/em><\/li><li><em>augmentation de la fr\u00e9quence des lignes 70&nbsp; et 30,<\/em><\/li><li><em>cr\u00e9ation acc\u00e9l\u00e9r\u00e9e de la ligne Optimo  (Colomiers \/ Cornebarrieu \/ Blagnac \/ Fenouillet) en prenant en compte la desserte des communes d\u2019Aussonne et de Seilh.<\/em><\/li><\/ul>\n\n\n\n<p><em><strong>Du point de vue des usagers des transports en commun, ces propositions sont largement insuffisantes, eu \u00e9gard \u00e0 la situation d\u2019asphyxie. \u00a0\u00a0<\/strong><\/em><\/p>\n\n\n\n<p><em>Je\nreprends dans ce courrier, nos principales id\u00e9es&nbsp;g\u00e9n\u00e9rales et d\u00e9taill\u00e9es,\nd\u00e9j\u00e0 pr\u00e9sent\u00e9es lors du d\u00e9bat public sur la 3<sup>\u00e8me<\/sup> ligne et de\nl\u2019enqu\u00eate sur le plan mobilit\u00e9s : <\/em><\/p>\n\n\n\n<ul class=\"wp-block-list\"><li><em><strong>il faut emp\u00eacher les voitures\nsolo et donner syst\u00e9matiquement la priorit\u00e9 aux transports en commun par tous\nles moyens possibles<\/strong><\/em><em>&nbsp;:\n<\/em><ul><li><em>\u00e9tudier\nl\u2019am\u00e9nagement et la cr\u00e9ation de lignes nouvelles (y compris sur la rocade),<\/em><\/li><\/ul><ul><li><em>sites\npropres pour tous les bus et tramways,<\/em><\/li><\/ul><ul><li><em>augmenter\nla fr\u00e9quence des bus et tramways,<\/em><\/li><\/ul><ul><li><em>renforcer\nles horaires au moment des vacances scolaires,<\/em><\/li><\/ul><ul><li><em>adapter\nla tarification (gratuit\u00e9 lors des pics de pollutions et le dimanche, par\nexemple),<\/em><\/li><\/ul><ul><li><em>accroitre\nl\u2019affichage et la publicit\u00e9 accrues pour ces modes de d\u00e9placement,<\/em><\/li><\/ul><ul><li><em>relancer\nles bus arc-en-ciel,<\/em><\/li><\/ul><ul><li><em>r\u00e9unir les entreprises et\nrelancer les transports en commun de leurs salari\u00e9s (<\/em>ouvrir les navettes airbus \u00e0 d\u2019autres\nusagers, par exemple). <\/li><\/ul><\/li><\/ul>\n\n\n\n<p><em>Point\npar point&nbsp;: <\/em><\/p>\n\n\n\n<ol class=\"wp-block-list\"><li><em>Le tramway <\/em><ul><li>Il est trop lent et mal connect\u00e9 aux autres modes&nbsp;: <\/li><li><strong>le connecter \u00e0 la LINEO 1 par un bus depuis les Sept-deniers<\/strong><\/li><li>augmenter la fr\u00e9quence <\/li><li>le mettre en site propre \u00e0 hauteur de la station Airbus (sauf riverains)<\/li><li>mettre des trams express (qui pourraient ne pas desservir certaines stations en heures de pointe)<\/li><li>prolonger tous les tramway 1 jusqu\u2019au parc des expositions (et pas seulement lors des salons)<\/li><li>mettre des parking relais au parc des expositions<\/li><\/ul><\/li><li>la ligne aerospace express&nbsp;: <ul><li>le tramway T2 a cout\u00e9 tr\u00e8s cher <\/li><li>la LAE doit \u00eatre annul\u00e9e et report\u00e9e <\/li><li>si elle est maintenue, la prolonger jusqu\u2019au parc des expositions <\/li><\/ul><\/li><li>Les bus&nbsp;: <ul><li><strong>Mettre en place un Bus entre barri\u00e8re de Paris et le tram, avenue d\u2019Elche&nbsp; <\/strong><\/li><li>Augmenter la fr\u00e9quence du bus 70 pendant les vacances scolaires<\/li><li>Penser \u00e0 re-prolonger le 66 vers Blagnac <\/li><li>Relancer les bus arc-en-ciel<\/li><li>Remettre un bus Bus transversal Est-Ouest dans blagnac fr\u00e9quent (ancienne ligne 25) &nbsp; <\/li><\/ul><\/li><\/ol>\n\n\n\n<p><strong>Les temps de parcours&nbsp;: <\/strong><\/p>\n\n\n\n<p>Ce point nous parait essentiel car il est \u00e9voqu\u00e9 par les automobilistes comme argument en d\u00e9faveur des transports en commun. Du coup, je vous joins ce tableau et vous conseille de vous en servir lorsque vous n\u00e9gociez des am\u00e9liorations du r\u00e9seau de transport en commun. <\/p>\n\n\n\n<figure class=\"wp-block-image\"><img loading=\"lazy\" decoding=\"async\" width=\"955\" height=\"440\" src=\"https:\/\/autate.fr\/site\/wp-content\/uploads\/2019\/03\/TableauDec.png\" alt=\"\" class=\"wp-image-3159\" srcset=\"https:\/\/autate.fr\/site\/wp-content\/uploads\/2019\/03\/TableauDec.png 955w, https:\/\/autate.fr\/site\/wp-content\/uploads\/2019\/03\/TableauDec-300x138.png 300w, https:\/\/autate.fr\/site\/wp-content\/uploads\/2019\/03\/TableauDec-768x354.png 768w\" sizes=\"auto, (max-width: 955px) 100vw, 955px\" \/><\/figure>\n\n\n\n<p>Par ailleurs, et cela est plus anecdotique, nous souhaiterions aussi savoir quelles sont les mesures d\u2019incitation \u00e0 r\u00e9duire l\u2019usage de la voiture, et donc \u00e0 utiliser les transports en commun, que vous mettez en place pour les employ\u00e9s de votre mairie. <\/p>\n\n\n\n<p>Nous serons tr\u00e8s attentifs \u00e0 vos r\u00e9ponses et vous adressons nos sinc\u00e8res salutations, <\/p>\n\n\n\n<p style=\"text-align:right\">La pr\u00e9sidente<\/p>\n","protected":false},"excerpt":{"rendered":"<p>https:\/\/www.mesopinions.com\/petition\/autres\/stop-asphyxie-blagnac-nord-ouest-toulousain\/58338 A Monsieur le Maire de Blagnac, Copie \u00e0&nbsp;: Mme Lysiane Maurel maire d&rsquo;Aussonne, M. Patrice Rodrigues maire de Beauzelle, M. Alain Topan maire de Cornebarrieu, M. Michel Simon maire de Gagnac, M. Edmond Desclaux maire de Mondonville, M. Jean-Louis Miegeville maire de Seilh. Monsieur, Madame, Vous avez lanc\u00e9, derni\u00e8rement, avec d\u2019autres maires, une p\u00e9tition<\/p>\n<p class=\"more-link\"><a href=\"https:\/\/autate.fr\/site\/position-de-lautate-par-rapport-a-la-petition-stop-a-lasphyxie-a-louest-lettre-aux-maires\/\" class=\"themebutton2\">VOIR PLUS<\/a><\/p>\n","protected":false},"author":9,"featured_media":0,"comment_status":"open","ping_status":"open","sticky":false,"template":"","format":"standard","meta":{"footnotes":""},"categories":[4,508,527,507],"tags":[],"class_list":["post-3157","post","type-post","status-publish","format-standard","hentry","category-actualite-association","category-gares","category-nos-dossiers","category-tram"],"yoast_head":"<!-- This site is optimized with the Yoast SEO plugin v27.4 - https:\/\/yoast.com\/product\/yoast-seo-wordpress\/ -->\n<title>Position de l&#039;AUTATE par rapport \u00e0 la p\u00e9tition &quot;stop \u00e0 l&#039;asphyxie \u00e0 l&#039;ouest&quot; : lettre aux Maires - AUTATE<\/title>\n<meta name=\"robots\" content=\"index, follow, max-snippet:-1, max-image-preview:large, max-video-preview:-1\" \/>\n<link rel=\"canonical\" href=\"https:\/\/autate.fr\/site\/position-de-lautate-par-rapport-a-la-petition-stop-a-lasphyxie-a-louest-lettre-aux-maires\/\" \/>\n<meta property=\"og:locale\" content=\"fr_FR\" \/>\n<meta property=\"og:type\" content=\"article\" \/>\n<meta property=\"og:title\" content=\"Position de l&#039;AUTATE par rapport \u00e0 la p\u00e9tition &quot;stop \u00e0 l&#039;asphyxie \u00e0 l&#039;ouest&quot; : lettre aux Maires - AUTATE\" \/>\n<meta property=\"og:description\" content=\"https:\/\/www.mesopinions.com\/petition\/autres\/stop-asphyxie-blagnac-nord-ouest-toulousain\/58338 A Monsieur le Maire de Blagnac, Copie \u00e0&nbsp;: Mme Lysiane Maurel maire d&rsquo;Aussonne, M. Patrice Rodrigues maire de Beauzelle, M. Alain Topan maire de Cornebarrieu, M. Michel Simon maire de Gagnac, M. Edmond Desclaux maire de Mondonville, M. Jean-Louis Miegeville maire de Seilh. Monsieur, Madame, Vous avez lanc\u00e9, derni\u00e8rement, avec d\u2019autres maires, une p\u00e9titionVOIR PLUS\" \/>\n<meta property=\"og:url\" content=\"https:\/\/autate.fr\/site\/position-de-lautate-par-rapport-a-la-petition-stop-a-lasphyxie-a-louest-lettre-aux-maires\/\" \/>\n<meta property=\"og:site_name\" content=\"AUTATE\" \/>\n<meta property=\"article:publisher\" content=\"https:\/\/www.facebook.com\/AutateToulouse\" \/>\n<meta property=\"article:published_time\" content=\"2019-03-15T18:33:29+00:00\" \/>\n<meta property=\"article:modified_time\" content=\"2025-11-11T16:58:55+00:00\" \/>\n<meta property=\"og:image\" content=\"http:\/\/autate.fr\/site\/wp-content\/uploads\/2019\/03\/TableauDec.png\" \/>\n<meta name=\"author\" content=\"Marie-Pierre Bes\" \/>\n<meta name=\"twitter:card\" content=\"summary_large_image\" \/>\n<meta name=\"twitter:creator\" content=\"@AutateToulouse\" \/>\n<meta name=\"twitter:site\" content=\"@AutateToulouse\" \/>\n<meta name=\"twitter:label1\" content=\"\u00c9crit par\" \/>\n\t<meta name=\"twitter:data1\" content=\"Marie-Pierre Bes\" \/>\n\t<meta name=\"twitter:label2\" content=\"Dur\u00e9e de lecture estim\u00e9e\" \/>\n\t<meta name=\"twitter:data2\" content=\"3 minutes\" \/>\n<script type=\"application\/ld+json\" class=\"yoast-schema-graph\">{\"@context\":\"https:\\\/\\\/schema.org\",\"@graph\":[{\"@type\":\"Article\",\"@id\":\"https:\\\/\\\/autate.fr\\\/site\\\/position-de-lautate-par-rapport-a-la-petition-stop-a-lasphyxie-a-louest-lettre-aux-maires\\\/#article\",\"isPartOf\":{\"@id\":\"https:\\\/\\\/autate.fr\\\/site\\\/position-de-lautate-par-rapport-a-la-petition-stop-a-lasphyxie-a-louest-lettre-aux-maires\\\/\"},\"author\":{\"name\":\"Marie-Pierre Bes\",\"@id\":\"https:\\\/\\\/autate.fr\\\/site\\\/#\\\/schema\\\/person\\\/ca1ac9182f29f02489db16f08b0834ff\"},\"headline\":\"Position de l&rsquo;AUTATE par rapport \u00e0 la p\u00e9tition \u00ab\u00a0stop \u00e0 l&rsquo;asphyxie \u00e0 l&rsquo;ouest\u00a0\u00bb : lettre aux Maires\",\"datePublished\":\"2019-03-15T18:33:29+00:00\",\"dateModified\":\"2025-11-11T16:58:55+00:00\",\"mainEntityOfPage\":{\"@id\":\"https:\\\/\\\/autate.fr\\\/site\\\/position-de-lautate-par-rapport-a-la-petition-stop-a-lasphyxie-a-louest-lettre-aux-maires\\\/\"},\"wordCount\":637,\"commentCount\":0,\"publisher\":{\"@id\":\"https:\\\/\\\/autate.fr\\\/site\\\/#organization\"},\"image\":{\"@id\":\"https:\\\/\\\/autate.fr\\\/site\\\/position-de-lautate-par-rapport-a-la-petition-stop-a-lasphyxie-a-louest-lettre-aux-maires\\\/#primaryimage\"},\"thumbnailUrl\":\"http:\\\/\\\/autate.fr\\\/site\\\/wp-content\\\/uploads\\\/2019\\\/03\\\/TableauDec.png\",\"articleSection\":[\"Actualit\u00e9s-AUTATE\",\"Gares-SERM\",\"Nos dossiers\",\"tram\"],\"inLanguage\":\"fr-FR\",\"potentialAction\":[{\"@type\":\"CommentAction\",\"name\":\"Comment\",\"target\":[\"https:\\\/\\\/autate.fr\\\/site\\\/position-de-lautate-par-rapport-a-la-petition-stop-a-lasphyxie-a-louest-lettre-aux-maires\\\/#respond\"]}]},{\"@type\":\"WebPage\",\"@id\":\"https:\\\/\\\/autate.fr\\\/site\\\/position-de-lautate-par-rapport-a-la-petition-stop-a-lasphyxie-a-louest-lettre-aux-maires\\\/\",\"url\":\"https:\\\/\\\/autate.fr\\\/site\\\/position-de-lautate-par-rapport-a-la-petition-stop-a-lasphyxie-a-louest-lettre-aux-maires\\\/\",\"name\":\"Position de l'AUTATE par rapport \u00e0 la p\u00e9tition \\\"stop \u00e0 l'asphyxie \u00e0 l'ouest\\\" : lettre aux Maires - AUTATE\",\"isPartOf\":{\"@id\":\"https:\\\/\\\/autate.fr\\\/site\\\/#website\"},\"primaryImageOfPage\":{\"@id\":\"https:\\\/\\\/autate.fr\\\/site\\\/position-de-lautate-par-rapport-a-la-petition-stop-a-lasphyxie-a-louest-lettre-aux-maires\\\/#primaryimage\"},\"image\":{\"@id\":\"https:\\\/\\\/autate.fr\\\/site\\\/position-de-lautate-par-rapport-a-la-petition-stop-a-lasphyxie-a-louest-lettre-aux-maires\\\/#primaryimage\"},\"thumbnailUrl\":\"http:\\\/\\\/autate.fr\\\/site\\\/wp-content\\\/uploads\\\/2019\\\/03\\\/TableauDec.png\",\"datePublished\":\"2019-03-15T18:33:29+00:00\",\"dateModified\":\"2025-11-11T16:58:55+00:00\",\"breadcrumb\":{\"@id\":\"https:\\\/\\\/autate.fr\\\/site\\\/position-de-lautate-par-rapport-a-la-petition-stop-a-lasphyxie-a-louest-lettre-aux-maires\\\/#breadcrumb\"},\"inLanguage\":\"fr-FR\",\"potentialAction\":[{\"@type\":\"ReadAction\",\"target\":[\"https:\\\/\\\/autate.fr\\\/site\\\/position-de-lautate-par-rapport-a-la-petition-stop-a-lasphyxie-a-louest-lettre-aux-maires\\\/\"]}]},{\"@type\":\"ImageObject\",\"inLanguage\":\"fr-FR\",\"@id\":\"https:\\\/\\\/autate.fr\\\/site\\\/position-de-lautate-par-rapport-a-la-petition-stop-a-lasphyxie-a-louest-lettre-aux-maires\\\/#primaryimage\",\"url\":\"http:\\\/\\\/autate.fr\\\/site\\\/wp-content\\\/uploads\\\/2019\\\/03\\\/TableauDec.png\",\"contentUrl\":\"http:\\\/\\\/autate.fr\\\/site\\\/wp-content\\\/uploads\\\/2019\\\/03\\\/TableauDec.png\"},{\"@type\":\"BreadcrumbList\",\"@id\":\"https:\\\/\\\/autate.fr\\\/site\\\/position-de-lautate-par-rapport-a-la-petition-stop-a-lasphyxie-a-louest-lettre-aux-maires\\\/#breadcrumb\",\"itemListElement\":[{\"@type\":\"ListItem\",\"position\":1,\"name\":\"Accueil\",\"item\":\"https:\\\/\\\/autate.fr\\\/site\\\/\"},{\"@type\":\"ListItem\",\"position\":2,\"name\":\"Position de l&rsquo;AUTATE par rapport \u00e0 la p\u00e9tition \u00ab\u00a0stop \u00e0 l&rsquo;asphyxie \u00e0 l&rsquo;ouest\u00a0\u00bb : lettre aux Maires\"}]},{\"@type\":\"WebSite\",\"@id\":\"https:\\\/\\\/autate.fr\\\/site\\\/#website\",\"url\":\"https:\\\/\\\/autate.fr\\\/site\\\/\",\"name\":\"AUTATE\",\"description\":\"Association des usagers des transports de l&#039;agglom\u00e9ration Toulousaine et de ses environs\",\"publisher\":{\"@id\":\"https:\\\/\\\/autate.fr\\\/site\\\/#organization\"},\"potentialAction\":[{\"@type\":\"SearchAction\",\"target\":{\"@type\":\"EntryPoint\",\"urlTemplate\":\"https:\\\/\\\/autate.fr\\\/site\\\/?s={search_term_string}\"},\"query-input\":{\"@type\":\"PropertyValueSpecification\",\"valueRequired\":true,\"valueName\":\"search_term_string\"}}],\"inLanguage\":\"fr-FR\"},{\"@type\":\"Organization\",\"@id\":\"https:\\\/\\\/autate.fr\\\/site\\\/#organization\",\"name\":\"AUTATE\",\"url\":\"https:\\\/\\\/autate.fr\\\/site\\\/\",\"logo\":{\"@type\":\"ImageObject\",\"inLanguage\":\"fr-FR\",\"@id\":\"https:\\\/\\\/autate.fr\\\/site\\\/#\\\/schema\\\/logo\\\/image\\\/\",\"url\":\"http:\\\/\\\/autate.fr\\\/site\\\/wp-content\\\/uploads\\\/2019\\\/01\\\/logo.png\",\"contentUrl\":\"http:\\\/\\\/autate.fr\\\/site\\\/wp-content\\\/uploads\\\/2019\\\/01\\\/logo.png\",\"width\":506,\"height\":280,\"caption\":\"AUTATE\"},\"image\":{\"@id\":\"https:\\\/\\\/autate.fr\\\/site\\\/#\\\/schema\\\/logo\\\/image\\\/\"},\"sameAs\":[\"https:\\\/\\\/www.facebook.com\\\/AutateToulouse\",\"https:\\\/\\\/x.com\\\/AutateToulouse\"]},{\"@type\":\"Person\",\"@id\":\"https:\\\/\\\/autate.fr\\\/site\\\/#\\\/schema\\\/person\\\/ca1ac9182f29f02489db16f08b0834ff\",\"name\":\"Marie-Pierre Bes\",\"image\":{\"@type\":\"ImageObject\",\"inLanguage\":\"fr-FR\",\"@id\":\"https:\\\/\\\/secure.gravatar.com\\\/avatar\\\/08aa632b25ee7197789b8ec59d6cbcab7d9fc182fc393ccb7ac607ba55766261?s=96&d=mm&r=g\",\"url\":\"https:\\\/\\\/secure.gravatar.com\\\/avatar\\\/08aa632b25ee7197789b8ec59d6cbcab7d9fc182fc393ccb7ac607ba55766261?s=96&d=mm&r=g\",\"contentUrl\":\"https:\\\/\\\/secure.gravatar.com\\\/avatar\\\/08aa632b25ee7197789b8ec59d6cbcab7d9fc182fc393ccb7ac607ba55766261?s=96&d=mm&r=g\",\"caption\":\"Marie-Pierre Bes\"},\"url\":\"https:\\\/\\\/autate.fr\\\/site\\\/author\\\/mariepierre\\\/\"}]}<\/script>\n<!-- \/ Yoast SEO plugin. -->","yoast_head_json":{"title":"Position de l'AUTATE par rapport \u00e0 la p\u00e9tition \"stop \u00e0 l'asphyxie \u00e0 l'ouest\" : lettre aux Maires - AUTATE","robots":{"index":"index","follow":"follow","max-snippet":"max-snippet:-1","max-image-preview":"max-image-preview:large","max-video-preview":"max-video-preview:-1"},"canonical":"https:\/\/autate.fr\/site\/position-de-lautate-par-rapport-a-la-petition-stop-a-lasphyxie-a-louest-lettre-aux-maires\/","og_locale":"fr_FR","og_type":"article","og_title":"Position de l'AUTATE par rapport \u00e0 la p\u00e9tition \"stop \u00e0 l'asphyxie \u00e0 l'ouest\" : lettre aux Maires - AUTATE","og_description":"https:\/\/www.mesopinions.com\/petition\/autres\/stop-asphyxie-blagnac-nord-ouest-toulousain\/58338 A Monsieur le Maire de Blagnac, Copie \u00e0&nbsp;: Mme Lysiane Maurel maire d&rsquo;Aussonne, M. Patrice Rodrigues maire de Beauzelle, M. Alain Topan maire de Cornebarrieu, M. Michel Simon maire de Gagnac, M. Edmond Desclaux maire de Mondonville, M. Jean-Louis Miegeville maire de Seilh. Monsieur, Madame, Vous avez lanc\u00e9, derni\u00e8rement, avec d\u2019autres maires, une p\u00e9titionVOIR PLUS","og_url":"https:\/\/autate.fr\/site\/position-de-lautate-par-rapport-a-la-petition-stop-a-lasphyxie-a-louest-lettre-aux-maires\/","og_site_name":"AUTATE","article_publisher":"https:\/\/www.facebook.com\/AutateToulouse","article_published_time":"2019-03-15T18:33:29+00:00","article_modified_time":"2025-11-11T16:58:55+00:00","og_image":[{"url":"http:\/\/autate.fr\/site\/wp-content\/uploads\/2019\/03\/TableauDec.png","type":"","width":"","height":""}],"author":"Marie-Pierre Bes","twitter_card":"summary_large_image","twitter_creator":"@AutateToulouse","twitter_site":"@AutateToulouse","twitter_misc":{"\u00c9crit par":"Marie-Pierre Bes","Dur\u00e9e de lecture estim\u00e9e":"3 minutes"},"schema":{"@context":"https:\/\/schema.org","@graph":[{"@type":"Article","@id":"https:\/\/autate.fr\/site\/position-de-lautate-par-rapport-a-la-petition-stop-a-lasphyxie-a-louest-lettre-aux-maires\/#article","isPartOf":{"@id":"https:\/\/autate.fr\/site\/position-de-lautate-par-rapport-a-la-petition-stop-a-lasphyxie-a-louest-lettre-aux-maires\/"},"author":{"name":"Marie-Pierre Bes","@id":"https:\/\/autate.fr\/site\/#\/schema\/person\/ca1ac9182f29f02489db16f08b0834ff"},"headline":"Position de l&rsquo;AUTATE par rapport \u00e0 la p\u00e9tition \u00ab\u00a0stop \u00e0 l&rsquo;asphyxie \u00e0 l&rsquo;ouest\u00a0\u00bb : lettre aux Maires","datePublished":"2019-03-15T18:33:29+00:00","dateModified":"2025-11-11T16:58:55+00:00","mainEntityOfPage":{"@id":"https:\/\/autate.fr\/site\/position-de-lautate-par-rapport-a-la-petition-stop-a-lasphyxie-a-louest-lettre-aux-maires\/"},"wordCount":637,"commentCount":0,"publisher":{"@id":"https:\/\/autate.fr\/site\/#organization"},"image":{"@id":"https:\/\/autate.fr\/site\/position-de-lautate-par-rapport-a-la-petition-stop-a-lasphyxie-a-louest-lettre-aux-maires\/#primaryimage"},"thumbnailUrl":"http:\/\/autate.fr\/site\/wp-content\/uploads\/2019\/03\/TableauDec.png","articleSection":["Actualit\u00e9s-AUTATE","Gares-SERM","Nos dossiers","tram"],"inLanguage":"fr-FR","potentialAction":[{"@type":"CommentAction","name":"Comment","target":["https:\/\/autate.fr\/site\/position-de-lautate-par-rapport-a-la-petition-stop-a-lasphyxie-a-louest-lettre-aux-maires\/#respond"]}]},{"@type":"WebPage","@id":"https:\/\/autate.fr\/site\/position-de-lautate-par-rapport-a-la-petition-stop-a-lasphyxie-a-louest-lettre-aux-maires\/","url":"https:\/\/autate.fr\/site\/position-de-lautate-par-rapport-a-la-petition-stop-a-lasphyxie-a-louest-lettre-aux-maires\/","name":"Position de l'AUTATE par rapport \u00e0 la p\u00e9tition \"stop \u00e0 l'asphyxie \u00e0 l'ouest\" : lettre aux Maires - AUTATE","isPartOf":{"@id":"https:\/\/autate.fr\/site\/#website"},"primaryImageOfPage":{"@id":"https:\/\/autate.fr\/site\/position-de-lautate-par-rapport-a-la-petition-stop-a-lasphyxie-a-louest-lettre-aux-maires\/#primaryimage"},"image":{"@id":"https:\/\/autate.fr\/site\/position-de-lautate-par-rapport-a-la-petition-stop-a-lasphyxie-a-louest-lettre-aux-maires\/#primaryimage"},"thumbnailUrl":"http:\/\/autate.fr\/site\/wp-content\/uploads\/2019\/03\/TableauDec.png","datePublished":"2019-03-15T18:33:29+00:00","dateModified":"2025-11-11T16:58:55+00:00","breadcrumb":{"@id":"https:\/\/autate.fr\/site\/position-de-lautate-par-rapport-a-la-petition-stop-a-lasphyxie-a-louest-lettre-aux-maires\/#breadcrumb"},"inLanguage":"fr-FR","potentialAction":[{"@type":"ReadAction","target":["https:\/\/autate.fr\/site\/position-de-lautate-par-rapport-a-la-petition-stop-a-lasphyxie-a-louest-lettre-aux-maires\/"]}]},{"@type":"ImageObject","inLanguage":"fr-FR","@id":"https:\/\/autate.fr\/site\/position-de-lautate-par-rapport-a-la-petition-stop-a-lasphyxie-a-louest-lettre-aux-maires\/#primaryimage","url":"http:\/\/autate.fr\/site\/wp-content\/uploads\/2019\/03\/TableauDec.png","contentUrl":"http:\/\/autate.fr\/site\/wp-content\/uploads\/2019\/03\/TableauDec.png"},{"@type":"BreadcrumbList","@id":"https:\/\/autate.fr\/site\/position-de-lautate-par-rapport-a-la-petition-stop-a-lasphyxie-a-louest-lettre-aux-maires\/#breadcrumb","itemListElement":[{"@type":"ListItem","position":1,"name":"Accueil","item":"https:\/\/autate.fr\/site\/"},{"@type":"ListItem","position":2,"name":"Position de l&rsquo;AUTATE par rapport \u00e0 la p\u00e9tition \u00ab\u00a0stop \u00e0 l&rsquo;asphyxie \u00e0 l&rsquo;ouest\u00a0\u00bb : lettre aux Maires"}]},{"@type":"WebSite","@id":"https:\/\/autate.fr\/site\/#website","url":"https:\/\/autate.fr\/site\/","name":"AUTATE","description":"Association des usagers des transports de l&#039;agglom\u00e9ration Toulousaine et de ses environs","publisher":{"@id":"https:\/\/autate.fr\/site\/#organization"},"potentialAction":[{"@type":"SearchAction","target":{"@type":"EntryPoint","urlTemplate":"https:\/\/autate.fr\/site\/?s={search_term_string}"},"query-input":{"@type":"PropertyValueSpecification","valueRequired":true,"valueName":"search_term_string"}}],"inLanguage":"fr-FR"},{"@type":"Organization","@id":"https:\/\/autate.fr\/site\/#organization","name":"AUTATE","url":"https:\/\/autate.fr\/site\/","logo":{"@type":"ImageObject","inLanguage":"fr-FR","@id":"https:\/\/autate.fr\/site\/#\/schema\/logo\/image\/","url":"http:\/\/autate.fr\/site\/wp-content\/uploads\/2019\/01\/logo.png","contentUrl":"http:\/\/autate.fr\/site\/wp-content\/uploads\/2019\/01\/logo.png","width":506,"height":280,"caption":"AUTATE"},"image":{"@id":"https:\/\/autate.fr\/site\/#\/schema\/logo\/image\/"},"sameAs":["https:\/\/www.facebook.com\/AutateToulouse","https:\/\/x.com\/AutateToulouse"]},{"@type":"Person","@id":"https:\/\/autate.fr\/site\/#\/schema\/person\/ca1ac9182f29f02489db16f08b0834ff","name":"Marie-Pierre Bes","image":{"@type":"ImageObject","inLanguage":"fr-FR","@id":"https:\/\/secure.gravatar.com\/avatar\/08aa632b25ee7197789b8ec59d6cbcab7d9fc182fc393ccb7ac607ba55766261?s=96&d=mm&r=g","url":"https:\/\/secure.gravatar.com\/avatar\/08aa632b25ee7197789b8ec59d6cbcab7d9fc182fc393ccb7ac607ba55766261?s=96&d=mm&r=g","contentUrl":"https:\/\/secure.gravatar.com\/avatar\/08aa632b25ee7197789b8ec59d6cbcab7d9fc182fc393ccb7ac607ba55766261?s=96&d=mm&r=g","caption":"Marie-Pierre Bes"},"url":"https:\/\/autate.fr\/site\/author\/mariepierre\/"}]}},"_links":{"self":[{"href":"https:\/\/autate.fr\/site\/wp-json\/wp\/v2\/posts\/3157","targetHints":{"allow":["GET"]}}],"collection":[{"href":"https:\/\/autate.fr\/site\/wp-json\/wp\/v2\/posts"}],"about":[{"href":"https:\/\/autate.fr\/site\/wp-json\/wp\/v2\/types\/post"}],"author":[{"embeddable":true,"href":"https:\/\/autate.fr\/site\/wp-json\/wp\/v2\/users\/9"}],"replies":[{"embeddable":true,"href":"https:\/\/autate.fr\/site\/wp-json\/wp\/v2\/comments?post=3157"}],"version-history":[{"count":6,"href":"https:\/\/autate.fr\/site\/wp-json\/wp\/v2\/posts\/3157\/revisions"}],"predecessor-version":[{"id":3166,"href":"https:\/\/autate.fr\/site\/wp-json\/wp\/v2\/posts\/3157\/revisions\/3166"}],"wp:attachment":[{"href":"https:\/\/autate.fr\/site\/wp-json\/wp\/v2\/media?parent=3157"}],"wp:term":[{"taxonomy":"category","embeddable":true,"href":"https:\/\/autate.fr\/site\/wp-json\/wp\/v2\/categories?post=3157"},{"taxonomy":"post_tag","embeddable":true,"href":"https:\/\/autate.fr\/site\/wp-json\/wp\/v2\/tags?post=3157"}],"curies":[{"name":"wp","href":"https:\/\/api.w.org\/{rel}","templated":true}]}}