{"id":3120,"date":"2019-02-08T11:52:07","date_gmt":"2019-02-08T10:52:07","guid":{"rendered":"http:\/\/autate.fr\/site\/?p=3120"},"modified":"2019-02-11T21:34:35","modified_gmt":"2019-02-11T20:34:35","slug":"diminution-des-trains-entre-toulouse-et-colomiers","status":"publish","type":"post","link":"https:\/\/autate.fr\/site\/diminution-des-trains-entre-toulouse-et-colomiers\/","title":{"rendered":"Diminution des trains entre Toulouse et Colomiers"},"content":{"rendered":"\n<p><a href=\"https:\/\/autate.fr\/site\/wp-content\/uploads\/2019\/02\/Trains-Colomiers-Toulouse-corrig\u00e9.pdf\" target=\"_blank\" rel=\"noreferrer noopener\" aria-label=\"Vous trouverez en PJ le constat (s\u2019ouvre dans un nouvel onglet)\">Vous trouverez en PJ le constat<\/a> que je viens de faire entre le dernier trimestre 2018 et le d\u00e9but 2019 du nombre de trains affect\u00e9s au transport entre Toulouse et Colomiers.<\/p>\n\n\n\n<ul class=\"wp-block-list\"><li><strong>De Colomiers vers Toulouse Ar\u00e8nes 7 trains ont \u00e9t\u00e9 supprim\u00e9s           sur 47   <\/strong><\/li><li><strong>Dans l&rsquo;autre sens ce sont 6 sur 46<\/strong><\/li><\/ul>\n\n\n\n<p><br>Le constat est sans appel, alors que l&rsquo;on souhaite diminuer l&rsquo;usage du v\u00e9hicule individuel, l&rsquo;offre de transport public est compl\u00e8tement amput\u00e9e. Alors que cette ligne qui relie les deux villes les plus importantes du d\u00e9partement devrait \u00eatre am\u00e9lior\u00e9e, doubl\u00e9e et cadenc\u00e9e, c&rsquo;est exactement le contraire qui se produit: on supprime massivement des trains.<br>On est vraiment tr\u00e8s loin de \u00ab\u00a0rallumer l&rsquo;\u00e9toile\u00a0\u00bb.<br> Il y a une discordance totale entre le discours des \u00e9lus de la R\u00e9gion et de la M\u00e9tropole sur ce sujet. <\/p>\n","protected":false},"excerpt":{"rendered":"<p>Vous trouverez en PJ le constat que je viens de faire entre le dernier trimestre 2018 et le d\u00e9but 2019 du nombre de trains affect\u00e9s au transport entre Toulouse et Colomiers. De Colomiers vers Toulouse Ar\u00e8nes 7 trains ont \u00e9t\u00e9 supprim\u00e9s sur 47 Dans l&rsquo;autre sens ce sont 6 sur 46 Le constat est sans<\/p>\n<p class=\"more-link\"><a href=\"https:\/\/autate.fr\/site\/diminution-des-trains-entre-toulouse-et-colomiers\/\" class=\"themebutton2\">VOIR PLUS<\/a><\/p>\n","protected":false},"author":9,"featured_media":0,"comment_status":"open","ping_status":"open","sticky":false,"template":"","format":"standard","meta":{"footnotes":""},"categories":[336,418],"tags":[],"class_list":["post-3120","post","type-post","status-publish","format-standard","hentry","category-temoignages","category-trains-urbains"],"yoast_head":"<!-- This site is optimized with the Yoast SEO plugin v27.4 - https:\/\/yoast.com\/product\/yoast-seo-wordpress\/ -->\n<title>Diminution des trains entre Toulouse et Colomiers - AUTATE<\/title>\n<meta name=\"robots\" content=\"index, follow, max-snippet:-1, max-image-preview:large, max-video-preview:-1\" \/>\n<link rel=\"canonical\" href=\"https:\/\/autate.fr\/site\/diminution-des-trains-entre-toulouse-et-colomiers\/\" \/>\n<meta property=\"og:locale\" content=\"fr_FR\" \/>\n<meta property=\"og:type\" content=\"article\" \/>\n<meta property=\"og:title\" content=\"Diminution des trains entre Toulouse et Colomiers - AUTATE\" \/>\n<meta property=\"og:description\" content=\"Vous trouverez en PJ le constat que je viens de faire entre le dernier trimestre 2018 et le d\u00e9but 2019 du nombre de trains affect\u00e9s au transport entre Toulouse et Colomiers. De Colomiers vers Toulouse Ar\u00e8nes 7 trains ont \u00e9t\u00e9 supprim\u00e9s sur 47 Dans l&rsquo;autre sens ce sont 6 sur 46 Le constat est sansVOIR PLUS\" \/>\n<meta property=\"og:url\" content=\"https:\/\/autate.fr\/site\/diminution-des-trains-entre-toulouse-et-colomiers\/\" \/>\n<meta property=\"og:site_name\" content=\"AUTATE\" \/>\n<meta property=\"article:publisher\" content=\"https:\/\/www.facebook.com\/AutateToulouse\" \/>\n<meta property=\"article:published_time\" content=\"2019-02-08T10:52:07+00:00\" \/>\n<meta property=\"article:modified_time\" content=\"2019-02-11T20:34:35+00:00\" \/>\n<meta name=\"author\" content=\"Marie-Pierre Bes\" \/>\n<meta name=\"twitter:card\" content=\"summary_large_image\" \/>\n<meta name=\"twitter:creator\" content=\"@AutateToulouse\" \/>\n<meta name=\"twitter:site\" content=\"@AutateToulouse\" \/>\n<meta name=\"twitter:label1\" content=\"\u00c9crit par\" \/>\n\t<meta name=\"twitter:data1\" content=\"Marie-Pierre Bes\" \/>\n\t<meta name=\"twitter:label2\" content=\"Dur\u00e9e de lecture estim\u00e9e\" \/>\n\t<meta name=\"twitter:data2\" content=\"1 minute\" \/>\n<script type=\"application\/ld+json\" class=\"yoast-schema-graph\">{\"@context\":\"https:\\\/\\\/schema.org\",\"@graph\":[{\"@type\":\"Article\",\"@id\":\"https:\\\/\\\/autate.fr\\\/site\\\/diminution-des-trains-entre-toulouse-et-colomiers\\\/#article\",\"isPartOf\":{\"@id\":\"https:\\\/\\\/autate.fr\\\/site\\\/diminution-des-trains-entre-toulouse-et-colomiers\\\/\"},\"author\":{\"name\":\"Marie-Pierre Bes\",\"@id\":\"https:\\\/\\\/autate.fr\\\/site\\\/#\\\/schema\\\/person\\\/ca1ac9182f29f02489db16f08b0834ff\"},\"headline\":\"Diminution des trains entre Toulouse et Colomiers\",\"datePublished\":\"2019-02-08T10:52:07+00:00\",\"dateModified\":\"2019-02-11T20:34:35+00:00\",\"mainEntityOfPage\":{\"@id\":\"https:\\\/\\\/autate.fr\\\/site\\\/diminution-des-trains-entre-toulouse-et-colomiers\\\/\"},\"wordCount\":150,\"commentCount\":0,\"publisher\":{\"@id\":\"https:\\\/\\\/autate.fr\\\/site\\\/#organization\"},\"articleSection\":[\"T\u00e9moignages\",\"Trains urbains\"],\"inLanguage\":\"fr-FR\",\"potentialAction\":[{\"@type\":\"CommentAction\",\"name\":\"Comment\",\"target\":[\"https:\\\/\\\/autate.fr\\\/site\\\/diminution-des-trains-entre-toulouse-et-colomiers\\\/#respond\"]}]},{\"@type\":\"WebPage\",\"@id\":\"https:\\\/\\\/autate.fr\\\/site\\\/diminution-des-trains-entre-toulouse-et-colomiers\\\/\",\"url\":\"https:\\\/\\\/autate.fr\\\/site\\\/diminution-des-trains-entre-toulouse-et-colomiers\\\/\",\"name\":\"Diminution des trains entre Toulouse et Colomiers - AUTATE\",\"isPartOf\":{\"@id\":\"https:\\\/\\\/autate.fr\\\/site\\\/#website\"},\"datePublished\":\"2019-02-08T10:52:07+00:00\",\"dateModified\":\"2019-02-11T20:34:35+00:00\",\"breadcrumb\":{\"@id\":\"https:\\\/\\\/autate.fr\\\/site\\\/diminution-des-trains-entre-toulouse-et-colomiers\\\/#breadcrumb\"},\"inLanguage\":\"fr-FR\",\"potentialAction\":[{\"@type\":\"ReadAction\",\"target\":[\"https:\\\/\\\/autate.fr\\\/site\\\/diminution-des-trains-entre-toulouse-et-colomiers\\\/\"]}]},{\"@type\":\"BreadcrumbList\",\"@id\":\"https:\\\/\\\/autate.fr\\\/site\\\/diminution-des-trains-entre-toulouse-et-colomiers\\\/#breadcrumb\",\"itemListElement\":[{\"@type\":\"ListItem\",\"position\":1,\"name\":\"Accueil\",\"item\":\"https:\\\/\\\/autate.fr\\\/site\\\/\"},{\"@type\":\"ListItem\",\"position\":2,\"name\":\"Diminution des trains entre Toulouse et Colomiers\"}]},{\"@type\":\"WebSite\",\"@id\":\"https:\\\/\\\/autate.fr\\\/site\\\/#website\",\"url\":\"https:\\\/\\\/autate.fr\\\/site\\\/\",\"name\":\"AUTATE\",\"description\":\"Association des usagers des transports de l&#039;agglom\u00e9ration Toulousaine et de ses environs\",\"publisher\":{\"@id\":\"https:\\\/\\\/autate.fr\\\/site\\\/#organization\"},\"potentialAction\":[{\"@type\":\"SearchAction\",\"target\":{\"@type\":\"EntryPoint\",\"urlTemplate\":\"https:\\\/\\\/autate.fr\\\/site\\\/?s={search_term_string}\"},\"query-input\":{\"@type\":\"PropertyValueSpecification\",\"valueRequired\":true,\"valueName\":\"search_term_string\"}}],\"inLanguage\":\"fr-FR\"},{\"@type\":\"Organization\",\"@id\":\"https:\\\/\\\/autate.fr\\\/site\\\/#organization\",\"name\":\"AUTATE\",\"url\":\"https:\\\/\\\/autate.fr\\\/site\\\/\",\"logo\":{\"@type\":\"ImageObject\",\"inLanguage\":\"fr-FR\",\"@id\":\"https:\\\/\\\/autate.fr\\\/site\\\/#\\\/schema\\\/logo\\\/image\\\/\",\"url\":\"http:\\\/\\\/autate.fr\\\/site\\\/wp-content\\\/uploads\\\/2019\\\/01\\\/logo.png\",\"contentUrl\":\"http:\\\/\\\/autate.fr\\\/site\\\/wp-content\\\/uploads\\\/2019\\\/01\\\/logo.png\",\"width\":506,\"height\":280,\"caption\":\"AUTATE\"},\"image\":{\"@id\":\"https:\\\/\\\/autate.fr\\\/site\\\/#\\\/schema\\\/logo\\\/image\\\/\"},\"sameAs\":[\"https:\\\/\\\/www.facebook.com\\\/AutateToulouse\",\"https:\\\/\\\/x.com\\\/AutateToulouse\"]},{\"@type\":\"Person\",\"@id\":\"https:\\\/\\\/autate.fr\\\/site\\\/#\\\/schema\\\/person\\\/ca1ac9182f29f02489db16f08b0834ff\",\"name\":\"Marie-Pierre Bes\",\"image\":{\"@type\":\"ImageObject\",\"inLanguage\":\"fr-FR\",\"@id\":\"https:\\\/\\\/secure.gravatar.com\\\/avatar\\\/08aa632b25ee7197789b8ec59d6cbcab7d9fc182fc393ccb7ac607ba55766261?s=96&d=mm&r=g\",\"url\":\"https:\\\/\\\/secure.gravatar.com\\\/avatar\\\/08aa632b25ee7197789b8ec59d6cbcab7d9fc182fc393ccb7ac607ba55766261?s=96&d=mm&r=g\",\"contentUrl\":\"https:\\\/\\\/secure.gravatar.com\\\/avatar\\\/08aa632b25ee7197789b8ec59d6cbcab7d9fc182fc393ccb7ac607ba55766261?s=96&d=mm&r=g\",\"caption\":\"Marie-Pierre Bes\"},\"url\":\"https:\\\/\\\/autate.fr\\\/site\\\/author\\\/mariepierre\\\/\"}]}<\/script>\n<!-- \/ Yoast SEO plugin. -->","yoast_head_json":{"title":"Diminution des trains entre Toulouse et Colomiers - AUTATE","robots":{"index":"index","follow":"follow","max-snippet":"max-snippet:-1","max-image-preview":"max-image-preview:large","max-video-preview":"max-video-preview:-1"},"canonical":"https:\/\/autate.fr\/site\/diminution-des-trains-entre-toulouse-et-colomiers\/","og_locale":"fr_FR","og_type":"article","og_title":"Diminution des trains entre Toulouse et Colomiers - AUTATE","og_description":"Vous trouverez en PJ le constat que je viens de faire entre le dernier trimestre 2018 et le d\u00e9but 2019 du nombre de trains affect\u00e9s au transport entre Toulouse et Colomiers. De Colomiers vers Toulouse Ar\u00e8nes 7 trains ont \u00e9t\u00e9 supprim\u00e9s sur 47 Dans l&rsquo;autre sens ce sont 6 sur 46 Le constat est sansVOIR PLUS","og_url":"https:\/\/autate.fr\/site\/diminution-des-trains-entre-toulouse-et-colomiers\/","og_site_name":"AUTATE","article_publisher":"https:\/\/www.facebook.com\/AutateToulouse","article_published_time":"2019-02-08T10:52:07+00:00","article_modified_time":"2019-02-11T20:34:35+00:00","author":"Marie-Pierre Bes","twitter_card":"summary_large_image","twitter_creator":"@AutateToulouse","twitter_site":"@AutateToulouse","twitter_misc":{"\u00c9crit par":"Marie-Pierre Bes","Dur\u00e9e de lecture estim\u00e9e":"1 minute"},"schema":{"@context":"https:\/\/schema.org","@graph":[{"@type":"Article","@id":"https:\/\/autate.fr\/site\/diminution-des-trains-entre-toulouse-et-colomiers\/#article","isPartOf":{"@id":"https:\/\/autate.fr\/site\/diminution-des-trains-entre-toulouse-et-colomiers\/"},"author":{"name":"Marie-Pierre Bes","@id":"https:\/\/autate.fr\/site\/#\/schema\/person\/ca1ac9182f29f02489db16f08b0834ff"},"headline":"Diminution des trains entre Toulouse et Colomiers","datePublished":"2019-02-08T10:52:07+00:00","dateModified":"2019-02-11T20:34:35+00:00","mainEntityOfPage":{"@id":"https:\/\/autate.fr\/site\/diminution-des-trains-entre-toulouse-et-colomiers\/"},"wordCount":150,"commentCount":0,"publisher":{"@id":"https:\/\/autate.fr\/site\/#organization"},"articleSection":["T\u00e9moignages","Trains urbains"],"inLanguage":"fr-FR","potentialAction":[{"@type":"CommentAction","name":"Comment","target":["https:\/\/autate.fr\/site\/diminution-des-trains-entre-toulouse-et-colomiers\/#respond"]}]},{"@type":"WebPage","@id":"https:\/\/autate.fr\/site\/diminution-des-trains-entre-toulouse-et-colomiers\/","url":"https:\/\/autate.fr\/site\/diminution-des-trains-entre-toulouse-et-colomiers\/","name":"Diminution des trains entre Toulouse et Colomiers - AUTATE","isPartOf":{"@id":"https:\/\/autate.fr\/site\/#website"},"datePublished":"2019-02-08T10:52:07+00:00","dateModified":"2019-02-11T20:34:35+00:00","breadcrumb":{"@id":"https:\/\/autate.fr\/site\/diminution-des-trains-entre-toulouse-et-colomiers\/#breadcrumb"},"inLanguage":"fr-FR","potentialAction":[{"@type":"ReadAction","target":["https:\/\/autate.fr\/site\/diminution-des-trains-entre-toulouse-et-colomiers\/"]}]},{"@type":"BreadcrumbList","@id":"https:\/\/autate.fr\/site\/diminution-des-trains-entre-toulouse-et-colomiers\/#breadcrumb","itemListElement":[{"@type":"ListItem","position":1,"name":"Accueil","item":"https:\/\/autate.fr\/site\/"},{"@type":"ListItem","position":2,"name":"Diminution des trains entre Toulouse et Colomiers"}]},{"@type":"WebSite","@id":"https:\/\/autate.fr\/site\/#website","url":"https:\/\/autate.fr\/site\/","name":"AUTATE","description":"Association des usagers des transports de l&#039;agglom\u00e9ration Toulousaine et de ses environs","publisher":{"@id":"https:\/\/autate.fr\/site\/#organization"},"potentialAction":[{"@type":"SearchAction","target":{"@type":"EntryPoint","urlTemplate":"https:\/\/autate.fr\/site\/?s={search_term_string}"},"query-input":{"@type":"PropertyValueSpecification","valueRequired":true,"valueName":"search_term_string"}}],"inLanguage":"fr-FR"},{"@type":"Organization","@id":"https:\/\/autate.fr\/site\/#organization","name":"AUTATE","url":"https:\/\/autate.fr\/site\/","logo":{"@type":"ImageObject","inLanguage":"fr-FR","@id":"https:\/\/autate.fr\/site\/#\/schema\/logo\/image\/","url":"http:\/\/autate.fr\/site\/wp-content\/uploads\/2019\/01\/logo.png","contentUrl":"http:\/\/autate.fr\/site\/wp-content\/uploads\/2019\/01\/logo.png","width":506,"height":280,"caption":"AUTATE"},"image":{"@id":"https:\/\/autate.fr\/site\/#\/schema\/logo\/image\/"},"sameAs":["https:\/\/www.facebook.com\/AutateToulouse","https:\/\/x.com\/AutateToulouse"]},{"@type":"Person","@id":"https:\/\/autate.fr\/site\/#\/schema\/person\/ca1ac9182f29f02489db16f08b0834ff","name":"Marie-Pierre Bes","image":{"@type":"ImageObject","inLanguage":"fr-FR","@id":"https:\/\/secure.gravatar.com\/avatar\/08aa632b25ee7197789b8ec59d6cbcab7d9fc182fc393ccb7ac607ba55766261?s=96&d=mm&r=g","url":"https:\/\/secure.gravatar.com\/avatar\/08aa632b25ee7197789b8ec59d6cbcab7d9fc182fc393ccb7ac607ba55766261?s=96&d=mm&r=g","contentUrl":"https:\/\/secure.gravatar.com\/avatar\/08aa632b25ee7197789b8ec59d6cbcab7d9fc182fc393ccb7ac607ba55766261?s=96&d=mm&r=g","caption":"Marie-Pierre Bes"},"url":"https:\/\/autate.fr\/site\/author\/mariepierre\/"}]}},"_links":{"self":[{"href":"https:\/\/autate.fr\/site\/wp-json\/wp\/v2\/posts\/3120","targetHints":{"allow":["GET"]}}],"collection":[{"href":"https:\/\/autate.fr\/site\/wp-json\/wp\/v2\/posts"}],"about":[{"href":"https:\/\/autate.fr\/site\/wp-json\/wp\/v2\/types\/post"}],"author":[{"embeddable":true,"href":"https:\/\/autate.fr\/site\/wp-json\/wp\/v2\/users\/9"}],"replies":[{"embeddable":true,"href":"https:\/\/autate.fr\/site\/wp-json\/wp\/v2\/comments?post=3120"}],"version-history":[{"count":3,"href":"https:\/\/autate.fr\/site\/wp-json\/wp\/v2\/posts\/3120\/revisions"}],"predecessor-version":[{"id":3125,"href":"https:\/\/autate.fr\/site\/wp-json\/wp\/v2\/posts\/3120\/revisions\/3125"}],"wp:attachment":[{"href":"https:\/\/autate.fr\/site\/wp-json\/wp\/v2\/media?parent=3120"}],"wp:term":[{"taxonomy":"category","embeddable":true,"href":"https:\/\/autate.fr\/site\/wp-json\/wp\/v2\/categories?post=3120"},{"taxonomy":"post_tag","embeddable":true,"href":"https:\/\/autate.fr\/site\/wp-json\/wp\/v2\/tags?post=3120"}],"curies":[{"name":"wp","href":"https:\/\/api.w.org\/{rel}","templated":true}]}}