{"id":3102,"date":"2019-02-08T00:47:34","date_gmt":"2019-02-07T23:47:34","guid":{"rendered":"http:\/\/autate.fr\/site\/?p=3102"},"modified":"2025-11-21T21:57:54","modified_gmt":"2025-11-21T20:57:54","slug":"le-troncon-ouest-de-la-ceinture-sud-au-rabais","status":"publish","type":"post","link":"https:\/\/autate.fr\/site\/le-troncon-ouest-de-la-ceinture-sud-au-rabais\/","title":{"rendered":"Le Tron\u00e7on Ouest de la Ceinture Sud au rabais ?"},"content":{"rendered":"\n<p>D\u00e9but 2018, la Commission de l\u2019enqu\u00eate publique du PDU avait recommand\u00e9 de faire passer<br> la \u2018ceinture Sud\u2019 avant la moiti\u00e9 Sud de la 3\u00e8me ligne de m\u00e9tro, afin d\u2019irriguer<br> l\u2019Ouest Toulousain, o\u00f9 le d\u00e9ficit en transports en commun rapides est le plus flagrant de<br> l\u2019agglom\u00e9ration.<br> La construction du t\u00e9l\u00e9ph\u00e9rique urbain entre Oncopole et l\u2019Universit\u00e9 Paul Sabatier,<br> premier tron\u00e7on de la ceinture Sud, sert d\u2019op\u00e9ration de prestige pour Toulouse M\u00e9tropole<br> \u2018une r\u00e9f\u00e9rence nationale\u2019 (apr\u00e8s Grenoble et Brest, quand m\u00eame).<br> Pour son prolongement \u00e0 l\u2019Ouest, vers Tournefeuille, Colomiers \u2026 plusieurs trac\u00e9s \u00e9taient en<br> concurrence, dont 4 avaient \u00e9t\u00e9 pr\u00e9sent\u00e9s par Tisseo en Juin 2017 : &#8230; <\/p>\n\n\n\n<p><em>Lire la suite dans le fichier joint:<\/em><\/p>\n\n\n\n<div class=\"wp-block-file\"><a href=\"https:\/\/autate.fr\/site\/wp-content\/uploads\/2019\/02\/Projet-De-Communiqu\u00e9_TAE-AUTATE-Assocs_La-Ceinture-Sud_vFinale-5-2.pdf\">Projet-De-Communiqu\u00e9_TAE-AUTATE-Assocs_La-Ceinture-Sud_vFinale-5<\/a><a href=\"https:\/\/autate.fr\/site\/wp-content\/uploads\/2019\/02\/Projet-De-Communiqu\u00e9_TAE-AUTATE-Assocs_La-Ceinture-Sud_vFinale-5-2.pdf\" class=\"wp-block-file__button\" download>T\u00e9l\u00e9charger<\/a><\/div>\n\n\n\n<p><\/p>\n\n\n","protected":false},"excerpt":{"rendered":"<p>D\u00e9but 2018, la Commission de l\u2019enqu\u00eate publique du PDU avait recommand\u00e9 de faire passer la \u2018ceinture Sud\u2019 avant la moiti\u00e9 Sud de la 3\u00e8me ligne de m\u00e9tro, afin d\u2019irriguer l\u2019Ouest Toulousain, o\u00f9 le d\u00e9ficit en transports en commun rapides est le plus flagrant de l\u2019agglom\u00e9ration. La construction du t\u00e9l\u00e9ph\u00e9rique urbain entre Oncopole et l\u2019Universit\u00e9 Paul<\/p>\n<p class=\"more-link\"><a href=\"https:\/\/autate.fr\/site\/le-troncon-ouest-de-la-ceinture-sud-au-rabais\/\" class=\"themebutton2\">VOIR PLUS<\/a><\/p>\n","protected":false},"author":10,"featured_media":3111,"comment_status":"open","ping_status":"open","sticky":false,"template":"","format":"standard","meta":{"footnotes":""},"categories":[4,500,527,525],"tags":[],"class_list":["post-3102","post","type-post","status-publish","format-standard","has-post-thumbnail","hentry","category-actualite-association","category-bus-tisseo","category-nos-dossiers","category-pdm"],"yoast_head":"<!-- This site is optimized with the Yoast SEO plugin v27.4 - https:\/\/yoast.com\/product\/yoast-seo-wordpress\/ -->\n<title>Le Tron\u00e7on Ouest de la Ceinture Sud au rabais ? - AUTATE<\/title>\n<meta name=\"robots\" content=\"index, follow, max-snippet:-1, max-image-preview:large, max-video-preview:-1\" \/>\n<link rel=\"canonical\" href=\"https:\/\/autate.fr\/site\/le-troncon-ouest-de-la-ceinture-sud-au-rabais\/\" \/>\n<meta property=\"og:locale\" content=\"fr_FR\" \/>\n<meta property=\"og:type\" content=\"article\" \/>\n<meta property=\"og:title\" content=\"Le Tron\u00e7on Ouest de la Ceinture Sud au rabais ? - AUTATE\" \/>\n<meta property=\"og:description\" content=\"D\u00e9but 2018, la Commission de l\u2019enqu\u00eate publique du PDU avait recommand\u00e9 de faire passer la \u2018ceinture Sud\u2019 avant la moiti\u00e9 Sud de la 3\u00e8me ligne de m\u00e9tro, afin d\u2019irriguer l\u2019Ouest Toulousain, o\u00f9 le d\u00e9ficit en transports en commun rapides est le plus flagrant de l\u2019agglom\u00e9ration. La construction du t\u00e9l\u00e9ph\u00e9rique urbain entre Oncopole et l\u2019Universit\u00e9 PaulVOIR PLUS\" \/>\n<meta property=\"og:url\" content=\"https:\/\/autate.fr\/site\/le-troncon-ouest-de-la-ceinture-sud-au-rabais\/\" \/>\n<meta property=\"og:site_name\" content=\"AUTATE\" \/>\n<meta property=\"article:publisher\" content=\"https:\/\/www.facebook.com\/AutateToulouse\" \/>\n<meta property=\"article:published_time\" content=\"2019-02-07T23:47:34+00:00\" \/>\n<meta property=\"article:modified_time\" content=\"2025-11-21T20:57:54+00:00\" \/>\n<meta property=\"og:image\" content=\"https:\/\/autate.fr\/site\/wp-content\/uploads\/2019\/02\/Ceinture-sud-vs-TAE-bis.png\" \/>\n\t<meta property=\"og:image:width\" content=\"832\" \/>\n\t<meta property=\"og:image:height\" content=\"575\" \/>\n\t<meta property=\"og:image:type\" content=\"image\/png\" \/>\n<meta name=\"author\" content=\"Agn\u00e8s D\u00e9fosse\" \/>\n<meta name=\"twitter:card\" content=\"summary_large_image\" \/>\n<meta name=\"twitter:creator\" content=\"@AutateToulouse\" \/>\n<meta name=\"twitter:site\" content=\"@AutateToulouse\" \/>\n<meta name=\"twitter:label1\" content=\"\u00c9crit par\" \/>\n\t<meta name=\"twitter:data1\" content=\"Agn\u00e8s D\u00e9fosse\" \/>\n\t<meta name=\"twitter:label2\" content=\"Dur\u00e9e de lecture estim\u00e9e\" \/>\n\t<meta name=\"twitter:data2\" content=\"1 minute\" \/>\n<script type=\"application\/ld+json\" class=\"yoast-schema-graph\">{\"@context\":\"https:\\\/\\\/schema.org\",\"@graph\":[{\"@type\":\"Article\",\"@id\":\"https:\\\/\\\/autate.fr\\\/site\\\/le-troncon-ouest-de-la-ceinture-sud-au-rabais\\\/#article\",\"isPartOf\":{\"@id\":\"https:\\\/\\\/autate.fr\\\/site\\\/le-troncon-ouest-de-la-ceinture-sud-au-rabais\\\/\"},\"author\":{\"name\":\"Agn\u00e8s D\u00e9fosse\",\"@id\":\"https:\\\/\\\/autate.fr\\\/site\\\/#\\\/schema\\\/person\\\/5dd2db09ec53d78638dc66bb99c1a96b\"},\"headline\":\"Le Tron\u00e7on Ouest de la Ceinture Sud au rabais ?\",\"datePublished\":\"2019-02-07T23:47:34+00:00\",\"dateModified\":\"2025-11-21T20:57:54+00:00\",\"mainEntityOfPage\":{\"@id\":\"https:\\\/\\\/autate.fr\\\/site\\\/le-troncon-ouest-de-la-ceinture-sud-au-rabais\\\/\"},\"wordCount\":146,\"commentCount\":0,\"publisher\":{\"@id\":\"https:\\\/\\\/autate.fr\\\/site\\\/#organization\"},\"image\":{\"@id\":\"https:\\\/\\\/autate.fr\\\/site\\\/le-troncon-ouest-de-la-ceinture-sud-au-rabais\\\/#primaryimage\"},\"thumbnailUrl\":\"https:\\\/\\\/autate.fr\\\/site\\\/wp-content\\\/uploads\\\/2019\\\/02\\\/Ceinture-sud-vs-TAE-bis.png\",\"articleSection\":[\"Actualit\u00e9s-AUTATE\",\"Bus Tisseo\",\"Nos dossiers\",\"PlanDeMobilit\u00e9\"],\"inLanguage\":\"fr-FR\",\"potentialAction\":[{\"@type\":\"CommentAction\",\"name\":\"Comment\",\"target\":[\"https:\\\/\\\/autate.fr\\\/site\\\/le-troncon-ouest-de-la-ceinture-sud-au-rabais\\\/#respond\"]}]},{\"@type\":\"WebPage\",\"@id\":\"https:\\\/\\\/autate.fr\\\/site\\\/le-troncon-ouest-de-la-ceinture-sud-au-rabais\\\/\",\"url\":\"https:\\\/\\\/autate.fr\\\/site\\\/le-troncon-ouest-de-la-ceinture-sud-au-rabais\\\/\",\"name\":\"Le Tron\u00e7on Ouest de la Ceinture Sud au rabais ? - AUTATE\",\"isPartOf\":{\"@id\":\"https:\\\/\\\/autate.fr\\\/site\\\/#website\"},\"primaryImageOfPage\":{\"@id\":\"https:\\\/\\\/autate.fr\\\/site\\\/le-troncon-ouest-de-la-ceinture-sud-au-rabais\\\/#primaryimage\"},\"image\":{\"@id\":\"https:\\\/\\\/autate.fr\\\/site\\\/le-troncon-ouest-de-la-ceinture-sud-au-rabais\\\/#primaryimage\"},\"thumbnailUrl\":\"https:\\\/\\\/autate.fr\\\/site\\\/wp-content\\\/uploads\\\/2019\\\/02\\\/Ceinture-sud-vs-TAE-bis.png\",\"datePublished\":\"2019-02-07T23:47:34+00:00\",\"dateModified\":\"2025-11-21T20:57:54+00:00\",\"breadcrumb\":{\"@id\":\"https:\\\/\\\/autate.fr\\\/site\\\/le-troncon-ouest-de-la-ceinture-sud-au-rabais\\\/#breadcrumb\"},\"inLanguage\":\"fr-FR\",\"potentialAction\":[{\"@type\":\"ReadAction\",\"target\":[\"https:\\\/\\\/autate.fr\\\/site\\\/le-troncon-ouest-de-la-ceinture-sud-au-rabais\\\/\"]}]},{\"@type\":\"ImageObject\",\"inLanguage\":\"fr-FR\",\"@id\":\"https:\\\/\\\/autate.fr\\\/site\\\/le-troncon-ouest-de-la-ceinture-sud-au-rabais\\\/#primaryimage\",\"url\":\"https:\\\/\\\/autate.fr\\\/site\\\/wp-content\\\/uploads\\\/2019\\\/02\\\/Ceinture-sud-vs-TAE-bis.png\",\"contentUrl\":\"https:\\\/\\\/autate.fr\\\/site\\\/wp-content\\\/uploads\\\/2019\\\/02\\\/Ceinture-sud-vs-TAE-bis.png\",\"width\":832,\"height\":575},{\"@type\":\"BreadcrumbList\",\"@id\":\"https:\\\/\\\/autate.fr\\\/site\\\/le-troncon-ouest-de-la-ceinture-sud-au-rabais\\\/#breadcrumb\",\"itemListElement\":[{\"@type\":\"ListItem\",\"position\":1,\"name\":\"Accueil\",\"item\":\"https:\\\/\\\/autate.fr\\\/site\\\/\"},{\"@type\":\"ListItem\",\"position\":2,\"name\":\"Le Tron\u00e7on Ouest de la Ceinture Sud au rabais ?\"}]},{\"@type\":\"WebSite\",\"@id\":\"https:\\\/\\\/autate.fr\\\/site\\\/#website\",\"url\":\"https:\\\/\\\/autate.fr\\\/site\\\/\",\"name\":\"AUTATE\",\"description\":\"Association des usagers des transports de l&#039;agglom\u00e9ration Toulousaine et de ses environs\",\"publisher\":{\"@id\":\"https:\\\/\\\/autate.fr\\\/site\\\/#organization\"},\"potentialAction\":[{\"@type\":\"SearchAction\",\"target\":{\"@type\":\"EntryPoint\",\"urlTemplate\":\"https:\\\/\\\/autate.fr\\\/site\\\/?s={search_term_string}\"},\"query-input\":{\"@type\":\"PropertyValueSpecification\",\"valueRequired\":true,\"valueName\":\"search_term_string\"}}],\"inLanguage\":\"fr-FR\"},{\"@type\":\"Organization\",\"@id\":\"https:\\\/\\\/autate.fr\\\/site\\\/#organization\",\"name\":\"AUTATE\",\"url\":\"https:\\\/\\\/autate.fr\\\/site\\\/\",\"logo\":{\"@type\":\"ImageObject\",\"inLanguage\":\"fr-FR\",\"@id\":\"https:\\\/\\\/autate.fr\\\/site\\\/#\\\/schema\\\/logo\\\/image\\\/\",\"url\":\"http:\\\/\\\/autate.fr\\\/site\\\/wp-content\\\/uploads\\\/2019\\\/01\\\/logo.png\",\"contentUrl\":\"http:\\\/\\\/autate.fr\\\/site\\\/wp-content\\\/uploads\\\/2019\\\/01\\\/logo.png\",\"width\":506,\"height\":280,\"caption\":\"AUTATE\"},\"image\":{\"@id\":\"https:\\\/\\\/autate.fr\\\/site\\\/#\\\/schema\\\/logo\\\/image\\\/\"},\"sameAs\":[\"https:\\\/\\\/www.facebook.com\\\/AutateToulouse\",\"https:\\\/\\\/x.com\\\/AutateToulouse\"]},{\"@type\":\"Person\",\"@id\":\"https:\\\/\\\/autate.fr\\\/site\\\/#\\\/schema\\\/person\\\/5dd2db09ec53d78638dc66bb99c1a96b\",\"name\":\"Agn\u00e8s D\u00e9fosse\",\"image\":{\"@type\":\"ImageObject\",\"inLanguage\":\"fr-FR\",\"@id\":\"https:\\\/\\\/secure.gravatar.com\\\/avatar\\\/95c9cd4b94e5a0c0ea8b60b9bdbb3225980cf1f6d229a870c299992be19d6804?s=96&d=mm&r=g\",\"url\":\"https:\\\/\\\/secure.gravatar.com\\\/avatar\\\/95c9cd4b94e5a0c0ea8b60b9bdbb3225980cf1f6d229a870c299992be19d6804?s=96&d=mm&r=g\",\"contentUrl\":\"https:\\\/\\\/secure.gravatar.com\\\/avatar\\\/95c9cd4b94e5a0c0ea8b60b9bdbb3225980cf1f6d229a870c299992be19d6804?s=96&d=mm&r=g\",\"caption\":\"Agn\u00e8s D\u00e9fosse\"},\"url\":\"https:\\\/\\\/autate.fr\\\/site\\\/author\\\/agnesdefosse\\\/\"}]}<\/script>\n<!-- \/ Yoast SEO plugin. -->","yoast_head_json":{"title":"Le Tron\u00e7on Ouest de la Ceinture Sud au rabais ? - AUTATE","robots":{"index":"index","follow":"follow","max-snippet":"max-snippet:-1","max-image-preview":"max-image-preview:large","max-video-preview":"max-video-preview:-1"},"canonical":"https:\/\/autate.fr\/site\/le-troncon-ouest-de-la-ceinture-sud-au-rabais\/","og_locale":"fr_FR","og_type":"article","og_title":"Le Tron\u00e7on Ouest de la Ceinture Sud au rabais ? - AUTATE","og_description":"D\u00e9but 2018, la Commission de l\u2019enqu\u00eate publique du PDU avait recommand\u00e9 de faire passer la \u2018ceinture Sud\u2019 avant la moiti\u00e9 Sud de la 3\u00e8me ligne de m\u00e9tro, afin d\u2019irriguer l\u2019Ouest Toulousain, o\u00f9 le d\u00e9ficit en transports en commun rapides est le plus flagrant de l\u2019agglom\u00e9ration. La construction du t\u00e9l\u00e9ph\u00e9rique urbain entre Oncopole et l\u2019Universit\u00e9 PaulVOIR PLUS","og_url":"https:\/\/autate.fr\/site\/le-troncon-ouest-de-la-ceinture-sud-au-rabais\/","og_site_name":"AUTATE","article_publisher":"https:\/\/www.facebook.com\/AutateToulouse","article_published_time":"2019-02-07T23:47:34+00:00","article_modified_time":"2025-11-21T20:57:54+00:00","og_image":[{"width":832,"height":575,"url":"https:\/\/autate.fr\/site\/wp-content\/uploads\/2019\/02\/Ceinture-sud-vs-TAE-bis.png","type":"image\/png"}],"author":"Agn\u00e8s D\u00e9fosse","twitter_card":"summary_large_image","twitter_creator":"@AutateToulouse","twitter_site":"@AutateToulouse","twitter_misc":{"\u00c9crit par":"Agn\u00e8s D\u00e9fosse","Dur\u00e9e de lecture estim\u00e9e":"1 minute"},"schema":{"@context":"https:\/\/schema.org","@graph":[{"@type":"Article","@id":"https:\/\/autate.fr\/site\/le-troncon-ouest-de-la-ceinture-sud-au-rabais\/#article","isPartOf":{"@id":"https:\/\/autate.fr\/site\/le-troncon-ouest-de-la-ceinture-sud-au-rabais\/"},"author":{"name":"Agn\u00e8s D\u00e9fosse","@id":"https:\/\/autate.fr\/site\/#\/schema\/person\/5dd2db09ec53d78638dc66bb99c1a96b"},"headline":"Le Tron\u00e7on Ouest de la Ceinture Sud au rabais ?","datePublished":"2019-02-07T23:47:34+00:00","dateModified":"2025-11-21T20:57:54+00:00","mainEntityOfPage":{"@id":"https:\/\/autate.fr\/site\/le-troncon-ouest-de-la-ceinture-sud-au-rabais\/"},"wordCount":146,"commentCount":0,"publisher":{"@id":"https:\/\/autate.fr\/site\/#organization"},"image":{"@id":"https:\/\/autate.fr\/site\/le-troncon-ouest-de-la-ceinture-sud-au-rabais\/#primaryimage"},"thumbnailUrl":"https:\/\/autate.fr\/site\/wp-content\/uploads\/2019\/02\/Ceinture-sud-vs-TAE-bis.png","articleSection":["Actualit\u00e9s-AUTATE","Bus Tisseo","Nos dossiers","PlanDeMobilit\u00e9"],"inLanguage":"fr-FR","potentialAction":[{"@type":"CommentAction","name":"Comment","target":["https:\/\/autate.fr\/site\/le-troncon-ouest-de-la-ceinture-sud-au-rabais\/#respond"]}]},{"@type":"WebPage","@id":"https:\/\/autate.fr\/site\/le-troncon-ouest-de-la-ceinture-sud-au-rabais\/","url":"https:\/\/autate.fr\/site\/le-troncon-ouest-de-la-ceinture-sud-au-rabais\/","name":"Le Tron\u00e7on Ouest de la Ceinture Sud au rabais ? - AUTATE","isPartOf":{"@id":"https:\/\/autate.fr\/site\/#website"},"primaryImageOfPage":{"@id":"https:\/\/autate.fr\/site\/le-troncon-ouest-de-la-ceinture-sud-au-rabais\/#primaryimage"},"image":{"@id":"https:\/\/autate.fr\/site\/le-troncon-ouest-de-la-ceinture-sud-au-rabais\/#primaryimage"},"thumbnailUrl":"https:\/\/autate.fr\/site\/wp-content\/uploads\/2019\/02\/Ceinture-sud-vs-TAE-bis.png","datePublished":"2019-02-07T23:47:34+00:00","dateModified":"2025-11-21T20:57:54+00:00","breadcrumb":{"@id":"https:\/\/autate.fr\/site\/le-troncon-ouest-de-la-ceinture-sud-au-rabais\/#breadcrumb"},"inLanguage":"fr-FR","potentialAction":[{"@type":"ReadAction","target":["https:\/\/autate.fr\/site\/le-troncon-ouest-de-la-ceinture-sud-au-rabais\/"]}]},{"@type":"ImageObject","inLanguage":"fr-FR","@id":"https:\/\/autate.fr\/site\/le-troncon-ouest-de-la-ceinture-sud-au-rabais\/#primaryimage","url":"https:\/\/autate.fr\/site\/wp-content\/uploads\/2019\/02\/Ceinture-sud-vs-TAE-bis.png","contentUrl":"https:\/\/autate.fr\/site\/wp-content\/uploads\/2019\/02\/Ceinture-sud-vs-TAE-bis.png","width":832,"height":575},{"@type":"BreadcrumbList","@id":"https:\/\/autate.fr\/site\/le-troncon-ouest-de-la-ceinture-sud-au-rabais\/#breadcrumb","itemListElement":[{"@type":"ListItem","position":1,"name":"Accueil","item":"https:\/\/autate.fr\/site\/"},{"@type":"ListItem","position":2,"name":"Le Tron\u00e7on Ouest de la Ceinture Sud au rabais ?"}]},{"@type":"WebSite","@id":"https:\/\/autate.fr\/site\/#website","url":"https:\/\/autate.fr\/site\/","name":"AUTATE","description":"Association des usagers des transports de l&#039;agglom\u00e9ration Toulousaine et de ses environs","publisher":{"@id":"https:\/\/autate.fr\/site\/#organization"},"potentialAction":[{"@type":"SearchAction","target":{"@type":"EntryPoint","urlTemplate":"https:\/\/autate.fr\/site\/?s={search_term_string}"},"query-input":{"@type":"PropertyValueSpecification","valueRequired":true,"valueName":"search_term_string"}}],"inLanguage":"fr-FR"},{"@type":"Organization","@id":"https:\/\/autate.fr\/site\/#organization","name":"AUTATE","url":"https:\/\/autate.fr\/site\/","logo":{"@type":"ImageObject","inLanguage":"fr-FR","@id":"https:\/\/autate.fr\/site\/#\/schema\/logo\/image\/","url":"http:\/\/autate.fr\/site\/wp-content\/uploads\/2019\/01\/logo.png","contentUrl":"http:\/\/autate.fr\/site\/wp-content\/uploads\/2019\/01\/logo.png","width":506,"height":280,"caption":"AUTATE"},"image":{"@id":"https:\/\/autate.fr\/site\/#\/schema\/logo\/image\/"},"sameAs":["https:\/\/www.facebook.com\/AutateToulouse","https:\/\/x.com\/AutateToulouse"]},{"@type":"Person","@id":"https:\/\/autate.fr\/site\/#\/schema\/person\/5dd2db09ec53d78638dc66bb99c1a96b","name":"Agn\u00e8s D\u00e9fosse","image":{"@type":"ImageObject","inLanguage":"fr-FR","@id":"https:\/\/secure.gravatar.com\/avatar\/95c9cd4b94e5a0c0ea8b60b9bdbb3225980cf1f6d229a870c299992be19d6804?s=96&d=mm&r=g","url":"https:\/\/secure.gravatar.com\/avatar\/95c9cd4b94e5a0c0ea8b60b9bdbb3225980cf1f6d229a870c299992be19d6804?s=96&d=mm&r=g","contentUrl":"https:\/\/secure.gravatar.com\/avatar\/95c9cd4b94e5a0c0ea8b60b9bdbb3225980cf1f6d229a870c299992be19d6804?s=96&d=mm&r=g","caption":"Agn\u00e8s D\u00e9fosse"},"url":"https:\/\/autate.fr\/site\/author\/agnesdefosse\/"}]}},"_links":{"self":[{"href":"https:\/\/autate.fr\/site\/wp-json\/wp\/v2\/posts\/3102","targetHints":{"allow":["GET"]}}],"collection":[{"href":"https:\/\/autate.fr\/site\/wp-json\/wp\/v2\/posts"}],"about":[{"href":"https:\/\/autate.fr\/site\/wp-json\/wp\/v2\/types\/post"}],"author":[{"embeddable":true,"href":"https:\/\/autate.fr\/site\/wp-json\/wp\/v2\/users\/10"}],"replies":[{"embeddable":true,"href":"https:\/\/autate.fr\/site\/wp-json\/wp\/v2\/comments?post=3102"}],"version-history":[{"count":4,"href":"https:\/\/autate.fr\/site\/wp-json\/wp\/v2\/posts\/3102\/revisions"}],"predecessor-version":[{"id":3117,"href":"https:\/\/autate.fr\/site\/wp-json\/wp\/v2\/posts\/3102\/revisions\/3117"}],"wp:featuredmedia":[{"embeddable":true,"href":"https:\/\/autate.fr\/site\/wp-json\/wp\/v2\/media\/3111"}],"wp:attachment":[{"href":"https:\/\/autate.fr\/site\/wp-json\/wp\/v2\/media?parent=3102"}],"wp:term":[{"taxonomy":"category","embeddable":true,"href":"https:\/\/autate.fr\/site\/wp-json\/wp\/v2\/categories?post=3102"},{"taxonomy":"post_tag","embeddable":true,"href":"https:\/\/autate.fr\/site\/wp-json\/wp\/v2\/tags?post=3102"}],"curies":[{"name":"wp","href":"https:\/\/api.w.org\/{rel}","templated":true}]}}