{"id":310,"date":"2016-03-02T22:34:12","date_gmt":"2016-03-02T21:34:12","guid":{"rendered":"http:\/\/autate.fr\/site\/?p=310"},"modified":"2016-03-02T22:34:43","modified_gmt":"2016-03-02T21:34:43","slug":"la-tribune-plb-que-dit-la-lettre-de-jean-luc-moudenc-a-jacques-oberti","status":"publish","type":"post","link":"https:\/\/autate.fr\/site\/la-tribune-plb-que-dit-la-lettre-de-jean-luc-moudenc-a-jacques-oberti\/","title":{"rendered":"[La Tribune] PLB : que dit la lettre de Jean-Luc Moudenc \u00e0 Jacques Oberti ?"},"content":{"rendered":"<p>Jean-Luc Moudenc, pr\u00e9sident de Toulouse M\u00e9tropole, a rendu public ce mercredi 2 mars le courrier qu\u2019il a envoy\u00e9 hier (le 1er mars) \u00e0 son homologue du Sicoval Jacques Oberti. Jean-Luc Moudenc y justifie son choix de ne pas financer le prolongement de la ligne B \u00e0 Lab\u00e8ge. Pour rappel, c\u2019est le Sicoval qui a annonc\u00e9 la nouvelle de l\u2019arr\u00eat du projet, et Jean-Luc Moudenc n\u2019avait pas souhait\u00e9 s\u2019exprimer avant, malgr\u00e9 une avalanche de r\u00e9actions. Dans cette lettre, Jean-Luc Moudenc propose notamment de commencer le chantier de la 3e ligne de m\u00e9tro en 2019 par Lab\u00e8ge. D\u00e9couvrez-l\u00e0 dans son intr\u00e9gralit\u00e9.<\/p>\n<p>lire la suite<\/p>\n<p>Un article de <span class=\"author-name\">Sophie Arutunian et Gael C\u00e9rez\u00a0 <\/span> publi\u00e9 dans La Tribune Toulouse le 02\/03\/2016<\/p>\n","protected":false},"excerpt":{"rendered":"<p>Jean-Luc Moudenc, pr\u00e9sident de Toulouse M\u00e9tropole, a rendu public ce mercredi 2 mars le courrier qu\u2019il a envoy\u00e9 hier (le 1er mars) \u00e0 son homologue du Sicoval Jacques Oberti. Jean-Luc Moudenc y justifie son choix de ne pas financer le prolongement de la ligne B \u00e0 Lab\u00e8ge. Pour rappel, c\u2019est le Sicoval qui a annonc\u00e9<\/p>\n<p class=\"more-link\"><a href=\"https:\/\/autate.fr\/site\/la-tribune-plb-que-dit-la-lettre-de-jean-luc-moudenc-a-jacques-oberti\/\" class=\"themebutton2\">VOIR PLUS<\/a><\/p>\n","protected":false},"author":1,"featured_media":0,"comment_status":"open","ping_status":"open","sticky":false,"template":"","format":"standard","meta":{"footnotes":""},"categories":[7],"tags":[30,22,21,78,17,23,52],"class_list":["post-310","post","type-post","status-publish","format-standard","hentry","category-revue-de-presse","tag-3eme-ligne","tag-labege","tag-moudenc","tag-oberti","tag-plb","tag-sicoval","tag-tae"],"yoast_head":"<!-- This site is optimized with the Yoast SEO plugin v27.4 - https:\/\/yoast.com\/product\/yoast-seo-wordpress\/ -->\n<title>[La Tribune] PLB : que dit la lettre de Jean-Luc Moudenc \u00e0 Jacques Oberti ? - AUTATE<\/title>\n<meta name=\"robots\" content=\"index, follow, max-snippet:-1, max-image-preview:large, max-video-preview:-1\" \/>\n<link rel=\"canonical\" href=\"https:\/\/autate.fr\/site\/la-tribune-plb-que-dit-la-lettre-de-jean-luc-moudenc-a-jacques-oberti\/\" \/>\n<meta property=\"og:locale\" content=\"fr_FR\" \/>\n<meta property=\"og:type\" content=\"article\" \/>\n<meta property=\"og:title\" content=\"[La Tribune] PLB : que dit la lettre de Jean-Luc Moudenc \u00e0 Jacques Oberti ? - AUTATE\" \/>\n<meta property=\"og:description\" content=\"Jean-Luc Moudenc, pr\u00e9sident de Toulouse M\u00e9tropole, a rendu public ce mercredi 2 mars le courrier qu\u2019il a envoy\u00e9 hier (le 1er mars) \u00e0 son homologue du Sicoval Jacques Oberti. Jean-Luc Moudenc y justifie son choix de ne pas financer le prolongement de la ligne B \u00e0 Lab\u00e8ge. Pour rappel, c\u2019est le Sicoval qui a annonc\u00e9VOIR PLUS\" \/>\n<meta property=\"og:url\" content=\"https:\/\/autate.fr\/site\/la-tribune-plb-que-dit-la-lettre-de-jean-luc-moudenc-a-jacques-oberti\/\" \/>\n<meta property=\"og:site_name\" content=\"AUTATE\" \/>\n<meta property=\"article:publisher\" content=\"https:\/\/www.facebook.com\/AutateToulouse\" \/>\n<meta property=\"article:published_time\" content=\"2016-03-02T21:34:12+00:00\" \/>\n<meta property=\"article:modified_time\" content=\"2016-03-02T21:34:43+00:00\" \/>\n<meta name=\"author\" content=\"pascalbarbier\" \/>\n<meta name=\"twitter:card\" content=\"summary_large_image\" \/>\n<meta name=\"twitter:creator\" content=\"@AutateToulouse\" \/>\n<meta name=\"twitter:site\" content=\"@AutateToulouse\" \/>\n<meta name=\"twitter:label1\" content=\"\u00c9crit par\" \/>\n\t<meta name=\"twitter:data1\" content=\"pascalbarbier\" \/>\n\t<meta name=\"twitter:label2\" content=\"Dur\u00e9e de lecture estim\u00e9e\" \/>\n\t<meta name=\"twitter:data2\" content=\"1 minute\" \/>\n<script type=\"application\/ld+json\" class=\"yoast-schema-graph\">{\"@context\":\"https:\\\/\\\/schema.org\",\"@graph\":[{\"@type\":\"Article\",\"@id\":\"https:\\\/\\\/autate.fr\\\/site\\\/la-tribune-plb-que-dit-la-lettre-de-jean-luc-moudenc-a-jacques-oberti\\\/#article\",\"isPartOf\":{\"@id\":\"https:\\\/\\\/autate.fr\\\/site\\\/la-tribune-plb-que-dit-la-lettre-de-jean-luc-moudenc-a-jacques-oberti\\\/\"},\"author\":{\"name\":\"pascalbarbier\",\"@id\":\"https:\\\/\\\/autate.fr\\\/site\\\/#\\\/schema\\\/person\\\/ae1ab8bdaa7b41d2a9b52d2557ce8254\"},\"headline\":\"[La Tribune] PLB : que dit la lettre de Jean-Luc Moudenc \u00e0 Jacques Oberti ?\",\"datePublished\":\"2016-03-02T21:34:12+00:00\",\"dateModified\":\"2016-03-02T21:34:43+00:00\",\"mainEntityOfPage\":{\"@id\":\"https:\\\/\\\/autate.fr\\\/site\\\/la-tribune-plb-que-dit-la-lettre-de-jean-luc-moudenc-a-jacques-oberti\\\/\"},\"wordCount\":139,\"commentCount\":0,\"publisher\":{\"@id\":\"https:\\\/\\\/autate.fr\\\/site\\\/#organization\"},\"keywords\":[\"3\u00e8me ligne\",\"Lab\u00e8ge\",\"Moudenc\",\"Oberti\",\"PLB\",\"Sicoval\",\"TAE\"],\"articleSection\":[\"Revue de presse\"],\"inLanguage\":\"fr-FR\",\"potentialAction\":[{\"@type\":\"CommentAction\",\"name\":\"Comment\",\"target\":[\"https:\\\/\\\/autate.fr\\\/site\\\/la-tribune-plb-que-dit-la-lettre-de-jean-luc-moudenc-a-jacques-oberti\\\/#respond\"]}]},{\"@type\":\"WebPage\",\"@id\":\"https:\\\/\\\/autate.fr\\\/site\\\/la-tribune-plb-que-dit-la-lettre-de-jean-luc-moudenc-a-jacques-oberti\\\/\",\"url\":\"https:\\\/\\\/autate.fr\\\/site\\\/la-tribune-plb-que-dit-la-lettre-de-jean-luc-moudenc-a-jacques-oberti\\\/\",\"name\":\"[La Tribune] PLB : que dit la lettre de Jean-Luc Moudenc \u00e0 Jacques Oberti ? - AUTATE\",\"isPartOf\":{\"@id\":\"https:\\\/\\\/autate.fr\\\/site\\\/#website\"},\"datePublished\":\"2016-03-02T21:34:12+00:00\",\"dateModified\":\"2016-03-02T21:34:43+00:00\",\"breadcrumb\":{\"@id\":\"https:\\\/\\\/autate.fr\\\/site\\\/la-tribune-plb-que-dit-la-lettre-de-jean-luc-moudenc-a-jacques-oberti\\\/#breadcrumb\"},\"inLanguage\":\"fr-FR\",\"potentialAction\":[{\"@type\":\"ReadAction\",\"target\":[\"https:\\\/\\\/autate.fr\\\/site\\\/la-tribune-plb-que-dit-la-lettre-de-jean-luc-moudenc-a-jacques-oberti\\\/\"]}]},{\"@type\":\"BreadcrumbList\",\"@id\":\"https:\\\/\\\/autate.fr\\\/site\\\/la-tribune-plb-que-dit-la-lettre-de-jean-luc-moudenc-a-jacques-oberti\\\/#breadcrumb\",\"itemListElement\":[{\"@type\":\"ListItem\",\"position\":1,\"name\":\"Accueil\",\"item\":\"https:\\\/\\\/autate.fr\\\/site\\\/\"},{\"@type\":\"ListItem\",\"position\":2,\"name\":\"[La Tribune] PLB : que dit la lettre de Jean-Luc Moudenc \u00e0 Jacques Oberti ?\"}]},{\"@type\":\"WebSite\",\"@id\":\"https:\\\/\\\/autate.fr\\\/site\\\/#website\",\"url\":\"https:\\\/\\\/autate.fr\\\/site\\\/\",\"name\":\"AUTATE\",\"description\":\"Association des usagers des transports de l&#039;agglom\u00e9ration Toulousaine et de ses environs\",\"publisher\":{\"@id\":\"https:\\\/\\\/autate.fr\\\/site\\\/#organization\"},\"potentialAction\":[{\"@type\":\"SearchAction\",\"target\":{\"@type\":\"EntryPoint\",\"urlTemplate\":\"https:\\\/\\\/autate.fr\\\/site\\\/?s={search_term_string}\"},\"query-input\":{\"@type\":\"PropertyValueSpecification\",\"valueRequired\":true,\"valueName\":\"search_term_string\"}}],\"inLanguage\":\"fr-FR\"},{\"@type\":\"Organization\",\"@id\":\"https:\\\/\\\/autate.fr\\\/site\\\/#organization\",\"name\":\"AUTATE\",\"url\":\"https:\\\/\\\/autate.fr\\\/site\\\/\",\"logo\":{\"@type\":\"ImageObject\",\"inLanguage\":\"fr-FR\",\"@id\":\"https:\\\/\\\/autate.fr\\\/site\\\/#\\\/schema\\\/logo\\\/image\\\/\",\"url\":\"http:\\\/\\\/autate.fr\\\/site\\\/wp-content\\\/uploads\\\/2019\\\/01\\\/logo.png\",\"contentUrl\":\"http:\\\/\\\/autate.fr\\\/site\\\/wp-content\\\/uploads\\\/2019\\\/01\\\/logo.png\",\"width\":506,\"height\":280,\"caption\":\"AUTATE\"},\"image\":{\"@id\":\"https:\\\/\\\/autate.fr\\\/site\\\/#\\\/schema\\\/logo\\\/image\\\/\"},\"sameAs\":[\"https:\\\/\\\/www.facebook.com\\\/AutateToulouse\",\"https:\\\/\\\/x.com\\\/AutateToulouse\"]},{\"@type\":\"Person\",\"@id\":\"https:\\\/\\\/autate.fr\\\/site\\\/#\\\/schema\\\/person\\\/ae1ab8bdaa7b41d2a9b52d2557ce8254\",\"name\":\"pascalbarbier\",\"image\":{\"@type\":\"ImageObject\",\"inLanguage\":\"fr-FR\",\"@id\":\"https:\\\/\\\/secure.gravatar.com\\\/avatar\\\/03f4e8ced09894b72c67e83142540730d4b3bbf619bf46341b0074e3bf5f08a0?s=96&d=mm&r=g\",\"url\":\"https:\\\/\\\/secure.gravatar.com\\\/avatar\\\/03f4e8ced09894b72c67e83142540730d4b3bbf619bf46341b0074e3bf5f08a0?s=96&d=mm&r=g\",\"contentUrl\":\"https:\\\/\\\/secure.gravatar.com\\\/avatar\\\/03f4e8ced09894b72c67e83142540730d4b3bbf619bf46341b0074e3bf5f08a0?s=96&d=mm&r=g\",\"caption\":\"pascalbarbier\"},\"url\":\"https:\\\/\\\/autate.fr\\\/site\\\/author\\\/pascalbarbier\\\/\"}]}<\/script>\n<!-- \/ Yoast SEO plugin. -->","yoast_head_json":{"title":"[La Tribune] PLB : que dit la lettre de Jean-Luc Moudenc \u00e0 Jacques Oberti ? - AUTATE","robots":{"index":"index","follow":"follow","max-snippet":"max-snippet:-1","max-image-preview":"max-image-preview:large","max-video-preview":"max-video-preview:-1"},"canonical":"https:\/\/autate.fr\/site\/la-tribune-plb-que-dit-la-lettre-de-jean-luc-moudenc-a-jacques-oberti\/","og_locale":"fr_FR","og_type":"article","og_title":"[La Tribune] PLB : que dit la lettre de Jean-Luc Moudenc \u00e0 Jacques Oberti ? - AUTATE","og_description":"Jean-Luc Moudenc, pr\u00e9sident de Toulouse M\u00e9tropole, a rendu public ce mercredi 2 mars le courrier qu\u2019il a envoy\u00e9 hier (le 1er mars) \u00e0 son homologue du Sicoval Jacques Oberti. Jean-Luc Moudenc y justifie son choix de ne pas financer le prolongement de la ligne B \u00e0 Lab\u00e8ge. Pour rappel, c\u2019est le Sicoval qui a annonc\u00e9VOIR PLUS","og_url":"https:\/\/autate.fr\/site\/la-tribune-plb-que-dit-la-lettre-de-jean-luc-moudenc-a-jacques-oberti\/","og_site_name":"AUTATE","article_publisher":"https:\/\/www.facebook.com\/AutateToulouse","article_published_time":"2016-03-02T21:34:12+00:00","article_modified_time":"2016-03-02T21:34:43+00:00","author":"pascalbarbier","twitter_card":"summary_large_image","twitter_creator":"@AutateToulouse","twitter_site":"@AutateToulouse","twitter_misc":{"\u00c9crit par":"pascalbarbier","Dur\u00e9e de lecture estim\u00e9e":"1 minute"},"schema":{"@context":"https:\/\/schema.org","@graph":[{"@type":"Article","@id":"https:\/\/autate.fr\/site\/la-tribune-plb-que-dit-la-lettre-de-jean-luc-moudenc-a-jacques-oberti\/#article","isPartOf":{"@id":"https:\/\/autate.fr\/site\/la-tribune-plb-que-dit-la-lettre-de-jean-luc-moudenc-a-jacques-oberti\/"},"author":{"name":"pascalbarbier","@id":"https:\/\/autate.fr\/site\/#\/schema\/person\/ae1ab8bdaa7b41d2a9b52d2557ce8254"},"headline":"[La Tribune] PLB : que dit la lettre de Jean-Luc Moudenc \u00e0 Jacques Oberti ?","datePublished":"2016-03-02T21:34:12+00:00","dateModified":"2016-03-02T21:34:43+00:00","mainEntityOfPage":{"@id":"https:\/\/autate.fr\/site\/la-tribune-plb-que-dit-la-lettre-de-jean-luc-moudenc-a-jacques-oberti\/"},"wordCount":139,"commentCount":0,"publisher":{"@id":"https:\/\/autate.fr\/site\/#organization"},"keywords":["3\u00e8me ligne","Lab\u00e8ge","Moudenc","Oberti","PLB","Sicoval","TAE"],"articleSection":["Revue de presse"],"inLanguage":"fr-FR","potentialAction":[{"@type":"CommentAction","name":"Comment","target":["https:\/\/autate.fr\/site\/la-tribune-plb-que-dit-la-lettre-de-jean-luc-moudenc-a-jacques-oberti\/#respond"]}]},{"@type":"WebPage","@id":"https:\/\/autate.fr\/site\/la-tribune-plb-que-dit-la-lettre-de-jean-luc-moudenc-a-jacques-oberti\/","url":"https:\/\/autate.fr\/site\/la-tribune-plb-que-dit-la-lettre-de-jean-luc-moudenc-a-jacques-oberti\/","name":"[La Tribune] PLB : que dit la lettre de Jean-Luc Moudenc \u00e0 Jacques Oberti ? - AUTATE","isPartOf":{"@id":"https:\/\/autate.fr\/site\/#website"},"datePublished":"2016-03-02T21:34:12+00:00","dateModified":"2016-03-02T21:34:43+00:00","breadcrumb":{"@id":"https:\/\/autate.fr\/site\/la-tribune-plb-que-dit-la-lettre-de-jean-luc-moudenc-a-jacques-oberti\/#breadcrumb"},"inLanguage":"fr-FR","potentialAction":[{"@type":"ReadAction","target":["https:\/\/autate.fr\/site\/la-tribune-plb-que-dit-la-lettre-de-jean-luc-moudenc-a-jacques-oberti\/"]}]},{"@type":"BreadcrumbList","@id":"https:\/\/autate.fr\/site\/la-tribune-plb-que-dit-la-lettre-de-jean-luc-moudenc-a-jacques-oberti\/#breadcrumb","itemListElement":[{"@type":"ListItem","position":1,"name":"Accueil","item":"https:\/\/autate.fr\/site\/"},{"@type":"ListItem","position":2,"name":"[La Tribune] PLB : que dit la lettre de Jean-Luc Moudenc \u00e0 Jacques Oberti ?"}]},{"@type":"WebSite","@id":"https:\/\/autate.fr\/site\/#website","url":"https:\/\/autate.fr\/site\/","name":"AUTATE","description":"Association des usagers des transports de l&#039;agglom\u00e9ration Toulousaine et de ses environs","publisher":{"@id":"https:\/\/autate.fr\/site\/#organization"},"potentialAction":[{"@type":"SearchAction","target":{"@type":"EntryPoint","urlTemplate":"https:\/\/autate.fr\/site\/?s={search_term_string}"},"query-input":{"@type":"PropertyValueSpecification","valueRequired":true,"valueName":"search_term_string"}}],"inLanguage":"fr-FR"},{"@type":"Organization","@id":"https:\/\/autate.fr\/site\/#organization","name":"AUTATE","url":"https:\/\/autate.fr\/site\/","logo":{"@type":"ImageObject","inLanguage":"fr-FR","@id":"https:\/\/autate.fr\/site\/#\/schema\/logo\/image\/","url":"http:\/\/autate.fr\/site\/wp-content\/uploads\/2019\/01\/logo.png","contentUrl":"http:\/\/autate.fr\/site\/wp-content\/uploads\/2019\/01\/logo.png","width":506,"height":280,"caption":"AUTATE"},"image":{"@id":"https:\/\/autate.fr\/site\/#\/schema\/logo\/image\/"},"sameAs":["https:\/\/www.facebook.com\/AutateToulouse","https:\/\/x.com\/AutateToulouse"]},{"@type":"Person","@id":"https:\/\/autate.fr\/site\/#\/schema\/person\/ae1ab8bdaa7b41d2a9b52d2557ce8254","name":"pascalbarbier","image":{"@type":"ImageObject","inLanguage":"fr-FR","@id":"https:\/\/secure.gravatar.com\/avatar\/03f4e8ced09894b72c67e83142540730d4b3bbf619bf46341b0074e3bf5f08a0?s=96&d=mm&r=g","url":"https:\/\/secure.gravatar.com\/avatar\/03f4e8ced09894b72c67e83142540730d4b3bbf619bf46341b0074e3bf5f08a0?s=96&d=mm&r=g","contentUrl":"https:\/\/secure.gravatar.com\/avatar\/03f4e8ced09894b72c67e83142540730d4b3bbf619bf46341b0074e3bf5f08a0?s=96&d=mm&r=g","caption":"pascalbarbier"},"url":"https:\/\/autate.fr\/site\/author\/pascalbarbier\/"}]}},"_links":{"self":[{"href":"https:\/\/autate.fr\/site\/wp-json\/wp\/v2\/posts\/310","targetHints":{"allow":["GET"]}}],"collection":[{"href":"https:\/\/autate.fr\/site\/wp-json\/wp\/v2\/posts"}],"about":[{"href":"https:\/\/autate.fr\/site\/wp-json\/wp\/v2\/types\/post"}],"author":[{"embeddable":true,"href":"https:\/\/autate.fr\/site\/wp-json\/wp\/v2\/users\/1"}],"replies":[{"embeddable":true,"href":"https:\/\/autate.fr\/site\/wp-json\/wp\/v2\/comments?post=310"}],"version-history":[{"count":1,"href":"https:\/\/autate.fr\/site\/wp-json\/wp\/v2\/posts\/310\/revisions"}],"predecessor-version":[{"id":311,"href":"https:\/\/autate.fr\/site\/wp-json\/wp\/v2\/posts\/310\/revisions\/311"}],"wp:attachment":[{"href":"https:\/\/autate.fr\/site\/wp-json\/wp\/v2\/media?parent=310"}],"wp:term":[{"taxonomy":"category","embeddable":true,"href":"https:\/\/autate.fr\/site\/wp-json\/wp\/v2\/categories?post=310"},{"taxonomy":"post_tag","embeddable":true,"href":"https:\/\/autate.fr\/site\/wp-json\/wp\/v2\/tags?post=310"}],"curies":[{"name":"wp","href":"https:\/\/api.w.org\/{rel}","templated":true}]}}