{"id":3087,"date":"2019-01-27T19:41:16","date_gmt":"2019-01-27T18:41:16","guid":{"rendered":"http:\/\/autate.fr\/site\/?p=3087"},"modified":"2025-11-11T17:52:53","modified_gmt":"2025-11-11T16:52:53","slug":"reduction-de-loffre-sur-balma","status":"publish","type":"post","link":"https:\/\/autate.fr\/site\/reduction-de-loffre-sur-balma\/","title":{"rendered":"R\u00e9duction de l&rsquo;offre sur Balma"},"content":{"rendered":"\n<p>Je vous transmets une info balmanaise qui illustre nos discussions sur les \u00e9volutions de la qualit\u00e9 de  service global sur le r\u00e9seau Tisseo, en lien avec la mise en place des Lineo et le projet de 3e ligne de m\u00e9tro.         <br>Lors d&rsquo;une r\u00e9union publique organis\u00e9e par Tisseo et la Mairie de Balma au mois de d\u00e9cembre concernant le prolongement du Lineo 1, ont \u00e9t\u00e9 annonc\u00e9es la fusion des lignes 84 et 77 (sans augmentation de la fr\u00e9quence par rapport \u00e0 la desserte actuelle du 84) et la modification du parcours du 72 (qui mettra d\u00e9sormais 10&prime; de plus sur son parcours entre Gramont et le         centre ville).         <br>Vous trouverez ci-dessous le sch\u00e9ma figurant sur le d\u00e9pliant distribu\u00e9 lors de la r\u00e9union publique<br><\/p>\n\n\n\n<p>Le gain pour les balmanais est minime, puisqu&rsquo;\u00e0 mon sens l&rsquo;int\u00e9r\u00eat principal du Lineo 1 est la desserte de la nouvelle clinique (peu Balmanais habitent sur la desserte du Lineo)         <br><br>Personnellement, je trouve cette d\u00e9gradation du service d\u00e9plorable.         <br><br>Anne-Laure<br><\/p>\n\n\n\n<figure class=\"wp-block-image\"><img loading=\"lazy\" decoding=\"async\" width=\"553\" height=\"737\" src=\"https:\/\/autate.fr\/site\/wp-content\/uploads\/2019\/01\/r\u00e9seau-Balma.jpg\" alt=\"\" class=\"wp-image-3091\" srcset=\"https:\/\/autate.fr\/site\/wp-content\/uploads\/2019\/01\/r\u00e9seau-Balma.jpg 553w, https:\/\/autate.fr\/site\/wp-content\/uploads\/2019\/01\/r\u00e9seau-Balma-225x300.jpg 225w\" sizes=\"auto, (max-width: 553px) 100vw, 553px\" \/><\/figure>\n","protected":false},"excerpt":{"rendered":"<p>Je vous transmets une info balmanaise qui illustre nos discussions sur les \u00e9volutions de la qualit\u00e9 de service global sur le r\u00e9seau Tisseo, en lien avec la mise en place des Lineo et le projet de 3e ligne de m\u00e9tro. Lors d&rsquo;une r\u00e9union publique organis\u00e9e par Tisseo et la Mairie de Balma au mois de<\/p>\n<p class=\"more-link\"><a href=\"https:\/\/autate.fr\/site\/reduction-de-loffre-sur-balma\/\" class=\"themebutton2\">VOIR PLUS<\/a><\/p>\n","protected":false},"author":9,"featured_media":0,"comment_status":"open","ping_status":"open","sticky":false,"template":"","format":"standard","meta":{"footnotes":""},"categories":[336],"tags":[],"class_list":["post-3087","post","type-post","status-publish","format-standard","hentry","category-temoignages"],"yoast_head":"<!-- This site is optimized with the Yoast SEO plugin v27.4 - https:\/\/yoast.com\/product\/yoast-seo-wordpress\/ -->\n<title>R\u00e9duction de l&#039;offre sur Balma - AUTATE<\/title>\n<meta name=\"robots\" content=\"index, follow, max-snippet:-1, max-image-preview:large, max-video-preview:-1\" \/>\n<link rel=\"canonical\" href=\"https:\/\/autate.fr\/site\/reduction-de-loffre-sur-balma\/\" \/>\n<meta property=\"og:locale\" content=\"fr_FR\" \/>\n<meta property=\"og:type\" content=\"article\" \/>\n<meta property=\"og:title\" content=\"R\u00e9duction de l&#039;offre sur Balma - AUTATE\" \/>\n<meta property=\"og:description\" content=\"Je vous transmets une info balmanaise qui illustre nos discussions sur les \u00e9volutions de la qualit\u00e9 de service global sur le r\u00e9seau Tisseo, en lien avec la mise en place des Lineo et le projet de 3e ligne de m\u00e9tro. Lors d&rsquo;une r\u00e9union publique organis\u00e9e par Tisseo et la Mairie de Balma au mois deVOIR PLUS\" \/>\n<meta property=\"og:url\" content=\"https:\/\/autate.fr\/site\/reduction-de-loffre-sur-balma\/\" \/>\n<meta property=\"og:site_name\" content=\"AUTATE\" \/>\n<meta property=\"article:publisher\" content=\"https:\/\/www.facebook.com\/AutateToulouse\" \/>\n<meta property=\"article:published_time\" content=\"2019-01-27T18:41:16+00:00\" \/>\n<meta property=\"article:modified_time\" content=\"2025-11-11T16:52:53+00:00\" \/>\n<meta name=\"author\" content=\"Marie-Pierre Bes\" \/>\n<meta name=\"twitter:card\" content=\"summary_large_image\" \/>\n<meta name=\"twitter:creator\" content=\"@AutateToulouse\" \/>\n<meta name=\"twitter:site\" content=\"@AutateToulouse\" \/>\n<meta name=\"twitter:label1\" content=\"\u00c9crit par\" \/>\n\t<meta name=\"twitter:data1\" content=\"Marie-Pierre Bes\" \/>\n\t<meta name=\"twitter:label2\" content=\"Dur\u00e9e de lecture estim\u00e9e\" \/>\n\t<meta name=\"twitter:data2\" content=\"1 minute\" \/>\n<script type=\"application\/ld+json\" class=\"yoast-schema-graph\">{\"@context\":\"https:\\\/\\\/schema.org\",\"@graph\":[{\"@type\":\"Article\",\"@id\":\"https:\\\/\\\/autate.fr\\\/site\\\/reduction-de-loffre-sur-balma\\\/#article\",\"isPartOf\":{\"@id\":\"https:\\\/\\\/autate.fr\\\/site\\\/reduction-de-loffre-sur-balma\\\/\"},\"author\":{\"name\":\"Marie-Pierre Bes\",\"@id\":\"https:\\\/\\\/autate.fr\\\/site\\\/#\\\/schema\\\/person\\\/ca1ac9182f29f02489db16f08b0834ff\"},\"headline\":\"R\u00e9duction de l&rsquo;offre sur Balma\",\"datePublished\":\"2019-01-27T18:41:16+00:00\",\"dateModified\":\"2025-11-11T16:52:53+00:00\",\"mainEntityOfPage\":{\"@id\":\"https:\\\/\\\/autate.fr\\\/site\\\/reduction-de-loffre-sur-balma\\\/\"},\"wordCount\":175,\"commentCount\":0,\"publisher\":{\"@id\":\"https:\\\/\\\/autate.fr\\\/site\\\/#organization\"},\"articleSection\":[\"T\u00e9moignages\"],\"inLanguage\":\"fr-FR\",\"potentialAction\":[{\"@type\":\"CommentAction\",\"name\":\"Comment\",\"target\":[\"https:\\\/\\\/autate.fr\\\/site\\\/reduction-de-loffre-sur-balma\\\/#respond\"]}]},{\"@type\":\"WebPage\",\"@id\":\"https:\\\/\\\/autate.fr\\\/site\\\/reduction-de-loffre-sur-balma\\\/\",\"url\":\"https:\\\/\\\/autate.fr\\\/site\\\/reduction-de-loffre-sur-balma\\\/\",\"name\":\"R\u00e9duction de l'offre sur Balma - AUTATE\",\"isPartOf\":{\"@id\":\"https:\\\/\\\/autate.fr\\\/site\\\/#website\"},\"datePublished\":\"2019-01-27T18:41:16+00:00\",\"dateModified\":\"2025-11-11T16:52:53+00:00\",\"breadcrumb\":{\"@id\":\"https:\\\/\\\/autate.fr\\\/site\\\/reduction-de-loffre-sur-balma\\\/#breadcrumb\"},\"inLanguage\":\"fr-FR\",\"potentialAction\":[{\"@type\":\"ReadAction\",\"target\":[\"https:\\\/\\\/autate.fr\\\/site\\\/reduction-de-loffre-sur-balma\\\/\"]}]},{\"@type\":\"BreadcrumbList\",\"@id\":\"https:\\\/\\\/autate.fr\\\/site\\\/reduction-de-loffre-sur-balma\\\/#breadcrumb\",\"itemListElement\":[{\"@type\":\"ListItem\",\"position\":1,\"name\":\"Accueil\",\"item\":\"https:\\\/\\\/autate.fr\\\/site\\\/\"},{\"@type\":\"ListItem\",\"position\":2,\"name\":\"R\u00e9duction de l&rsquo;offre sur Balma\"}]},{\"@type\":\"WebSite\",\"@id\":\"https:\\\/\\\/autate.fr\\\/site\\\/#website\",\"url\":\"https:\\\/\\\/autate.fr\\\/site\\\/\",\"name\":\"AUTATE\",\"description\":\"Association des usagers des transports de l&#039;agglom\u00e9ration Toulousaine et de ses environs\",\"publisher\":{\"@id\":\"https:\\\/\\\/autate.fr\\\/site\\\/#organization\"},\"potentialAction\":[{\"@type\":\"SearchAction\",\"target\":{\"@type\":\"EntryPoint\",\"urlTemplate\":\"https:\\\/\\\/autate.fr\\\/site\\\/?s={search_term_string}\"},\"query-input\":{\"@type\":\"PropertyValueSpecification\",\"valueRequired\":true,\"valueName\":\"search_term_string\"}}],\"inLanguage\":\"fr-FR\"},{\"@type\":\"Organization\",\"@id\":\"https:\\\/\\\/autate.fr\\\/site\\\/#organization\",\"name\":\"AUTATE\",\"url\":\"https:\\\/\\\/autate.fr\\\/site\\\/\",\"logo\":{\"@type\":\"ImageObject\",\"inLanguage\":\"fr-FR\",\"@id\":\"https:\\\/\\\/autate.fr\\\/site\\\/#\\\/schema\\\/logo\\\/image\\\/\",\"url\":\"http:\\\/\\\/autate.fr\\\/site\\\/wp-content\\\/uploads\\\/2019\\\/01\\\/logo.png\",\"contentUrl\":\"http:\\\/\\\/autate.fr\\\/site\\\/wp-content\\\/uploads\\\/2019\\\/01\\\/logo.png\",\"width\":506,\"height\":280,\"caption\":\"AUTATE\"},\"image\":{\"@id\":\"https:\\\/\\\/autate.fr\\\/site\\\/#\\\/schema\\\/logo\\\/image\\\/\"},\"sameAs\":[\"https:\\\/\\\/www.facebook.com\\\/AutateToulouse\",\"https:\\\/\\\/x.com\\\/AutateToulouse\"]},{\"@type\":\"Person\",\"@id\":\"https:\\\/\\\/autate.fr\\\/site\\\/#\\\/schema\\\/person\\\/ca1ac9182f29f02489db16f08b0834ff\",\"name\":\"Marie-Pierre Bes\",\"image\":{\"@type\":\"ImageObject\",\"inLanguage\":\"fr-FR\",\"@id\":\"https:\\\/\\\/secure.gravatar.com\\\/avatar\\\/08aa632b25ee7197789b8ec59d6cbcab7d9fc182fc393ccb7ac607ba55766261?s=96&d=mm&r=g\",\"url\":\"https:\\\/\\\/secure.gravatar.com\\\/avatar\\\/08aa632b25ee7197789b8ec59d6cbcab7d9fc182fc393ccb7ac607ba55766261?s=96&d=mm&r=g\",\"contentUrl\":\"https:\\\/\\\/secure.gravatar.com\\\/avatar\\\/08aa632b25ee7197789b8ec59d6cbcab7d9fc182fc393ccb7ac607ba55766261?s=96&d=mm&r=g\",\"caption\":\"Marie-Pierre Bes\"},\"url\":\"https:\\\/\\\/autate.fr\\\/site\\\/author\\\/mariepierre\\\/\"}]}<\/script>\n<!-- \/ Yoast SEO plugin. -->","yoast_head_json":{"title":"R\u00e9duction de l'offre sur Balma - AUTATE","robots":{"index":"index","follow":"follow","max-snippet":"max-snippet:-1","max-image-preview":"max-image-preview:large","max-video-preview":"max-video-preview:-1"},"canonical":"https:\/\/autate.fr\/site\/reduction-de-loffre-sur-balma\/","og_locale":"fr_FR","og_type":"article","og_title":"R\u00e9duction de l'offre sur Balma - AUTATE","og_description":"Je vous transmets une info balmanaise qui illustre nos discussions sur les \u00e9volutions de la qualit\u00e9 de service global sur le r\u00e9seau Tisseo, en lien avec la mise en place des Lineo et le projet de 3e ligne de m\u00e9tro. Lors d&rsquo;une r\u00e9union publique organis\u00e9e par Tisseo et la Mairie de Balma au mois deVOIR PLUS","og_url":"https:\/\/autate.fr\/site\/reduction-de-loffre-sur-balma\/","og_site_name":"AUTATE","article_publisher":"https:\/\/www.facebook.com\/AutateToulouse","article_published_time":"2019-01-27T18:41:16+00:00","article_modified_time":"2025-11-11T16:52:53+00:00","author":"Marie-Pierre Bes","twitter_card":"summary_large_image","twitter_creator":"@AutateToulouse","twitter_site":"@AutateToulouse","twitter_misc":{"\u00c9crit par":"Marie-Pierre Bes","Dur\u00e9e de lecture estim\u00e9e":"1 minute"},"schema":{"@context":"https:\/\/schema.org","@graph":[{"@type":"Article","@id":"https:\/\/autate.fr\/site\/reduction-de-loffre-sur-balma\/#article","isPartOf":{"@id":"https:\/\/autate.fr\/site\/reduction-de-loffre-sur-balma\/"},"author":{"name":"Marie-Pierre Bes","@id":"https:\/\/autate.fr\/site\/#\/schema\/person\/ca1ac9182f29f02489db16f08b0834ff"},"headline":"R\u00e9duction de l&rsquo;offre sur Balma","datePublished":"2019-01-27T18:41:16+00:00","dateModified":"2025-11-11T16:52:53+00:00","mainEntityOfPage":{"@id":"https:\/\/autate.fr\/site\/reduction-de-loffre-sur-balma\/"},"wordCount":175,"commentCount":0,"publisher":{"@id":"https:\/\/autate.fr\/site\/#organization"},"articleSection":["T\u00e9moignages"],"inLanguage":"fr-FR","potentialAction":[{"@type":"CommentAction","name":"Comment","target":["https:\/\/autate.fr\/site\/reduction-de-loffre-sur-balma\/#respond"]}]},{"@type":"WebPage","@id":"https:\/\/autate.fr\/site\/reduction-de-loffre-sur-balma\/","url":"https:\/\/autate.fr\/site\/reduction-de-loffre-sur-balma\/","name":"R\u00e9duction de l'offre sur Balma - AUTATE","isPartOf":{"@id":"https:\/\/autate.fr\/site\/#website"},"datePublished":"2019-01-27T18:41:16+00:00","dateModified":"2025-11-11T16:52:53+00:00","breadcrumb":{"@id":"https:\/\/autate.fr\/site\/reduction-de-loffre-sur-balma\/#breadcrumb"},"inLanguage":"fr-FR","potentialAction":[{"@type":"ReadAction","target":["https:\/\/autate.fr\/site\/reduction-de-loffre-sur-balma\/"]}]},{"@type":"BreadcrumbList","@id":"https:\/\/autate.fr\/site\/reduction-de-loffre-sur-balma\/#breadcrumb","itemListElement":[{"@type":"ListItem","position":1,"name":"Accueil","item":"https:\/\/autate.fr\/site\/"},{"@type":"ListItem","position":2,"name":"R\u00e9duction de l&rsquo;offre sur Balma"}]},{"@type":"WebSite","@id":"https:\/\/autate.fr\/site\/#website","url":"https:\/\/autate.fr\/site\/","name":"AUTATE","description":"Association des usagers des transports de l&#039;agglom\u00e9ration Toulousaine et de ses environs","publisher":{"@id":"https:\/\/autate.fr\/site\/#organization"},"potentialAction":[{"@type":"SearchAction","target":{"@type":"EntryPoint","urlTemplate":"https:\/\/autate.fr\/site\/?s={search_term_string}"},"query-input":{"@type":"PropertyValueSpecification","valueRequired":true,"valueName":"search_term_string"}}],"inLanguage":"fr-FR"},{"@type":"Organization","@id":"https:\/\/autate.fr\/site\/#organization","name":"AUTATE","url":"https:\/\/autate.fr\/site\/","logo":{"@type":"ImageObject","inLanguage":"fr-FR","@id":"https:\/\/autate.fr\/site\/#\/schema\/logo\/image\/","url":"http:\/\/autate.fr\/site\/wp-content\/uploads\/2019\/01\/logo.png","contentUrl":"http:\/\/autate.fr\/site\/wp-content\/uploads\/2019\/01\/logo.png","width":506,"height":280,"caption":"AUTATE"},"image":{"@id":"https:\/\/autate.fr\/site\/#\/schema\/logo\/image\/"},"sameAs":["https:\/\/www.facebook.com\/AutateToulouse","https:\/\/x.com\/AutateToulouse"]},{"@type":"Person","@id":"https:\/\/autate.fr\/site\/#\/schema\/person\/ca1ac9182f29f02489db16f08b0834ff","name":"Marie-Pierre Bes","image":{"@type":"ImageObject","inLanguage":"fr-FR","@id":"https:\/\/secure.gravatar.com\/avatar\/08aa632b25ee7197789b8ec59d6cbcab7d9fc182fc393ccb7ac607ba55766261?s=96&d=mm&r=g","url":"https:\/\/secure.gravatar.com\/avatar\/08aa632b25ee7197789b8ec59d6cbcab7d9fc182fc393ccb7ac607ba55766261?s=96&d=mm&r=g","contentUrl":"https:\/\/secure.gravatar.com\/avatar\/08aa632b25ee7197789b8ec59d6cbcab7d9fc182fc393ccb7ac607ba55766261?s=96&d=mm&r=g","caption":"Marie-Pierre Bes"},"url":"https:\/\/autate.fr\/site\/author\/mariepierre\/"}]}},"_links":{"self":[{"href":"https:\/\/autate.fr\/site\/wp-json\/wp\/v2\/posts\/3087","targetHints":{"allow":["GET"]}}],"collection":[{"href":"https:\/\/autate.fr\/site\/wp-json\/wp\/v2\/posts"}],"about":[{"href":"https:\/\/autate.fr\/site\/wp-json\/wp\/v2\/types\/post"}],"author":[{"embeddable":true,"href":"https:\/\/autate.fr\/site\/wp-json\/wp\/v2\/users\/9"}],"replies":[{"embeddable":true,"href":"https:\/\/autate.fr\/site\/wp-json\/wp\/v2\/comments?post=3087"}],"version-history":[{"count":5,"href":"https:\/\/autate.fr\/site\/wp-json\/wp\/v2\/posts\/3087\/revisions"}],"predecessor-version":[{"id":3094,"href":"https:\/\/autate.fr\/site\/wp-json\/wp\/v2\/posts\/3087\/revisions\/3094"}],"wp:attachment":[{"href":"https:\/\/autate.fr\/site\/wp-json\/wp\/v2\/media?parent=3087"}],"wp:term":[{"taxonomy":"category","embeddable":true,"href":"https:\/\/autate.fr\/site\/wp-json\/wp\/v2\/categories?post=3087"},{"taxonomy":"post_tag","embeddable":true,"href":"https:\/\/autate.fr\/site\/wp-json\/wp\/v2\/tags?post=3087"}],"curies":[{"name":"wp","href":"https:\/\/api.w.org\/{rel}","templated":true}]}}