{"id":307,"date":"2016-03-02T22:31:28","date_gmt":"2016-03-02T21:31:28","guid":{"rendered":"http:\/\/autate.fr\/site\/?p=307"},"modified":"2016-03-02T22:31:28","modified_gmt":"2016-03-02T21:31:28","slug":"la-depeche-ligne-b-ou-3e-ligne-le-metro-nira-pas-a-labege","status":"publish","type":"post","link":"https:\/\/autate.fr\/site\/la-depeche-ligne-b-ou-3e-ligne-le-metro-nira-pas-a-labege\/","title":{"rendered":"[La D\u00e9p\u00eache] Ligne B ou 3e ligne : le m\u00e9tro n&rsquo;ira pas \u00e0 Lab\u00e8ge"},"content":{"rendered":"<p>Les n\u00e9gociations entre Moudenc et Oberti sur la desserte de Lab\u00e8ge et de sa zone d&rsquo;activit\u00e9s par le m\u00e9tro d\u00e9bouchent sur un d\u00e9saccord et une impasse, selon le pr\u00e9sident du Sicoval.<\/p>\n<p>Les jeux sont faits, rien ne va plus. Apr\u00e8s deux mois de n\u00e9gociations actives, dans la plus grande discr\u00e9tion vis-\u00e0-vis des m\u00e9dias, entre Jean-Luc Moudenc et Jacques Oberti, les discussions sur le prolongement de la ligne B (PLB) du m\u00e9tro jusqu&rsquo;\u00e0 Lab\u00e8ge se sont achev\u00e9es, hier mardi apr\u00e8s-midi, sur un d\u00e9saccord entre le pr\u00e9sident de Toulouse M\u00e9tropole et celui du Sicoval.<\/p>\n<p>Jacques Oberti a indiqu\u00e9 \u00e0 \u00abLa D\u00e9p\u00eache du Midi\u00bb avoir fait deux ultimes propositions \u00e0 Jean-Luc Moudenc. La premi\u00e8re, qui avait d\u00e9j\u00e0 \u00e9t\u00e9 \u00e9voqu\u00e9e lors des n\u00e9gociations entre les deux pr\u00e9sidents, consistait \u00e0 raccourcir le prolongement de la ligne B \u00e0 deux stations, parc technologique du Canal \u00e0 Ramonville et terminus \u00e0 l&rsquo;INP de Toulouse, avec desserte ult\u00e9rieure de Lab\u00e8ge Innopole et de la gare multimodale de la Cad\u00e8ne par la troisi\u00e8me ligne de m\u00e9tro. \u00abDans cette optique, la participation du Sicoval et de ses partenaires pour le PLB, D\u00e9partement, R\u00e9gion et Etat, \u00e9tait ainsi acquise pour la 3e ligne de m\u00e9tro\u00bb, indique Jacques Oberti.<\/p>\n<p><a href=\"http:\/\/www.ladepeche.fr\/article\/2016\/03\/02\/2287489-ligne-b-3e-ligne-metro-ira-labege.html\" target=\"_blank\">lire la suite<\/a><\/p>\n<p>Un article de Philippe Emery publi\u00e9 dans la D\u00e9p\u00eache du midi du 02\/03\/2016<\/p>\n","protected":false},"excerpt":{"rendered":"<p>Les n\u00e9gociations entre Moudenc et Oberti sur la desserte de Lab\u00e8ge et de sa zone d&rsquo;activit\u00e9s par le m\u00e9tro d\u00e9bouchent sur un d\u00e9saccord et une impasse, selon le pr\u00e9sident du Sicoval. Les jeux sont faits, rien ne va plus. Apr\u00e8s deux mois de n\u00e9gociations actives, dans la plus grande discr\u00e9tion vis-\u00e0-vis des m\u00e9dias, entre Jean-Luc<\/p>\n<p class=\"more-link\"><a href=\"https:\/\/autate.fr\/site\/la-depeche-ligne-b-ou-3e-ligne-le-metro-nira-pas-a-labege\/\" class=\"themebutton2\">VOIR PLUS<\/a><\/p>\n","protected":false},"author":1,"featured_media":308,"comment_status":"open","ping_status":"open","sticky":false,"template":"","format":"standard","meta":{"footnotes":""},"categories":[7],"tags":[30,22,17,23,52],"class_list":["post-307","post","type-post","status-publish","format-standard","has-post-thumbnail","hentry","category-revue-de-presse","tag-3eme-ligne","tag-labege","tag-plb","tag-sicoval","tag-tae"],"yoast_head":"<!-- This site is optimized with the Yoast SEO plugin v27.4 - https:\/\/yoast.com\/product\/yoast-seo-wordpress\/ -->\n<title>[La D\u00e9p\u00eache] Ligne B ou 3e ligne : le m\u00e9tro n&#039;ira pas \u00e0 Lab\u00e8ge - AUTATE<\/title>\n<meta name=\"robots\" content=\"index, follow, max-snippet:-1, max-image-preview:large, max-video-preview:-1\" \/>\n<link rel=\"canonical\" href=\"https:\/\/autate.fr\/site\/la-depeche-ligne-b-ou-3e-ligne-le-metro-nira-pas-a-labege\/\" \/>\n<meta property=\"og:locale\" content=\"fr_FR\" \/>\n<meta property=\"og:type\" content=\"article\" \/>\n<meta property=\"og:title\" content=\"[La D\u00e9p\u00eache] Ligne B ou 3e ligne : le m\u00e9tro n&#039;ira pas \u00e0 Lab\u00e8ge - AUTATE\" \/>\n<meta property=\"og:description\" content=\"Les n\u00e9gociations entre Moudenc et Oberti sur la desserte de Lab\u00e8ge et de sa zone d&rsquo;activit\u00e9s par le m\u00e9tro d\u00e9bouchent sur un d\u00e9saccord et une impasse, selon le pr\u00e9sident du Sicoval. Les jeux sont faits, rien ne va plus. Apr\u00e8s deux mois de n\u00e9gociations actives, dans la plus grande discr\u00e9tion vis-\u00e0-vis des m\u00e9dias, entre Jean-LucVOIR PLUS\" \/>\n<meta property=\"og:url\" content=\"https:\/\/autate.fr\/site\/la-depeche-ligne-b-ou-3e-ligne-le-metro-nira-pas-a-labege\/\" \/>\n<meta property=\"og:site_name\" content=\"AUTATE\" \/>\n<meta property=\"article:publisher\" content=\"https:\/\/www.facebook.com\/AutateToulouse\" \/>\n<meta property=\"article:published_time\" content=\"2016-03-02T21:31:28+00:00\" \/>\n<meta property=\"og:image\" content=\"https:\/\/autate.fr\/site\/wp-content\/uploads\/2016\/03\/planlab\u00e8ge.jpg\" \/>\n\t<meta property=\"og:image:width\" content=\"650\" \/>\n\t<meta property=\"og:image:height\" content=\"350\" \/>\n\t<meta property=\"og:image:type\" content=\"image\/jpeg\" \/>\n<meta name=\"author\" content=\"pascalbarbier\" \/>\n<meta name=\"twitter:card\" content=\"summary_large_image\" \/>\n<meta name=\"twitter:creator\" content=\"@AutateToulouse\" \/>\n<meta name=\"twitter:site\" content=\"@AutateToulouse\" \/>\n<meta name=\"twitter:label1\" content=\"\u00c9crit par\" \/>\n\t<meta name=\"twitter:data1\" content=\"pascalbarbier\" \/>\n\t<meta name=\"twitter:label2\" content=\"Dur\u00e9e de lecture estim\u00e9e\" \/>\n\t<meta name=\"twitter:data2\" content=\"1 minute\" \/>\n<script type=\"application\/ld+json\" class=\"yoast-schema-graph\">{\"@context\":\"https:\\\/\\\/schema.org\",\"@graph\":[{\"@type\":\"Article\",\"@id\":\"https:\\\/\\\/autate.fr\\\/site\\\/la-depeche-ligne-b-ou-3e-ligne-le-metro-nira-pas-a-labege\\\/#article\",\"isPartOf\":{\"@id\":\"https:\\\/\\\/autate.fr\\\/site\\\/la-depeche-ligne-b-ou-3e-ligne-le-metro-nira-pas-a-labege\\\/\"},\"author\":{\"name\":\"pascalbarbier\",\"@id\":\"https:\\\/\\\/autate.fr\\\/site\\\/#\\\/schema\\\/person\\\/ae1ab8bdaa7b41d2a9b52d2557ce8254\"},\"headline\":\"[La D\u00e9p\u00eache] Ligne B ou 3e ligne : le m\u00e9tro n&rsquo;ira pas \u00e0 Lab\u00e8ge\",\"datePublished\":\"2016-03-02T21:31:28+00:00\",\"mainEntityOfPage\":{\"@id\":\"https:\\\/\\\/autate.fr\\\/site\\\/la-depeche-ligne-b-ou-3e-ligne-le-metro-nira-pas-a-labege\\\/\"},\"wordCount\":258,\"commentCount\":0,\"publisher\":{\"@id\":\"https:\\\/\\\/autate.fr\\\/site\\\/#organization\"},\"image\":{\"@id\":\"https:\\\/\\\/autate.fr\\\/site\\\/la-depeche-ligne-b-ou-3e-ligne-le-metro-nira-pas-a-labege\\\/#primaryimage\"},\"thumbnailUrl\":\"https:\\\/\\\/autate.fr\\\/site\\\/wp-content\\\/uploads\\\/2016\\\/03\\\/planlab\u00e8ge.jpg\",\"keywords\":[\"3\u00e8me ligne\",\"Lab\u00e8ge\",\"PLB\",\"Sicoval\",\"TAE\"],\"articleSection\":[\"Revue de presse\"],\"inLanguage\":\"fr-FR\",\"potentialAction\":[{\"@type\":\"CommentAction\",\"name\":\"Comment\",\"target\":[\"https:\\\/\\\/autate.fr\\\/site\\\/la-depeche-ligne-b-ou-3e-ligne-le-metro-nira-pas-a-labege\\\/#respond\"]}]},{\"@type\":\"WebPage\",\"@id\":\"https:\\\/\\\/autate.fr\\\/site\\\/la-depeche-ligne-b-ou-3e-ligne-le-metro-nira-pas-a-labege\\\/\",\"url\":\"https:\\\/\\\/autate.fr\\\/site\\\/la-depeche-ligne-b-ou-3e-ligne-le-metro-nira-pas-a-labege\\\/\",\"name\":\"[La D\u00e9p\u00eache] Ligne B ou 3e ligne : le m\u00e9tro n'ira pas \u00e0 Lab\u00e8ge - AUTATE\",\"isPartOf\":{\"@id\":\"https:\\\/\\\/autate.fr\\\/site\\\/#website\"},\"primaryImageOfPage\":{\"@id\":\"https:\\\/\\\/autate.fr\\\/site\\\/la-depeche-ligne-b-ou-3e-ligne-le-metro-nira-pas-a-labege\\\/#primaryimage\"},\"image\":{\"@id\":\"https:\\\/\\\/autate.fr\\\/site\\\/la-depeche-ligne-b-ou-3e-ligne-le-metro-nira-pas-a-labege\\\/#primaryimage\"},\"thumbnailUrl\":\"https:\\\/\\\/autate.fr\\\/site\\\/wp-content\\\/uploads\\\/2016\\\/03\\\/planlab\u00e8ge.jpg\",\"datePublished\":\"2016-03-02T21:31:28+00:00\",\"breadcrumb\":{\"@id\":\"https:\\\/\\\/autate.fr\\\/site\\\/la-depeche-ligne-b-ou-3e-ligne-le-metro-nira-pas-a-labege\\\/#breadcrumb\"},\"inLanguage\":\"fr-FR\",\"potentialAction\":[{\"@type\":\"ReadAction\",\"target\":[\"https:\\\/\\\/autate.fr\\\/site\\\/la-depeche-ligne-b-ou-3e-ligne-le-metro-nira-pas-a-labege\\\/\"]}]},{\"@type\":\"ImageObject\",\"inLanguage\":\"fr-FR\",\"@id\":\"https:\\\/\\\/autate.fr\\\/site\\\/la-depeche-ligne-b-ou-3e-ligne-le-metro-nira-pas-a-labege\\\/#primaryimage\",\"url\":\"https:\\\/\\\/autate.fr\\\/site\\\/wp-content\\\/uploads\\\/2016\\\/03\\\/planlab\u00e8ge.jpg\",\"contentUrl\":\"https:\\\/\\\/autate.fr\\\/site\\\/wp-content\\\/uploads\\\/2016\\\/03\\\/planlab\u00e8ge.jpg\",\"width\":650,\"height\":350},{\"@type\":\"BreadcrumbList\",\"@id\":\"https:\\\/\\\/autate.fr\\\/site\\\/la-depeche-ligne-b-ou-3e-ligne-le-metro-nira-pas-a-labege\\\/#breadcrumb\",\"itemListElement\":[{\"@type\":\"ListItem\",\"position\":1,\"name\":\"Accueil\",\"item\":\"https:\\\/\\\/autate.fr\\\/site\\\/\"},{\"@type\":\"ListItem\",\"position\":2,\"name\":\"[La D\u00e9p\u00eache] Ligne B ou 3e ligne : le m\u00e9tro n&rsquo;ira pas \u00e0 Lab\u00e8ge\"}]},{\"@type\":\"WebSite\",\"@id\":\"https:\\\/\\\/autate.fr\\\/site\\\/#website\",\"url\":\"https:\\\/\\\/autate.fr\\\/site\\\/\",\"name\":\"AUTATE\",\"description\":\"Association des usagers des transports de l&#039;agglom\u00e9ration Toulousaine et de ses environs\",\"publisher\":{\"@id\":\"https:\\\/\\\/autate.fr\\\/site\\\/#organization\"},\"potentialAction\":[{\"@type\":\"SearchAction\",\"target\":{\"@type\":\"EntryPoint\",\"urlTemplate\":\"https:\\\/\\\/autate.fr\\\/site\\\/?s={search_term_string}\"},\"query-input\":{\"@type\":\"PropertyValueSpecification\",\"valueRequired\":true,\"valueName\":\"search_term_string\"}}],\"inLanguage\":\"fr-FR\"},{\"@type\":\"Organization\",\"@id\":\"https:\\\/\\\/autate.fr\\\/site\\\/#organization\",\"name\":\"AUTATE\",\"url\":\"https:\\\/\\\/autate.fr\\\/site\\\/\",\"logo\":{\"@type\":\"ImageObject\",\"inLanguage\":\"fr-FR\",\"@id\":\"https:\\\/\\\/autate.fr\\\/site\\\/#\\\/schema\\\/logo\\\/image\\\/\",\"url\":\"http:\\\/\\\/autate.fr\\\/site\\\/wp-content\\\/uploads\\\/2019\\\/01\\\/logo.png\",\"contentUrl\":\"http:\\\/\\\/autate.fr\\\/site\\\/wp-content\\\/uploads\\\/2019\\\/01\\\/logo.png\",\"width\":506,\"height\":280,\"caption\":\"AUTATE\"},\"image\":{\"@id\":\"https:\\\/\\\/autate.fr\\\/site\\\/#\\\/schema\\\/logo\\\/image\\\/\"},\"sameAs\":[\"https:\\\/\\\/www.facebook.com\\\/AutateToulouse\",\"https:\\\/\\\/x.com\\\/AutateToulouse\"]},{\"@type\":\"Person\",\"@id\":\"https:\\\/\\\/autate.fr\\\/site\\\/#\\\/schema\\\/person\\\/ae1ab8bdaa7b41d2a9b52d2557ce8254\",\"name\":\"pascalbarbier\",\"image\":{\"@type\":\"ImageObject\",\"inLanguage\":\"fr-FR\",\"@id\":\"https:\\\/\\\/secure.gravatar.com\\\/avatar\\\/03f4e8ced09894b72c67e83142540730d4b3bbf619bf46341b0074e3bf5f08a0?s=96&d=mm&r=g\",\"url\":\"https:\\\/\\\/secure.gravatar.com\\\/avatar\\\/03f4e8ced09894b72c67e83142540730d4b3bbf619bf46341b0074e3bf5f08a0?s=96&d=mm&r=g\",\"contentUrl\":\"https:\\\/\\\/secure.gravatar.com\\\/avatar\\\/03f4e8ced09894b72c67e83142540730d4b3bbf619bf46341b0074e3bf5f08a0?s=96&d=mm&r=g\",\"caption\":\"pascalbarbier\"},\"url\":\"https:\\\/\\\/autate.fr\\\/site\\\/author\\\/pascalbarbier\\\/\"}]}<\/script>\n<!-- \/ Yoast SEO plugin. -->","yoast_head_json":{"title":"[La D\u00e9p\u00eache] Ligne B ou 3e ligne : le m\u00e9tro n'ira pas \u00e0 Lab\u00e8ge - AUTATE","robots":{"index":"index","follow":"follow","max-snippet":"max-snippet:-1","max-image-preview":"max-image-preview:large","max-video-preview":"max-video-preview:-1"},"canonical":"https:\/\/autate.fr\/site\/la-depeche-ligne-b-ou-3e-ligne-le-metro-nira-pas-a-labege\/","og_locale":"fr_FR","og_type":"article","og_title":"[La D\u00e9p\u00eache] Ligne B ou 3e ligne : le m\u00e9tro n'ira pas \u00e0 Lab\u00e8ge - AUTATE","og_description":"Les n\u00e9gociations entre Moudenc et Oberti sur la desserte de Lab\u00e8ge et de sa zone d&rsquo;activit\u00e9s par le m\u00e9tro d\u00e9bouchent sur un d\u00e9saccord et une impasse, selon le pr\u00e9sident du Sicoval. Les jeux sont faits, rien ne va plus. Apr\u00e8s deux mois de n\u00e9gociations actives, dans la plus grande discr\u00e9tion vis-\u00e0-vis des m\u00e9dias, entre Jean-LucVOIR PLUS","og_url":"https:\/\/autate.fr\/site\/la-depeche-ligne-b-ou-3e-ligne-le-metro-nira-pas-a-labege\/","og_site_name":"AUTATE","article_publisher":"https:\/\/www.facebook.com\/AutateToulouse","article_published_time":"2016-03-02T21:31:28+00:00","og_image":[{"width":650,"height":350,"url":"https:\/\/autate.fr\/site\/wp-content\/uploads\/2016\/03\/planlab\u00e8ge.jpg","type":"image\/jpeg"}],"author":"pascalbarbier","twitter_card":"summary_large_image","twitter_creator":"@AutateToulouse","twitter_site":"@AutateToulouse","twitter_misc":{"\u00c9crit par":"pascalbarbier","Dur\u00e9e de lecture estim\u00e9e":"1 minute"},"schema":{"@context":"https:\/\/schema.org","@graph":[{"@type":"Article","@id":"https:\/\/autate.fr\/site\/la-depeche-ligne-b-ou-3e-ligne-le-metro-nira-pas-a-labege\/#article","isPartOf":{"@id":"https:\/\/autate.fr\/site\/la-depeche-ligne-b-ou-3e-ligne-le-metro-nira-pas-a-labege\/"},"author":{"name":"pascalbarbier","@id":"https:\/\/autate.fr\/site\/#\/schema\/person\/ae1ab8bdaa7b41d2a9b52d2557ce8254"},"headline":"[La D\u00e9p\u00eache] Ligne B ou 3e ligne : le m\u00e9tro n&rsquo;ira pas \u00e0 Lab\u00e8ge","datePublished":"2016-03-02T21:31:28+00:00","mainEntityOfPage":{"@id":"https:\/\/autate.fr\/site\/la-depeche-ligne-b-ou-3e-ligne-le-metro-nira-pas-a-labege\/"},"wordCount":258,"commentCount":0,"publisher":{"@id":"https:\/\/autate.fr\/site\/#organization"},"image":{"@id":"https:\/\/autate.fr\/site\/la-depeche-ligne-b-ou-3e-ligne-le-metro-nira-pas-a-labege\/#primaryimage"},"thumbnailUrl":"https:\/\/autate.fr\/site\/wp-content\/uploads\/2016\/03\/planlab\u00e8ge.jpg","keywords":["3\u00e8me ligne","Lab\u00e8ge","PLB","Sicoval","TAE"],"articleSection":["Revue de presse"],"inLanguage":"fr-FR","potentialAction":[{"@type":"CommentAction","name":"Comment","target":["https:\/\/autate.fr\/site\/la-depeche-ligne-b-ou-3e-ligne-le-metro-nira-pas-a-labege\/#respond"]}]},{"@type":"WebPage","@id":"https:\/\/autate.fr\/site\/la-depeche-ligne-b-ou-3e-ligne-le-metro-nira-pas-a-labege\/","url":"https:\/\/autate.fr\/site\/la-depeche-ligne-b-ou-3e-ligne-le-metro-nira-pas-a-labege\/","name":"[La D\u00e9p\u00eache] Ligne B ou 3e ligne : le m\u00e9tro n'ira pas \u00e0 Lab\u00e8ge - AUTATE","isPartOf":{"@id":"https:\/\/autate.fr\/site\/#website"},"primaryImageOfPage":{"@id":"https:\/\/autate.fr\/site\/la-depeche-ligne-b-ou-3e-ligne-le-metro-nira-pas-a-labege\/#primaryimage"},"image":{"@id":"https:\/\/autate.fr\/site\/la-depeche-ligne-b-ou-3e-ligne-le-metro-nira-pas-a-labege\/#primaryimage"},"thumbnailUrl":"https:\/\/autate.fr\/site\/wp-content\/uploads\/2016\/03\/planlab\u00e8ge.jpg","datePublished":"2016-03-02T21:31:28+00:00","breadcrumb":{"@id":"https:\/\/autate.fr\/site\/la-depeche-ligne-b-ou-3e-ligne-le-metro-nira-pas-a-labege\/#breadcrumb"},"inLanguage":"fr-FR","potentialAction":[{"@type":"ReadAction","target":["https:\/\/autate.fr\/site\/la-depeche-ligne-b-ou-3e-ligne-le-metro-nira-pas-a-labege\/"]}]},{"@type":"ImageObject","inLanguage":"fr-FR","@id":"https:\/\/autate.fr\/site\/la-depeche-ligne-b-ou-3e-ligne-le-metro-nira-pas-a-labege\/#primaryimage","url":"https:\/\/autate.fr\/site\/wp-content\/uploads\/2016\/03\/planlab\u00e8ge.jpg","contentUrl":"https:\/\/autate.fr\/site\/wp-content\/uploads\/2016\/03\/planlab\u00e8ge.jpg","width":650,"height":350},{"@type":"BreadcrumbList","@id":"https:\/\/autate.fr\/site\/la-depeche-ligne-b-ou-3e-ligne-le-metro-nira-pas-a-labege\/#breadcrumb","itemListElement":[{"@type":"ListItem","position":1,"name":"Accueil","item":"https:\/\/autate.fr\/site\/"},{"@type":"ListItem","position":2,"name":"[La D\u00e9p\u00eache] Ligne B ou 3e ligne : le m\u00e9tro n&rsquo;ira pas \u00e0 Lab\u00e8ge"}]},{"@type":"WebSite","@id":"https:\/\/autate.fr\/site\/#website","url":"https:\/\/autate.fr\/site\/","name":"AUTATE","description":"Association des usagers des transports de l&#039;agglom\u00e9ration Toulousaine et de ses environs","publisher":{"@id":"https:\/\/autate.fr\/site\/#organization"},"potentialAction":[{"@type":"SearchAction","target":{"@type":"EntryPoint","urlTemplate":"https:\/\/autate.fr\/site\/?s={search_term_string}"},"query-input":{"@type":"PropertyValueSpecification","valueRequired":true,"valueName":"search_term_string"}}],"inLanguage":"fr-FR"},{"@type":"Organization","@id":"https:\/\/autate.fr\/site\/#organization","name":"AUTATE","url":"https:\/\/autate.fr\/site\/","logo":{"@type":"ImageObject","inLanguage":"fr-FR","@id":"https:\/\/autate.fr\/site\/#\/schema\/logo\/image\/","url":"http:\/\/autate.fr\/site\/wp-content\/uploads\/2019\/01\/logo.png","contentUrl":"http:\/\/autate.fr\/site\/wp-content\/uploads\/2019\/01\/logo.png","width":506,"height":280,"caption":"AUTATE"},"image":{"@id":"https:\/\/autate.fr\/site\/#\/schema\/logo\/image\/"},"sameAs":["https:\/\/www.facebook.com\/AutateToulouse","https:\/\/x.com\/AutateToulouse"]},{"@type":"Person","@id":"https:\/\/autate.fr\/site\/#\/schema\/person\/ae1ab8bdaa7b41d2a9b52d2557ce8254","name":"pascalbarbier","image":{"@type":"ImageObject","inLanguage":"fr-FR","@id":"https:\/\/secure.gravatar.com\/avatar\/03f4e8ced09894b72c67e83142540730d4b3bbf619bf46341b0074e3bf5f08a0?s=96&d=mm&r=g","url":"https:\/\/secure.gravatar.com\/avatar\/03f4e8ced09894b72c67e83142540730d4b3bbf619bf46341b0074e3bf5f08a0?s=96&d=mm&r=g","contentUrl":"https:\/\/secure.gravatar.com\/avatar\/03f4e8ced09894b72c67e83142540730d4b3bbf619bf46341b0074e3bf5f08a0?s=96&d=mm&r=g","caption":"pascalbarbier"},"url":"https:\/\/autate.fr\/site\/author\/pascalbarbier\/"}]}},"_links":{"self":[{"href":"https:\/\/autate.fr\/site\/wp-json\/wp\/v2\/posts\/307","targetHints":{"allow":["GET"]}}],"collection":[{"href":"https:\/\/autate.fr\/site\/wp-json\/wp\/v2\/posts"}],"about":[{"href":"https:\/\/autate.fr\/site\/wp-json\/wp\/v2\/types\/post"}],"author":[{"embeddable":true,"href":"https:\/\/autate.fr\/site\/wp-json\/wp\/v2\/users\/1"}],"replies":[{"embeddable":true,"href":"https:\/\/autate.fr\/site\/wp-json\/wp\/v2\/comments?post=307"}],"version-history":[{"count":1,"href":"https:\/\/autate.fr\/site\/wp-json\/wp\/v2\/posts\/307\/revisions"}],"predecessor-version":[{"id":309,"href":"https:\/\/autate.fr\/site\/wp-json\/wp\/v2\/posts\/307\/revisions\/309"}],"wp:featuredmedia":[{"embeddable":true,"href":"https:\/\/autate.fr\/site\/wp-json\/wp\/v2\/media\/308"}],"wp:attachment":[{"href":"https:\/\/autate.fr\/site\/wp-json\/wp\/v2\/media?parent=307"}],"wp:term":[{"taxonomy":"category","embeddable":true,"href":"https:\/\/autate.fr\/site\/wp-json\/wp\/v2\/categories?post=307"},{"taxonomy":"post_tag","embeddable":true,"href":"https:\/\/autate.fr\/site\/wp-json\/wp\/v2\/tags?post=307"}],"curies":[{"name":"wp","href":"https:\/\/api.w.org\/{rel}","templated":true}]}}