{"id":3048,"date":"2019-01-10T16:52:19","date_gmt":"2019-01-10T15:52:19","guid":{"rendered":"http:\/\/autate.fr\/site\/?p=3048"},"modified":"2019-01-10T16:52:22","modified_gmt":"2019-01-10T15:52:22","slug":"pour-le-retablissement-de-tous-les-arrets-des-ter-a-venerque-le-vernet-et-pins-justaret","status":"publish","type":"post","link":"https:\/\/autate.fr\/site\/pour-le-retablissement-de-tous-les-arrets-des-ter-a-venerque-le-vernet-et-pins-justaret\/","title":{"rendered":"Pour le r\u00e9tablissement de tous les arr\u00eats des TER \u00e0 Venerque-Le Vernet et Pins-Justaret"},"content":{"rendered":"\n<p><a href=\"https:\/\/www.change.org\/p\/sncf-occitanie-pour-le-r%C3%A9tablissement-de-tous-les-arr%C3%AAts-des-ter-%C3%A0-venerque-le-vernet-et-pins-justaret\" target=\"_blank\" rel=\"noreferrer noopener\" aria-label=\" (s\u2019ouvre dans un nouvel onglet)\">https:\/\/www.change.org\/p\/sncf-occitanie-pour-le-r%C3%A9tablissement-de-tous-les-arr%C3%AAts-des-ter-%C3%A0-venerque-le-vernet-et-pins-justaret<\/a><\/p>\n\n\n\n<p><strong><a href=\"https:\/\/www.change.org\/o\/le_blog_de_venerque\" target=\"_blank\" rel=\"noreferrer noopener\" aria-label=\" (s\u2019ouvre dans un nouvel onglet)\">Le Blog de Venerque<\/a> a lanc\u00e9 cette p\u00e9tition adress\u00e9e \u00e0 Jacques Rascol, SNCF Occitanie, directeur r\u00e9gional, \u00e0\u00a0Carole Delga, pr\u00e9sidente de la R\u00e9gion Occitanie et  \u00e0 Jean-Luc Gibelin, R\u00e9gion Occitanie, vice-pr\u00e9sident aux transports .<\/strong><strong class=\"\"><br><\/strong><\/p>\n\n\n\n<p>Le\n 9 d\u00e9cembre, au changement de service annuel de la SNCF, les gares de \nVenerque-Le Vernet et Pins-Justaret ont perdu plusieurs arr\u00eats de train \nsur la ligne Toulouse-Latour de Carol en contre-pointe.<\/p>\n\n\n\n<p>Par exemple, pour aller de Venerque-Le Vernet \u00e0 Toulouse en fin de \njourn\u00e9e en semaine, il ne reste qu&rsquo;un train \u00e0 15h55 et le suivant \u00e0 \n19h57 (disparu le train de 16h54 que prenaient de nombreuses personnes).\n A Pins-Justaret, il n&rsquo;y a plus aucun arr\u00eat en direction de Toulouse \nentre 13h57 et 19h02. Les trains qui s&rsquo;arr\u00eataient auparavant ne \ns&rsquo;arr\u00eatent plus.<\/p>\n\n\n\n<p>En plus de la suppression des arr\u00eats \u00e0 Venerque-Le Vernet et \nPins-Justaret sur les trains maintenus, de nombreux trains en \ncontre-pointe sont purement et simplement supprim\u00e9s \u00e0 savoir le 8h18, \n9h18 et 10h18 au d\u00e9part de Toulouse, et le 16h45, 17h45, 19h45, 20h45 et\n 22h15 \u00e0 l\u2019arriv\u00e9e \u00e0 Toulouse. Par ricochet cela entra\u00eene la suppression\n de trains en fin de l\u2019heure de pointe \u00e0 savoir le 19h19, 20h18 et 21h18\n au d\u00e9part de Toulouse et le 9h45, 10h45 et 11h45 \u00e0 l\u2019arriv\u00e9e \u00e0 Toulouse\n (pour en savoir plus, lire l&rsquo;article du Blog ActuTerOccitanie : <a href=\"https:\/\/actuteroccitanie.wordpress.com\/2018\/09\/08\/le-transpyreneen-fait-son-retour\/\" rel=\"noreferrer noopener\" target=\"_blank\">https:\/\/actuteroccitanie.wordpress.com\/2018\/09\/08\/le-transpyreneen-fait-son-retour\/<\/a><\/p>\n\n\n\n<p>Cela va emp\u00eacher des jeunes de se d\u00e9placer et obliger des adultes \u00e0 \nprendre leur voiture. C&rsquo;est totalement contraire aux objectifs affich\u00e9s \npar la R\u00e9gion Occitanie.<br><br>(M\u00e0J 12\/12) N&rsquo;h\u00e9sitez \u00e0 d\u00e9crire dans les\n commentaires en quoi ces nouveaux horaires impactent concr\u00e8tement (et \nn\u00e9gativement) votre vie quotidienne.<\/p>\n\n\n\n<p>Nous, usagers et usag\u00e8res de ces gares TER, citoyens et citoyennes \nsoucieux\u00b7ses de mobilit\u00e9s \u00e9conomiques et \u00e9cologiques, demandons \u00e0 la \nSNCF Occitanie et \u00e0 la R\u00e9gion Occitanie, autorit\u00e9 organisatrice des \ntransports, de r\u00e9tablir la desserte de ces deux gares par tous les \ntrains les traversant.<\/p>\n","protected":false},"excerpt":{"rendered":"<p>https:\/\/www.change.org\/p\/sncf-occitanie-pour-le-r%C3%A9tablissement-de-tous-les-arr%C3%AAts-des-ter-%C3%A0-venerque-le-vernet-et-pins-justaret Le Blog de Venerque a lanc\u00e9 cette p\u00e9tition adress\u00e9e \u00e0 Jacques Rascol, SNCF Occitanie, directeur r\u00e9gional, \u00e0\u00a0Carole Delga, pr\u00e9sidente de la R\u00e9gion Occitanie et \u00e0 Jean-Luc Gibelin, R\u00e9gion Occitanie, vice-pr\u00e9sident aux transports . Le 9 d\u00e9cembre, au changement de service annuel de la SNCF, les gares de Venerque-Le Vernet et Pins-Justaret ont perdu plusieurs<\/p>\n<p class=\"more-link\"><a href=\"https:\/\/autate.fr\/site\/pour-le-retablissement-de-tous-les-arrets-des-ter-a-venerque-le-vernet-et-pins-justaret\/\" class=\"themebutton2\">VOIR PLUS<\/a><\/p>\n","protected":false},"author":10,"featured_media":0,"comment_status":"open","ping_status":"open","sticky":false,"template":"","format":"standard","meta":{"footnotes":""},"categories":[4,508,314,418],"tags":[],"class_list":["post-3048","post","type-post","status-publish","format-standard","hentry","category-actualite-association","category-gares","category-petition","category-trains-urbains"],"yoast_head":"<!-- This site is optimized with the Yoast SEO plugin v27.4 - https:\/\/yoast.com\/product\/yoast-seo-wordpress\/ -->\n<title>Pour le r\u00e9tablissement de tous les arr\u00eats des TER \u00e0 Venerque-Le Vernet et Pins-Justaret - AUTATE<\/title>\n<meta name=\"robots\" content=\"index, follow, max-snippet:-1, max-image-preview:large, max-video-preview:-1\" \/>\n<link rel=\"canonical\" href=\"https:\/\/autate.fr\/site\/pour-le-retablissement-de-tous-les-arrets-des-ter-a-venerque-le-vernet-et-pins-justaret\/\" \/>\n<meta property=\"og:locale\" content=\"fr_FR\" \/>\n<meta property=\"og:type\" content=\"article\" \/>\n<meta property=\"og:title\" content=\"Pour le r\u00e9tablissement de tous les arr\u00eats des TER \u00e0 Venerque-Le Vernet et Pins-Justaret - AUTATE\" \/>\n<meta property=\"og:description\" content=\"https:\/\/www.change.org\/p\/sncf-occitanie-pour-le-r%C3%A9tablissement-de-tous-les-arr%C3%AAts-des-ter-%C3%A0-venerque-le-vernet-et-pins-justaret Le Blog de Venerque a lanc\u00e9 cette p\u00e9tition adress\u00e9e \u00e0 Jacques Rascol, SNCF Occitanie, directeur r\u00e9gional, \u00e0\u00a0Carole Delga, pr\u00e9sidente de la R\u00e9gion Occitanie et \u00e0 Jean-Luc Gibelin, R\u00e9gion Occitanie, vice-pr\u00e9sident aux transports . Le 9 d\u00e9cembre, au changement de service annuel de la SNCF, les gares de Venerque-Le Vernet et Pins-Justaret ont perdu plusieursVOIR PLUS\" \/>\n<meta property=\"og:url\" content=\"https:\/\/autate.fr\/site\/pour-le-retablissement-de-tous-les-arrets-des-ter-a-venerque-le-vernet-et-pins-justaret\/\" \/>\n<meta property=\"og:site_name\" content=\"AUTATE\" \/>\n<meta property=\"article:publisher\" content=\"https:\/\/www.facebook.com\/AutateToulouse\" \/>\n<meta property=\"article:published_time\" content=\"2019-01-10T15:52:19+00:00\" \/>\n<meta property=\"article:modified_time\" content=\"2019-01-10T15:52:22+00:00\" \/>\n<meta name=\"author\" content=\"Agn\u00e8s D\u00e9fosse\" \/>\n<meta name=\"twitter:card\" content=\"summary_large_image\" \/>\n<meta name=\"twitter:creator\" content=\"@AutateToulouse\" \/>\n<meta name=\"twitter:site\" content=\"@AutateToulouse\" \/>\n<meta name=\"twitter:label1\" content=\"\u00c9crit par\" \/>\n\t<meta name=\"twitter:data1\" content=\"Agn\u00e8s D\u00e9fosse\" \/>\n\t<meta name=\"twitter:label2\" content=\"Dur\u00e9e de lecture estim\u00e9e\" \/>\n\t<meta name=\"twitter:data2\" content=\"2 minutes\" \/>\n<script type=\"application\/ld+json\" class=\"yoast-schema-graph\">{\"@context\":\"https:\\\/\\\/schema.org\",\"@graph\":[{\"@type\":\"Article\",\"@id\":\"https:\\\/\\\/autate.fr\\\/site\\\/pour-le-retablissement-de-tous-les-arrets-des-ter-a-venerque-le-vernet-et-pins-justaret\\\/#article\",\"isPartOf\":{\"@id\":\"https:\\\/\\\/autate.fr\\\/site\\\/pour-le-retablissement-de-tous-les-arrets-des-ter-a-venerque-le-vernet-et-pins-justaret\\\/\"},\"author\":{\"name\":\"Agn\u00e8s D\u00e9fosse\",\"@id\":\"https:\\\/\\\/autate.fr\\\/site\\\/#\\\/schema\\\/person\\\/5dd2db09ec53d78638dc66bb99c1a96b\"},\"headline\":\"Pour le r\u00e9tablissement de tous les arr\u00eats des TER \u00e0 Venerque-Le Vernet et Pins-Justaret\",\"datePublished\":\"2019-01-10T15:52:19+00:00\",\"dateModified\":\"2019-01-10T15:52:22+00:00\",\"mainEntityOfPage\":{\"@id\":\"https:\\\/\\\/autate.fr\\\/site\\\/pour-le-retablissement-de-tous-les-arrets-des-ter-a-venerque-le-vernet-et-pins-justaret\\\/\"},\"wordCount\":362,\"commentCount\":0,\"publisher\":{\"@id\":\"https:\\\/\\\/autate.fr\\\/site\\\/#organization\"},\"articleSection\":[\"Actualit\u00e9s-AUTATE\",\"Gares-SERM\",\"P\u00e9titions\",\"Trains urbains\"],\"inLanguage\":\"fr-FR\",\"potentialAction\":[{\"@type\":\"CommentAction\",\"name\":\"Comment\",\"target\":[\"https:\\\/\\\/autate.fr\\\/site\\\/pour-le-retablissement-de-tous-les-arrets-des-ter-a-venerque-le-vernet-et-pins-justaret\\\/#respond\"]}]},{\"@type\":\"WebPage\",\"@id\":\"https:\\\/\\\/autate.fr\\\/site\\\/pour-le-retablissement-de-tous-les-arrets-des-ter-a-venerque-le-vernet-et-pins-justaret\\\/\",\"url\":\"https:\\\/\\\/autate.fr\\\/site\\\/pour-le-retablissement-de-tous-les-arrets-des-ter-a-venerque-le-vernet-et-pins-justaret\\\/\",\"name\":\"Pour le r\u00e9tablissement de tous les arr\u00eats des TER \u00e0 Venerque-Le Vernet et Pins-Justaret - AUTATE\",\"isPartOf\":{\"@id\":\"https:\\\/\\\/autate.fr\\\/site\\\/#website\"},\"datePublished\":\"2019-01-10T15:52:19+00:00\",\"dateModified\":\"2019-01-10T15:52:22+00:00\",\"breadcrumb\":{\"@id\":\"https:\\\/\\\/autate.fr\\\/site\\\/pour-le-retablissement-de-tous-les-arrets-des-ter-a-venerque-le-vernet-et-pins-justaret\\\/#breadcrumb\"},\"inLanguage\":\"fr-FR\",\"potentialAction\":[{\"@type\":\"ReadAction\",\"target\":[\"https:\\\/\\\/autate.fr\\\/site\\\/pour-le-retablissement-de-tous-les-arrets-des-ter-a-venerque-le-vernet-et-pins-justaret\\\/\"]}]},{\"@type\":\"BreadcrumbList\",\"@id\":\"https:\\\/\\\/autate.fr\\\/site\\\/pour-le-retablissement-de-tous-les-arrets-des-ter-a-venerque-le-vernet-et-pins-justaret\\\/#breadcrumb\",\"itemListElement\":[{\"@type\":\"ListItem\",\"position\":1,\"name\":\"Accueil\",\"item\":\"https:\\\/\\\/autate.fr\\\/site\\\/\"},{\"@type\":\"ListItem\",\"position\":2,\"name\":\"Pour le r\u00e9tablissement de tous les arr\u00eats des TER \u00e0 Venerque-Le Vernet et Pins-Justaret\"}]},{\"@type\":\"WebSite\",\"@id\":\"https:\\\/\\\/autate.fr\\\/site\\\/#website\",\"url\":\"https:\\\/\\\/autate.fr\\\/site\\\/\",\"name\":\"AUTATE\",\"description\":\"Association des usagers des transports de l&#039;agglom\u00e9ration Toulousaine et de ses environs\",\"publisher\":{\"@id\":\"https:\\\/\\\/autate.fr\\\/site\\\/#organization\"},\"potentialAction\":[{\"@type\":\"SearchAction\",\"target\":{\"@type\":\"EntryPoint\",\"urlTemplate\":\"https:\\\/\\\/autate.fr\\\/site\\\/?s={search_term_string}\"},\"query-input\":{\"@type\":\"PropertyValueSpecification\",\"valueRequired\":true,\"valueName\":\"search_term_string\"}}],\"inLanguage\":\"fr-FR\"},{\"@type\":\"Organization\",\"@id\":\"https:\\\/\\\/autate.fr\\\/site\\\/#organization\",\"name\":\"AUTATE\",\"url\":\"https:\\\/\\\/autate.fr\\\/site\\\/\",\"logo\":{\"@type\":\"ImageObject\",\"inLanguage\":\"fr-FR\",\"@id\":\"https:\\\/\\\/autate.fr\\\/site\\\/#\\\/schema\\\/logo\\\/image\\\/\",\"url\":\"http:\\\/\\\/autate.fr\\\/site\\\/wp-content\\\/uploads\\\/2019\\\/01\\\/logo.png\",\"contentUrl\":\"http:\\\/\\\/autate.fr\\\/site\\\/wp-content\\\/uploads\\\/2019\\\/01\\\/logo.png\",\"width\":506,\"height\":280,\"caption\":\"AUTATE\"},\"image\":{\"@id\":\"https:\\\/\\\/autate.fr\\\/site\\\/#\\\/schema\\\/logo\\\/image\\\/\"},\"sameAs\":[\"https:\\\/\\\/www.facebook.com\\\/AutateToulouse\",\"https:\\\/\\\/x.com\\\/AutateToulouse\"]},{\"@type\":\"Person\",\"@id\":\"https:\\\/\\\/autate.fr\\\/site\\\/#\\\/schema\\\/person\\\/5dd2db09ec53d78638dc66bb99c1a96b\",\"name\":\"Agn\u00e8s D\u00e9fosse\",\"image\":{\"@type\":\"ImageObject\",\"inLanguage\":\"fr-FR\",\"@id\":\"https:\\\/\\\/secure.gravatar.com\\\/avatar\\\/95c9cd4b94e5a0c0ea8b60b9bdbb3225980cf1f6d229a870c299992be19d6804?s=96&d=mm&r=g\",\"url\":\"https:\\\/\\\/secure.gravatar.com\\\/avatar\\\/95c9cd4b94e5a0c0ea8b60b9bdbb3225980cf1f6d229a870c299992be19d6804?s=96&d=mm&r=g\",\"contentUrl\":\"https:\\\/\\\/secure.gravatar.com\\\/avatar\\\/95c9cd4b94e5a0c0ea8b60b9bdbb3225980cf1f6d229a870c299992be19d6804?s=96&d=mm&r=g\",\"caption\":\"Agn\u00e8s D\u00e9fosse\"},\"url\":\"https:\\\/\\\/autate.fr\\\/site\\\/author\\\/agnesdefosse\\\/\"}]}<\/script>\n<!-- \/ Yoast SEO plugin. -->","yoast_head_json":{"title":"Pour le r\u00e9tablissement de tous les arr\u00eats des TER \u00e0 Venerque-Le Vernet et Pins-Justaret - AUTATE","robots":{"index":"index","follow":"follow","max-snippet":"max-snippet:-1","max-image-preview":"max-image-preview:large","max-video-preview":"max-video-preview:-1"},"canonical":"https:\/\/autate.fr\/site\/pour-le-retablissement-de-tous-les-arrets-des-ter-a-venerque-le-vernet-et-pins-justaret\/","og_locale":"fr_FR","og_type":"article","og_title":"Pour le r\u00e9tablissement de tous les arr\u00eats des TER \u00e0 Venerque-Le Vernet et Pins-Justaret - AUTATE","og_description":"https:\/\/www.change.org\/p\/sncf-occitanie-pour-le-r%C3%A9tablissement-de-tous-les-arr%C3%AAts-des-ter-%C3%A0-venerque-le-vernet-et-pins-justaret Le Blog de Venerque a lanc\u00e9 cette p\u00e9tition adress\u00e9e \u00e0 Jacques Rascol, SNCF Occitanie, directeur r\u00e9gional, \u00e0\u00a0Carole Delga, pr\u00e9sidente de la R\u00e9gion Occitanie et \u00e0 Jean-Luc Gibelin, R\u00e9gion Occitanie, vice-pr\u00e9sident aux transports . Le 9 d\u00e9cembre, au changement de service annuel de la SNCF, les gares de Venerque-Le Vernet et Pins-Justaret ont perdu plusieursVOIR PLUS","og_url":"https:\/\/autate.fr\/site\/pour-le-retablissement-de-tous-les-arrets-des-ter-a-venerque-le-vernet-et-pins-justaret\/","og_site_name":"AUTATE","article_publisher":"https:\/\/www.facebook.com\/AutateToulouse","article_published_time":"2019-01-10T15:52:19+00:00","article_modified_time":"2019-01-10T15:52:22+00:00","author":"Agn\u00e8s D\u00e9fosse","twitter_card":"summary_large_image","twitter_creator":"@AutateToulouse","twitter_site":"@AutateToulouse","twitter_misc":{"\u00c9crit par":"Agn\u00e8s D\u00e9fosse","Dur\u00e9e de lecture estim\u00e9e":"2 minutes"},"schema":{"@context":"https:\/\/schema.org","@graph":[{"@type":"Article","@id":"https:\/\/autate.fr\/site\/pour-le-retablissement-de-tous-les-arrets-des-ter-a-venerque-le-vernet-et-pins-justaret\/#article","isPartOf":{"@id":"https:\/\/autate.fr\/site\/pour-le-retablissement-de-tous-les-arrets-des-ter-a-venerque-le-vernet-et-pins-justaret\/"},"author":{"name":"Agn\u00e8s D\u00e9fosse","@id":"https:\/\/autate.fr\/site\/#\/schema\/person\/5dd2db09ec53d78638dc66bb99c1a96b"},"headline":"Pour le r\u00e9tablissement de tous les arr\u00eats des TER \u00e0 Venerque-Le Vernet et Pins-Justaret","datePublished":"2019-01-10T15:52:19+00:00","dateModified":"2019-01-10T15:52:22+00:00","mainEntityOfPage":{"@id":"https:\/\/autate.fr\/site\/pour-le-retablissement-de-tous-les-arrets-des-ter-a-venerque-le-vernet-et-pins-justaret\/"},"wordCount":362,"commentCount":0,"publisher":{"@id":"https:\/\/autate.fr\/site\/#organization"},"articleSection":["Actualit\u00e9s-AUTATE","Gares-SERM","P\u00e9titions","Trains urbains"],"inLanguage":"fr-FR","potentialAction":[{"@type":"CommentAction","name":"Comment","target":["https:\/\/autate.fr\/site\/pour-le-retablissement-de-tous-les-arrets-des-ter-a-venerque-le-vernet-et-pins-justaret\/#respond"]}]},{"@type":"WebPage","@id":"https:\/\/autate.fr\/site\/pour-le-retablissement-de-tous-les-arrets-des-ter-a-venerque-le-vernet-et-pins-justaret\/","url":"https:\/\/autate.fr\/site\/pour-le-retablissement-de-tous-les-arrets-des-ter-a-venerque-le-vernet-et-pins-justaret\/","name":"Pour le r\u00e9tablissement de tous les arr\u00eats des TER \u00e0 Venerque-Le Vernet et Pins-Justaret - AUTATE","isPartOf":{"@id":"https:\/\/autate.fr\/site\/#website"},"datePublished":"2019-01-10T15:52:19+00:00","dateModified":"2019-01-10T15:52:22+00:00","breadcrumb":{"@id":"https:\/\/autate.fr\/site\/pour-le-retablissement-de-tous-les-arrets-des-ter-a-venerque-le-vernet-et-pins-justaret\/#breadcrumb"},"inLanguage":"fr-FR","potentialAction":[{"@type":"ReadAction","target":["https:\/\/autate.fr\/site\/pour-le-retablissement-de-tous-les-arrets-des-ter-a-venerque-le-vernet-et-pins-justaret\/"]}]},{"@type":"BreadcrumbList","@id":"https:\/\/autate.fr\/site\/pour-le-retablissement-de-tous-les-arrets-des-ter-a-venerque-le-vernet-et-pins-justaret\/#breadcrumb","itemListElement":[{"@type":"ListItem","position":1,"name":"Accueil","item":"https:\/\/autate.fr\/site\/"},{"@type":"ListItem","position":2,"name":"Pour le r\u00e9tablissement de tous les arr\u00eats des TER \u00e0 Venerque-Le Vernet et Pins-Justaret"}]},{"@type":"WebSite","@id":"https:\/\/autate.fr\/site\/#website","url":"https:\/\/autate.fr\/site\/","name":"AUTATE","description":"Association des usagers des transports de l&#039;agglom\u00e9ration Toulousaine et de ses environs","publisher":{"@id":"https:\/\/autate.fr\/site\/#organization"},"potentialAction":[{"@type":"SearchAction","target":{"@type":"EntryPoint","urlTemplate":"https:\/\/autate.fr\/site\/?s={search_term_string}"},"query-input":{"@type":"PropertyValueSpecification","valueRequired":true,"valueName":"search_term_string"}}],"inLanguage":"fr-FR"},{"@type":"Organization","@id":"https:\/\/autate.fr\/site\/#organization","name":"AUTATE","url":"https:\/\/autate.fr\/site\/","logo":{"@type":"ImageObject","inLanguage":"fr-FR","@id":"https:\/\/autate.fr\/site\/#\/schema\/logo\/image\/","url":"http:\/\/autate.fr\/site\/wp-content\/uploads\/2019\/01\/logo.png","contentUrl":"http:\/\/autate.fr\/site\/wp-content\/uploads\/2019\/01\/logo.png","width":506,"height":280,"caption":"AUTATE"},"image":{"@id":"https:\/\/autate.fr\/site\/#\/schema\/logo\/image\/"},"sameAs":["https:\/\/www.facebook.com\/AutateToulouse","https:\/\/x.com\/AutateToulouse"]},{"@type":"Person","@id":"https:\/\/autate.fr\/site\/#\/schema\/person\/5dd2db09ec53d78638dc66bb99c1a96b","name":"Agn\u00e8s D\u00e9fosse","image":{"@type":"ImageObject","inLanguage":"fr-FR","@id":"https:\/\/secure.gravatar.com\/avatar\/95c9cd4b94e5a0c0ea8b60b9bdbb3225980cf1f6d229a870c299992be19d6804?s=96&d=mm&r=g","url":"https:\/\/secure.gravatar.com\/avatar\/95c9cd4b94e5a0c0ea8b60b9bdbb3225980cf1f6d229a870c299992be19d6804?s=96&d=mm&r=g","contentUrl":"https:\/\/secure.gravatar.com\/avatar\/95c9cd4b94e5a0c0ea8b60b9bdbb3225980cf1f6d229a870c299992be19d6804?s=96&d=mm&r=g","caption":"Agn\u00e8s D\u00e9fosse"},"url":"https:\/\/autate.fr\/site\/author\/agnesdefosse\/"}]}},"_links":{"self":[{"href":"https:\/\/autate.fr\/site\/wp-json\/wp\/v2\/posts\/3048","targetHints":{"allow":["GET"]}}],"collection":[{"href":"https:\/\/autate.fr\/site\/wp-json\/wp\/v2\/posts"}],"about":[{"href":"https:\/\/autate.fr\/site\/wp-json\/wp\/v2\/types\/post"}],"author":[{"embeddable":true,"href":"https:\/\/autate.fr\/site\/wp-json\/wp\/v2\/users\/10"}],"replies":[{"embeddable":true,"href":"https:\/\/autate.fr\/site\/wp-json\/wp\/v2\/comments?post=3048"}],"version-history":[{"count":4,"href":"https:\/\/autate.fr\/site\/wp-json\/wp\/v2\/posts\/3048\/revisions"}],"predecessor-version":[{"id":3052,"href":"https:\/\/autate.fr\/site\/wp-json\/wp\/v2\/posts\/3048\/revisions\/3052"}],"wp:attachment":[{"href":"https:\/\/autate.fr\/site\/wp-json\/wp\/v2\/media?parent=3048"}],"wp:term":[{"taxonomy":"category","embeddable":true,"href":"https:\/\/autate.fr\/site\/wp-json\/wp\/v2\/categories?post=3048"},{"taxonomy":"post_tag","embeddable":true,"href":"https:\/\/autate.fr\/site\/wp-json\/wp\/v2\/tags?post=3048"}],"curies":[{"name":"wp","href":"https:\/\/api.w.org\/{rel}","templated":true}]}}