{"id":3019,"date":"2018-12-08T19:08:31","date_gmt":"2018-12-08T18:08:31","guid":{"rendered":"http:\/\/autate.fr\/site\/?p=3019"},"modified":"2019-01-09T12:56:22","modified_gmt":"2019-01-09T11:56:22","slug":"gare-sncf-de-merenvielle","status":"publish","type":"post","link":"https:\/\/autate.fr\/site\/gare-sncf-de-merenvielle\/","title":{"rendered":"Gare SNCF de M\u00e9renvielle"},"content":{"rendered":"<div>Je me permets de vous contacter afin de tenter de r\u00e9agir aux nouveaux horaires du TER de la ligne Auch &#8211; Colomiers &#8211; Toulouse.<\/div>\n<div>En effet, le d\u00e9pliant concernant les horaires du 9 d\u00e9cembre 2018 au 5 juillet 2019 vient de para\u00eetre sur le site de la SNCF&#8230;<\/div>\n<div>Je suis hospitalier, r\u00e9side \u00e0 Lasserre et me d\u00e9place depuis la rentr\u00e9e en combinant v\u00e9lo et TER. Travaillant \u00e0 l&rsquo;H\u00f4pital Purpan, de jour comme de nuit, j&rsquo;ai renonc\u00e9 \u00e0 la voiture. Dans l&rsquo;air du temps&#8230;<\/div>\n<div>Sauf que le nouveau programme des transports&#8230;\u00e9limine l&rsquo;arr\u00eat de M\u00e9renvielle 1 transport sur 2. Non que les trains soient supprim\u00e9s, mais l&rsquo;arr\u00eat est saut\u00e9. Il faut se d\u00e9placer jusqu&rsquo;\u00e0 Brax ou l&rsquo;Isle Jourdain pour avoir la chance de pouvoir monter dans un TER qui passe par une gare situ\u00e9e \u00e0 2km de mon village, soit avancer de 10km, adieu l&rsquo;interface v\u00e9lo\/TER. Faire la moiti\u00e9 du chemin en voiture&#8230;quelle eco-citoyennet\u00e9 !<\/div>\n<div><\/div>\n<div><span style=\"color: #ff0000;\"><strong>Comment a-t-on pu en arriver l\u00e0 ?<\/strong><\/span><\/div>\n<p><!--more--><\/p>\n<div>Le train ne s&rsquo;arr\u00eate plus&#8230; Alors que le discours du pr\u00e9sident de la r\u00e9publique met en avant l&rsquo;acc\u00e8s aux transports en commun, alors que la Pr\u00e9sidente de R\u00e9gion pr\u00e9sente le Train (\u00e0 Hydrog\u00e8ne) comme un axe \u00e9cologique d&rsquo;avenir&#8230; Pourquoi d\u00e9penser des milliards en mat\u00e9riel si on ne permet pas aux usagers l&rsquo;acc\u00e8s aux rames ?<\/div>\n<div>La suppression de cet arr\u00eat en gare de M\u00e9renvielle ne modifie en rien les horaires, cela ne modifie en effet pas les horaires de passage suivants (comparaison avec l&rsquo;ann\u00e9e pr\u00e9c\u00e9dente).<\/div>\n<div>Comment la population va se tourner vers de nouvelles solutions si on ne les leur rend pas accessibles. On supprime des arr\u00eats car pas assez d&rsquo;usagers comptabilis\u00e9s la semaine derni\u00e8re&#8230; Mais doit-on attendre d&rsquo;avoir 10 personnes attendant sur un quai vide pour cr\u00e9er un besoin ? Quel statisticien peut d\u00e9velopper un tel mod\u00e8le d&rsquo;incoh\u00e9rence ? Le train doit \u00eatre l\u00e0 afin que les usagers se tournent vers lui, s&rsquo;il n&rsquo;y en a pas comment g\u00e9n\u00e9rer de la demande ?<\/div>\n<div>Je vous ai joint deux images des-dits horaires, vous constaterez que pour aller sur Toulouse, il faut attendre 2 h,\u00a0 4 h. Le travailleur de nuit n&rsquo;a plus droit au Train de 18h54&#8230; Et que le retour se fera&#8230;\u00e0 10h15 ou 12h40. Embauchant \u00e0 20h et finissant \u00e0 8h, la mobilit\u00e9 est bien complexe.<\/div>\n<div><\/div>\n<div>La suppression de l&rsquo;arr\u00eat ne g\u00e9n\u00e8re pas de gain de temps, le train est toujours en retard car les lignes ne se croisent pas entre L&rsquo;isle Jourdain et Brax, il y a quotidiennement un d\u00e9calage, que le fait de sauter une gare ne r\u00e9soudra jamais. Non seulement le TER ne s&rsquo;arr\u00eate pas \u00e0 M\u00e9renvielle, mais il passe 5mn \u00e0 quai \u00e0 la gare suivante !<\/div>\n<div>La station de M\u00e9renvielle conna\u00eet depuis deux ans une croissance exponentielle, drainant les usagers des communes avoisinantes (M\u00e9renvielle, Lasserre, Prad\u00e8res les Bourguets, S\u00e9goufielle, et m\u00eame L\u00e9vignac). Le parking est neuf et sous-dimensionn\u00e9, comme tous ceux de la ligne.<\/div>\n<div>Cette suppression est un non-sens.<\/div>\n<div>Aucune \u00e9tude ne pourra dire qu&rsquo;il faut la r\u00e9tablir puisque jamais vous n&rsquo;aurez sur le quai des personnes qui attendent un train fant\u00f4me&#8230;Alors que pour la supprimer il a suffit d&rsquo;observer l&rsquo;activit\u00e9 pendant 48h et d&rsquo;en d\u00e9duire une loi statistique infaillible&#8230; Tout le monde ne travaille pas sur des horaires de bureau, certains \u0153uvrent de nuit, les week-ends et f\u00e9ri\u00e9s&#8230; Tout le monde ne d\u00eene pas devant le JT&#8230;<\/div>\n<div><\/div>\n<div>Le r\u00f4le de la SNCF et de la R\u00e9gion est d&rsquo;amener les usagers \u00e0 transformer leurs habitudes, \u00e0 renoncer \u00e0 des modes de transports individuels. Accompagner les usagers c&rsquo;est leur dire : regardez, l\u00e0 vous auriez pu vous d\u00e9placer autrement, et leur en donner la possibilit\u00e9. Si la gare n&rsquo;est pas desservie, en quoi la mission est-elle remplie ?<\/div>\n<div><\/div>\n<div>J&rsquo;en suis m\u00eame \u00e0 me dire que du coup la SNCF, en me vendant un abonnement mensuel entre deux gares fant\u00f4mes en est m\u00eame \u00e0 faire de la vente illicite&#8230; Car entre l&rsquo;achat et l&rsquo;usage, les termes on \u00e9t\u00e9 quelque peu modifi\u00e9s.<\/div>\n<div><img decoding=\"async\" src=\"https:\/\/mail.ovh.net\/roundcube\/?_task=mail&amp;_action=get&amp;_mbox=INBOX&amp;_uid=5163&amp;_token=ZMjQv62gq1E9bU0pJznfpKQ0NVpWAp9M&amp;_part=2&amp;_embed=1&amp;_mimeclass=image\" alt=\"TER 1.jpg\" \/><img decoding=\"async\" src=\"https:\/\/mail.ovh.net\/roundcube\/?_task=mail&amp;_action=get&amp;_mbox=INBOX&amp;_uid=5163&amp;_token=ZMjQv62gq1E9bU0pJznfpKQ0NVpWAp9M&amp;_part=3&amp;_embed=1&amp;_mimeclass=image\" alt=\"TER 2.jpg\" \/><\/div>\n<div>Cr\u00e9dit photos :\u00a0Florian P\u00e9pellin<\/div>\n","protected":false},"excerpt":{"rendered":"<p>Je me permets de vous contacter afin de tenter de r\u00e9agir aux nouveaux horaires du TER de la ligne Auch &#8211; Colomiers &#8211; Toulouse. En effet, le d\u00e9pliant concernant les horaires du 9 d\u00e9cembre 2018 au 5 juillet 2019 vient de para\u00eetre sur le site de la SNCF&#8230; Je suis hospitalier, r\u00e9side \u00e0 Lasserre et<\/p>\n<p class=\"more-link\"><a href=\"https:\/\/autate.fr\/site\/gare-sncf-de-merenvielle\/\" class=\"themebutton2\">VOIR PLUS<\/a><\/p>\n","protected":false},"author":9,"featured_media":3026,"comment_status":"open","ping_status":"open","sticky":false,"template":"","format":"standard","meta":{"footnotes":""},"categories":[336,418],"tags":[],"class_list":["post-3019","post","type-post","status-publish","format-standard","has-post-thumbnail","hentry","category-temoignages","category-trains-urbains"],"yoast_head":"<!-- This site is optimized with the Yoast SEO plugin v27.4 - https:\/\/yoast.com\/product\/yoast-seo-wordpress\/ -->\n<title>Gare SNCF de M\u00e9renvielle - AUTATE<\/title>\n<meta name=\"robots\" content=\"index, follow, max-snippet:-1, max-image-preview:large, max-video-preview:-1\" \/>\n<link rel=\"canonical\" href=\"https:\/\/autate.fr\/site\/gare-sncf-de-merenvielle\/\" \/>\n<meta property=\"og:locale\" content=\"fr_FR\" \/>\n<meta property=\"og:type\" content=\"article\" \/>\n<meta property=\"og:title\" content=\"Gare SNCF de M\u00e9renvielle - AUTATE\" \/>\n<meta property=\"og:description\" content=\"Je me permets de vous contacter afin de tenter de r\u00e9agir aux nouveaux horaires du TER de la ligne Auch &#8211; Colomiers &#8211; Toulouse. En effet, le d\u00e9pliant concernant les horaires du 9 d\u00e9cembre 2018 au 5 juillet 2019 vient de para\u00eetre sur le site de la SNCF&#8230; Je suis hospitalier, r\u00e9side \u00e0 Lasserre etVOIR PLUS\" \/>\n<meta property=\"og:url\" content=\"https:\/\/autate.fr\/site\/gare-sncf-de-merenvielle\/\" \/>\n<meta property=\"og:site_name\" content=\"AUTATE\" \/>\n<meta property=\"article:publisher\" content=\"https:\/\/www.facebook.com\/AutateToulouse\" \/>\n<meta property=\"article:published_time\" content=\"2018-12-08T18:08:31+00:00\" \/>\n<meta property=\"article:modified_time\" content=\"2019-01-09T11:56:22+00:00\" \/>\n<meta property=\"og:image\" content=\"https:\/\/autate.fr\/site\/wp-content\/uploads\/2018\/12\/Gare_de_M\u00e9renvielle_2011.jpeg\" \/>\n\t<meta property=\"og:image:width\" content=\"2022\" \/>\n\t<meta property=\"og:image:height\" content=\"1502\" \/>\n\t<meta property=\"og:image:type\" content=\"image\/jpeg\" \/>\n<meta name=\"author\" content=\"Marie-Pierre Bes\" \/>\n<meta name=\"twitter:card\" content=\"summary_large_image\" \/>\n<meta name=\"twitter:creator\" content=\"@AutateToulouse\" \/>\n<meta name=\"twitter:site\" content=\"@AutateToulouse\" \/>\n<meta name=\"twitter:label1\" content=\"\u00c9crit par\" \/>\n\t<meta name=\"twitter:data1\" content=\"Marie-Pierre Bes\" \/>\n\t<meta name=\"twitter:label2\" content=\"Dur\u00e9e de lecture estim\u00e9e\" \/>\n\t<meta name=\"twitter:data2\" content=\"4 minutes\" \/>\n<script type=\"application\/ld+json\" class=\"yoast-schema-graph\">{\"@context\":\"https:\\\/\\\/schema.org\",\"@graph\":[{\"@type\":\"Article\",\"@id\":\"https:\\\/\\\/autate.fr\\\/site\\\/gare-sncf-de-merenvielle\\\/#article\",\"isPartOf\":{\"@id\":\"https:\\\/\\\/autate.fr\\\/site\\\/gare-sncf-de-merenvielle\\\/\"},\"author\":{\"name\":\"Marie-Pierre Bes\",\"@id\":\"https:\\\/\\\/autate.fr\\\/site\\\/#\\\/schema\\\/person\\\/ca1ac9182f29f02489db16f08b0834ff\"},\"headline\":\"Gare SNCF de M\u00e9renvielle\",\"datePublished\":\"2018-12-08T18:08:31+00:00\",\"dateModified\":\"2019-01-09T11:56:22+00:00\",\"mainEntityOfPage\":{\"@id\":\"https:\\\/\\\/autate.fr\\\/site\\\/gare-sncf-de-merenvielle\\\/\"},\"wordCount\":706,\"commentCount\":0,\"publisher\":{\"@id\":\"https:\\\/\\\/autate.fr\\\/site\\\/#organization\"},\"image\":{\"@id\":\"https:\\\/\\\/autate.fr\\\/site\\\/gare-sncf-de-merenvielle\\\/#primaryimage\"},\"thumbnailUrl\":\"https:\\\/\\\/autate.fr\\\/site\\\/wp-content\\\/uploads\\\/2018\\\/12\\\/Gare_de_M\u00e9renvielle_2011.jpeg\",\"articleSection\":[\"T\u00e9moignages\",\"Trains urbains\"],\"inLanguage\":\"fr-FR\",\"potentialAction\":[{\"@type\":\"CommentAction\",\"name\":\"Comment\",\"target\":[\"https:\\\/\\\/autate.fr\\\/site\\\/gare-sncf-de-merenvielle\\\/#respond\"]}]},{\"@type\":\"WebPage\",\"@id\":\"https:\\\/\\\/autate.fr\\\/site\\\/gare-sncf-de-merenvielle\\\/\",\"url\":\"https:\\\/\\\/autate.fr\\\/site\\\/gare-sncf-de-merenvielle\\\/\",\"name\":\"Gare SNCF de M\u00e9renvielle - AUTATE\",\"isPartOf\":{\"@id\":\"https:\\\/\\\/autate.fr\\\/site\\\/#website\"},\"primaryImageOfPage\":{\"@id\":\"https:\\\/\\\/autate.fr\\\/site\\\/gare-sncf-de-merenvielle\\\/#primaryimage\"},\"image\":{\"@id\":\"https:\\\/\\\/autate.fr\\\/site\\\/gare-sncf-de-merenvielle\\\/#primaryimage\"},\"thumbnailUrl\":\"https:\\\/\\\/autate.fr\\\/site\\\/wp-content\\\/uploads\\\/2018\\\/12\\\/Gare_de_M\u00e9renvielle_2011.jpeg\",\"datePublished\":\"2018-12-08T18:08:31+00:00\",\"dateModified\":\"2019-01-09T11:56:22+00:00\",\"breadcrumb\":{\"@id\":\"https:\\\/\\\/autate.fr\\\/site\\\/gare-sncf-de-merenvielle\\\/#breadcrumb\"},\"inLanguage\":\"fr-FR\",\"potentialAction\":[{\"@type\":\"ReadAction\",\"target\":[\"https:\\\/\\\/autate.fr\\\/site\\\/gare-sncf-de-merenvielle\\\/\"]}]},{\"@type\":\"ImageObject\",\"inLanguage\":\"fr-FR\",\"@id\":\"https:\\\/\\\/autate.fr\\\/site\\\/gare-sncf-de-merenvielle\\\/#primaryimage\",\"url\":\"https:\\\/\\\/autate.fr\\\/site\\\/wp-content\\\/uploads\\\/2018\\\/12\\\/Gare_de_M\u00e9renvielle_2011.jpeg\",\"contentUrl\":\"https:\\\/\\\/autate.fr\\\/site\\\/wp-content\\\/uploads\\\/2018\\\/12\\\/Gare_de_M\u00e9renvielle_2011.jpeg\",\"width\":2022,\"height\":1502},{\"@type\":\"BreadcrumbList\",\"@id\":\"https:\\\/\\\/autate.fr\\\/site\\\/gare-sncf-de-merenvielle\\\/#breadcrumb\",\"itemListElement\":[{\"@type\":\"ListItem\",\"position\":1,\"name\":\"Accueil\",\"item\":\"https:\\\/\\\/autate.fr\\\/site\\\/\"},{\"@type\":\"ListItem\",\"position\":2,\"name\":\"Gare SNCF de M\u00e9renvielle\"}]},{\"@type\":\"WebSite\",\"@id\":\"https:\\\/\\\/autate.fr\\\/site\\\/#website\",\"url\":\"https:\\\/\\\/autate.fr\\\/site\\\/\",\"name\":\"AUTATE\",\"description\":\"Association des usagers des transports de l&#039;agglom\u00e9ration Toulousaine et de ses environs\",\"publisher\":{\"@id\":\"https:\\\/\\\/autate.fr\\\/site\\\/#organization\"},\"potentialAction\":[{\"@type\":\"SearchAction\",\"target\":{\"@type\":\"EntryPoint\",\"urlTemplate\":\"https:\\\/\\\/autate.fr\\\/site\\\/?s={search_term_string}\"},\"query-input\":{\"@type\":\"PropertyValueSpecification\",\"valueRequired\":true,\"valueName\":\"search_term_string\"}}],\"inLanguage\":\"fr-FR\"},{\"@type\":\"Organization\",\"@id\":\"https:\\\/\\\/autate.fr\\\/site\\\/#organization\",\"name\":\"AUTATE\",\"url\":\"https:\\\/\\\/autate.fr\\\/site\\\/\",\"logo\":{\"@type\":\"ImageObject\",\"inLanguage\":\"fr-FR\",\"@id\":\"https:\\\/\\\/autate.fr\\\/site\\\/#\\\/schema\\\/logo\\\/image\\\/\",\"url\":\"http:\\\/\\\/autate.fr\\\/site\\\/wp-content\\\/uploads\\\/2019\\\/01\\\/logo.png\",\"contentUrl\":\"http:\\\/\\\/autate.fr\\\/site\\\/wp-content\\\/uploads\\\/2019\\\/01\\\/logo.png\",\"width\":506,\"height\":280,\"caption\":\"AUTATE\"},\"image\":{\"@id\":\"https:\\\/\\\/autate.fr\\\/site\\\/#\\\/schema\\\/logo\\\/image\\\/\"},\"sameAs\":[\"https:\\\/\\\/www.facebook.com\\\/AutateToulouse\",\"https:\\\/\\\/x.com\\\/AutateToulouse\"]},{\"@type\":\"Person\",\"@id\":\"https:\\\/\\\/autate.fr\\\/site\\\/#\\\/schema\\\/person\\\/ca1ac9182f29f02489db16f08b0834ff\",\"name\":\"Marie-Pierre Bes\",\"image\":{\"@type\":\"ImageObject\",\"inLanguage\":\"fr-FR\",\"@id\":\"https:\\\/\\\/secure.gravatar.com\\\/avatar\\\/08aa632b25ee7197789b8ec59d6cbcab7d9fc182fc393ccb7ac607ba55766261?s=96&d=mm&r=g\",\"url\":\"https:\\\/\\\/secure.gravatar.com\\\/avatar\\\/08aa632b25ee7197789b8ec59d6cbcab7d9fc182fc393ccb7ac607ba55766261?s=96&d=mm&r=g\",\"contentUrl\":\"https:\\\/\\\/secure.gravatar.com\\\/avatar\\\/08aa632b25ee7197789b8ec59d6cbcab7d9fc182fc393ccb7ac607ba55766261?s=96&d=mm&r=g\",\"caption\":\"Marie-Pierre Bes\"},\"url\":\"https:\\\/\\\/autate.fr\\\/site\\\/author\\\/mariepierre\\\/\"}]}<\/script>\n<!-- \/ Yoast SEO plugin. -->","yoast_head_json":{"title":"Gare SNCF de M\u00e9renvielle - AUTATE","robots":{"index":"index","follow":"follow","max-snippet":"max-snippet:-1","max-image-preview":"max-image-preview:large","max-video-preview":"max-video-preview:-1"},"canonical":"https:\/\/autate.fr\/site\/gare-sncf-de-merenvielle\/","og_locale":"fr_FR","og_type":"article","og_title":"Gare SNCF de M\u00e9renvielle - AUTATE","og_description":"Je me permets de vous contacter afin de tenter de r\u00e9agir aux nouveaux horaires du TER de la ligne Auch &#8211; Colomiers &#8211; Toulouse. En effet, le d\u00e9pliant concernant les horaires du 9 d\u00e9cembre 2018 au 5 juillet 2019 vient de para\u00eetre sur le site de la SNCF&#8230; Je suis hospitalier, r\u00e9side \u00e0 Lasserre etVOIR PLUS","og_url":"https:\/\/autate.fr\/site\/gare-sncf-de-merenvielle\/","og_site_name":"AUTATE","article_publisher":"https:\/\/www.facebook.com\/AutateToulouse","article_published_time":"2018-12-08T18:08:31+00:00","article_modified_time":"2019-01-09T11:56:22+00:00","og_image":[{"width":2022,"height":1502,"url":"https:\/\/autate.fr\/site\/wp-content\/uploads\/2018\/12\/Gare_de_M\u00e9renvielle_2011.jpeg","type":"image\/jpeg"}],"author":"Marie-Pierre Bes","twitter_card":"summary_large_image","twitter_creator":"@AutateToulouse","twitter_site":"@AutateToulouse","twitter_misc":{"\u00c9crit par":"Marie-Pierre Bes","Dur\u00e9e de lecture estim\u00e9e":"4 minutes"},"schema":{"@context":"https:\/\/schema.org","@graph":[{"@type":"Article","@id":"https:\/\/autate.fr\/site\/gare-sncf-de-merenvielle\/#article","isPartOf":{"@id":"https:\/\/autate.fr\/site\/gare-sncf-de-merenvielle\/"},"author":{"name":"Marie-Pierre Bes","@id":"https:\/\/autate.fr\/site\/#\/schema\/person\/ca1ac9182f29f02489db16f08b0834ff"},"headline":"Gare SNCF de M\u00e9renvielle","datePublished":"2018-12-08T18:08:31+00:00","dateModified":"2019-01-09T11:56:22+00:00","mainEntityOfPage":{"@id":"https:\/\/autate.fr\/site\/gare-sncf-de-merenvielle\/"},"wordCount":706,"commentCount":0,"publisher":{"@id":"https:\/\/autate.fr\/site\/#organization"},"image":{"@id":"https:\/\/autate.fr\/site\/gare-sncf-de-merenvielle\/#primaryimage"},"thumbnailUrl":"https:\/\/autate.fr\/site\/wp-content\/uploads\/2018\/12\/Gare_de_M\u00e9renvielle_2011.jpeg","articleSection":["T\u00e9moignages","Trains urbains"],"inLanguage":"fr-FR","potentialAction":[{"@type":"CommentAction","name":"Comment","target":["https:\/\/autate.fr\/site\/gare-sncf-de-merenvielle\/#respond"]}]},{"@type":"WebPage","@id":"https:\/\/autate.fr\/site\/gare-sncf-de-merenvielle\/","url":"https:\/\/autate.fr\/site\/gare-sncf-de-merenvielle\/","name":"Gare SNCF de M\u00e9renvielle - AUTATE","isPartOf":{"@id":"https:\/\/autate.fr\/site\/#website"},"primaryImageOfPage":{"@id":"https:\/\/autate.fr\/site\/gare-sncf-de-merenvielle\/#primaryimage"},"image":{"@id":"https:\/\/autate.fr\/site\/gare-sncf-de-merenvielle\/#primaryimage"},"thumbnailUrl":"https:\/\/autate.fr\/site\/wp-content\/uploads\/2018\/12\/Gare_de_M\u00e9renvielle_2011.jpeg","datePublished":"2018-12-08T18:08:31+00:00","dateModified":"2019-01-09T11:56:22+00:00","breadcrumb":{"@id":"https:\/\/autate.fr\/site\/gare-sncf-de-merenvielle\/#breadcrumb"},"inLanguage":"fr-FR","potentialAction":[{"@type":"ReadAction","target":["https:\/\/autate.fr\/site\/gare-sncf-de-merenvielle\/"]}]},{"@type":"ImageObject","inLanguage":"fr-FR","@id":"https:\/\/autate.fr\/site\/gare-sncf-de-merenvielle\/#primaryimage","url":"https:\/\/autate.fr\/site\/wp-content\/uploads\/2018\/12\/Gare_de_M\u00e9renvielle_2011.jpeg","contentUrl":"https:\/\/autate.fr\/site\/wp-content\/uploads\/2018\/12\/Gare_de_M\u00e9renvielle_2011.jpeg","width":2022,"height":1502},{"@type":"BreadcrumbList","@id":"https:\/\/autate.fr\/site\/gare-sncf-de-merenvielle\/#breadcrumb","itemListElement":[{"@type":"ListItem","position":1,"name":"Accueil","item":"https:\/\/autate.fr\/site\/"},{"@type":"ListItem","position":2,"name":"Gare SNCF de M\u00e9renvielle"}]},{"@type":"WebSite","@id":"https:\/\/autate.fr\/site\/#website","url":"https:\/\/autate.fr\/site\/","name":"AUTATE","description":"Association des usagers des transports de l&#039;agglom\u00e9ration Toulousaine et de ses environs","publisher":{"@id":"https:\/\/autate.fr\/site\/#organization"},"potentialAction":[{"@type":"SearchAction","target":{"@type":"EntryPoint","urlTemplate":"https:\/\/autate.fr\/site\/?s={search_term_string}"},"query-input":{"@type":"PropertyValueSpecification","valueRequired":true,"valueName":"search_term_string"}}],"inLanguage":"fr-FR"},{"@type":"Organization","@id":"https:\/\/autate.fr\/site\/#organization","name":"AUTATE","url":"https:\/\/autate.fr\/site\/","logo":{"@type":"ImageObject","inLanguage":"fr-FR","@id":"https:\/\/autate.fr\/site\/#\/schema\/logo\/image\/","url":"http:\/\/autate.fr\/site\/wp-content\/uploads\/2019\/01\/logo.png","contentUrl":"http:\/\/autate.fr\/site\/wp-content\/uploads\/2019\/01\/logo.png","width":506,"height":280,"caption":"AUTATE"},"image":{"@id":"https:\/\/autate.fr\/site\/#\/schema\/logo\/image\/"},"sameAs":["https:\/\/www.facebook.com\/AutateToulouse","https:\/\/x.com\/AutateToulouse"]},{"@type":"Person","@id":"https:\/\/autate.fr\/site\/#\/schema\/person\/ca1ac9182f29f02489db16f08b0834ff","name":"Marie-Pierre Bes","image":{"@type":"ImageObject","inLanguage":"fr-FR","@id":"https:\/\/secure.gravatar.com\/avatar\/08aa632b25ee7197789b8ec59d6cbcab7d9fc182fc393ccb7ac607ba55766261?s=96&d=mm&r=g","url":"https:\/\/secure.gravatar.com\/avatar\/08aa632b25ee7197789b8ec59d6cbcab7d9fc182fc393ccb7ac607ba55766261?s=96&d=mm&r=g","contentUrl":"https:\/\/secure.gravatar.com\/avatar\/08aa632b25ee7197789b8ec59d6cbcab7d9fc182fc393ccb7ac607ba55766261?s=96&d=mm&r=g","caption":"Marie-Pierre Bes"},"url":"https:\/\/autate.fr\/site\/author\/mariepierre\/"}]}},"_links":{"self":[{"href":"https:\/\/autate.fr\/site\/wp-json\/wp\/v2\/posts\/3019","targetHints":{"allow":["GET"]}}],"collection":[{"href":"https:\/\/autate.fr\/site\/wp-json\/wp\/v2\/posts"}],"about":[{"href":"https:\/\/autate.fr\/site\/wp-json\/wp\/v2\/types\/post"}],"author":[{"embeddable":true,"href":"https:\/\/autate.fr\/site\/wp-json\/wp\/v2\/users\/9"}],"replies":[{"embeddable":true,"href":"https:\/\/autate.fr\/site\/wp-json\/wp\/v2\/comments?post=3019"}],"version-history":[{"count":5,"href":"https:\/\/autate.fr\/site\/wp-json\/wp\/v2\/posts\/3019\/revisions"}],"predecessor-version":[{"id":3029,"href":"https:\/\/autate.fr\/site\/wp-json\/wp\/v2\/posts\/3019\/revisions\/3029"}],"wp:featuredmedia":[{"embeddable":true,"href":"https:\/\/autate.fr\/site\/wp-json\/wp\/v2\/media\/3026"}],"wp:attachment":[{"href":"https:\/\/autate.fr\/site\/wp-json\/wp\/v2\/media?parent=3019"}],"wp:term":[{"taxonomy":"category","embeddable":true,"href":"https:\/\/autate.fr\/site\/wp-json\/wp\/v2\/categories?post=3019"},{"taxonomy":"post_tag","embeddable":true,"href":"https:\/\/autate.fr\/site\/wp-json\/wp\/v2\/tags?post=3019"}],"curies":[{"name":"wp","href":"https:\/\/api.w.org\/{rel}","templated":true}]}}