{"id":3010,"date":"2018-12-02T12:02:10","date_gmt":"2018-12-02T11:02:10","guid":{"rendered":"http:\/\/autate.fr\/site\/?p=3010"},"modified":"2025-11-21T21:59:58","modified_gmt":"2025-11-21T20:59:58","slug":"loffre-de-transport-en-commun-au-faubourg-bonnefoy","status":"publish","type":"post","link":"https:\/\/autate.fr\/site\/loffre-de-transport-en-commun-au-faubourg-bonnefoy\/","title":{"rendered":"L&rsquo;offre de transport en commun au Faubourg Bonnefoy"},"content":{"rendered":"<p>Que pensez-vous de la LINEO 9 ?<\/p>\n<p><i>D\u00e8s la premi\u00e8re semaine de l&rsquo;inauguration de la LINEO 9 avec Croix Daurade et L&rsquo;Union, la LINEO 9 a \u00e9t\u00e9 totalement remplie et m\u00eame satur\u00e9e aux heures de pointe. Il n&rsquo;est plus possible de s&rsquo;asseoir dans le bus au niveau du faubourg. Et ce n&rsquo;est pas les am\u00e9nagements qui poussent \u00e0 prendre la LINEO 9, car quasiment rien n&rsquo;a \u00e9t\u00e9 am\u00e9nag\u00e9 au niveau du faubourg. ainsi, il faut toujours de 15 \u00e0 20 mn pour le traverser entre 8h et 9h en semaine.<\/i><\/p>\n<p><i>Le succ\u00e8s tient bien \u00e0 la r\u00e9ouverture avec un bus fr\u00e9quent d&rsquo;un axe naturel de communication de la m\u00e9tropole : la route d&rsquo;Albi.<\/i><\/p>\n<p>Car il faut rappeler qu&rsquo;a<i>vec l&rsquo;inauguration de la ligne A du m\u00e9tro, le faubourg Bonnefoy a \u00e9t\u00e9 coup\u00e9 de sa liaison bus r\u00e9guli\u00e8re avec Croix Daurade, L&rsquo;Union et Saint Jean qui constituent l&rsquo;axe normal des \u00e9changes de proximit\u00e9. Cela afin de remplir une ligne A de m\u00e9tro de trop forte capacit\u00e9 pour une ville comme Toulouse sans y rabattre artificiellement les lignes de bus, et cela au d\u00e9pend des usagers \u00e9loign\u00e9s du m\u00e9tro.<\/i><\/p>\n<p><i>En conclusion, le succ\u00e8s de la LINEO 9 confirme ce que les associations toulousaines de d\u00e9fense des transports en commun d\u00e9fendent depuis les ann\u00e9es 1980, ce qu&rsquo;il faut ce sont des lignes de transports en commun fr\u00e9quents et si possible prioritaires sur tous les axes principaux de la m\u00e9tropole, que cela soit en bus ou en tramway sur les axes majeurs. Avec la LINEO 9, il est \u00e9vident que la route d&rsquo;Albi depuis\u00a0 Saint Jean n\u00e9cessite \u00e0 terme une ligne de tramway.<\/i><\/p>\n<p><i>A cout terme, il est urgent d&rsquo;am\u00e9nager le faubourg Bonnefoy avec une voie de bus en site prioritaire en direction du centre ville. Pour que cet am\u00e9nagement soit qualitatif pour les pi\u00e9tons et les v\u00e9los, cela n\u00e9cessite de supprimer tous les stationnements sur le faubourg en pr\u00e9voyant des trottoirs larges et en replantant des arbres et installant des bancs et <\/i><i> espaces de livraison pour dynamiser commerce et activit\u00e9.<\/i><\/p>\n<p><i>Jean-Charles Valadier<\/i><\/p>\n<p><i>habitant du faubourg Bonnefoy<\/i><\/p>\n","protected":false},"excerpt":{"rendered":"<p>Que pensez-vous de la LINEO 9 ? D\u00e8s la premi\u00e8re semaine de l&rsquo;inauguration de la LINEO 9 avec Croix Daurade et L&rsquo;Union, la LINEO 9 a \u00e9t\u00e9 totalement remplie et m\u00eame satur\u00e9e aux heures de pointe. Il n&rsquo;est plus possible de s&rsquo;asseoir dans le bus au niveau du faubourg. Et ce n&rsquo;est pas les am\u00e9nagements<\/p>\n<p class=\"more-link\"><a href=\"https:\/\/autate.fr\/site\/loffre-de-transport-en-commun-au-faubourg-bonnefoy\/\" class=\"themebutton2\">VOIR PLUS<\/a><\/p>\n","protected":false},"author":9,"featured_media":0,"comment_status":"open","ping_status":"open","sticky":false,"template":"","format":"standard","meta":{"footnotes":""},"categories":[298,336],"tags":[541],"class_list":["post-3010","post","type-post","status-publish","format-standard","hentry","category-lineo","category-temoignages","tag-offre"],"yoast_head":"<!-- This site is optimized with the Yoast SEO plugin v27.4 - https:\/\/yoast.com\/product\/yoast-seo-wordpress\/ -->\n<title>L&#039;offre de transport en commun au Faubourg Bonnefoy - AUTATE<\/title>\n<meta name=\"robots\" content=\"index, follow, max-snippet:-1, max-image-preview:large, max-video-preview:-1\" \/>\n<link rel=\"canonical\" href=\"https:\/\/autate.fr\/site\/loffre-de-transport-en-commun-au-faubourg-bonnefoy\/\" \/>\n<meta property=\"og:locale\" content=\"fr_FR\" \/>\n<meta property=\"og:type\" content=\"article\" \/>\n<meta property=\"og:title\" content=\"L&#039;offre de transport en commun au Faubourg Bonnefoy - AUTATE\" \/>\n<meta property=\"og:description\" content=\"Que pensez-vous de la LINEO 9 ? D\u00e8s la premi\u00e8re semaine de l&rsquo;inauguration de la LINEO 9 avec Croix Daurade et L&rsquo;Union, la LINEO 9 a \u00e9t\u00e9 totalement remplie et m\u00eame satur\u00e9e aux heures de pointe. Il n&rsquo;est plus possible de s&rsquo;asseoir dans le bus au niveau du faubourg. Et ce n&rsquo;est pas les am\u00e9nagementsVOIR PLUS\" \/>\n<meta property=\"og:url\" content=\"https:\/\/autate.fr\/site\/loffre-de-transport-en-commun-au-faubourg-bonnefoy\/\" \/>\n<meta property=\"og:site_name\" content=\"AUTATE\" \/>\n<meta property=\"article:publisher\" content=\"https:\/\/www.facebook.com\/AutateToulouse\" \/>\n<meta property=\"article:published_time\" content=\"2018-12-02T11:02:10+00:00\" \/>\n<meta property=\"article:modified_time\" content=\"2025-11-21T20:59:58+00:00\" \/>\n<meta name=\"author\" content=\"Marie-Pierre Bes\" \/>\n<meta name=\"twitter:card\" content=\"summary_large_image\" \/>\n<meta name=\"twitter:creator\" content=\"@AutateToulouse\" \/>\n<meta name=\"twitter:site\" content=\"@AutateToulouse\" \/>\n<meta name=\"twitter:label1\" content=\"\u00c9crit par\" \/>\n\t<meta name=\"twitter:data1\" content=\"Marie-Pierre Bes\" \/>\n\t<meta name=\"twitter:label2\" content=\"Dur\u00e9e de lecture estim\u00e9e\" \/>\n\t<meta name=\"twitter:data2\" content=\"2 minutes\" \/>\n<script type=\"application\/ld+json\" class=\"yoast-schema-graph\">{\"@context\":\"https:\\\/\\\/schema.org\",\"@graph\":[{\"@type\":\"Article\",\"@id\":\"https:\\\/\\\/autate.fr\\\/site\\\/loffre-de-transport-en-commun-au-faubourg-bonnefoy\\\/#article\",\"isPartOf\":{\"@id\":\"https:\\\/\\\/autate.fr\\\/site\\\/loffre-de-transport-en-commun-au-faubourg-bonnefoy\\\/\"},\"author\":{\"name\":\"Marie-Pierre Bes\",\"@id\":\"https:\\\/\\\/autate.fr\\\/site\\\/#\\\/schema\\\/person\\\/ca1ac9182f29f02489db16f08b0834ff\"},\"headline\":\"L&rsquo;offre de transport en commun au Faubourg Bonnefoy\",\"datePublished\":\"2018-12-02T11:02:10+00:00\",\"dateModified\":\"2025-11-21T20:59:58+00:00\",\"mainEntityOfPage\":{\"@id\":\"https:\\\/\\\/autate.fr\\\/site\\\/loffre-de-transport-en-commun-au-faubourg-bonnefoy\\\/\"},\"wordCount\":365,\"commentCount\":0,\"publisher\":{\"@id\":\"https:\\\/\\\/autate.fr\\\/site\\\/#organization\"},\"keywords\":[\"offre\"],\"articleSection\":[\"Lin\u00e9o\",\"T\u00e9moignages\"],\"inLanguage\":\"fr-FR\",\"potentialAction\":[{\"@type\":\"CommentAction\",\"name\":\"Comment\",\"target\":[\"https:\\\/\\\/autate.fr\\\/site\\\/loffre-de-transport-en-commun-au-faubourg-bonnefoy\\\/#respond\"]}]},{\"@type\":\"WebPage\",\"@id\":\"https:\\\/\\\/autate.fr\\\/site\\\/loffre-de-transport-en-commun-au-faubourg-bonnefoy\\\/\",\"url\":\"https:\\\/\\\/autate.fr\\\/site\\\/loffre-de-transport-en-commun-au-faubourg-bonnefoy\\\/\",\"name\":\"L'offre de transport en commun au Faubourg Bonnefoy - AUTATE\",\"isPartOf\":{\"@id\":\"https:\\\/\\\/autate.fr\\\/site\\\/#website\"},\"datePublished\":\"2018-12-02T11:02:10+00:00\",\"dateModified\":\"2025-11-21T20:59:58+00:00\",\"breadcrumb\":{\"@id\":\"https:\\\/\\\/autate.fr\\\/site\\\/loffre-de-transport-en-commun-au-faubourg-bonnefoy\\\/#breadcrumb\"},\"inLanguage\":\"fr-FR\",\"potentialAction\":[{\"@type\":\"ReadAction\",\"target\":[\"https:\\\/\\\/autate.fr\\\/site\\\/loffre-de-transport-en-commun-au-faubourg-bonnefoy\\\/\"]}]},{\"@type\":\"BreadcrumbList\",\"@id\":\"https:\\\/\\\/autate.fr\\\/site\\\/loffre-de-transport-en-commun-au-faubourg-bonnefoy\\\/#breadcrumb\",\"itemListElement\":[{\"@type\":\"ListItem\",\"position\":1,\"name\":\"Accueil\",\"item\":\"https:\\\/\\\/autate.fr\\\/site\\\/\"},{\"@type\":\"ListItem\",\"position\":2,\"name\":\"L&rsquo;offre de transport en commun au Faubourg Bonnefoy\"}]},{\"@type\":\"WebSite\",\"@id\":\"https:\\\/\\\/autate.fr\\\/site\\\/#website\",\"url\":\"https:\\\/\\\/autate.fr\\\/site\\\/\",\"name\":\"AUTATE\",\"description\":\"Association des usagers des transports de l&#039;agglom\u00e9ration Toulousaine et de ses environs\",\"publisher\":{\"@id\":\"https:\\\/\\\/autate.fr\\\/site\\\/#organization\"},\"potentialAction\":[{\"@type\":\"SearchAction\",\"target\":{\"@type\":\"EntryPoint\",\"urlTemplate\":\"https:\\\/\\\/autate.fr\\\/site\\\/?s={search_term_string}\"},\"query-input\":{\"@type\":\"PropertyValueSpecification\",\"valueRequired\":true,\"valueName\":\"search_term_string\"}}],\"inLanguage\":\"fr-FR\"},{\"@type\":\"Organization\",\"@id\":\"https:\\\/\\\/autate.fr\\\/site\\\/#organization\",\"name\":\"AUTATE\",\"url\":\"https:\\\/\\\/autate.fr\\\/site\\\/\",\"logo\":{\"@type\":\"ImageObject\",\"inLanguage\":\"fr-FR\",\"@id\":\"https:\\\/\\\/autate.fr\\\/site\\\/#\\\/schema\\\/logo\\\/image\\\/\",\"url\":\"http:\\\/\\\/autate.fr\\\/site\\\/wp-content\\\/uploads\\\/2019\\\/01\\\/logo.png\",\"contentUrl\":\"http:\\\/\\\/autate.fr\\\/site\\\/wp-content\\\/uploads\\\/2019\\\/01\\\/logo.png\",\"width\":506,\"height\":280,\"caption\":\"AUTATE\"},\"image\":{\"@id\":\"https:\\\/\\\/autate.fr\\\/site\\\/#\\\/schema\\\/logo\\\/image\\\/\"},\"sameAs\":[\"https:\\\/\\\/www.facebook.com\\\/AutateToulouse\",\"https:\\\/\\\/x.com\\\/AutateToulouse\"]},{\"@type\":\"Person\",\"@id\":\"https:\\\/\\\/autate.fr\\\/site\\\/#\\\/schema\\\/person\\\/ca1ac9182f29f02489db16f08b0834ff\",\"name\":\"Marie-Pierre Bes\",\"image\":{\"@type\":\"ImageObject\",\"inLanguage\":\"fr-FR\",\"@id\":\"https:\\\/\\\/secure.gravatar.com\\\/avatar\\\/08aa632b25ee7197789b8ec59d6cbcab7d9fc182fc393ccb7ac607ba55766261?s=96&d=mm&r=g\",\"url\":\"https:\\\/\\\/secure.gravatar.com\\\/avatar\\\/08aa632b25ee7197789b8ec59d6cbcab7d9fc182fc393ccb7ac607ba55766261?s=96&d=mm&r=g\",\"contentUrl\":\"https:\\\/\\\/secure.gravatar.com\\\/avatar\\\/08aa632b25ee7197789b8ec59d6cbcab7d9fc182fc393ccb7ac607ba55766261?s=96&d=mm&r=g\",\"caption\":\"Marie-Pierre Bes\"},\"url\":\"https:\\\/\\\/autate.fr\\\/site\\\/author\\\/mariepierre\\\/\"}]}<\/script>\n<!-- \/ Yoast SEO plugin. -->","yoast_head_json":{"title":"L'offre de transport en commun au Faubourg Bonnefoy - AUTATE","robots":{"index":"index","follow":"follow","max-snippet":"max-snippet:-1","max-image-preview":"max-image-preview:large","max-video-preview":"max-video-preview:-1"},"canonical":"https:\/\/autate.fr\/site\/loffre-de-transport-en-commun-au-faubourg-bonnefoy\/","og_locale":"fr_FR","og_type":"article","og_title":"L'offre de transport en commun au Faubourg Bonnefoy - AUTATE","og_description":"Que pensez-vous de la LINEO 9 ? D\u00e8s la premi\u00e8re semaine de l&rsquo;inauguration de la LINEO 9 avec Croix Daurade et L&rsquo;Union, la LINEO 9 a \u00e9t\u00e9 totalement remplie et m\u00eame satur\u00e9e aux heures de pointe. Il n&rsquo;est plus possible de s&rsquo;asseoir dans le bus au niveau du faubourg. Et ce n&rsquo;est pas les am\u00e9nagementsVOIR PLUS","og_url":"https:\/\/autate.fr\/site\/loffre-de-transport-en-commun-au-faubourg-bonnefoy\/","og_site_name":"AUTATE","article_publisher":"https:\/\/www.facebook.com\/AutateToulouse","article_published_time":"2018-12-02T11:02:10+00:00","article_modified_time":"2025-11-21T20:59:58+00:00","author":"Marie-Pierre Bes","twitter_card":"summary_large_image","twitter_creator":"@AutateToulouse","twitter_site":"@AutateToulouse","twitter_misc":{"\u00c9crit par":"Marie-Pierre Bes","Dur\u00e9e de lecture estim\u00e9e":"2 minutes"},"schema":{"@context":"https:\/\/schema.org","@graph":[{"@type":"Article","@id":"https:\/\/autate.fr\/site\/loffre-de-transport-en-commun-au-faubourg-bonnefoy\/#article","isPartOf":{"@id":"https:\/\/autate.fr\/site\/loffre-de-transport-en-commun-au-faubourg-bonnefoy\/"},"author":{"name":"Marie-Pierre Bes","@id":"https:\/\/autate.fr\/site\/#\/schema\/person\/ca1ac9182f29f02489db16f08b0834ff"},"headline":"L&rsquo;offre de transport en commun au Faubourg Bonnefoy","datePublished":"2018-12-02T11:02:10+00:00","dateModified":"2025-11-21T20:59:58+00:00","mainEntityOfPage":{"@id":"https:\/\/autate.fr\/site\/loffre-de-transport-en-commun-au-faubourg-bonnefoy\/"},"wordCount":365,"commentCount":0,"publisher":{"@id":"https:\/\/autate.fr\/site\/#organization"},"keywords":["offre"],"articleSection":["Lin\u00e9o","T\u00e9moignages"],"inLanguage":"fr-FR","potentialAction":[{"@type":"CommentAction","name":"Comment","target":["https:\/\/autate.fr\/site\/loffre-de-transport-en-commun-au-faubourg-bonnefoy\/#respond"]}]},{"@type":"WebPage","@id":"https:\/\/autate.fr\/site\/loffre-de-transport-en-commun-au-faubourg-bonnefoy\/","url":"https:\/\/autate.fr\/site\/loffre-de-transport-en-commun-au-faubourg-bonnefoy\/","name":"L'offre de transport en commun au Faubourg Bonnefoy - AUTATE","isPartOf":{"@id":"https:\/\/autate.fr\/site\/#website"},"datePublished":"2018-12-02T11:02:10+00:00","dateModified":"2025-11-21T20:59:58+00:00","breadcrumb":{"@id":"https:\/\/autate.fr\/site\/loffre-de-transport-en-commun-au-faubourg-bonnefoy\/#breadcrumb"},"inLanguage":"fr-FR","potentialAction":[{"@type":"ReadAction","target":["https:\/\/autate.fr\/site\/loffre-de-transport-en-commun-au-faubourg-bonnefoy\/"]}]},{"@type":"BreadcrumbList","@id":"https:\/\/autate.fr\/site\/loffre-de-transport-en-commun-au-faubourg-bonnefoy\/#breadcrumb","itemListElement":[{"@type":"ListItem","position":1,"name":"Accueil","item":"https:\/\/autate.fr\/site\/"},{"@type":"ListItem","position":2,"name":"L&rsquo;offre de transport en commun au Faubourg Bonnefoy"}]},{"@type":"WebSite","@id":"https:\/\/autate.fr\/site\/#website","url":"https:\/\/autate.fr\/site\/","name":"AUTATE","description":"Association des usagers des transports de l&#039;agglom\u00e9ration Toulousaine et de ses environs","publisher":{"@id":"https:\/\/autate.fr\/site\/#organization"},"potentialAction":[{"@type":"SearchAction","target":{"@type":"EntryPoint","urlTemplate":"https:\/\/autate.fr\/site\/?s={search_term_string}"},"query-input":{"@type":"PropertyValueSpecification","valueRequired":true,"valueName":"search_term_string"}}],"inLanguage":"fr-FR"},{"@type":"Organization","@id":"https:\/\/autate.fr\/site\/#organization","name":"AUTATE","url":"https:\/\/autate.fr\/site\/","logo":{"@type":"ImageObject","inLanguage":"fr-FR","@id":"https:\/\/autate.fr\/site\/#\/schema\/logo\/image\/","url":"http:\/\/autate.fr\/site\/wp-content\/uploads\/2019\/01\/logo.png","contentUrl":"http:\/\/autate.fr\/site\/wp-content\/uploads\/2019\/01\/logo.png","width":506,"height":280,"caption":"AUTATE"},"image":{"@id":"https:\/\/autate.fr\/site\/#\/schema\/logo\/image\/"},"sameAs":["https:\/\/www.facebook.com\/AutateToulouse","https:\/\/x.com\/AutateToulouse"]},{"@type":"Person","@id":"https:\/\/autate.fr\/site\/#\/schema\/person\/ca1ac9182f29f02489db16f08b0834ff","name":"Marie-Pierre Bes","image":{"@type":"ImageObject","inLanguage":"fr-FR","@id":"https:\/\/secure.gravatar.com\/avatar\/08aa632b25ee7197789b8ec59d6cbcab7d9fc182fc393ccb7ac607ba55766261?s=96&d=mm&r=g","url":"https:\/\/secure.gravatar.com\/avatar\/08aa632b25ee7197789b8ec59d6cbcab7d9fc182fc393ccb7ac607ba55766261?s=96&d=mm&r=g","contentUrl":"https:\/\/secure.gravatar.com\/avatar\/08aa632b25ee7197789b8ec59d6cbcab7d9fc182fc393ccb7ac607ba55766261?s=96&d=mm&r=g","caption":"Marie-Pierre Bes"},"url":"https:\/\/autate.fr\/site\/author\/mariepierre\/"}]}},"_links":{"self":[{"href":"https:\/\/autate.fr\/site\/wp-json\/wp\/v2\/posts\/3010","targetHints":{"allow":["GET"]}}],"collection":[{"href":"https:\/\/autate.fr\/site\/wp-json\/wp\/v2\/posts"}],"about":[{"href":"https:\/\/autate.fr\/site\/wp-json\/wp\/v2\/types\/post"}],"author":[{"embeddable":true,"href":"https:\/\/autate.fr\/site\/wp-json\/wp\/v2\/users\/9"}],"replies":[{"embeddable":true,"href":"https:\/\/autate.fr\/site\/wp-json\/wp\/v2\/comments?post=3010"}],"version-history":[{"count":1,"href":"https:\/\/autate.fr\/site\/wp-json\/wp\/v2\/posts\/3010\/revisions"}],"predecessor-version":[{"id":3011,"href":"https:\/\/autate.fr\/site\/wp-json\/wp\/v2\/posts\/3010\/revisions\/3011"}],"wp:attachment":[{"href":"https:\/\/autate.fr\/site\/wp-json\/wp\/v2\/media?parent=3010"}],"wp:term":[{"taxonomy":"category","embeddable":true,"href":"https:\/\/autate.fr\/site\/wp-json\/wp\/v2\/categories?post=3010"},{"taxonomy":"post_tag","embeddable":true,"href":"https:\/\/autate.fr\/site\/wp-json\/wp\/v2\/tags?post=3010"}],"curies":[{"name":"wp","href":"https:\/\/api.w.org\/{rel}","templated":true}]}}