{"id":301,"date":"2016-03-01T19:29:36","date_gmt":"2016-03-01T18:29:36","guid":{"rendered":"http:\/\/autate.fr\/site\/?p=301"},"modified":"2016-08-10T21:15:29","modified_gmt":"2016-08-10T19:15:29","slug":"cote-toulouse-le-prolongement-de-la-ligne-b-du-metro-de-toulouse-vers-labege-naura-pas-lieu","status":"publish","type":"post","link":"https:\/\/autate.fr\/site\/cote-toulouse-le-prolongement-de-la-ligne-b-du-metro-de-toulouse-vers-labege-naura-pas-lieu\/","title":{"rendered":"[C\u00f4t\u00e9 Toulouse] Le prolongement de la ligne B du m\u00e9tro de Toulouse vers Lab\u00e8ge n&rsquo;aura pas lieu"},"content":{"rendered":"<h2 class=\"bigger mts mbs\" data-role=\"chapo\">Le conseil syndical de Tiss\u00e9o, qui doit valider la d\u00e9claration des travaux, mercredi 2 mars 2016, est report\u00e9. Une d\u00e9cision condamnant juridiquement le projet. Explications.<\/h2>\n<p><strong>INFO C\u00d4T\u00c9 TOULOUSE.<\/strong> C\u2019est quasiment certain : le prolongement de la ligne B (PLB) du m\u00e9tro toulousain vers Lab\u00e8ge est condamn\u00e9. Lundi 29 f\u00e9vrier 2016, le SMTC-Tiss\u00e9o a d\u00e9cid\u00e9 de reporter la convocation exceptionnelle de son comit\u00e9 syndical, pr\u00e9vu mercredi 2 mars 2016, \u00e0 une date ult\u00e9rieure.<\/p>\n<p>Cette r\u00e9union groupant les \u00e9lus de l\u2019organisme gestionnaire des transports \u00e0 Toulouse \u00e9tait d\u00e9cisive. Elle avait pour but de valider la d\u00e9claration des travaux, avant le terme d\u2019un d\u00e9lai de six mois, accord\u00e9 apr\u00e8s l\u2019avis favorable rendu par la commission d\u2019enqu\u00eate sur l\u2019utilit\u00e9 publique du projet.<\/p>\n<blockquote><p>Cette d\u00e9cision condamne juridiquement la poursuite du projet, explique un connaisseur du dossier. La d\u00e9claration de travaux du PLB devait intervenir six mois apr\u00e8s le d\u00e9p\u00f4t de l\u2019avis favorable, rendu sur le dossier en septembre 2015. En clair, en l\u2019absence de d\u00e9claration des travaux apr\u00e8s le 8 mars, la d\u00e9claration d\u2019utilit\u00e9 publique rendue par le pr\u00e9fet ne peut avoir lieu.<\/p><\/blockquote>\n<blockquote><p><a href=\"http:\/\/actu.cotetoulouse.fr\/transports-prolongement-ligne-b-metro-toulouse-labege-aura-pas-lieu_30639\/\" target=\"_blank\">lire la suite <\/a><\/p><\/blockquote>\n<blockquote><p><em>Un article de Pascal Pallas dans Actu C\u00f4t\u00e9 Toulouse publi\u00e9 le 29\/02\/2016<\/em><\/p><\/blockquote>\n<blockquote><p><em>Photo Tiss\u00e9o<\/em><\/p><\/blockquote>\n","protected":false},"excerpt":{"rendered":"<p>Le conseil syndical de Tiss\u00e9o, qui doit valider la d\u00e9claration des travaux, mercredi 2 mars 2016, est report\u00e9. Une d\u00e9cision condamnant juridiquement le projet. Explications. INFO C\u00d4T\u00c9 TOULOUSE. C\u2019est quasiment certain : le prolongement de la ligne B (PLB) du m\u00e9tro toulousain vers Lab\u00e8ge est condamn\u00e9. Lundi 29 f\u00e9vrier 2016, le SMTC-Tiss\u00e9o a d\u00e9cid\u00e9 de<\/p>\n<p class=\"more-link\"><a href=\"https:\/\/autate.fr\/site\/cote-toulouse-le-prolongement-de-la-ligne-b-du-metro-de-toulouse-vers-labege-naura-pas-lieu\/\" class=\"themebutton2\">VOIR PLUS<\/a><\/p>\n","protected":false},"author":1,"featured_media":96,"comment_status":"open","ping_status":"open","sticky":false,"template":"","format":"standard","meta":{"footnotes":""},"categories":[7],"tags":[172,22,17,23,52],"class_list":["post-301","post","type-post","status-publish","format-standard","has-post-thumbnail","hentry","category-revue-de-presse","tag-3eme-ligne-metro","tag-labege","tag-plb","tag-sicoval","tag-tae"],"yoast_head":"<!-- This site is optimized with the Yoast SEO plugin v27.4 - https:\/\/yoast.com\/product\/yoast-seo-wordpress\/ -->\n<title>[C\u00f4t\u00e9 Toulouse] Le prolongement de la ligne B du m\u00e9tro de Toulouse vers Lab\u00e8ge n&#039;aura pas lieu - AUTATE<\/title>\n<meta name=\"robots\" content=\"index, follow, max-snippet:-1, max-image-preview:large, max-video-preview:-1\" \/>\n<link rel=\"canonical\" href=\"https:\/\/autate.fr\/site\/cote-toulouse-le-prolongement-de-la-ligne-b-du-metro-de-toulouse-vers-labege-naura-pas-lieu\/\" \/>\n<meta property=\"og:locale\" content=\"fr_FR\" \/>\n<meta property=\"og:type\" content=\"article\" \/>\n<meta property=\"og:title\" content=\"[C\u00f4t\u00e9 Toulouse] Le prolongement de la ligne B du m\u00e9tro de Toulouse vers Lab\u00e8ge n&#039;aura pas lieu - AUTATE\" \/>\n<meta property=\"og:description\" content=\"Le conseil syndical de Tiss\u00e9o, qui doit valider la d\u00e9claration des travaux, mercredi 2 mars 2016, est report\u00e9. Une d\u00e9cision condamnant juridiquement le projet. Explications. INFO C\u00d4T\u00c9 TOULOUSE. C\u2019est quasiment certain : le prolongement de la ligne B (PLB) du m\u00e9tro toulousain vers Lab\u00e8ge est condamn\u00e9. Lundi 29 f\u00e9vrier 2016, le SMTC-Tiss\u00e9o a d\u00e9cid\u00e9 deVOIR PLUS\" \/>\n<meta property=\"og:url\" content=\"https:\/\/autate.fr\/site\/cote-toulouse-le-prolongement-de-la-ligne-b-du-metro-de-toulouse-vers-labege-naura-pas-lieu\/\" \/>\n<meta property=\"og:site_name\" content=\"AUTATE\" \/>\n<meta property=\"article:publisher\" content=\"https:\/\/www.facebook.com\/AutateToulouse\" \/>\n<meta property=\"article:published_time\" content=\"2016-03-01T18:29:36+00:00\" \/>\n<meta property=\"article:modified_time\" content=\"2016-08-10T19:15:29+00:00\" \/>\n<meta property=\"og:image\" content=\"https:\/\/autate.fr\/site\/wp-content\/uploads\/2015\/12\/metro-tisseo-630x0.jpg\" \/>\n\t<meta property=\"og:image:width\" content=\"630\" \/>\n\t<meta property=\"og:image:height\" content=\"419\" \/>\n\t<meta property=\"og:image:type\" content=\"image\/jpeg\" \/>\n<meta name=\"author\" content=\"pascalbarbier\" \/>\n<meta name=\"twitter:card\" content=\"summary_large_image\" \/>\n<meta name=\"twitter:creator\" content=\"@AutateToulouse\" \/>\n<meta name=\"twitter:site\" content=\"@AutateToulouse\" \/>\n<meta name=\"twitter:label1\" content=\"\u00c9crit par\" \/>\n\t<meta name=\"twitter:data1\" content=\"pascalbarbier\" \/>\n\t<meta name=\"twitter:label2\" content=\"Dur\u00e9e de lecture estim\u00e9e\" \/>\n\t<meta name=\"twitter:data2\" content=\"1 minute\" \/>\n<script type=\"application\/ld+json\" class=\"yoast-schema-graph\">{\"@context\":\"https:\\\/\\\/schema.org\",\"@graph\":[{\"@type\":\"Article\",\"@id\":\"https:\\\/\\\/autate.fr\\\/site\\\/cote-toulouse-le-prolongement-de-la-ligne-b-du-metro-de-toulouse-vers-labege-naura-pas-lieu\\\/#article\",\"isPartOf\":{\"@id\":\"https:\\\/\\\/autate.fr\\\/site\\\/cote-toulouse-le-prolongement-de-la-ligne-b-du-metro-de-toulouse-vers-labege-naura-pas-lieu\\\/\"},\"author\":{\"name\":\"pascalbarbier\",\"@id\":\"https:\\\/\\\/autate.fr\\\/site\\\/#\\\/schema\\\/person\\\/ae1ab8bdaa7b41d2a9b52d2557ce8254\"},\"headline\":\"[C\u00f4t\u00e9 Toulouse] Le prolongement de la ligne B du m\u00e9tro de Toulouse vers Lab\u00e8ge n&rsquo;aura pas lieu\",\"datePublished\":\"2016-03-01T18:29:36+00:00\",\"dateModified\":\"2016-08-10T19:15:29+00:00\",\"mainEntityOfPage\":{\"@id\":\"https:\\\/\\\/autate.fr\\\/site\\\/cote-toulouse-le-prolongement-de-la-ligne-b-du-metro-de-toulouse-vers-labege-naura-pas-lieu\\\/\"},\"wordCount\":240,\"commentCount\":0,\"publisher\":{\"@id\":\"https:\\\/\\\/autate.fr\\\/site\\\/#organization\"},\"image\":{\"@id\":\"https:\\\/\\\/autate.fr\\\/site\\\/cote-toulouse-le-prolongement-de-la-ligne-b-du-metro-de-toulouse-vers-labege-naura-pas-lieu\\\/#primaryimage\"},\"thumbnailUrl\":\"https:\\\/\\\/autate.fr\\\/site\\\/wp-content\\\/uploads\\\/2015\\\/12\\\/metro-tisseo-630x0.jpg\",\"keywords\":[\"3\u00e8me ligne m\u00e9tro\",\"Lab\u00e8ge\",\"PLB\",\"Sicoval\",\"TAE\"],\"articleSection\":[\"Revue de presse\"],\"inLanguage\":\"fr-FR\",\"potentialAction\":[{\"@type\":\"CommentAction\",\"name\":\"Comment\",\"target\":[\"https:\\\/\\\/autate.fr\\\/site\\\/cote-toulouse-le-prolongement-de-la-ligne-b-du-metro-de-toulouse-vers-labege-naura-pas-lieu\\\/#respond\"]}]},{\"@type\":\"WebPage\",\"@id\":\"https:\\\/\\\/autate.fr\\\/site\\\/cote-toulouse-le-prolongement-de-la-ligne-b-du-metro-de-toulouse-vers-labege-naura-pas-lieu\\\/\",\"url\":\"https:\\\/\\\/autate.fr\\\/site\\\/cote-toulouse-le-prolongement-de-la-ligne-b-du-metro-de-toulouse-vers-labege-naura-pas-lieu\\\/\",\"name\":\"[C\u00f4t\u00e9 Toulouse] Le prolongement de la ligne B du m\u00e9tro de Toulouse vers Lab\u00e8ge n'aura pas lieu - AUTATE\",\"isPartOf\":{\"@id\":\"https:\\\/\\\/autate.fr\\\/site\\\/#website\"},\"primaryImageOfPage\":{\"@id\":\"https:\\\/\\\/autate.fr\\\/site\\\/cote-toulouse-le-prolongement-de-la-ligne-b-du-metro-de-toulouse-vers-labege-naura-pas-lieu\\\/#primaryimage\"},\"image\":{\"@id\":\"https:\\\/\\\/autate.fr\\\/site\\\/cote-toulouse-le-prolongement-de-la-ligne-b-du-metro-de-toulouse-vers-labege-naura-pas-lieu\\\/#primaryimage\"},\"thumbnailUrl\":\"https:\\\/\\\/autate.fr\\\/site\\\/wp-content\\\/uploads\\\/2015\\\/12\\\/metro-tisseo-630x0.jpg\",\"datePublished\":\"2016-03-01T18:29:36+00:00\",\"dateModified\":\"2016-08-10T19:15:29+00:00\",\"breadcrumb\":{\"@id\":\"https:\\\/\\\/autate.fr\\\/site\\\/cote-toulouse-le-prolongement-de-la-ligne-b-du-metro-de-toulouse-vers-labege-naura-pas-lieu\\\/#breadcrumb\"},\"inLanguage\":\"fr-FR\",\"potentialAction\":[{\"@type\":\"ReadAction\",\"target\":[\"https:\\\/\\\/autate.fr\\\/site\\\/cote-toulouse-le-prolongement-de-la-ligne-b-du-metro-de-toulouse-vers-labege-naura-pas-lieu\\\/\"]}]},{\"@type\":\"ImageObject\",\"inLanguage\":\"fr-FR\",\"@id\":\"https:\\\/\\\/autate.fr\\\/site\\\/cote-toulouse-le-prolongement-de-la-ligne-b-du-metro-de-toulouse-vers-labege-naura-pas-lieu\\\/#primaryimage\",\"url\":\"https:\\\/\\\/autate.fr\\\/site\\\/wp-content\\\/uploads\\\/2015\\\/12\\\/metro-tisseo-630x0.jpg\",\"contentUrl\":\"https:\\\/\\\/autate.fr\\\/site\\\/wp-content\\\/uploads\\\/2015\\\/12\\\/metro-tisseo-630x0.jpg\",\"width\":630,\"height\":419},{\"@type\":\"BreadcrumbList\",\"@id\":\"https:\\\/\\\/autate.fr\\\/site\\\/cote-toulouse-le-prolongement-de-la-ligne-b-du-metro-de-toulouse-vers-labege-naura-pas-lieu\\\/#breadcrumb\",\"itemListElement\":[{\"@type\":\"ListItem\",\"position\":1,\"name\":\"Accueil\",\"item\":\"https:\\\/\\\/autate.fr\\\/site\\\/\"},{\"@type\":\"ListItem\",\"position\":2,\"name\":\"[C\u00f4t\u00e9 Toulouse] Le prolongement de la ligne B du m\u00e9tro de Toulouse vers Lab\u00e8ge n&rsquo;aura pas lieu\"}]},{\"@type\":\"WebSite\",\"@id\":\"https:\\\/\\\/autate.fr\\\/site\\\/#website\",\"url\":\"https:\\\/\\\/autate.fr\\\/site\\\/\",\"name\":\"AUTATE\",\"description\":\"Association des usagers des transports de l&#039;agglom\u00e9ration Toulousaine et de ses environs\",\"publisher\":{\"@id\":\"https:\\\/\\\/autate.fr\\\/site\\\/#organization\"},\"potentialAction\":[{\"@type\":\"SearchAction\",\"target\":{\"@type\":\"EntryPoint\",\"urlTemplate\":\"https:\\\/\\\/autate.fr\\\/site\\\/?s={search_term_string}\"},\"query-input\":{\"@type\":\"PropertyValueSpecification\",\"valueRequired\":true,\"valueName\":\"search_term_string\"}}],\"inLanguage\":\"fr-FR\"},{\"@type\":\"Organization\",\"@id\":\"https:\\\/\\\/autate.fr\\\/site\\\/#organization\",\"name\":\"AUTATE\",\"url\":\"https:\\\/\\\/autate.fr\\\/site\\\/\",\"logo\":{\"@type\":\"ImageObject\",\"inLanguage\":\"fr-FR\",\"@id\":\"https:\\\/\\\/autate.fr\\\/site\\\/#\\\/schema\\\/logo\\\/image\\\/\",\"url\":\"http:\\\/\\\/autate.fr\\\/site\\\/wp-content\\\/uploads\\\/2019\\\/01\\\/logo.png\",\"contentUrl\":\"http:\\\/\\\/autate.fr\\\/site\\\/wp-content\\\/uploads\\\/2019\\\/01\\\/logo.png\",\"width\":506,\"height\":280,\"caption\":\"AUTATE\"},\"image\":{\"@id\":\"https:\\\/\\\/autate.fr\\\/site\\\/#\\\/schema\\\/logo\\\/image\\\/\"},\"sameAs\":[\"https:\\\/\\\/www.facebook.com\\\/AutateToulouse\",\"https:\\\/\\\/x.com\\\/AutateToulouse\"]},{\"@type\":\"Person\",\"@id\":\"https:\\\/\\\/autate.fr\\\/site\\\/#\\\/schema\\\/person\\\/ae1ab8bdaa7b41d2a9b52d2557ce8254\",\"name\":\"pascalbarbier\",\"image\":{\"@type\":\"ImageObject\",\"inLanguage\":\"fr-FR\",\"@id\":\"https:\\\/\\\/secure.gravatar.com\\\/avatar\\\/03f4e8ced09894b72c67e83142540730d4b3bbf619bf46341b0074e3bf5f08a0?s=96&d=mm&r=g\",\"url\":\"https:\\\/\\\/secure.gravatar.com\\\/avatar\\\/03f4e8ced09894b72c67e83142540730d4b3bbf619bf46341b0074e3bf5f08a0?s=96&d=mm&r=g\",\"contentUrl\":\"https:\\\/\\\/secure.gravatar.com\\\/avatar\\\/03f4e8ced09894b72c67e83142540730d4b3bbf619bf46341b0074e3bf5f08a0?s=96&d=mm&r=g\",\"caption\":\"pascalbarbier\"},\"url\":\"https:\\\/\\\/autate.fr\\\/site\\\/author\\\/pascalbarbier\\\/\"}]}<\/script>\n<!-- \/ Yoast SEO plugin. -->","yoast_head_json":{"title":"[C\u00f4t\u00e9 Toulouse] Le prolongement de la ligne B du m\u00e9tro de Toulouse vers Lab\u00e8ge n'aura pas lieu - AUTATE","robots":{"index":"index","follow":"follow","max-snippet":"max-snippet:-1","max-image-preview":"max-image-preview:large","max-video-preview":"max-video-preview:-1"},"canonical":"https:\/\/autate.fr\/site\/cote-toulouse-le-prolongement-de-la-ligne-b-du-metro-de-toulouse-vers-labege-naura-pas-lieu\/","og_locale":"fr_FR","og_type":"article","og_title":"[C\u00f4t\u00e9 Toulouse] Le prolongement de la ligne B du m\u00e9tro de Toulouse vers Lab\u00e8ge n'aura pas lieu - AUTATE","og_description":"Le conseil syndical de Tiss\u00e9o, qui doit valider la d\u00e9claration des travaux, mercredi 2 mars 2016, est report\u00e9. Une d\u00e9cision condamnant juridiquement le projet. Explications. INFO C\u00d4T\u00c9 TOULOUSE. C\u2019est quasiment certain : le prolongement de la ligne B (PLB) du m\u00e9tro toulousain vers Lab\u00e8ge est condamn\u00e9. Lundi 29 f\u00e9vrier 2016, le SMTC-Tiss\u00e9o a d\u00e9cid\u00e9 deVOIR PLUS","og_url":"https:\/\/autate.fr\/site\/cote-toulouse-le-prolongement-de-la-ligne-b-du-metro-de-toulouse-vers-labege-naura-pas-lieu\/","og_site_name":"AUTATE","article_publisher":"https:\/\/www.facebook.com\/AutateToulouse","article_published_time":"2016-03-01T18:29:36+00:00","article_modified_time":"2016-08-10T19:15:29+00:00","og_image":[{"width":630,"height":419,"url":"https:\/\/autate.fr\/site\/wp-content\/uploads\/2015\/12\/metro-tisseo-630x0.jpg","type":"image\/jpeg"}],"author":"pascalbarbier","twitter_card":"summary_large_image","twitter_creator":"@AutateToulouse","twitter_site":"@AutateToulouse","twitter_misc":{"\u00c9crit par":"pascalbarbier","Dur\u00e9e de lecture estim\u00e9e":"1 minute"},"schema":{"@context":"https:\/\/schema.org","@graph":[{"@type":"Article","@id":"https:\/\/autate.fr\/site\/cote-toulouse-le-prolongement-de-la-ligne-b-du-metro-de-toulouse-vers-labege-naura-pas-lieu\/#article","isPartOf":{"@id":"https:\/\/autate.fr\/site\/cote-toulouse-le-prolongement-de-la-ligne-b-du-metro-de-toulouse-vers-labege-naura-pas-lieu\/"},"author":{"name":"pascalbarbier","@id":"https:\/\/autate.fr\/site\/#\/schema\/person\/ae1ab8bdaa7b41d2a9b52d2557ce8254"},"headline":"[C\u00f4t\u00e9 Toulouse] Le prolongement de la ligne B du m\u00e9tro de Toulouse vers Lab\u00e8ge n&rsquo;aura pas lieu","datePublished":"2016-03-01T18:29:36+00:00","dateModified":"2016-08-10T19:15:29+00:00","mainEntityOfPage":{"@id":"https:\/\/autate.fr\/site\/cote-toulouse-le-prolongement-de-la-ligne-b-du-metro-de-toulouse-vers-labege-naura-pas-lieu\/"},"wordCount":240,"commentCount":0,"publisher":{"@id":"https:\/\/autate.fr\/site\/#organization"},"image":{"@id":"https:\/\/autate.fr\/site\/cote-toulouse-le-prolongement-de-la-ligne-b-du-metro-de-toulouse-vers-labege-naura-pas-lieu\/#primaryimage"},"thumbnailUrl":"https:\/\/autate.fr\/site\/wp-content\/uploads\/2015\/12\/metro-tisseo-630x0.jpg","keywords":["3\u00e8me ligne m\u00e9tro","Lab\u00e8ge","PLB","Sicoval","TAE"],"articleSection":["Revue de presse"],"inLanguage":"fr-FR","potentialAction":[{"@type":"CommentAction","name":"Comment","target":["https:\/\/autate.fr\/site\/cote-toulouse-le-prolongement-de-la-ligne-b-du-metro-de-toulouse-vers-labege-naura-pas-lieu\/#respond"]}]},{"@type":"WebPage","@id":"https:\/\/autate.fr\/site\/cote-toulouse-le-prolongement-de-la-ligne-b-du-metro-de-toulouse-vers-labege-naura-pas-lieu\/","url":"https:\/\/autate.fr\/site\/cote-toulouse-le-prolongement-de-la-ligne-b-du-metro-de-toulouse-vers-labege-naura-pas-lieu\/","name":"[C\u00f4t\u00e9 Toulouse] Le prolongement de la ligne B du m\u00e9tro de Toulouse vers Lab\u00e8ge n'aura pas lieu - AUTATE","isPartOf":{"@id":"https:\/\/autate.fr\/site\/#website"},"primaryImageOfPage":{"@id":"https:\/\/autate.fr\/site\/cote-toulouse-le-prolongement-de-la-ligne-b-du-metro-de-toulouse-vers-labege-naura-pas-lieu\/#primaryimage"},"image":{"@id":"https:\/\/autate.fr\/site\/cote-toulouse-le-prolongement-de-la-ligne-b-du-metro-de-toulouse-vers-labege-naura-pas-lieu\/#primaryimage"},"thumbnailUrl":"https:\/\/autate.fr\/site\/wp-content\/uploads\/2015\/12\/metro-tisseo-630x0.jpg","datePublished":"2016-03-01T18:29:36+00:00","dateModified":"2016-08-10T19:15:29+00:00","breadcrumb":{"@id":"https:\/\/autate.fr\/site\/cote-toulouse-le-prolongement-de-la-ligne-b-du-metro-de-toulouse-vers-labege-naura-pas-lieu\/#breadcrumb"},"inLanguage":"fr-FR","potentialAction":[{"@type":"ReadAction","target":["https:\/\/autate.fr\/site\/cote-toulouse-le-prolongement-de-la-ligne-b-du-metro-de-toulouse-vers-labege-naura-pas-lieu\/"]}]},{"@type":"ImageObject","inLanguage":"fr-FR","@id":"https:\/\/autate.fr\/site\/cote-toulouse-le-prolongement-de-la-ligne-b-du-metro-de-toulouse-vers-labege-naura-pas-lieu\/#primaryimage","url":"https:\/\/autate.fr\/site\/wp-content\/uploads\/2015\/12\/metro-tisseo-630x0.jpg","contentUrl":"https:\/\/autate.fr\/site\/wp-content\/uploads\/2015\/12\/metro-tisseo-630x0.jpg","width":630,"height":419},{"@type":"BreadcrumbList","@id":"https:\/\/autate.fr\/site\/cote-toulouse-le-prolongement-de-la-ligne-b-du-metro-de-toulouse-vers-labege-naura-pas-lieu\/#breadcrumb","itemListElement":[{"@type":"ListItem","position":1,"name":"Accueil","item":"https:\/\/autate.fr\/site\/"},{"@type":"ListItem","position":2,"name":"[C\u00f4t\u00e9 Toulouse] Le prolongement de la ligne B du m\u00e9tro de Toulouse vers Lab\u00e8ge n&rsquo;aura pas lieu"}]},{"@type":"WebSite","@id":"https:\/\/autate.fr\/site\/#website","url":"https:\/\/autate.fr\/site\/","name":"AUTATE","description":"Association des usagers des transports de l&#039;agglom\u00e9ration Toulousaine et de ses environs","publisher":{"@id":"https:\/\/autate.fr\/site\/#organization"},"potentialAction":[{"@type":"SearchAction","target":{"@type":"EntryPoint","urlTemplate":"https:\/\/autate.fr\/site\/?s={search_term_string}"},"query-input":{"@type":"PropertyValueSpecification","valueRequired":true,"valueName":"search_term_string"}}],"inLanguage":"fr-FR"},{"@type":"Organization","@id":"https:\/\/autate.fr\/site\/#organization","name":"AUTATE","url":"https:\/\/autate.fr\/site\/","logo":{"@type":"ImageObject","inLanguage":"fr-FR","@id":"https:\/\/autate.fr\/site\/#\/schema\/logo\/image\/","url":"http:\/\/autate.fr\/site\/wp-content\/uploads\/2019\/01\/logo.png","contentUrl":"http:\/\/autate.fr\/site\/wp-content\/uploads\/2019\/01\/logo.png","width":506,"height":280,"caption":"AUTATE"},"image":{"@id":"https:\/\/autate.fr\/site\/#\/schema\/logo\/image\/"},"sameAs":["https:\/\/www.facebook.com\/AutateToulouse","https:\/\/x.com\/AutateToulouse"]},{"@type":"Person","@id":"https:\/\/autate.fr\/site\/#\/schema\/person\/ae1ab8bdaa7b41d2a9b52d2557ce8254","name":"pascalbarbier","image":{"@type":"ImageObject","inLanguage":"fr-FR","@id":"https:\/\/secure.gravatar.com\/avatar\/03f4e8ced09894b72c67e83142540730d4b3bbf619bf46341b0074e3bf5f08a0?s=96&d=mm&r=g","url":"https:\/\/secure.gravatar.com\/avatar\/03f4e8ced09894b72c67e83142540730d4b3bbf619bf46341b0074e3bf5f08a0?s=96&d=mm&r=g","contentUrl":"https:\/\/secure.gravatar.com\/avatar\/03f4e8ced09894b72c67e83142540730d4b3bbf619bf46341b0074e3bf5f08a0?s=96&d=mm&r=g","caption":"pascalbarbier"},"url":"https:\/\/autate.fr\/site\/author\/pascalbarbier\/"}]}},"_links":{"self":[{"href":"https:\/\/autate.fr\/site\/wp-json\/wp\/v2\/posts\/301","targetHints":{"allow":["GET"]}}],"collection":[{"href":"https:\/\/autate.fr\/site\/wp-json\/wp\/v2\/posts"}],"about":[{"href":"https:\/\/autate.fr\/site\/wp-json\/wp\/v2\/types\/post"}],"author":[{"embeddable":true,"href":"https:\/\/autate.fr\/site\/wp-json\/wp\/v2\/users\/1"}],"replies":[{"embeddable":true,"href":"https:\/\/autate.fr\/site\/wp-json\/wp\/v2\/comments?post=301"}],"version-history":[{"count":1,"href":"https:\/\/autate.fr\/site\/wp-json\/wp\/v2\/posts\/301\/revisions"}],"predecessor-version":[{"id":303,"href":"https:\/\/autate.fr\/site\/wp-json\/wp\/v2\/posts\/301\/revisions\/303"}],"wp:featuredmedia":[{"embeddable":true,"href":"https:\/\/autate.fr\/site\/wp-json\/wp\/v2\/media\/96"}],"wp:attachment":[{"href":"https:\/\/autate.fr\/site\/wp-json\/wp\/v2\/media?parent=301"}],"wp:term":[{"taxonomy":"category","embeddable":true,"href":"https:\/\/autate.fr\/site\/wp-json\/wp\/v2\/categories?post=301"},{"taxonomy":"post_tag","embeddable":true,"href":"https:\/\/autate.fr\/site\/wp-json\/wp\/v2\/tags?post=301"}],"curies":[{"name":"wp","href":"https:\/\/api.w.org\/{rel}","templated":true}]}}