{"id":2991,"date":"2018-11-16T19:29:21","date_gmt":"2018-11-16T18:29:21","guid":{"rendered":"http:\/\/autate.fr\/site\/?p=2991"},"modified":"2018-11-16T19:29:32","modified_gmt":"2018-11-16T18:29:32","slug":"harcelement-sexiste-dans-le-tram","status":"publish","type":"post","link":"https:\/\/autate.fr\/site\/harcelement-sexiste-dans-le-tram\/","title":{"rendered":"harc\u00e8lement sexiste dans le tram"},"content":{"rendered":"<p>je viens d&rsquo;\u00eatre t\u00e9moin d&rsquo;un harc\u00e8lement de 3 jeunes gar\u00e7ons (environ 16-17 ans) qui ont agress\u00e9 une jeune fille du m\u00eame \u00e2ge et qu&rsquo;ils connaissaient (semblaient habiter le m\u00eame quartier): un geste sur le bras et des insultes de leur part, dans le tram \u00e0 18h45. La fille s&rsquo;est d\u00e9fendue en criant et s&rsquo;agitant, les insultes ont continu\u00e9. Elle \u00e9tait accompagn\u00e9e d&rsquo;autres jeunes qui l&rsquo;ont prot\u00e9g\u00e9. Plusieurs femmes, dont moi-m\u00eame &#8211; qui ai fait le tour par l&rsquo;ext\u00e9rieur &#8211; se sont interpos\u00e9es et ont grond\u00e9 les gar\u00e7ons, qui nous ont insult\u00e9. Puis, nous (les femmes plus \u00e2g\u00e9es) sommes interpos\u00e9es entre les harceleurs et la jeune fille. Aucun homme n&rsquo;a r\u00e9agi. L&rsquo;ambiance s&rsquo;est calm\u00e9e mais la fille pleurait en disant que cela lui arrive souvent. Les deux gars sont sortis avant d&rsquo;arriver chez eux. Les conversations ont continu\u00e9 entre femmes adultes sur ces incivilit\u00e9s permanentes qui ne sont pas rep\u00e9r\u00e9es et auxquelles les hommes ne r\u00e9agissent pas.<\/p>\n<p>En tous les cas, on est bien d\u00e9munis : comment porter plainte ? quel est le nom des agresseurs ? les prendre en photo pour risquer pire ? appeler le 17 pour cela ? pourquoi pas de num\u00e9ro de t\u00e9l\u00e9phone d&rsquo;urgence \u00e0 l&rsquo;int\u00e9rieur ? que faut-il faire ? interpeller les hommes plus \u00e2g\u00e9s ?<\/p>\n<p>Marie-Pierre<\/p>\n","protected":false},"excerpt":{"rendered":"<p>je viens d&rsquo;\u00eatre t\u00e9moin d&rsquo;un harc\u00e8lement de 3 jeunes gar\u00e7ons (environ 16-17 ans) qui ont agress\u00e9 une jeune fille du m\u00eame \u00e2ge et qu&rsquo;ils connaissaient (semblaient habiter le m\u00eame quartier): un geste sur le bras et des insultes de leur part, dans le tram \u00e0 18h45. La fille s&rsquo;est d\u00e9fendue en criant et s&rsquo;agitant, les<\/p>\n<p class=\"more-link\"><a href=\"https:\/\/autate.fr\/site\/harcelement-sexiste-dans-le-tram\/\" class=\"themebutton2\">VOIR PLUS<\/a><\/p>\n","protected":false},"author":9,"featured_media":0,"comment_status":"open","ping_status":"open","sticky":false,"template":"","format":"standard","meta":{"footnotes":""},"categories":[499,336],"tags":[],"class_list":["post-2991","post","type-post","status-publish","format-standard","hentry","category-harcelement-sexiste","category-temoignages"],"yoast_head":"<!-- This site is optimized with the Yoast SEO plugin v27.4 - https:\/\/yoast.com\/product\/yoast-seo-wordpress\/ -->\n<title>harc\u00e8lement sexiste dans le tram - AUTATE<\/title>\n<meta name=\"robots\" content=\"index, follow, max-snippet:-1, max-image-preview:large, max-video-preview:-1\" \/>\n<link rel=\"canonical\" href=\"https:\/\/autate.fr\/site\/harcelement-sexiste-dans-le-tram\/\" \/>\n<meta property=\"og:locale\" content=\"fr_FR\" \/>\n<meta property=\"og:type\" content=\"article\" \/>\n<meta property=\"og:title\" content=\"harc\u00e8lement sexiste dans le tram - AUTATE\" \/>\n<meta property=\"og:description\" content=\"je viens d&rsquo;\u00eatre t\u00e9moin d&rsquo;un harc\u00e8lement de 3 jeunes gar\u00e7ons (environ 16-17 ans) qui ont agress\u00e9 une jeune fille du m\u00eame \u00e2ge et qu&rsquo;ils connaissaient (semblaient habiter le m\u00eame quartier): un geste sur le bras et des insultes de leur part, dans le tram \u00e0 18h45. La fille s&rsquo;est d\u00e9fendue en criant et s&rsquo;agitant, lesVOIR PLUS\" \/>\n<meta property=\"og:url\" content=\"https:\/\/autate.fr\/site\/harcelement-sexiste-dans-le-tram\/\" \/>\n<meta property=\"og:site_name\" content=\"AUTATE\" \/>\n<meta property=\"article:publisher\" content=\"https:\/\/www.facebook.com\/AutateToulouse\" \/>\n<meta property=\"article:published_time\" content=\"2018-11-16T18:29:21+00:00\" \/>\n<meta property=\"article:modified_time\" content=\"2018-11-16T18:29:32+00:00\" \/>\n<meta name=\"author\" content=\"Marie-Pierre Bes\" \/>\n<meta name=\"twitter:card\" content=\"summary_large_image\" \/>\n<meta name=\"twitter:creator\" content=\"@AutateToulouse\" \/>\n<meta name=\"twitter:site\" content=\"@AutateToulouse\" \/>\n<meta name=\"twitter:label1\" content=\"\u00c9crit par\" \/>\n\t<meta name=\"twitter:data1\" content=\"Marie-Pierre Bes\" \/>\n\t<meta name=\"twitter:label2\" content=\"Dur\u00e9e de lecture estim\u00e9e\" \/>\n\t<meta name=\"twitter:data2\" content=\"1 minute\" \/>\n<script type=\"application\/ld+json\" class=\"yoast-schema-graph\">{\"@context\":\"https:\\\/\\\/schema.org\",\"@graph\":[{\"@type\":\"Article\",\"@id\":\"https:\\\/\\\/autate.fr\\\/site\\\/harcelement-sexiste-dans-le-tram\\\/#article\",\"isPartOf\":{\"@id\":\"https:\\\/\\\/autate.fr\\\/site\\\/harcelement-sexiste-dans-le-tram\\\/\"},\"author\":{\"name\":\"Marie-Pierre Bes\",\"@id\":\"https:\\\/\\\/autate.fr\\\/site\\\/#\\\/schema\\\/person\\\/ca1ac9182f29f02489db16f08b0834ff\"},\"headline\":\"harc\u00e8lement sexiste dans le tram\",\"datePublished\":\"2018-11-16T18:29:21+00:00\",\"dateModified\":\"2018-11-16T18:29:32+00:00\",\"mainEntityOfPage\":{\"@id\":\"https:\\\/\\\/autate.fr\\\/site\\\/harcelement-sexiste-dans-le-tram\\\/\"},\"wordCount\":232,\"commentCount\":0,\"publisher\":{\"@id\":\"https:\\\/\\\/autate.fr\\\/site\\\/#organization\"},\"articleSection\":[\"Harc\u00e8lement sexiste\",\"T\u00e9moignages\"],\"inLanguage\":\"fr-FR\",\"potentialAction\":[{\"@type\":\"CommentAction\",\"name\":\"Comment\",\"target\":[\"https:\\\/\\\/autate.fr\\\/site\\\/harcelement-sexiste-dans-le-tram\\\/#respond\"]}]},{\"@type\":\"WebPage\",\"@id\":\"https:\\\/\\\/autate.fr\\\/site\\\/harcelement-sexiste-dans-le-tram\\\/\",\"url\":\"https:\\\/\\\/autate.fr\\\/site\\\/harcelement-sexiste-dans-le-tram\\\/\",\"name\":\"harc\u00e8lement sexiste dans le tram - AUTATE\",\"isPartOf\":{\"@id\":\"https:\\\/\\\/autate.fr\\\/site\\\/#website\"},\"datePublished\":\"2018-11-16T18:29:21+00:00\",\"dateModified\":\"2018-11-16T18:29:32+00:00\",\"breadcrumb\":{\"@id\":\"https:\\\/\\\/autate.fr\\\/site\\\/harcelement-sexiste-dans-le-tram\\\/#breadcrumb\"},\"inLanguage\":\"fr-FR\",\"potentialAction\":[{\"@type\":\"ReadAction\",\"target\":[\"https:\\\/\\\/autate.fr\\\/site\\\/harcelement-sexiste-dans-le-tram\\\/\"]}]},{\"@type\":\"BreadcrumbList\",\"@id\":\"https:\\\/\\\/autate.fr\\\/site\\\/harcelement-sexiste-dans-le-tram\\\/#breadcrumb\",\"itemListElement\":[{\"@type\":\"ListItem\",\"position\":1,\"name\":\"Accueil\",\"item\":\"https:\\\/\\\/autate.fr\\\/site\\\/\"},{\"@type\":\"ListItem\",\"position\":2,\"name\":\"harc\u00e8lement sexiste dans le tram\"}]},{\"@type\":\"WebSite\",\"@id\":\"https:\\\/\\\/autate.fr\\\/site\\\/#website\",\"url\":\"https:\\\/\\\/autate.fr\\\/site\\\/\",\"name\":\"AUTATE\",\"description\":\"Association des usagers des transports de l&#039;agglom\u00e9ration Toulousaine et de ses environs\",\"publisher\":{\"@id\":\"https:\\\/\\\/autate.fr\\\/site\\\/#organization\"},\"potentialAction\":[{\"@type\":\"SearchAction\",\"target\":{\"@type\":\"EntryPoint\",\"urlTemplate\":\"https:\\\/\\\/autate.fr\\\/site\\\/?s={search_term_string}\"},\"query-input\":{\"@type\":\"PropertyValueSpecification\",\"valueRequired\":true,\"valueName\":\"search_term_string\"}}],\"inLanguage\":\"fr-FR\"},{\"@type\":\"Organization\",\"@id\":\"https:\\\/\\\/autate.fr\\\/site\\\/#organization\",\"name\":\"AUTATE\",\"url\":\"https:\\\/\\\/autate.fr\\\/site\\\/\",\"logo\":{\"@type\":\"ImageObject\",\"inLanguage\":\"fr-FR\",\"@id\":\"https:\\\/\\\/autate.fr\\\/site\\\/#\\\/schema\\\/logo\\\/image\\\/\",\"url\":\"http:\\\/\\\/autate.fr\\\/site\\\/wp-content\\\/uploads\\\/2019\\\/01\\\/logo.png\",\"contentUrl\":\"http:\\\/\\\/autate.fr\\\/site\\\/wp-content\\\/uploads\\\/2019\\\/01\\\/logo.png\",\"width\":506,\"height\":280,\"caption\":\"AUTATE\"},\"image\":{\"@id\":\"https:\\\/\\\/autate.fr\\\/site\\\/#\\\/schema\\\/logo\\\/image\\\/\"},\"sameAs\":[\"https:\\\/\\\/www.facebook.com\\\/AutateToulouse\",\"https:\\\/\\\/x.com\\\/AutateToulouse\"]},{\"@type\":\"Person\",\"@id\":\"https:\\\/\\\/autate.fr\\\/site\\\/#\\\/schema\\\/person\\\/ca1ac9182f29f02489db16f08b0834ff\",\"name\":\"Marie-Pierre Bes\",\"image\":{\"@type\":\"ImageObject\",\"inLanguage\":\"fr-FR\",\"@id\":\"https:\\\/\\\/secure.gravatar.com\\\/avatar\\\/08aa632b25ee7197789b8ec59d6cbcab7d9fc182fc393ccb7ac607ba55766261?s=96&d=mm&r=g\",\"url\":\"https:\\\/\\\/secure.gravatar.com\\\/avatar\\\/08aa632b25ee7197789b8ec59d6cbcab7d9fc182fc393ccb7ac607ba55766261?s=96&d=mm&r=g\",\"contentUrl\":\"https:\\\/\\\/secure.gravatar.com\\\/avatar\\\/08aa632b25ee7197789b8ec59d6cbcab7d9fc182fc393ccb7ac607ba55766261?s=96&d=mm&r=g\",\"caption\":\"Marie-Pierre Bes\"},\"url\":\"https:\\\/\\\/autate.fr\\\/site\\\/author\\\/mariepierre\\\/\"}]}<\/script>\n<!-- \/ Yoast SEO plugin. -->","yoast_head_json":{"title":"harc\u00e8lement sexiste dans le tram - AUTATE","robots":{"index":"index","follow":"follow","max-snippet":"max-snippet:-1","max-image-preview":"max-image-preview:large","max-video-preview":"max-video-preview:-1"},"canonical":"https:\/\/autate.fr\/site\/harcelement-sexiste-dans-le-tram\/","og_locale":"fr_FR","og_type":"article","og_title":"harc\u00e8lement sexiste dans le tram - AUTATE","og_description":"je viens d&rsquo;\u00eatre t\u00e9moin d&rsquo;un harc\u00e8lement de 3 jeunes gar\u00e7ons (environ 16-17 ans) qui ont agress\u00e9 une jeune fille du m\u00eame \u00e2ge et qu&rsquo;ils connaissaient (semblaient habiter le m\u00eame quartier): un geste sur le bras et des insultes de leur part, dans le tram \u00e0 18h45. La fille s&rsquo;est d\u00e9fendue en criant et s&rsquo;agitant, lesVOIR PLUS","og_url":"https:\/\/autate.fr\/site\/harcelement-sexiste-dans-le-tram\/","og_site_name":"AUTATE","article_publisher":"https:\/\/www.facebook.com\/AutateToulouse","article_published_time":"2018-11-16T18:29:21+00:00","article_modified_time":"2018-11-16T18:29:32+00:00","author":"Marie-Pierre Bes","twitter_card":"summary_large_image","twitter_creator":"@AutateToulouse","twitter_site":"@AutateToulouse","twitter_misc":{"\u00c9crit par":"Marie-Pierre Bes","Dur\u00e9e de lecture estim\u00e9e":"1 minute"},"schema":{"@context":"https:\/\/schema.org","@graph":[{"@type":"Article","@id":"https:\/\/autate.fr\/site\/harcelement-sexiste-dans-le-tram\/#article","isPartOf":{"@id":"https:\/\/autate.fr\/site\/harcelement-sexiste-dans-le-tram\/"},"author":{"name":"Marie-Pierre Bes","@id":"https:\/\/autate.fr\/site\/#\/schema\/person\/ca1ac9182f29f02489db16f08b0834ff"},"headline":"harc\u00e8lement sexiste dans le tram","datePublished":"2018-11-16T18:29:21+00:00","dateModified":"2018-11-16T18:29:32+00:00","mainEntityOfPage":{"@id":"https:\/\/autate.fr\/site\/harcelement-sexiste-dans-le-tram\/"},"wordCount":232,"commentCount":0,"publisher":{"@id":"https:\/\/autate.fr\/site\/#organization"},"articleSection":["Harc\u00e8lement sexiste","T\u00e9moignages"],"inLanguage":"fr-FR","potentialAction":[{"@type":"CommentAction","name":"Comment","target":["https:\/\/autate.fr\/site\/harcelement-sexiste-dans-le-tram\/#respond"]}]},{"@type":"WebPage","@id":"https:\/\/autate.fr\/site\/harcelement-sexiste-dans-le-tram\/","url":"https:\/\/autate.fr\/site\/harcelement-sexiste-dans-le-tram\/","name":"harc\u00e8lement sexiste dans le tram - AUTATE","isPartOf":{"@id":"https:\/\/autate.fr\/site\/#website"},"datePublished":"2018-11-16T18:29:21+00:00","dateModified":"2018-11-16T18:29:32+00:00","breadcrumb":{"@id":"https:\/\/autate.fr\/site\/harcelement-sexiste-dans-le-tram\/#breadcrumb"},"inLanguage":"fr-FR","potentialAction":[{"@type":"ReadAction","target":["https:\/\/autate.fr\/site\/harcelement-sexiste-dans-le-tram\/"]}]},{"@type":"BreadcrumbList","@id":"https:\/\/autate.fr\/site\/harcelement-sexiste-dans-le-tram\/#breadcrumb","itemListElement":[{"@type":"ListItem","position":1,"name":"Accueil","item":"https:\/\/autate.fr\/site\/"},{"@type":"ListItem","position":2,"name":"harc\u00e8lement sexiste dans le tram"}]},{"@type":"WebSite","@id":"https:\/\/autate.fr\/site\/#website","url":"https:\/\/autate.fr\/site\/","name":"AUTATE","description":"Association des usagers des transports de l&#039;agglom\u00e9ration Toulousaine et de ses environs","publisher":{"@id":"https:\/\/autate.fr\/site\/#organization"},"potentialAction":[{"@type":"SearchAction","target":{"@type":"EntryPoint","urlTemplate":"https:\/\/autate.fr\/site\/?s={search_term_string}"},"query-input":{"@type":"PropertyValueSpecification","valueRequired":true,"valueName":"search_term_string"}}],"inLanguage":"fr-FR"},{"@type":"Organization","@id":"https:\/\/autate.fr\/site\/#organization","name":"AUTATE","url":"https:\/\/autate.fr\/site\/","logo":{"@type":"ImageObject","inLanguage":"fr-FR","@id":"https:\/\/autate.fr\/site\/#\/schema\/logo\/image\/","url":"http:\/\/autate.fr\/site\/wp-content\/uploads\/2019\/01\/logo.png","contentUrl":"http:\/\/autate.fr\/site\/wp-content\/uploads\/2019\/01\/logo.png","width":506,"height":280,"caption":"AUTATE"},"image":{"@id":"https:\/\/autate.fr\/site\/#\/schema\/logo\/image\/"},"sameAs":["https:\/\/www.facebook.com\/AutateToulouse","https:\/\/x.com\/AutateToulouse"]},{"@type":"Person","@id":"https:\/\/autate.fr\/site\/#\/schema\/person\/ca1ac9182f29f02489db16f08b0834ff","name":"Marie-Pierre Bes","image":{"@type":"ImageObject","inLanguage":"fr-FR","@id":"https:\/\/secure.gravatar.com\/avatar\/08aa632b25ee7197789b8ec59d6cbcab7d9fc182fc393ccb7ac607ba55766261?s=96&d=mm&r=g","url":"https:\/\/secure.gravatar.com\/avatar\/08aa632b25ee7197789b8ec59d6cbcab7d9fc182fc393ccb7ac607ba55766261?s=96&d=mm&r=g","contentUrl":"https:\/\/secure.gravatar.com\/avatar\/08aa632b25ee7197789b8ec59d6cbcab7d9fc182fc393ccb7ac607ba55766261?s=96&d=mm&r=g","caption":"Marie-Pierre Bes"},"url":"https:\/\/autate.fr\/site\/author\/mariepierre\/"}]}},"_links":{"self":[{"href":"https:\/\/autate.fr\/site\/wp-json\/wp\/v2\/posts\/2991","targetHints":{"allow":["GET"]}}],"collection":[{"href":"https:\/\/autate.fr\/site\/wp-json\/wp\/v2\/posts"}],"about":[{"href":"https:\/\/autate.fr\/site\/wp-json\/wp\/v2\/types\/post"}],"author":[{"embeddable":true,"href":"https:\/\/autate.fr\/site\/wp-json\/wp\/v2\/users\/9"}],"replies":[{"embeddable":true,"href":"https:\/\/autate.fr\/site\/wp-json\/wp\/v2\/comments?post=2991"}],"version-history":[{"count":2,"href":"https:\/\/autate.fr\/site\/wp-json\/wp\/v2\/posts\/2991\/revisions"}],"predecessor-version":[{"id":2993,"href":"https:\/\/autate.fr\/site\/wp-json\/wp\/v2\/posts\/2991\/revisions\/2993"}],"wp:attachment":[{"href":"https:\/\/autate.fr\/site\/wp-json\/wp\/v2\/media?parent=2991"}],"wp:term":[{"taxonomy":"category","embeddable":true,"href":"https:\/\/autate.fr\/site\/wp-json\/wp\/v2\/categories?post=2991"},{"taxonomy":"post_tag","embeddable":true,"href":"https:\/\/autate.fr\/site\/wp-json\/wp\/v2\/tags?post=2991"}],"curies":[{"name":"wp","href":"https:\/\/api.w.org\/{rel}","templated":true}]}}