{"id":2940,"date":"2018-10-24T20:06:40","date_gmt":"2018-10-24T18:06:40","guid":{"rendered":"http:\/\/autate.fr\/site\/?p=2940"},"modified":"2018-10-25T23:10:45","modified_gmt":"2018-10-25T21:10:45","slug":"velo-train-a-saint-agne","status":"publish","type":"post","link":"https:\/\/autate.fr\/site\/velo-train-a-saint-agne\/","title":{"rendered":"V\u00e9lo + train \u00e0 Saint-Agne"},"content":{"rendered":"<p>Bonjour,<\/p>\n<p>Depuis le mois d&rsquo;aout, j&rsquo;ai abandonn\u00e9 la voiture au profit du train-v\u00e9lo le trajet Venerque-Saint Agne (train) Saint Agne-Lab\u00e8ge (V\u00e9lo) et je rencontre d&rsquo;importantes difficult\u00e9s sur tant \u00e0 l&rsquo;aller (train de 6h54) que du retour (train de 16h54). Ce matin par exemple, le train qui comporte habituellement 2 rames, n&rsquo;est avait qu&rsquo;une et je me suis vu refuser l&rsquo;acc\u00e8s au train avec mon v\u00e9lo. Vendredi dernier, annulation du train de 7h24 et retard de 30 mn sur le pr\u00e9c\u00e9dent. Comment se faire rembourser des trajets quand vous avez un abonnement mensuel ?\u00a0 Plus g\u00e9n\u00e9ralement d\u00e9veloppez vous des actions en direction des usagers qui sont confront\u00e9s aux difficult\u00e9s d&rsquo;utiliser ces deux modes de transports ? Cordialement.<\/p>\n<p>Lionel<\/p>\n","protected":false},"excerpt":{"rendered":"<p>Bonjour, Depuis le mois d&rsquo;aout, j&rsquo;ai abandonn\u00e9 la voiture au profit du train-v\u00e9lo le trajet Venerque-Saint Agne (train) Saint Agne-Lab\u00e8ge (V\u00e9lo) et je rencontre d&rsquo;importantes difficult\u00e9s sur tant \u00e0 l&rsquo;aller (train de 6h54) que du retour (train de 16h54). Ce matin par exemple, le train qui comporte habituellement 2 rames, n&rsquo;est avait qu&rsquo;une et je<\/p>\n<p class=\"more-link\"><a href=\"https:\/\/autate.fr\/site\/velo-train-a-saint-agne\/\" class=\"themebutton2\">VOIR PLUS<\/a><\/p>\n","protected":false},"author":9,"featured_media":0,"comment_status":"open","ping_status":"open","sticky":false,"template":"","format":"standard","meta":{"footnotes":""},"categories":[336,418],"tags":[],"class_list":["post-2940","post","type-post","status-publish","format-standard","hentry","category-temoignages","category-trains-urbains"],"yoast_head":"<!-- This site is optimized with the Yoast SEO plugin v27.4 - https:\/\/yoast.com\/product\/yoast-seo-wordpress\/ -->\n<title>V\u00e9lo + train \u00e0 Saint-Agne - AUTATE<\/title>\n<meta name=\"robots\" content=\"index, follow, max-snippet:-1, max-image-preview:large, max-video-preview:-1\" \/>\n<link rel=\"canonical\" href=\"https:\/\/autate.fr\/site\/velo-train-a-saint-agne\/\" \/>\n<meta property=\"og:locale\" content=\"fr_FR\" \/>\n<meta property=\"og:type\" content=\"article\" \/>\n<meta property=\"og:title\" content=\"V\u00e9lo + train \u00e0 Saint-Agne - AUTATE\" \/>\n<meta property=\"og:description\" content=\"Bonjour, Depuis le mois d&rsquo;aout, j&rsquo;ai abandonn\u00e9 la voiture au profit du train-v\u00e9lo le trajet Venerque-Saint Agne (train) Saint Agne-Lab\u00e8ge (V\u00e9lo) et je rencontre d&rsquo;importantes difficult\u00e9s sur tant \u00e0 l&rsquo;aller (train de 6h54) que du retour (train de 16h54). Ce matin par exemple, le train qui comporte habituellement 2 rames, n&rsquo;est avait qu&rsquo;une et jeVOIR PLUS\" \/>\n<meta property=\"og:url\" content=\"https:\/\/autate.fr\/site\/velo-train-a-saint-agne\/\" \/>\n<meta property=\"og:site_name\" content=\"AUTATE\" \/>\n<meta property=\"article:publisher\" content=\"https:\/\/www.facebook.com\/AutateToulouse\" \/>\n<meta property=\"article:published_time\" content=\"2018-10-24T18:06:40+00:00\" \/>\n<meta property=\"article:modified_time\" content=\"2018-10-25T21:10:45+00:00\" \/>\n<meta name=\"author\" content=\"Marie-Pierre Bes\" \/>\n<meta name=\"twitter:card\" content=\"summary_large_image\" \/>\n<meta name=\"twitter:creator\" content=\"@AutateToulouse\" \/>\n<meta name=\"twitter:site\" content=\"@AutateToulouse\" \/>\n<meta name=\"twitter:label1\" content=\"\u00c9crit par\" \/>\n\t<meta name=\"twitter:data1\" content=\"Marie-Pierre Bes\" \/>\n\t<meta name=\"twitter:label2\" content=\"Dur\u00e9e de lecture estim\u00e9e\" \/>\n\t<meta name=\"twitter:data2\" content=\"1 minute\" \/>\n<script type=\"application\/ld+json\" class=\"yoast-schema-graph\">{\"@context\":\"https:\\\/\\\/schema.org\",\"@graph\":[{\"@type\":\"Article\",\"@id\":\"https:\\\/\\\/autate.fr\\\/site\\\/velo-train-a-saint-agne\\\/#article\",\"isPartOf\":{\"@id\":\"https:\\\/\\\/autate.fr\\\/site\\\/velo-train-a-saint-agne\\\/\"},\"author\":{\"name\":\"Marie-Pierre Bes\",\"@id\":\"https:\\\/\\\/autate.fr\\\/site\\\/#\\\/schema\\\/person\\\/ca1ac9182f29f02489db16f08b0834ff\"},\"headline\":\"V\u00e9lo + train \u00e0 Saint-Agne\",\"datePublished\":\"2018-10-24T18:06:40+00:00\",\"dateModified\":\"2018-10-25T21:10:45+00:00\",\"mainEntityOfPage\":{\"@id\":\"https:\\\/\\\/autate.fr\\\/site\\\/velo-train-a-saint-agne\\\/\"},\"wordCount\":129,\"commentCount\":0,\"publisher\":{\"@id\":\"https:\\\/\\\/autate.fr\\\/site\\\/#organization\"},\"articleSection\":[\"T\u00e9moignages\",\"Trains urbains\"],\"inLanguage\":\"fr-FR\",\"potentialAction\":[{\"@type\":\"CommentAction\",\"name\":\"Comment\",\"target\":[\"https:\\\/\\\/autate.fr\\\/site\\\/velo-train-a-saint-agne\\\/#respond\"]}]},{\"@type\":\"WebPage\",\"@id\":\"https:\\\/\\\/autate.fr\\\/site\\\/velo-train-a-saint-agne\\\/\",\"url\":\"https:\\\/\\\/autate.fr\\\/site\\\/velo-train-a-saint-agne\\\/\",\"name\":\"V\u00e9lo + train \u00e0 Saint-Agne - AUTATE\",\"isPartOf\":{\"@id\":\"https:\\\/\\\/autate.fr\\\/site\\\/#website\"},\"datePublished\":\"2018-10-24T18:06:40+00:00\",\"dateModified\":\"2018-10-25T21:10:45+00:00\",\"breadcrumb\":{\"@id\":\"https:\\\/\\\/autate.fr\\\/site\\\/velo-train-a-saint-agne\\\/#breadcrumb\"},\"inLanguage\":\"fr-FR\",\"potentialAction\":[{\"@type\":\"ReadAction\",\"target\":[\"https:\\\/\\\/autate.fr\\\/site\\\/velo-train-a-saint-agne\\\/\"]}]},{\"@type\":\"BreadcrumbList\",\"@id\":\"https:\\\/\\\/autate.fr\\\/site\\\/velo-train-a-saint-agne\\\/#breadcrumb\",\"itemListElement\":[{\"@type\":\"ListItem\",\"position\":1,\"name\":\"Accueil\",\"item\":\"https:\\\/\\\/autate.fr\\\/site\\\/\"},{\"@type\":\"ListItem\",\"position\":2,\"name\":\"V\u00e9lo + train \u00e0 Saint-Agne\"}]},{\"@type\":\"WebSite\",\"@id\":\"https:\\\/\\\/autate.fr\\\/site\\\/#website\",\"url\":\"https:\\\/\\\/autate.fr\\\/site\\\/\",\"name\":\"AUTATE\",\"description\":\"Association des usagers des transports de l&#039;agglom\u00e9ration Toulousaine et de ses environs\",\"publisher\":{\"@id\":\"https:\\\/\\\/autate.fr\\\/site\\\/#organization\"},\"potentialAction\":[{\"@type\":\"SearchAction\",\"target\":{\"@type\":\"EntryPoint\",\"urlTemplate\":\"https:\\\/\\\/autate.fr\\\/site\\\/?s={search_term_string}\"},\"query-input\":{\"@type\":\"PropertyValueSpecification\",\"valueRequired\":true,\"valueName\":\"search_term_string\"}}],\"inLanguage\":\"fr-FR\"},{\"@type\":\"Organization\",\"@id\":\"https:\\\/\\\/autate.fr\\\/site\\\/#organization\",\"name\":\"AUTATE\",\"url\":\"https:\\\/\\\/autate.fr\\\/site\\\/\",\"logo\":{\"@type\":\"ImageObject\",\"inLanguage\":\"fr-FR\",\"@id\":\"https:\\\/\\\/autate.fr\\\/site\\\/#\\\/schema\\\/logo\\\/image\\\/\",\"url\":\"http:\\\/\\\/autate.fr\\\/site\\\/wp-content\\\/uploads\\\/2019\\\/01\\\/logo.png\",\"contentUrl\":\"http:\\\/\\\/autate.fr\\\/site\\\/wp-content\\\/uploads\\\/2019\\\/01\\\/logo.png\",\"width\":506,\"height\":280,\"caption\":\"AUTATE\"},\"image\":{\"@id\":\"https:\\\/\\\/autate.fr\\\/site\\\/#\\\/schema\\\/logo\\\/image\\\/\"},\"sameAs\":[\"https:\\\/\\\/www.facebook.com\\\/AutateToulouse\",\"https:\\\/\\\/x.com\\\/AutateToulouse\"]},{\"@type\":\"Person\",\"@id\":\"https:\\\/\\\/autate.fr\\\/site\\\/#\\\/schema\\\/person\\\/ca1ac9182f29f02489db16f08b0834ff\",\"name\":\"Marie-Pierre Bes\",\"image\":{\"@type\":\"ImageObject\",\"inLanguage\":\"fr-FR\",\"@id\":\"https:\\\/\\\/secure.gravatar.com\\\/avatar\\\/08aa632b25ee7197789b8ec59d6cbcab7d9fc182fc393ccb7ac607ba55766261?s=96&d=mm&r=g\",\"url\":\"https:\\\/\\\/secure.gravatar.com\\\/avatar\\\/08aa632b25ee7197789b8ec59d6cbcab7d9fc182fc393ccb7ac607ba55766261?s=96&d=mm&r=g\",\"contentUrl\":\"https:\\\/\\\/secure.gravatar.com\\\/avatar\\\/08aa632b25ee7197789b8ec59d6cbcab7d9fc182fc393ccb7ac607ba55766261?s=96&d=mm&r=g\",\"caption\":\"Marie-Pierre Bes\"},\"url\":\"https:\\\/\\\/autate.fr\\\/site\\\/author\\\/mariepierre\\\/\"}]}<\/script>\n<!-- \/ Yoast SEO plugin. -->","yoast_head_json":{"title":"V\u00e9lo + train \u00e0 Saint-Agne - AUTATE","robots":{"index":"index","follow":"follow","max-snippet":"max-snippet:-1","max-image-preview":"max-image-preview:large","max-video-preview":"max-video-preview:-1"},"canonical":"https:\/\/autate.fr\/site\/velo-train-a-saint-agne\/","og_locale":"fr_FR","og_type":"article","og_title":"V\u00e9lo + train \u00e0 Saint-Agne - AUTATE","og_description":"Bonjour, Depuis le mois d&rsquo;aout, j&rsquo;ai abandonn\u00e9 la voiture au profit du train-v\u00e9lo le trajet Venerque-Saint Agne (train) Saint Agne-Lab\u00e8ge (V\u00e9lo) et je rencontre d&rsquo;importantes difficult\u00e9s sur tant \u00e0 l&rsquo;aller (train de 6h54) que du retour (train de 16h54). Ce matin par exemple, le train qui comporte habituellement 2 rames, n&rsquo;est avait qu&rsquo;une et jeVOIR PLUS","og_url":"https:\/\/autate.fr\/site\/velo-train-a-saint-agne\/","og_site_name":"AUTATE","article_publisher":"https:\/\/www.facebook.com\/AutateToulouse","article_published_time":"2018-10-24T18:06:40+00:00","article_modified_time":"2018-10-25T21:10:45+00:00","author":"Marie-Pierre Bes","twitter_card":"summary_large_image","twitter_creator":"@AutateToulouse","twitter_site":"@AutateToulouse","twitter_misc":{"\u00c9crit par":"Marie-Pierre Bes","Dur\u00e9e de lecture estim\u00e9e":"1 minute"},"schema":{"@context":"https:\/\/schema.org","@graph":[{"@type":"Article","@id":"https:\/\/autate.fr\/site\/velo-train-a-saint-agne\/#article","isPartOf":{"@id":"https:\/\/autate.fr\/site\/velo-train-a-saint-agne\/"},"author":{"name":"Marie-Pierre Bes","@id":"https:\/\/autate.fr\/site\/#\/schema\/person\/ca1ac9182f29f02489db16f08b0834ff"},"headline":"V\u00e9lo + train \u00e0 Saint-Agne","datePublished":"2018-10-24T18:06:40+00:00","dateModified":"2018-10-25T21:10:45+00:00","mainEntityOfPage":{"@id":"https:\/\/autate.fr\/site\/velo-train-a-saint-agne\/"},"wordCount":129,"commentCount":0,"publisher":{"@id":"https:\/\/autate.fr\/site\/#organization"},"articleSection":["T\u00e9moignages","Trains urbains"],"inLanguage":"fr-FR","potentialAction":[{"@type":"CommentAction","name":"Comment","target":["https:\/\/autate.fr\/site\/velo-train-a-saint-agne\/#respond"]}]},{"@type":"WebPage","@id":"https:\/\/autate.fr\/site\/velo-train-a-saint-agne\/","url":"https:\/\/autate.fr\/site\/velo-train-a-saint-agne\/","name":"V\u00e9lo + train \u00e0 Saint-Agne - AUTATE","isPartOf":{"@id":"https:\/\/autate.fr\/site\/#website"},"datePublished":"2018-10-24T18:06:40+00:00","dateModified":"2018-10-25T21:10:45+00:00","breadcrumb":{"@id":"https:\/\/autate.fr\/site\/velo-train-a-saint-agne\/#breadcrumb"},"inLanguage":"fr-FR","potentialAction":[{"@type":"ReadAction","target":["https:\/\/autate.fr\/site\/velo-train-a-saint-agne\/"]}]},{"@type":"BreadcrumbList","@id":"https:\/\/autate.fr\/site\/velo-train-a-saint-agne\/#breadcrumb","itemListElement":[{"@type":"ListItem","position":1,"name":"Accueil","item":"https:\/\/autate.fr\/site\/"},{"@type":"ListItem","position":2,"name":"V\u00e9lo + train \u00e0 Saint-Agne"}]},{"@type":"WebSite","@id":"https:\/\/autate.fr\/site\/#website","url":"https:\/\/autate.fr\/site\/","name":"AUTATE","description":"Association des usagers des transports de l&#039;agglom\u00e9ration Toulousaine et de ses environs","publisher":{"@id":"https:\/\/autate.fr\/site\/#organization"},"potentialAction":[{"@type":"SearchAction","target":{"@type":"EntryPoint","urlTemplate":"https:\/\/autate.fr\/site\/?s={search_term_string}"},"query-input":{"@type":"PropertyValueSpecification","valueRequired":true,"valueName":"search_term_string"}}],"inLanguage":"fr-FR"},{"@type":"Organization","@id":"https:\/\/autate.fr\/site\/#organization","name":"AUTATE","url":"https:\/\/autate.fr\/site\/","logo":{"@type":"ImageObject","inLanguage":"fr-FR","@id":"https:\/\/autate.fr\/site\/#\/schema\/logo\/image\/","url":"http:\/\/autate.fr\/site\/wp-content\/uploads\/2019\/01\/logo.png","contentUrl":"http:\/\/autate.fr\/site\/wp-content\/uploads\/2019\/01\/logo.png","width":506,"height":280,"caption":"AUTATE"},"image":{"@id":"https:\/\/autate.fr\/site\/#\/schema\/logo\/image\/"},"sameAs":["https:\/\/www.facebook.com\/AutateToulouse","https:\/\/x.com\/AutateToulouse"]},{"@type":"Person","@id":"https:\/\/autate.fr\/site\/#\/schema\/person\/ca1ac9182f29f02489db16f08b0834ff","name":"Marie-Pierre Bes","image":{"@type":"ImageObject","inLanguage":"fr-FR","@id":"https:\/\/secure.gravatar.com\/avatar\/08aa632b25ee7197789b8ec59d6cbcab7d9fc182fc393ccb7ac607ba55766261?s=96&d=mm&r=g","url":"https:\/\/secure.gravatar.com\/avatar\/08aa632b25ee7197789b8ec59d6cbcab7d9fc182fc393ccb7ac607ba55766261?s=96&d=mm&r=g","contentUrl":"https:\/\/secure.gravatar.com\/avatar\/08aa632b25ee7197789b8ec59d6cbcab7d9fc182fc393ccb7ac607ba55766261?s=96&d=mm&r=g","caption":"Marie-Pierre Bes"},"url":"https:\/\/autate.fr\/site\/author\/mariepierre\/"}]}},"_links":{"self":[{"href":"https:\/\/autate.fr\/site\/wp-json\/wp\/v2\/posts\/2940","targetHints":{"allow":["GET"]}}],"collection":[{"href":"https:\/\/autate.fr\/site\/wp-json\/wp\/v2\/posts"}],"about":[{"href":"https:\/\/autate.fr\/site\/wp-json\/wp\/v2\/types\/post"}],"author":[{"embeddable":true,"href":"https:\/\/autate.fr\/site\/wp-json\/wp\/v2\/users\/9"}],"replies":[{"embeddable":true,"href":"https:\/\/autate.fr\/site\/wp-json\/wp\/v2\/comments?post=2940"}],"version-history":[{"count":1,"href":"https:\/\/autate.fr\/site\/wp-json\/wp\/v2\/posts\/2940\/revisions"}],"predecessor-version":[{"id":2941,"href":"https:\/\/autate.fr\/site\/wp-json\/wp\/v2\/posts\/2940\/revisions\/2941"}],"wp:attachment":[{"href":"https:\/\/autate.fr\/site\/wp-json\/wp\/v2\/media?parent=2940"}],"wp:term":[{"taxonomy":"category","embeddable":true,"href":"https:\/\/autate.fr\/site\/wp-json\/wp\/v2\/categories?post=2940"},{"taxonomy":"post_tag","embeddable":true,"href":"https:\/\/autate.fr\/site\/wp-json\/wp\/v2\/tags?post=2940"}],"curies":[{"name":"wp","href":"https:\/\/api.w.org\/{rel}","templated":true}]}}