{"id":2937,"date":"2018-10-24T20:00:12","date_gmt":"2018-10-24T18:00:12","guid":{"rendered":"http:\/\/autate.fr\/site\/?p=2937"},"modified":"2018-10-24T20:01:04","modified_gmt":"2018-10-24T18:01:04","slug":"les-retards-sur-la-ligne-muret-toulouse","status":"publish","type":"post","link":"https:\/\/autate.fr\/site\/les-retards-sur-la-ligne-muret-toulouse\/","title":{"rendered":"les retards sur la ligne SNCF Muret-Toulouse"},"content":{"rendered":"<div>Bonjour,<\/div>\n<div>J&rsquo;habite \u00e0 Muret depuis fin juin 2017. Je prends le train tous les jours pour me rendre \u00e0 mon travail au centre ville de Toulouse.<\/div>\n<div>Aujourd&rsquo;hui, ma patience atteint ses limites. Je n&rsquo;en peux plus des retards, des trains supprim\u00e9s ou des conditions lamentables de transport (de nos jours, on n&rsquo;admet m\u00eame plus ces conditions pour des animaux). Que se passera-t-il le jour o\u00f9 un train surbond\u00e9 aura un accident ? Les pouvoirs publics feindront-ils de d\u00e9couvrir ces conditions qui ne respectent certainement pas les r\u00e8gles de s\u00e9curit\u00e9 ?<\/div>\n<div>Je ne parle m\u00eame pas des incidences sur la vie priv\u00e9e des utilisateurs, retards fr\u00e9quents au travail, rendez-vous manqu\u00e9s, probl\u00e8mes pour r\u00e9cup\u00e9rer des enfants le soir etc&#8230;<\/div>\n<div>Ayant \u00e9t\u00e9 \u00e9chaud\u00e9 lorsque, habitant Montastruc la conseill\u00e8re, j&rsquo;ai pris le train pendant quelques ann\u00e9es avec les m\u00eames difficult\u00e9s, j&rsquo;ai not\u00e9 tous les trains en retard ou supprim\u00e9s depuis que je le prends \u00e0 Muret. Vous trouverez la liste ci-apr\u00e8s. Je tiens \u00e0 pr\u00e9ciser que ce ne sont que les probl\u00e8mes aux heures o\u00f9 je souhaitais prendre un train, et non pas la liste exhaustive de tous les retards et suppressions sur cette ligne.<\/div>\n<div>Que pouvons-nous faire ?<\/div>\n<div>Je ne doute pas que les collectivit\u00e9s locales soient parfaitement au courant, mais qu&rsquo;attendent-elles pour r\u00e9agir ?<\/div>\n<div>D&rsquo;un c\u00f4t\u00e9, on a droit \u00e0 un discours culpabilisant pour nous dissuader de circuler en voiture, et d&rsquo;un autre, on a un service public de transport compl\u00e8tement d\u00e9faillant sur Toulouse et son agglom\u00e9ration.<\/div>\n<div>Je vous remercie pour votre attention.<\/div>\n<div>Cordialement,<\/div>\n<div>Rafa\u00ebl<\/div>\n<div><\/div>\n<div>Liste des incidents que j&rsquo;ai subis depuis juillet 2017 :<\/div>\n<div><\/div>\n<div>\n<div dir=\"auto\">\n<div dir=\"ltr\">\n<div dir=\"auto\">\n<div dir=\"ltr\">\n<div dir=\"auto\">\n<div dir=\"ltr\">\n<div dir=\"auto\">\n<div dir=\"ltr\">\n<div dir=\"auto\">\n<div dir=\"ltr\">\n<div dir=\"auto\">\n<div dir=\"ltr\">\n<div dir=\"auto\">\n<div dir=\"ltr\">\n<div dir=\"auto\">\n<p>04\/07\/2017 : 17 h 15 supprim\u00e9<\/p>\n<div dir=\"auto\">11\/07\/2017 : 07 h 34 retard 10 mn<\/div>\n<div dir=\"auto\">20\/07\/2017 : 07 h 13 retard 20 mn<\/div>\n<div dir=\"auto\">08\/08\/2017 : 17 h 36 retard 20 mn<\/div>\n<div dir=\"auto\">16\/08\/2017 : 17 h 36 retard 20 mn<\/div>\n<div dir=\"auto\">18\/08\/2017 : 07 h 34 supprim\u00e9<\/div>\n<div>18\/08\/2017 : 17 h 36 retard 10 mn<\/div>\n<div dir=\"auto\">28\/08\/2017 : 07 h 13 supprim\u00e9<\/div>\n<div dir=\"auto\">28\/08\/2017:\u00a0 07 h 34 supprim\u00e9<\/div>\n<div dir=\"auto\">29\/08\/2017 : 17 h 36 retard 10 mn<\/div>\n<div>04\/09\/2017 : 07 h 13 retard 5 mn<\/div>\n<div dir=\"auto\">05\/09\/2017 : 17 h 36 retard 15 mn<\/div>\n<div dir=\"auto\">11\/09\/2017 : 17 h 36 retard 35 mn<\/div>\n<div dir=\"auto\">13\/09\/2017 : 07 h 34 retard 12 mn<\/div>\n<div dir=\"auto\">10\/10\/2017 : 08 h 13 retard 10 mn<\/div>\n<div dir=\"auto\">10\/10\/2017 : 17 h 15 retard 20 mn<\/div>\n<div dir=\"auto\">13\/10\/2017 : 17 h 15 retard 20 mn<\/div>\n<div dir=\"auto\">16\/10\/2017 : 07 h 13 retard 10 mn<\/div>\n<div dir=\"auto\">20\/10\/2017 : 08 h 13 retard 15 mn<\/div>\n<div dir=\"auto\">30\/10\/2017 : 07 h 13 retard 15 mn<\/div>\n<div dir=\"auto\">31\/10\/2017 : 08 h 01 retard 10 mn<\/div>\n<div dir=\"auto\">02\/11\/2017 : 07 h 01 retard 15 mn<\/div>\n<div dir=\"auto\">03\/11\/2017 : 07 h 13 retard 30 mn<\/div>\n<div dir=\"auto\">08\/11\/2017 : 07 h 01 retard 90 mn<\/div>\n<div dir=\"auto\">13\/11\/2017 : pas de train le matin<\/div>\n<div dir=\"auto\">13\/11\/2017 : 17h 36 retard 10 mn<\/div>\n<div dir=\"auto\">17\/11\/2017 : 07 h 13 supprim\u00e9<\/div>\n<div dir=\"auto\">17\/11\/2017 : 07 h 34 retard 40 mn<\/div>\n<div dir=\"auto\">23\/11\/2017 : 08 h 13 retard 10 mn<\/div>\n<div dir=\"auto\">24\/11\/2017 : 17 h 15 plus de train jusqu&rsquo;\u00e0 20 h<\/div>\n<div dir=\"auto\">28\/11\/2017 : 08 h 01 retard 15 mn<\/div>\n<div dir=\"auto\">01\/12\/2017 : 07 h 34 retard 10 mn<\/div>\n<div dir=\"auto\">07\/12\/2017 : 07 h 34 retard 40 mn<\/div>\n<div dir=\"auto\">07\/12\/2017 : 17 h 15 retard 75 mn<\/div>\n<div dir=\"auto\">07\/12\/2017 : 17 h 36 supprim\u00e9<\/div>\n<div dir=\"auto\">08\/12\/2017 : 08 h 01 supprim\u00e9<\/div>\n<div>11\/12\/2017 : 07 h 02 supprim\u00e9<\/div>\n<div>11\/12\/2017 : 07 h 13 retard 20 mn<\/div>\n<div dir=\"auto\">11\/12\/2017 : 20 h 36 retard 5 mn<\/div>\n<div dir=\"auto\">21\/12\/2017 : 08 h 02 retard 10 mn<\/div>\n<div dir=\"auto\">22\/12\/2017 : 08 h 02 supprim\u00e9<\/div>\n<div dir=\"auto\">22\/12\/2017 : 08 h 36 retard 20 mn<\/div>\n<div dir=\"auto\">03\/01\/2018 : 17 h 36 retard 10 mn<\/div>\n<div dir=\"auto\">12\/01\/2018 : 08 h 02 retard 40 mn<\/div>\n<div dir=\"auto\">12\/01\/2018 : 08 h 13 retard 40 mn<\/div>\n<div dir=\"auto\">12\/01\/2018 : 17 h 15 retard 15 mn<\/div>\n<div dir=\"auto\">18\/01\/2018 : 07 h 38 retard ind\u00e9termin\u00e9<\/div>\n<div dir=\"auto\">18\/01\/2018 : 08 h 02 retard ind\u00e9termin\u00e9<\/div>\n<div dir=\"auto\">29\/01\/2018 : 07 h 38 retard 15 mn<\/div>\n<div dir=\"auto\">29\/01\/2018 : 08 h 02 retard 15 mn<\/div>\n<div dir=\"auto\">30\/01\/2018 : 08 h 13 retard 10 mn<\/div>\n<div dir=\"auto\">31\/01\/2018 : 07 h 38 retard 5 mn<\/div>\n<div dir=\"auto\">06\/02\/2018 : 17 h 36 supprim\u00e9<\/div>\n<div dir=\"auto\">06\/02\/2018 : 17 h 47 retard 30 mn<\/div>\n<div dir=\"auto\">07\/02\/2018 : 08 h 02 supprim\u00e9<\/div>\n<div dir=\"auto\">07\/02\/2018 : 08 h 13 retard 25 mn<\/div>\n<div dir=\"auto\">07\/02\/2018 : 17 h 47 supprim\u00e9<\/div>\n<div dir=\"auto\">07\/02\/2018 : 18 h 15 supprim\u00e9<\/div>\n<div dir=\"auto\">07\/02\/2018 : 18 h 36 supprim\u00e9<\/div>\n<div dir=\"auto\">08\/02\/2018 : 17 h 36 retard 10 mn<\/div>\n<div dir=\"auto\">08\/02\/2018 : 17 h 47 retard 10 mn<\/div>\n<div dir=\"auto\">09\/02\/2018 : 07 h 13 retard 35 mn<\/div>\n<div dir=\"auto\">14\/02\/2018 : 16 h 47 retard 20 mn<\/div>\n<div dir=\"auto\">15\/02\/2018 : 16 h 47 retard 60 mn<\/div>\n<div dir=\"auto\">15\/02\/2018 : 17 h 15 supprim\u00e9<\/div>\n<div dir=\"auto\">15\/02\/2018 : 17 h 36 supprim\u00e9<\/div>\n<div>23\/02\/2018 : 16 h 47 supprim\u00e9<\/div>\n<div dir=\"auto\">02\/03\/2018 : 07 h 13 retard 25 mn<\/div>\n<div dir=\"auto\">02\/03\/2018 : 16 h 47 retard 50 mn<\/div>\n<div dir=\"auto\">07\/03\/2018 : 17 h 36 retard 30 mn<\/div>\n<div dir=\"auto\">07\/03\/2018 : 17 h 47 retard 20 mn<\/div>\n<div>13\/03\/2018 : 08 h 38 retard 15 mn<\/div>\n<div dir=\"auto\">21\/03\/2018 : 07 h 02 retard 90 mn<\/div>\n<div>03\/04\/2018 ==&gt; 30\/06\/2018 : gr\u00e8ves<\/div>\n<div dir=\"auto\">02\/07\/2018 : 18 h 15 supprim\u00e9<\/div>\n<div dir=\"auto\">02\/07\/2018 : 18 h 36 retard 10 mn<\/div>\n<div dir=\"auto\">09\/07\/2018 : droit de retrait matin et soir<\/div>\n<div dir=\"auto\"><span style=\"font-family: sans-serif;\">11\/07\/2018 : 08 h 13 retard 20 mn<\/span><\/div>\n<div dir=\"auto\"><span style=\"font-family: sans-serif;\">12\/07\/2018 : 17 h 15 supprim\u00e9<\/span><\/div>\n<div dir=\"auto\"><span style=\"font-family: sans-serif;\">16\/07\/2018 : 17 h 36 retard 10 mn<\/span><\/div>\n<div dir=\"auto\"><span style=\"font-family: sans-serif;\">16\/07\/2018 : 17 h 47 supprim\u00e9<\/span><\/div>\n<div dir=\"auto\"><span style=\"font-family: sans-serif;\">23\/07\/2018 : 07 h 38 retard 70 mn<\/span><\/div>\n<div dir=\"auto\"><span style=\"font-family: sans-serif;\">23\/07\/2018 : 08 h 02 retard 50 mn<\/span><\/div>\n<div dir=\"auto\"><span style=\"font-family: sans-serif;\">23\/07\/2018 : 08 h 13 retard 40 mn<\/span><\/div>\n<div dir=\"auto\"><span style=\"font-family: sans-serif;\">01\/08\/2018 : 17 h 36 retard 10 mn<\/span><\/div>\n<div dir=\"auto\"><span style=\"font-family: sans-serif;\">08\/08\/2018 : 07 h 02 supprim\u00e9<\/span><\/div>\n<div dir=\"auto\"><span style=\"font-family: sans-serif;\">08\/08\/2018 : 07 h 13 supprim\u00e9<\/span><\/div>\n<div dir=\"auto\"><span style=\"font-family: sans-serif;\">08\/08\/2018 : 07 h 38 supprim\u00e9<\/span><\/div>\n<div dir=\"auto\"><span style=\"font-family: sans-serif;\">03\/09\/2018 : 16 h 47 supprim\u00e9<\/span><\/div>\n<div dir=\"auto\"><span style=\"font-family: sans-serif;\">03\/09\/2018 : 17 h 15 supprim\u00e9<\/span><\/div>\n<div dir=\"auto\"><span style=\"font-family: sans-serif;\">03\/09\/2018 : 17 h 36 supprim\u00e9<\/span><\/div>\n<div dir=\"auto\"><span style=\"font-family: sans-serif;\">03\/09\/2018 : 17 h 47 supprim\u00e9<\/span><\/div>\n<div dir=\"auto\"><span style=\"font-family: sans-serif;\">03\/09\/2018 : 18 h 15 supprim\u00e9<\/span><\/div>\n<div dir=\"auto\"><span style=\"font-family: sans-serif;\">03\/09\/2018 : 18 h 47 supprim\u00e9<\/span><\/div>\n<div dir=\"auto\"><span style=\"font-family: sans-serif;\">03\/09\/2018 : 19 h 15 supprim\u00e9<\/span><\/div>\n<div dir=\"auto\"><span style=\"font-family: sans-serif;\">06\/09\/2018 : 16 h 47 retard 35 mn<\/span><\/div>\n<div dir=\"auto\"><span style=\"font-family: sans-serif;\">06\/09\/2018 : 17 h 15 supprim\u00e9<\/span><\/div>\n<div dir=\"auto\"><span style=\"font-family: sans-serif;\">20\/09\/2018 : 07 h 13 retard 25 mn<\/span><\/div>\n<div dir=\"auto\"><span style=\"font-family: sans-serif;\">20\/09\/2018 : 07 h 38 supprim\u00e9<\/span><\/div>\n<div dir=\"auto\"><span style=\"font-family: sans-serif;\">21\/09\/2018 : 07 h 13 retard 25 mn<\/span><\/div>\n<div dir=\"auto\">21\/09\/2018 : 07 h 38 supprim\u00e9<span style=\"font-family: sans-serif;\"><br \/>\n<\/span><\/div>\n<div><span style=\"font-family: sans-serif;\">26\/09\/2018 : 07 h 02 retard 60 mn<\/span><\/div>\n<div><span style=\"font-family: sans-serif;\">26\/09\/2018 : 07 h 14 retard 60 mn<\/span><\/div>\n<div><span style=\"font-family: sans-serif;\">26\/09\/2018 : 07 h 38 retard 20 mn<br \/>\n<\/span><\/div>\n<div dir=\"auto\"><span style=\"font-family: sans-serif;\">10\/10\/2018 : 07 h 13 supprim\u00e9<\/span><\/div>\n<div dir=\"auto\"><span style=\"font-family: sans-serif;\">11\/10\/2018 : 07 h 13 supprim\u00e9<\/span><\/div>\n<div dir=\"auto\"><span style=\"font-family: sans-serif;\">17\/10\/2018 : 16 h 47 retard 10 mn<\/span><\/div>\n<div><span style=\"font-family: sans-serif;\">22\/10\/2018 : 07 h 02 retard 30 mn<\/span><\/div>\n<div><span style=\"font-family: sans-serif;\">22\/10\/2018 : 07 h 13 retard 30 mn<\/span><\/div>\n<div><span style=\"font-family: sans-serif;\">22\/10\/2018 : 07 h 38 supprim\u00e9<\/span><\/div>\n<div><span style=\"font-family: sans-serif;\">22\/10\/2018 : 08 h 02 supprim\u00e9<\/span><\/div>\n<div><span style=\"font-family: sans-serif;\">22\/10\/2018 : 08 h 13 supprim\u00e9<\/span><\/div>\n<div><span style=\"font-family: sans-serif;\">22\/10\/2018 : 08 h 36 retard 35 mn<\/span><\/div>\n<\/div>\n<\/div>\n<\/div>\n<\/div>\n<\/div>\n<\/div>\n<\/div>\n<\/div>\n<\/div>\n<\/div>\n<\/div>\n<\/div>\n<\/div>\n<\/div>\n<\/div>\n<\/div>\n","protected":false},"excerpt":{"rendered":"<p>Bonjour, J&rsquo;habite \u00e0 Muret depuis fin juin 2017. Je prends le train tous les jours pour me rendre \u00e0 mon travail au centre ville de Toulouse. Aujourd&rsquo;hui, ma patience atteint ses limites. Je n&rsquo;en peux plus des retards, des trains supprim\u00e9s ou des conditions lamentables de transport (de nos jours, on n&rsquo;admet m\u00eame plus ces<\/p>\n<p class=\"more-link\"><a href=\"https:\/\/autate.fr\/site\/les-retards-sur-la-ligne-muret-toulouse\/\" class=\"themebutton2\">VOIR PLUS<\/a><\/p>\n","protected":false},"author":9,"featured_media":0,"comment_status":"open","ping_status":"open","sticky":false,"template":"","format":"standard","meta":{"footnotes":""},"categories":[336,418],"tags":[],"class_list":["post-2937","post","type-post","status-publish","format-standard","hentry","category-temoignages","category-trains-urbains"],"yoast_head":"<!-- This site is optimized with the Yoast SEO plugin v27.4 - https:\/\/yoast.com\/product\/yoast-seo-wordpress\/ -->\n<title>les retards sur la ligne SNCF Muret-Toulouse - AUTATE<\/title>\n<meta name=\"robots\" content=\"index, follow, max-snippet:-1, max-image-preview:large, max-video-preview:-1\" \/>\n<link rel=\"canonical\" href=\"https:\/\/autate.fr\/site\/les-retards-sur-la-ligne-muret-toulouse\/\" \/>\n<meta property=\"og:locale\" content=\"fr_FR\" \/>\n<meta property=\"og:type\" content=\"article\" \/>\n<meta property=\"og:title\" content=\"les retards sur la ligne SNCF Muret-Toulouse - AUTATE\" \/>\n<meta property=\"og:description\" content=\"Bonjour, J&rsquo;habite \u00e0 Muret depuis fin juin 2017. Je prends le train tous les jours pour me rendre \u00e0 mon travail au centre ville de Toulouse. Aujourd&rsquo;hui, ma patience atteint ses limites. Je n&rsquo;en peux plus des retards, des trains supprim\u00e9s ou des conditions lamentables de transport (de nos jours, on n&rsquo;admet m\u00eame plus cesVOIR PLUS\" \/>\n<meta property=\"og:url\" content=\"https:\/\/autate.fr\/site\/les-retards-sur-la-ligne-muret-toulouse\/\" \/>\n<meta property=\"og:site_name\" content=\"AUTATE\" \/>\n<meta property=\"article:publisher\" content=\"https:\/\/www.facebook.com\/AutateToulouse\" \/>\n<meta property=\"article:published_time\" content=\"2018-10-24T18:00:12+00:00\" \/>\n<meta property=\"article:modified_time\" content=\"2018-10-24T18:01:04+00:00\" \/>\n<meta name=\"author\" content=\"Marie-Pierre Bes\" \/>\n<meta name=\"twitter:card\" content=\"summary_large_image\" \/>\n<meta name=\"twitter:creator\" content=\"@AutateToulouse\" \/>\n<meta name=\"twitter:site\" content=\"@AutateToulouse\" \/>\n<meta name=\"twitter:label1\" content=\"\u00c9crit par\" \/>\n\t<meta name=\"twitter:data1\" content=\"Marie-Pierre Bes\" \/>\n\t<meta name=\"twitter:label2\" content=\"Dur\u00e9e de lecture estim\u00e9e\" \/>\n\t<meta name=\"twitter:data2\" content=\"3 minutes\" \/>\n<script type=\"application\/ld+json\" class=\"yoast-schema-graph\">{\"@context\":\"https:\\\/\\\/schema.org\",\"@graph\":[{\"@type\":\"Article\",\"@id\":\"https:\\\/\\\/autate.fr\\\/site\\\/les-retards-sur-la-ligne-muret-toulouse\\\/#article\",\"isPartOf\":{\"@id\":\"https:\\\/\\\/autate.fr\\\/site\\\/les-retards-sur-la-ligne-muret-toulouse\\\/\"},\"author\":{\"name\":\"Marie-Pierre Bes\",\"@id\":\"https:\\\/\\\/autate.fr\\\/site\\\/#\\\/schema\\\/person\\\/ca1ac9182f29f02489db16f08b0834ff\"},\"headline\":\"les retards sur la ligne SNCF Muret-Toulouse\",\"datePublished\":\"2018-10-24T18:00:12+00:00\",\"dateModified\":\"2018-10-24T18:01:04+00:00\",\"mainEntityOfPage\":{\"@id\":\"https:\\\/\\\/autate.fr\\\/site\\\/les-retards-sur-la-ligne-muret-toulouse\\\/\"},\"wordCount\":596,\"commentCount\":1,\"publisher\":{\"@id\":\"https:\\\/\\\/autate.fr\\\/site\\\/#organization\"},\"articleSection\":[\"T\u00e9moignages\",\"Trains urbains\"],\"inLanguage\":\"fr-FR\",\"potentialAction\":[{\"@type\":\"CommentAction\",\"name\":\"Comment\",\"target\":[\"https:\\\/\\\/autate.fr\\\/site\\\/les-retards-sur-la-ligne-muret-toulouse\\\/#respond\"]}]},{\"@type\":\"WebPage\",\"@id\":\"https:\\\/\\\/autate.fr\\\/site\\\/les-retards-sur-la-ligne-muret-toulouse\\\/\",\"url\":\"https:\\\/\\\/autate.fr\\\/site\\\/les-retards-sur-la-ligne-muret-toulouse\\\/\",\"name\":\"les retards sur la ligne SNCF Muret-Toulouse - AUTATE\",\"isPartOf\":{\"@id\":\"https:\\\/\\\/autate.fr\\\/site\\\/#website\"},\"datePublished\":\"2018-10-24T18:00:12+00:00\",\"dateModified\":\"2018-10-24T18:01:04+00:00\",\"breadcrumb\":{\"@id\":\"https:\\\/\\\/autate.fr\\\/site\\\/les-retards-sur-la-ligne-muret-toulouse\\\/#breadcrumb\"},\"inLanguage\":\"fr-FR\",\"potentialAction\":[{\"@type\":\"ReadAction\",\"target\":[\"https:\\\/\\\/autate.fr\\\/site\\\/les-retards-sur-la-ligne-muret-toulouse\\\/\"]}]},{\"@type\":\"BreadcrumbList\",\"@id\":\"https:\\\/\\\/autate.fr\\\/site\\\/les-retards-sur-la-ligne-muret-toulouse\\\/#breadcrumb\",\"itemListElement\":[{\"@type\":\"ListItem\",\"position\":1,\"name\":\"Accueil\",\"item\":\"https:\\\/\\\/autate.fr\\\/site\\\/\"},{\"@type\":\"ListItem\",\"position\":2,\"name\":\"les retards sur la ligne SNCF Muret-Toulouse\"}]},{\"@type\":\"WebSite\",\"@id\":\"https:\\\/\\\/autate.fr\\\/site\\\/#website\",\"url\":\"https:\\\/\\\/autate.fr\\\/site\\\/\",\"name\":\"AUTATE\",\"description\":\"Association des usagers des transports de l&#039;agglom\u00e9ration Toulousaine et de ses environs\",\"publisher\":{\"@id\":\"https:\\\/\\\/autate.fr\\\/site\\\/#organization\"},\"potentialAction\":[{\"@type\":\"SearchAction\",\"target\":{\"@type\":\"EntryPoint\",\"urlTemplate\":\"https:\\\/\\\/autate.fr\\\/site\\\/?s={search_term_string}\"},\"query-input\":{\"@type\":\"PropertyValueSpecification\",\"valueRequired\":true,\"valueName\":\"search_term_string\"}}],\"inLanguage\":\"fr-FR\"},{\"@type\":\"Organization\",\"@id\":\"https:\\\/\\\/autate.fr\\\/site\\\/#organization\",\"name\":\"AUTATE\",\"url\":\"https:\\\/\\\/autate.fr\\\/site\\\/\",\"logo\":{\"@type\":\"ImageObject\",\"inLanguage\":\"fr-FR\",\"@id\":\"https:\\\/\\\/autate.fr\\\/site\\\/#\\\/schema\\\/logo\\\/image\\\/\",\"url\":\"http:\\\/\\\/autate.fr\\\/site\\\/wp-content\\\/uploads\\\/2019\\\/01\\\/logo.png\",\"contentUrl\":\"http:\\\/\\\/autate.fr\\\/site\\\/wp-content\\\/uploads\\\/2019\\\/01\\\/logo.png\",\"width\":506,\"height\":280,\"caption\":\"AUTATE\"},\"image\":{\"@id\":\"https:\\\/\\\/autate.fr\\\/site\\\/#\\\/schema\\\/logo\\\/image\\\/\"},\"sameAs\":[\"https:\\\/\\\/www.facebook.com\\\/AutateToulouse\",\"https:\\\/\\\/x.com\\\/AutateToulouse\"]},{\"@type\":\"Person\",\"@id\":\"https:\\\/\\\/autate.fr\\\/site\\\/#\\\/schema\\\/person\\\/ca1ac9182f29f02489db16f08b0834ff\",\"name\":\"Marie-Pierre Bes\",\"image\":{\"@type\":\"ImageObject\",\"inLanguage\":\"fr-FR\",\"@id\":\"https:\\\/\\\/secure.gravatar.com\\\/avatar\\\/08aa632b25ee7197789b8ec59d6cbcab7d9fc182fc393ccb7ac607ba55766261?s=96&d=mm&r=g\",\"url\":\"https:\\\/\\\/secure.gravatar.com\\\/avatar\\\/08aa632b25ee7197789b8ec59d6cbcab7d9fc182fc393ccb7ac607ba55766261?s=96&d=mm&r=g\",\"contentUrl\":\"https:\\\/\\\/secure.gravatar.com\\\/avatar\\\/08aa632b25ee7197789b8ec59d6cbcab7d9fc182fc393ccb7ac607ba55766261?s=96&d=mm&r=g\",\"caption\":\"Marie-Pierre Bes\"},\"url\":\"https:\\\/\\\/autate.fr\\\/site\\\/author\\\/mariepierre\\\/\"}]}<\/script>\n<!-- \/ Yoast SEO plugin. -->","yoast_head_json":{"title":"les retards sur la ligne SNCF Muret-Toulouse - AUTATE","robots":{"index":"index","follow":"follow","max-snippet":"max-snippet:-1","max-image-preview":"max-image-preview:large","max-video-preview":"max-video-preview:-1"},"canonical":"https:\/\/autate.fr\/site\/les-retards-sur-la-ligne-muret-toulouse\/","og_locale":"fr_FR","og_type":"article","og_title":"les retards sur la ligne SNCF Muret-Toulouse - AUTATE","og_description":"Bonjour, J&rsquo;habite \u00e0 Muret depuis fin juin 2017. Je prends le train tous les jours pour me rendre \u00e0 mon travail au centre ville de Toulouse. Aujourd&rsquo;hui, ma patience atteint ses limites. Je n&rsquo;en peux plus des retards, des trains supprim\u00e9s ou des conditions lamentables de transport (de nos jours, on n&rsquo;admet m\u00eame plus cesVOIR PLUS","og_url":"https:\/\/autate.fr\/site\/les-retards-sur-la-ligne-muret-toulouse\/","og_site_name":"AUTATE","article_publisher":"https:\/\/www.facebook.com\/AutateToulouse","article_published_time":"2018-10-24T18:00:12+00:00","article_modified_time":"2018-10-24T18:01:04+00:00","author":"Marie-Pierre Bes","twitter_card":"summary_large_image","twitter_creator":"@AutateToulouse","twitter_site":"@AutateToulouse","twitter_misc":{"\u00c9crit par":"Marie-Pierre Bes","Dur\u00e9e de lecture estim\u00e9e":"3 minutes"},"schema":{"@context":"https:\/\/schema.org","@graph":[{"@type":"Article","@id":"https:\/\/autate.fr\/site\/les-retards-sur-la-ligne-muret-toulouse\/#article","isPartOf":{"@id":"https:\/\/autate.fr\/site\/les-retards-sur-la-ligne-muret-toulouse\/"},"author":{"name":"Marie-Pierre Bes","@id":"https:\/\/autate.fr\/site\/#\/schema\/person\/ca1ac9182f29f02489db16f08b0834ff"},"headline":"les retards sur la ligne SNCF Muret-Toulouse","datePublished":"2018-10-24T18:00:12+00:00","dateModified":"2018-10-24T18:01:04+00:00","mainEntityOfPage":{"@id":"https:\/\/autate.fr\/site\/les-retards-sur-la-ligne-muret-toulouse\/"},"wordCount":596,"commentCount":1,"publisher":{"@id":"https:\/\/autate.fr\/site\/#organization"},"articleSection":["T\u00e9moignages","Trains urbains"],"inLanguage":"fr-FR","potentialAction":[{"@type":"CommentAction","name":"Comment","target":["https:\/\/autate.fr\/site\/les-retards-sur-la-ligne-muret-toulouse\/#respond"]}]},{"@type":"WebPage","@id":"https:\/\/autate.fr\/site\/les-retards-sur-la-ligne-muret-toulouse\/","url":"https:\/\/autate.fr\/site\/les-retards-sur-la-ligne-muret-toulouse\/","name":"les retards sur la ligne SNCF Muret-Toulouse - AUTATE","isPartOf":{"@id":"https:\/\/autate.fr\/site\/#website"},"datePublished":"2018-10-24T18:00:12+00:00","dateModified":"2018-10-24T18:01:04+00:00","breadcrumb":{"@id":"https:\/\/autate.fr\/site\/les-retards-sur-la-ligne-muret-toulouse\/#breadcrumb"},"inLanguage":"fr-FR","potentialAction":[{"@type":"ReadAction","target":["https:\/\/autate.fr\/site\/les-retards-sur-la-ligne-muret-toulouse\/"]}]},{"@type":"BreadcrumbList","@id":"https:\/\/autate.fr\/site\/les-retards-sur-la-ligne-muret-toulouse\/#breadcrumb","itemListElement":[{"@type":"ListItem","position":1,"name":"Accueil","item":"https:\/\/autate.fr\/site\/"},{"@type":"ListItem","position":2,"name":"les retards sur la ligne SNCF Muret-Toulouse"}]},{"@type":"WebSite","@id":"https:\/\/autate.fr\/site\/#website","url":"https:\/\/autate.fr\/site\/","name":"AUTATE","description":"Association des usagers des transports de l&#039;agglom\u00e9ration Toulousaine et de ses environs","publisher":{"@id":"https:\/\/autate.fr\/site\/#organization"},"potentialAction":[{"@type":"SearchAction","target":{"@type":"EntryPoint","urlTemplate":"https:\/\/autate.fr\/site\/?s={search_term_string}"},"query-input":{"@type":"PropertyValueSpecification","valueRequired":true,"valueName":"search_term_string"}}],"inLanguage":"fr-FR"},{"@type":"Organization","@id":"https:\/\/autate.fr\/site\/#organization","name":"AUTATE","url":"https:\/\/autate.fr\/site\/","logo":{"@type":"ImageObject","inLanguage":"fr-FR","@id":"https:\/\/autate.fr\/site\/#\/schema\/logo\/image\/","url":"http:\/\/autate.fr\/site\/wp-content\/uploads\/2019\/01\/logo.png","contentUrl":"http:\/\/autate.fr\/site\/wp-content\/uploads\/2019\/01\/logo.png","width":506,"height":280,"caption":"AUTATE"},"image":{"@id":"https:\/\/autate.fr\/site\/#\/schema\/logo\/image\/"},"sameAs":["https:\/\/www.facebook.com\/AutateToulouse","https:\/\/x.com\/AutateToulouse"]},{"@type":"Person","@id":"https:\/\/autate.fr\/site\/#\/schema\/person\/ca1ac9182f29f02489db16f08b0834ff","name":"Marie-Pierre Bes","image":{"@type":"ImageObject","inLanguage":"fr-FR","@id":"https:\/\/secure.gravatar.com\/avatar\/08aa632b25ee7197789b8ec59d6cbcab7d9fc182fc393ccb7ac607ba55766261?s=96&d=mm&r=g","url":"https:\/\/secure.gravatar.com\/avatar\/08aa632b25ee7197789b8ec59d6cbcab7d9fc182fc393ccb7ac607ba55766261?s=96&d=mm&r=g","contentUrl":"https:\/\/secure.gravatar.com\/avatar\/08aa632b25ee7197789b8ec59d6cbcab7d9fc182fc393ccb7ac607ba55766261?s=96&d=mm&r=g","caption":"Marie-Pierre Bes"},"url":"https:\/\/autate.fr\/site\/author\/mariepierre\/"}]}},"_links":{"self":[{"href":"https:\/\/autate.fr\/site\/wp-json\/wp\/v2\/posts\/2937","targetHints":{"allow":["GET"]}}],"collection":[{"href":"https:\/\/autate.fr\/site\/wp-json\/wp\/v2\/posts"}],"about":[{"href":"https:\/\/autate.fr\/site\/wp-json\/wp\/v2\/types\/post"}],"author":[{"embeddable":true,"href":"https:\/\/autate.fr\/site\/wp-json\/wp\/v2\/users\/9"}],"replies":[{"embeddable":true,"href":"https:\/\/autate.fr\/site\/wp-json\/wp\/v2\/comments?post=2937"}],"version-history":[{"count":2,"href":"https:\/\/autate.fr\/site\/wp-json\/wp\/v2\/posts\/2937\/revisions"}],"predecessor-version":[{"id":2939,"href":"https:\/\/autate.fr\/site\/wp-json\/wp\/v2\/posts\/2937\/revisions\/2939"}],"wp:attachment":[{"href":"https:\/\/autate.fr\/site\/wp-json\/wp\/v2\/media?parent=2937"}],"wp:term":[{"taxonomy":"category","embeddable":true,"href":"https:\/\/autate.fr\/site\/wp-json\/wp\/v2\/categories?post=2937"},{"taxonomy":"post_tag","embeddable":true,"href":"https:\/\/autate.fr\/site\/wp-json\/wp\/v2\/tags?post=2937"}],"curies":[{"name":"wp","href":"https:\/\/api.w.org\/{rel}","templated":true}]}}