{"id":2917,"date":"2018-10-16T22:53:04","date_gmt":"2018-10-16T20:53:04","guid":{"rendered":"http:\/\/autate.fr\/site\/?p=2917"},"modified":"2025-11-11T17:53:31","modified_gmt":"2025-11-11T16:53:31","slug":"des-idees-pour-rendre-les-transports-en-commun-a-tournefeuille-plus-efficaces","status":"publish","type":"post","link":"https:\/\/autate.fr\/site\/des-idees-pour-rendre-les-transports-en-commun-a-tournefeuille-plus-efficaces\/","title":{"rendered":"Des id\u00e9es pour rendre les Transports en commun \u00e0 Tournefeuille plus efficaces"},"content":{"rendered":"<p>Samedi 6 \u00e0 Tournefeuille, \u00e0 la demi-journ\u00e9e \u00ab\u00a0Mobilit\u00e9\u00a0\u00bb, j&rsquo;ai rencontr\u00e9 un adh\u00e9rent de l&rsquo;AUTATE.<\/p>\n<p>1) Nous avons parl\u00e9 de la ligne Arc-En-Ciel : Toulouse-Rieumes. J&rsquo;avais \u00e9crit un courriel au Conseil D\u00e9partemental pour leur sugg\u00e9rer d&rsquo;adapter la capacit\u00e9 du bus \u00e0 la fr\u00e9quentation. Ils m&rsquo;ont fait une r\u00e9ponse qui ne m&rsquo;a qu&rsquo;\u00e0 demi satisfait. Voil\u00e0 le courrier qui est en Pi\u00e8ce Jointe. <a href=\"https:\/\/autate.fr\/site\/wp-content\/uploads\/2018\/10\/BusArcEnCielR\u00e9ponseConseilD\u00e9p.pdf\">BusArcEnCielR\u00e9ponseConseilD\u00e9p<\/a><\/p>\n<p>2) premi\u00e8re id\u00e9e :<\/p>\n<p>Mercredi j&rsquo;effectue les trajets suivants :<\/p>\n<p>&#8211; Tournefeuille La Reynerie : Bus 48 + marche \u00e0 pied<\/p>\n<p>&#8211; La Reynerie &#8211; un hotel pr\u00e8s de l&rsquo;A\u00e9roport de Blagnac : Ligne A + Tram<\/p>\n<p>&#8211; retour \u00e0 Tournefeuille en voiture individuelle avec un participant \u00e0 la r\u00e9union \u00e0 laquelle je suis convi\u00e9e.<\/p>\n<p>J&rsquo;ai \u00e9mis l&rsquo;id\u00e9e suivante. Et si chaque d\u00e9tenteur d&rsquo;une carte Pastel avait droit \u00e0 (de 1 \u00e0 4) trajets par mois pay\u00e9s par Tiss\u00e9o ; le passager ne paye que 1 \u00e0 4 trajets chaque course.\u00a0 Cela bien entendu en dehors des heures de fonctionnement des bus. Le co\u00fbt de plusieurs initiatives de ce type seraient peut \u00eatre financ\u00e9 par l&rsquo;abandon de certains projets :<\/p>\n<ul>\n<li>prolongement de Arc-En-Ciel<\/li>\n<li>Voie du Canal Saint Martory<\/li>\n<li>2\u00e8me rocade \u00e0 l&rsquo;ouest<\/li>\n<\/ul>\n<p>3) id\u00e9e post\u00e9rieure<\/p>\n<p>J&rsquo;ai vu dans la Banlieue de Bordeaux une voie en site propre de bus qui est autoris\u00e9e aux \u00ab\u00a0covoitureurs\u00a0\u00bb. Et si nous en \u00e9tudions la faisabilit\u00e9 \u00e0 Toulouse. Bien sur, il ne faut pas que les \u00ab\u00a0Lin\u00e9o\u00a0\u00bb se retrouvent englu\u00e9s dans des embouteillages.<\/p>\n","protected":false},"excerpt":{"rendered":"<p>Samedi 6 \u00e0 Tournefeuille, \u00e0 la demi-journ\u00e9e \u00ab\u00a0Mobilit\u00e9\u00a0\u00bb, j&rsquo;ai rencontr\u00e9 un adh\u00e9rent de l&rsquo;AUTATE. 1) Nous avons parl\u00e9 de la ligne Arc-En-Ciel : Toulouse-Rieumes. J&rsquo;avais \u00e9crit un courriel au Conseil D\u00e9partemental pour leur sugg\u00e9rer d&rsquo;adapter la capacit\u00e9 du bus \u00e0 la fr\u00e9quentation. Ils m&rsquo;ont fait une r\u00e9ponse qui ne m&rsquo;a qu&rsquo;\u00e0 demi satisfait. Voil\u00e0 le<\/p>\n<p class=\"more-link\"><a href=\"https:\/\/autate.fr\/site\/des-idees-pour-rendre-les-transports-en-commun-a-tournefeuille-plus-efficaces\/\" class=\"themebutton2\">VOIR PLUS<\/a><\/p>\n","protected":false},"author":9,"featured_media":0,"comment_status":"open","ping_status":"open","sticky":false,"template":"","format":"standard","meta":{"footnotes":""},"categories":[527,490,336],"tags":[],"class_list":["post-2917","post","type-post","status-publish","format-standard","hentry","category-nos-dossiers","category-prix-des-transports","category-temoignages"],"yoast_head":"<!-- This site is optimized with the Yoast SEO plugin v27.4 - https:\/\/yoast.com\/product\/yoast-seo-wordpress\/ -->\n<title>Des id\u00e9es pour rendre les Transports en commun \u00e0 Tournefeuille plus efficaces - AUTATE<\/title>\n<meta name=\"robots\" content=\"index, follow, max-snippet:-1, max-image-preview:large, max-video-preview:-1\" \/>\n<link rel=\"canonical\" href=\"https:\/\/autate.fr\/site\/des-idees-pour-rendre-les-transports-en-commun-a-tournefeuille-plus-efficaces\/\" \/>\n<meta property=\"og:locale\" content=\"fr_FR\" \/>\n<meta property=\"og:type\" content=\"article\" \/>\n<meta property=\"og:title\" content=\"Des id\u00e9es pour rendre les Transports en commun \u00e0 Tournefeuille plus efficaces - AUTATE\" \/>\n<meta property=\"og:description\" content=\"Samedi 6 \u00e0 Tournefeuille, \u00e0 la demi-journ\u00e9e \u00ab\u00a0Mobilit\u00e9\u00a0\u00bb, j&rsquo;ai rencontr\u00e9 un adh\u00e9rent de l&rsquo;AUTATE. 1) Nous avons parl\u00e9 de la ligne Arc-En-Ciel : Toulouse-Rieumes. J&rsquo;avais \u00e9crit un courriel au Conseil D\u00e9partemental pour leur sugg\u00e9rer d&rsquo;adapter la capacit\u00e9 du bus \u00e0 la fr\u00e9quentation. Ils m&rsquo;ont fait une r\u00e9ponse qui ne m&rsquo;a qu&rsquo;\u00e0 demi satisfait. Voil\u00e0 leVOIR PLUS\" \/>\n<meta property=\"og:url\" content=\"https:\/\/autate.fr\/site\/des-idees-pour-rendre-les-transports-en-commun-a-tournefeuille-plus-efficaces\/\" \/>\n<meta property=\"og:site_name\" content=\"AUTATE\" \/>\n<meta property=\"article:publisher\" content=\"https:\/\/www.facebook.com\/AutateToulouse\" \/>\n<meta property=\"article:published_time\" content=\"2018-10-16T20:53:04+00:00\" \/>\n<meta property=\"article:modified_time\" content=\"2025-11-11T16:53:31+00:00\" \/>\n<meta name=\"author\" content=\"Marie-Pierre Bes\" \/>\n<meta name=\"twitter:card\" content=\"summary_large_image\" \/>\n<meta name=\"twitter:creator\" content=\"@AutateToulouse\" \/>\n<meta name=\"twitter:site\" content=\"@AutateToulouse\" \/>\n<meta name=\"twitter:label1\" content=\"\u00c9crit par\" \/>\n\t<meta name=\"twitter:data1\" content=\"Marie-Pierre Bes\" \/>\n\t<meta name=\"twitter:label2\" content=\"Dur\u00e9e de lecture estim\u00e9e\" \/>\n\t<meta name=\"twitter:data2\" content=\"1 minute\" \/>\n<script type=\"application\/ld+json\" class=\"yoast-schema-graph\">{\"@context\":\"https:\\\/\\\/schema.org\",\"@graph\":[{\"@type\":\"Article\",\"@id\":\"https:\\\/\\\/autate.fr\\\/site\\\/des-idees-pour-rendre-les-transports-en-commun-a-tournefeuille-plus-efficaces\\\/#article\",\"isPartOf\":{\"@id\":\"https:\\\/\\\/autate.fr\\\/site\\\/des-idees-pour-rendre-les-transports-en-commun-a-tournefeuille-plus-efficaces\\\/\"},\"author\":{\"name\":\"Marie-Pierre Bes\",\"@id\":\"https:\\\/\\\/autate.fr\\\/site\\\/#\\\/schema\\\/person\\\/ca1ac9182f29f02489db16f08b0834ff\"},\"headline\":\"Des id\u00e9es pour rendre les Transports en commun \u00e0 Tournefeuille plus efficaces\",\"datePublished\":\"2018-10-16T20:53:04+00:00\",\"dateModified\":\"2025-11-11T16:53:31+00:00\",\"mainEntityOfPage\":{\"@id\":\"https:\\\/\\\/autate.fr\\\/site\\\/des-idees-pour-rendre-les-transports-en-commun-a-tournefeuille-plus-efficaces\\\/\"},\"wordCount\":247,\"commentCount\":0,\"publisher\":{\"@id\":\"https:\\\/\\\/autate.fr\\\/site\\\/#organization\"},\"articleSection\":[\"Nos dossiers\",\"Prix des transports\",\"T\u00e9moignages\"],\"inLanguage\":\"fr-FR\",\"potentialAction\":[{\"@type\":\"CommentAction\",\"name\":\"Comment\",\"target\":[\"https:\\\/\\\/autate.fr\\\/site\\\/des-idees-pour-rendre-les-transports-en-commun-a-tournefeuille-plus-efficaces\\\/#respond\"]}]},{\"@type\":\"WebPage\",\"@id\":\"https:\\\/\\\/autate.fr\\\/site\\\/des-idees-pour-rendre-les-transports-en-commun-a-tournefeuille-plus-efficaces\\\/\",\"url\":\"https:\\\/\\\/autate.fr\\\/site\\\/des-idees-pour-rendre-les-transports-en-commun-a-tournefeuille-plus-efficaces\\\/\",\"name\":\"Des id\u00e9es pour rendre les Transports en commun \u00e0 Tournefeuille plus efficaces - AUTATE\",\"isPartOf\":{\"@id\":\"https:\\\/\\\/autate.fr\\\/site\\\/#website\"},\"datePublished\":\"2018-10-16T20:53:04+00:00\",\"dateModified\":\"2025-11-11T16:53:31+00:00\",\"breadcrumb\":{\"@id\":\"https:\\\/\\\/autate.fr\\\/site\\\/des-idees-pour-rendre-les-transports-en-commun-a-tournefeuille-plus-efficaces\\\/#breadcrumb\"},\"inLanguage\":\"fr-FR\",\"potentialAction\":[{\"@type\":\"ReadAction\",\"target\":[\"https:\\\/\\\/autate.fr\\\/site\\\/des-idees-pour-rendre-les-transports-en-commun-a-tournefeuille-plus-efficaces\\\/\"]}]},{\"@type\":\"BreadcrumbList\",\"@id\":\"https:\\\/\\\/autate.fr\\\/site\\\/des-idees-pour-rendre-les-transports-en-commun-a-tournefeuille-plus-efficaces\\\/#breadcrumb\",\"itemListElement\":[{\"@type\":\"ListItem\",\"position\":1,\"name\":\"Accueil\",\"item\":\"https:\\\/\\\/autate.fr\\\/site\\\/\"},{\"@type\":\"ListItem\",\"position\":2,\"name\":\"Des id\u00e9es pour rendre les Transports en commun \u00e0 Tournefeuille plus efficaces\"}]},{\"@type\":\"WebSite\",\"@id\":\"https:\\\/\\\/autate.fr\\\/site\\\/#website\",\"url\":\"https:\\\/\\\/autate.fr\\\/site\\\/\",\"name\":\"AUTATE\",\"description\":\"Association des usagers des transports de l&#039;agglom\u00e9ration Toulousaine et de ses environs\",\"publisher\":{\"@id\":\"https:\\\/\\\/autate.fr\\\/site\\\/#organization\"},\"potentialAction\":[{\"@type\":\"SearchAction\",\"target\":{\"@type\":\"EntryPoint\",\"urlTemplate\":\"https:\\\/\\\/autate.fr\\\/site\\\/?s={search_term_string}\"},\"query-input\":{\"@type\":\"PropertyValueSpecification\",\"valueRequired\":true,\"valueName\":\"search_term_string\"}}],\"inLanguage\":\"fr-FR\"},{\"@type\":\"Organization\",\"@id\":\"https:\\\/\\\/autate.fr\\\/site\\\/#organization\",\"name\":\"AUTATE\",\"url\":\"https:\\\/\\\/autate.fr\\\/site\\\/\",\"logo\":{\"@type\":\"ImageObject\",\"inLanguage\":\"fr-FR\",\"@id\":\"https:\\\/\\\/autate.fr\\\/site\\\/#\\\/schema\\\/logo\\\/image\\\/\",\"url\":\"http:\\\/\\\/autate.fr\\\/site\\\/wp-content\\\/uploads\\\/2019\\\/01\\\/logo.png\",\"contentUrl\":\"http:\\\/\\\/autate.fr\\\/site\\\/wp-content\\\/uploads\\\/2019\\\/01\\\/logo.png\",\"width\":506,\"height\":280,\"caption\":\"AUTATE\"},\"image\":{\"@id\":\"https:\\\/\\\/autate.fr\\\/site\\\/#\\\/schema\\\/logo\\\/image\\\/\"},\"sameAs\":[\"https:\\\/\\\/www.facebook.com\\\/AutateToulouse\",\"https:\\\/\\\/x.com\\\/AutateToulouse\"]},{\"@type\":\"Person\",\"@id\":\"https:\\\/\\\/autate.fr\\\/site\\\/#\\\/schema\\\/person\\\/ca1ac9182f29f02489db16f08b0834ff\",\"name\":\"Marie-Pierre Bes\",\"image\":{\"@type\":\"ImageObject\",\"inLanguage\":\"fr-FR\",\"@id\":\"https:\\\/\\\/secure.gravatar.com\\\/avatar\\\/08aa632b25ee7197789b8ec59d6cbcab7d9fc182fc393ccb7ac607ba55766261?s=96&d=mm&r=g\",\"url\":\"https:\\\/\\\/secure.gravatar.com\\\/avatar\\\/08aa632b25ee7197789b8ec59d6cbcab7d9fc182fc393ccb7ac607ba55766261?s=96&d=mm&r=g\",\"contentUrl\":\"https:\\\/\\\/secure.gravatar.com\\\/avatar\\\/08aa632b25ee7197789b8ec59d6cbcab7d9fc182fc393ccb7ac607ba55766261?s=96&d=mm&r=g\",\"caption\":\"Marie-Pierre Bes\"},\"url\":\"https:\\\/\\\/autate.fr\\\/site\\\/author\\\/mariepierre\\\/\"}]}<\/script>\n<!-- \/ Yoast SEO plugin. -->","yoast_head_json":{"title":"Des id\u00e9es pour rendre les Transports en commun \u00e0 Tournefeuille plus efficaces - AUTATE","robots":{"index":"index","follow":"follow","max-snippet":"max-snippet:-1","max-image-preview":"max-image-preview:large","max-video-preview":"max-video-preview:-1"},"canonical":"https:\/\/autate.fr\/site\/des-idees-pour-rendre-les-transports-en-commun-a-tournefeuille-plus-efficaces\/","og_locale":"fr_FR","og_type":"article","og_title":"Des id\u00e9es pour rendre les Transports en commun \u00e0 Tournefeuille plus efficaces - AUTATE","og_description":"Samedi 6 \u00e0 Tournefeuille, \u00e0 la demi-journ\u00e9e \u00ab\u00a0Mobilit\u00e9\u00a0\u00bb, j&rsquo;ai rencontr\u00e9 un adh\u00e9rent de l&rsquo;AUTATE. 1) Nous avons parl\u00e9 de la ligne Arc-En-Ciel : Toulouse-Rieumes. J&rsquo;avais \u00e9crit un courriel au Conseil D\u00e9partemental pour leur sugg\u00e9rer d&rsquo;adapter la capacit\u00e9 du bus \u00e0 la fr\u00e9quentation. Ils m&rsquo;ont fait une r\u00e9ponse qui ne m&rsquo;a qu&rsquo;\u00e0 demi satisfait. Voil\u00e0 leVOIR PLUS","og_url":"https:\/\/autate.fr\/site\/des-idees-pour-rendre-les-transports-en-commun-a-tournefeuille-plus-efficaces\/","og_site_name":"AUTATE","article_publisher":"https:\/\/www.facebook.com\/AutateToulouse","article_published_time":"2018-10-16T20:53:04+00:00","article_modified_time":"2025-11-11T16:53:31+00:00","author":"Marie-Pierre Bes","twitter_card":"summary_large_image","twitter_creator":"@AutateToulouse","twitter_site":"@AutateToulouse","twitter_misc":{"\u00c9crit par":"Marie-Pierre Bes","Dur\u00e9e de lecture estim\u00e9e":"1 minute"},"schema":{"@context":"https:\/\/schema.org","@graph":[{"@type":"Article","@id":"https:\/\/autate.fr\/site\/des-idees-pour-rendre-les-transports-en-commun-a-tournefeuille-plus-efficaces\/#article","isPartOf":{"@id":"https:\/\/autate.fr\/site\/des-idees-pour-rendre-les-transports-en-commun-a-tournefeuille-plus-efficaces\/"},"author":{"name":"Marie-Pierre Bes","@id":"https:\/\/autate.fr\/site\/#\/schema\/person\/ca1ac9182f29f02489db16f08b0834ff"},"headline":"Des id\u00e9es pour rendre les Transports en commun \u00e0 Tournefeuille plus efficaces","datePublished":"2018-10-16T20:53:04+00:00","dateModified":"2025-11-11T16:53:31+00:00","mainEntityOfPage":{"@id":"https:\/\/autate.fr\/site\/des-idees-pour-rendre-les-transports-en-commun-a-tournefeuille-plus-efficaces\/"},"wordCount":247,"commentCount":0,"publisher":{"@id":"https:\/\/autate.fr\/site\/#organization"},"articleSection":["Nos dossiers","Prix des transports","T\u00e9moignages"],"inLanguage":"fr-FR","potentialAction":[{"@type":"CommentAction","name":"Comment","target":["https:\/\/autate.fr\/site\/des-idees-pour-rendre-les-transports-en-commun-a-tournefeuille-plus-efficaces\/#respond"]}]},{"@type":"WebPage","@id":"https:\/\/autate.fr\/site\/des-idees-pour-rendre-les-transports-en-commun-a-tournefeuille-plus-efficaces\/","url":"https:\/\/autate.fr\/site\/des-idees-pour-rendre-les-transports-en-commun-a-tournefeuille-plus-efficaces\/","name":"Des id\u00e9es pour rendre les Transports en commun \u00e0 Tournefeuille plus efficaces - AUTATE","isPartOf":{"@id":"https:\/\/autate.fr\/site\/#website"},"datePublished":"2018-10-16T20:53:04+00:00","dateModified":"2025-11-11T16:53:31+00:00","breadcrumb":{"@id":"https:\/\/autate.fr\/site\/des-idees-pour-rendre-les-transports-en-commun-a-tournefeuille-plus-efficaces\/#breadcrumb"},"inLanguage":"fr-FR","potentialAction":[{"@type":"ReadAction","target":["https:\/\/autate.fr\/site\/des-idees-pour-rendre-les-transports-en-commun-a-tournefeuille-plus-efficaces\/"]}]},{"@type":"BreadcrumbList","@id":"https:\/\/autate.fr\/site\/des-idees-pour-rendre-les-transports-en-commun-a-tournefeuille-plus-efficaces\/#breadcrumb","itemListElement":[{"@type":"ListItem","position":1,"name":"Accueil","item":"https:\/\/autate.fr\/site\/"},{"@type":"ListItem","position":2,"name":"Des id\u00e9es pour rendre les Transports en commun \u00e0 Tournefeuille plus efficaces"}]},{"@type":"WebSite","@id":"https:\/\/autate.fr\/site\/#website","url":"https:\/\/autate.fr\/site\/","name":"AUTATE","description":"Association des usagers des transports de l&#039;agglom\u00e9ration Toulousaine et de ses environs","publisher":{"@id":"https:\/\/autate.fr\/site\/#organization"},"potentialAction":[{"@type":"SearchAction","target":{"@type":"EntryPoint","urlTemplate":"https:\/\/autate.fr\/site\/?s={search_term_string}"},"query-input":{"@type":"PropertyValueSpecification","valueRequired":true,"valueName":"search_term_string"}}],"inLanguage":"fr-FR"},{"@type":"Organization","@id":"https:\/\/autate.fr\/site\/#organization","name":"AUTATE","url":"https:\/\/autate.fr\/site\/","logo":{"@type":"ImageObject","inLanguage":"fr-FR","@id":"https:\/\/autate.fr\/site\/#\/schema\/logo\/image\/","url":"http:\/\/autate.fr\/site\/wp-content\/uploads\/2019\/01\/logo.png","contentUrl":"http:\/\/autate.fr\/site\/wp-content\/uploads\/2019\/01\/logo.png","width":506,"height":280,"caption":"AUTATE"},"image":{"@id":"https:\/\/autate.fr\/site\/#\/schema\/logo\/image\/"},"sameAs":["https:\/\/www.facebook.com\/AutateToulouse","https:\/\/x.com\/AutateToulouse"]},{"@type":"Person","@id":"https:\/\/autate.fr\/site\/#\/schema\/person\/ca1ac9182f29f02489db16f08b0834ff","name":"Marie-Pierre Bes","image":{"@type":"ImageObject","inLanguage":"fr-FR","@id":"https:\/\/secure.gravatar.com\/avatar\/08aa632b25ee7197789b8ec59d6cbcab7d9fc182fc393ccb7ac607ba55766261?s=96&d=mm&r=g","url":"https:\/\/secure.gravatar.com\/avatar\/08aa632b25ee7197789b8ec59d6cbcab7d9fc182fc393ccb7ac607ba55766261?s=96&d=mm&r=g","contentUrl":"https:\/\/secure.gravatar.com\/avatar\/08aa632b25ee7197789b8ec59d6cbcab7d9fc182fc393ccb7ac607ba55766261?s=96&d=mm&r=g","caption":"Marie-Pierre Bes"},"url":"https:\/\/autate.fr\/site\/author\/mariepierre\/"}]}},"_links":{"self":[{"href":"https:\/\/autate.fr\/site\/wp-json\/wp\/v2\/posts\/2917","targetHints":{"allow":["GET"]}}],"collection":[{"href":"https:\/\/autate.fr\/site\/wp-json\/wp\/v2\/posts"}],"about":[{"href":"https:\/\/autate.fr\/site\/wp-json\/wp\/v2\/types\/post"}],"author":[{"embeddable":true,"href":"https:\/\/autate.fr\/site\/wp-json\/wp\/v2\/users\/9"}],"replies":[{"embeddable":true,"href":"https:\/\/autate.fr\/site\/wp-json\/wp\/v2\/comments?post=2917"}],"version-history":[{"count":3,"href":"https:\/\/autate.fr\/site\/wp-json\/wp\/v2\/posts\/2917\/revisions"}],"predecessor-version":[{"id":2921,"href":"https:\/\/autate.fr\/site\/wp-json\/wp\/v2\/posts\/2917\/revisions\/2921"}],"wp:attachment":[{"href":"https:\/\/autate.fr\/site\/wp-json\/wp\/v2\/media?parent=2917"}],"wp:term":[{"taxonomy":"category","embeddable":true,"href":"https:\/\/autate.fr\/site\/wp-json\/wp\/v2\/categories?post=2917"},{"taxonomy":"post_tag","embeddable":true,"href":"https:\/\/autate.fr\/site\/wp-json\/wp\/v2\/tags?post=2917"}],"curies":[{"name":"wp","href":"https:\/\/api.w.org\/{rel}","templated":true}]}}