{"id":2909,"date":"2018-10-12T21:06:21","date_gmt":"2018-10-12T19:06:21","guid":{"rendered":"http:\/\/autate.fr\/site\/?p=2909"},"modified":"2025-11-11T17:53:44","modified_gmt":"2025-11-11T16:53:44","slug":"retour-sur-le-forum-des-associations-a-tournefeuille","status":"publish","type":"post","link":"https:\/\/autate.fr\/site\/retour-sur-le-forum-des-associations-a-tournefeuille\/","title":{"rendered":"Retour sur le forum des associations \u00e0 Tournefeuille"},"content":{"rendered":"<p class=\"m_4238780791324247792western\"><span style=\"color: #3366ff; font-family: Liberation Sans, sans-serif;\"><span style=\"font-size: medium;\">Action coordonn\u00e9e avec 2 associations de Tournefeuille pour discuter avec les usagers des transports en commun : <\/span><\/span><\/p>\n<p class=\"m_4238780791324247792western\"><span style=\"color: #3366ff; font-family: Liberation Sans, sans-serif;\"><span style=\"font-size: medium;\">Il apparait un manque de connaissance des habitant-e-s sur les \u00ab\u00a0maigres\u00a0\u00bb possibilit\u00e9s de transport en commun. <\/span><\/span><\/p>\n<ul style=\"list-style-type: circle;\">\n<li class=\"m_4238780791324247792western\"><span style=\"color: #3366ff; font-family: Liberation Sans, sans-serif;\"><span style=\"font-size: medium;\">Une m\u00e9connaissance \u00e9vidente appara\u00eet sur le parcours voire l\u2019existence des lignes de bus 21, 63 et 48 par rapport aux deux lignes historique 65 et 67. Ce qui signifie qu\u2019une campagne d\u2019information doit \u00eatre men\u00e9e.<\/span><\/span><\/li>\n<\/ul>\n<ul style=\"list-style-type: square;\">\n<li class=\"m_4238780791324247792western\"><span style=\"color: #3366ff;\"><span style=\"font-family: Liberation Sans, sans-serif;\"><span style=\"font-size: medium;\">Lorsque les transports en bus sont utilis\u00e9s, les temps de transports sont \u00e9valu\u00e9s \u00e0 plus d\u2019une heure\u00a0 suivant les destinations.<\/span><\/span> <span style=\"font-family: Liberation Sans, sans-serif;\"><span style=\"font-size: medium;\">Pour capter <\/span><\/span><span style=\"font-family: Liberation Sans, sans-serif;\"><span style=\"font-size: medium;\">le<\/span><\/span><span style=\"font-family: Liberation Sans, sans-serif;\"><span style=\"font-size: medium;\"> plus grand nombre d\u2019usagers, il est imp\u00e9ratif de diminuer ce temps de transport, inter-connexions comprises<\/span><\/span><span style=\"font-family: Liberation Sans, sans-serif;\"><span style=\"font-size: medium;\">. <\/span><\/span><\/span><\/li>\n<li class=\"m_4238780791324247792western\"><span style=\"color: #3366ff;\"><span style=\"font-family: Liberation Sans, sans-serif;\"><span style=\"font-size: medium;\">L\u2019augmentation de la fr\u00e9quence des passages et les parcours en site d\u00e9di\u00e9 doivent \u00eatre une priorit\u00e9 dans les \u00e9tudes ou r\u00e9am\u00e9nagements.<\/span><\/span><\/span><\/li>\n<li class=\"m_4238780791324247792western\"><span style=\"color: #3366ff;\"><span style=\"font-family: Liberation Sans, sans-serif;\"><span style=\"font-size: medium;\">Les demandes de modification des tarifs sont r\u00e9alistes\u00a0: <\/span><\/span><\/span><span style=\"color: #3366ff; font-family: Liberation Sans, sans-serif;\"><span style=\"font-size: medium;\">augmenter la dur\u00e9e de validit\u00e9 du ticket tant que le trafic routier p\u00e9nalise les temps de trajet en transport en commun. <\/span><\/span><\/li>\n<li>\n<p class=\"m_4238780791324247792western\"><span style=\"color: #3366ff; font-family: Liberation Sans, sans-serif;\"><span style=\"font-size: medium;\">Avoir un tarif vraiment attractif les jours de pic de pollution.<br \/>\n<\/span><\/span><\/p>\n<\/li>\n<\/ul>\n<p class=\"m_4238780791324247792western\"><span style=\"color: #3366ff; font-family: Liberation Sans, sans-serif;\"><span style=\"font-size: medium;\">Un d\u00e9veloppement<b> <\/b><b>en p<\/b><b>arall\u00e8le<\/b> des transports et de l&rsquo;urbanisation est une question cruciale pour notre avenir.<\/span><\/span><\/p>\n","protected":false},"excerpt":{"rendered":"<p>Action coordonn\u00e9e avec 2 associations de Tournefeuille pour discuter avec les usagers des transports en commun : Il apparait un manque de connaissance des habitant-e-s sur les \u00ab\u00a0maigres\u00a0\u00bb possibilit\u00e9s de transport en commun. Une m\u00e9connaissance \u00e9vidente appara\u00eet sur le parcours voire l\u2019existence des lignes de bus 21, 63 et 48 par rapport aux deux lignes<\/p>\n<p class=\"more-link\"><a href=\"https:\/\/autate.fr\/site\/retour-sur-le-forum-des-associations-a-tournefeuille\/\" class=\"themebutton2\">VOIR PLUS<\/a><\/p>\n","protected":false},"author":9,"featured_media":0,"comment_status":"open","ping_status":"open","sticky":false,"template":"","format":"standard","meta":{"footnotes":""},"categories":[4,490,504],"tags":[],"class_list":["post-2909","post","type-post","status-publish","format-standard","hentry","category-actualite-association","category-prix-des-transports","category-temps-de-trajet"],"yoast_head":"<!-- This site is optimized with the Yoast SEO plugin v27.4 - https:\/\/yoast.com\/product\/yoast-seo-wordpress\/ -->\n<title>Retour sur le forum des associations \u00e0 Tournefeuille - AUTATE<\/title>\n<meta name=\"robots\" content=\"index, follow, max-snippet:-1, max-image-preview:large, max-video-preview:-1\" \/>\n<link rel=\"canonical\" href=\"https:\/\/autate.fr\/site\/retour-sur-le-forum-des-associations-a-tournefeuille\/\" \/>\n<meta property=\"og:locale\" content=\"fr_FR\" \/>\n<meta property=\"og:type\" content=\"article\" \/>\n<meta property=\"og:title\" content=\"Retour sur le forum des associations \u00e0 Tournefeuille - AUTATE\" \/>\n<meta property=\"og:description\" content=\"Action coordonn\u00e9e avec 2 associations de Tournefeuille pour discuter avec les usagers des transports en commun : Il apparait un manque de connaissance des habitant-e-s sur les \u00ab\u00a0maigres\u00a0\u00bb possibilit\u00e9s de transport en commun. Une m\u00e9connaissance \u00e9vidente appara\u00eet sur le parcours voire l\u2019existence des lignes de bus 21, 63 et 48 par rapport aux deux lignesVOIR PLUS\" \/>\n<meta property=\"og:url\" content=\"https:\/\/autate.fr\/site\/retour-sur-le-forum-des-associations-a-tournefeuille\/\" \/>\n<meta property=\"og:site_name\" content=\"AUTATE\" \/>\n<meta property=\"article:publisher\" content=\"https:\/\/www.facebook.com\/AutateToulouse\" \/>\n<meta property=\"article:published_time\" content=\"2018-10-12T19:06:21+00:00\" \/>\n<meta property=\"article:modified_time\" content=\"2025-11-11T16:53:44+00:00\" \/>\n<meta name=\"author\" content=\"Marie-Pierre Bes\" \/>\n<meta name=\"twitter:card\" content=\"summary_large_image\" \/>\n<meta name=\"twitter:creator\" content=\"@AutateToulouse\" \/>\n<meta name=\"twitter:site\" content=\"@AutateToulouse\" \/>\n<meta name=\"twitter:label1\" content=\"\u00c9crit par\" \/>\n\t<meta name=\"twitter:data1\" content=\"Marie-Pierre Bes\" \/>\n\t<meta name=\"twitter:label2\" content=\"Dur\u00e9e de lecture estim\u00e9e\" \/>\n\t<meta name=\"twitter:data2\" content=\"1 minute\" \/>\n<script type=\"application\/ld+json\" class=\"yoast-schema-graph\">{\"@context\":\"https:\\\/\\\/schema.org\",\"@graph\":[{\"@type\":\"Article\",\"@id\":\"https:\\\/\\\/autate.fr\\\/site\\\/retour-sur-le-forum-des-associations-a-tournefeuille\\\/#article\",\"isPartOf\":{\"@id\":\"https:\\\/\\\/autate.fr\\\/site\\\/retour-sur-le-forum-des-associations-a-tournefeuille\\\/\"},\"author\":{\"name\":\"Marie-Pierre Bes\",\"@id\":\"https:\\\/\\\/autate.fr\\\/site\\\/#\\\/schema\\\/person\\\/ca1ac9182f29f02489db16f08b0834ff\"},\"headline\":\"Retour sur le forum des associations \u00e0 Tournefeuille\",\"datePublished\":\"2018-10-12T19:06:21+00:00\",\"dateModified\":\"2025-11-11T16:53:44+00:00\",\"mainEntityOfPage\":{\"@id\":\"https:\\\/\\\/autate.fr\\\/site\\\/retour-sur-le-forum-des-associations-a-tournefeuille\\\/\"},\"wordCount\":206,\"commentCount\":0,\"publisher\":{\"@id\":\"https:\\\/\\\/autate.fr\\\/site\\\/#organization\"},\"articleSection\":[\"Actualit\u00e9s-AUTATE\",\"Prix des transports\",\"temps de trajet\"],\"inLanguage\":\"fr-FR\",\"potentialAction\":[{\"@type\":\"CommentAction\",\"name\":\"Comment\",\"target\":[\"https:\\\/\\\/autate.fr\\\/site\\\/retour-sur-le-forum-des-associations-a-tournefeuille\\\/#respond\"]}]},{\"@type\":\"WebPage\",\"@id\":\"https:\\\/\\\/autate.fr\\\/site\\\/retour-sur-le-forum-des-associations-a-tournefeuille\\\/\",\"url\":\"https:\\\/\\\/autate.fr\\\/site\\\/retour-sur-le-forum-des-associations-a-tournefeuille\\\/\",\"name\":\"Retour sur le forum des associations \u00e0 Tournefeuille - AUTATE\",\"isPartOf\":{\"@id\":\"https:\\\/\\\/autate.fr\\\/site\\\/#website\"},\"datePublished\":\"2018-10-12T19:06:21+00:00\",\"dateModified\":\"2025-11-11T16:53:44+00:00\",\"breadcrumb\":{\"@id\":\"https:\\\/\\\/autate.fr\\\/site\\\/retour-sur-le-forum-des-associations-a-tournefeuille\\\/#breadcrumb\"},\"inLanguage\":\"fr-FR\",\"potentialAction\":[{\"@type\":\"ReadAction\",\"target\":[\"https:\\\/\\\/autate.fr\\\/site\\\/retour-sur-le-forum-des-associations-a-tournefeuille\\\/\"]}]},{\"@type\":\"BreadcrumbList\",\"@id\":\"https:\\\/\\\/autate.fr\\\/site\\\/retour-sur-le-forum-des-associations-a-tournefeuille\\\/#breadcrumb\",\"itemListElement\":[{\"@type\":\"ListItem\",\"position\":1,\"name\":\"Accueil\",\"item\":\"https:\\\/\\\/autate.fr\\\/site\\\/\"},{\"@type\":\"ListItem\",\"position\":2,\"name\":\"Retour sur le forum des associations \u00e0 Tournefeuille\"}]},{\"@type\":\"WebSite\",\"@id\":\"https:\\\/\\\/autate.fr\\\/site\\\/#website\",\"url\":\"https:\\\/\\\/autate.fr\\\/site\\\/\",\"name\":\"AUTATE\",\"description\":\"Association des usagers des transports de l&#039;agglom\u00e9ration Toulousaine et de ses environs\",\"publisher\":{\"@id\":\"https:\\\/\\\/autate.fr\\\/site\\\/#organization\"},\"potentialAction\":[{\"@type\":\"SearchAction\",\"target\":{\"@type\":\"EntryPoint\",\"urlTemplate\":\"https:\\\/\\\/autate.fr\\\/site\\\/?s={search_term_string}\"},\"query-input\":{\"@type\":\"PropertyValueSpecification\",\"valueRequired\":true,\"valueName\":\"search_term_string\"}}],\"inLanguage\":\"fr-FR\"},{\"@type\":\"Organization\",\"@id\":\"https:\\\/\\\/autate.fr\\\/site\\\/#organization\",\"name\":\"AUTATE\",\"url\":\"https:\\\/\\\/autate.fr\\\/site\\\/\",\"logo\":{\"@type\":\"ImageObject\",\"inLanguage\":\"fr-FR\",\"@id\":\"https:\\\/\\\/autate.fr\\\/site\\\/#\\\/schema\\\/logo\\\/image\\\/\",\"url\":\"http:\\\/\\\/autate.fr\\\/site\\\/wp-content\\\/uploads\\\/2019\\\/01\\\/logo.png\",\"contentUrl\":\"http:\\\/\\\/autate.fr\\\/site\\\/wp-content\\\/uploads\\\/2019\\\/01\\\/logo.png\",\"width\":506,\"height\":280,\"caption\":\"AUTATE\"},\"image\":{\"@id\":\"https:\\\/\\\/autate.fr\\\/site\\\/#\\\/schema\\\/logo\\\/image\\\/\"},\"sameAs\":[\"https:\\\/\\\/www.facebook.com\\\/AutateToulouse\",\"https:\\\/\\\/x.com\\\/AutateToulouse\"]},{\"@type\":\"Person\",\"@id\":\"https:\\\/\\\/autate.fr\\\/site\\\/#\\\/schema\\\/person\\\/ca1ac9182f29f02489db16f08b0834ff\",\"name\":\"Marie-Pierre Bes\",\"image\":{\"@type\":\"ImageObject\",\"inLanguage\":\"fr-FR\",\"@id\":\"https:\\\/\\\/secure.gravatar.com\\\/avatar\\\/08aa632b25ee7197789b8ec59d6cbcab7d9fc182fc393ccb7ac607ba55766261?s=96&d=mm&r=g\",\"url\":\"https:\\\/\\\/secure.gravatar.com\\\/avatar\\\/08aa632b25ee7197789b8ec59d6cbcab7d9fc182fc393ccb7ac607ba55766261?s=96&d=mm&r=g\",\"contentUrl\":\"https:\\\/\\\/secure.gravatar.com\\\/avatar\\\/08aa632b25ee7197789b8ec59d6cbcab7d9fc182fc393ccb7ac607ba55766261?s=96&d=mm&r=g\",\"caption\":\"Marie-Pierre Bes\"},\"url\":\"https:\\\/\\\/autate.fr\\\/site\\\/author\\\/mariepierre\\\/\"}]}<\/script>\n<!-- \/ Yoast SEO plugin. -->","yoast_head_json":{"title":"Retour sur le forum des associations \u00e0 Tournefeuille - AUTATE","robots":{"index":"index","follow":"follow","max-snippet":"max-snippet:-1","max-image-preview":"max-image-preview:large","max-video-preview":"max-video-preview:-1"},"canonical":"https:\/\/autate.fr\/site\/retour-sur-le-forum-des-associations-a-tournefeuille\/","og_locale":"fr_FR","og_type":"article","og_title":"Retour sur le forum des associations \u00e0 Tournefeuille - AUTATE","og_description":"Action coordonn\u00e9e avec 2 associations de Tournefeuille pour discuter avec les usagers des transports en commun : Il apparait un manque de connaissance des habitant-e-s sur les \u00ab\u00a0maigres\u00a0\u00bb possibilit\u00e9s de transport en commun. Une m\u00e9connaissance \u00e9vidente appara\u00eet sur le parcours voire l\u2019existence des lignes de bus 21, 63 et 48 par rapport aux deux lignesVOIR PLUS","og_url":"https:\/\/autate.fr\/site\/retour-sur-le-forum-des-associations-a-tournefeuille\/","og_site_name":"AUTATE","article_publisher":"https:\/\/www.facebook.com\/AutateToulouse","article_published_time":"2018-10-12T19:06:21+00:00","article_modified_time":"2025-11-11T16:53:44+00:00","author":"Marie-Pierre Bes","twitter_card":"summary_large_image","twitter_creator":"@AutateToulouse","twitter_site":"@AutateToulouse","twitter_misc":{"\u00c9crit par":"Marie-Pierre Bes","Dur\u00e9e de lecture estim\u00e9e":"1 minute"},"schema":{"@context":"https:\/\/schema.org","@graph":[{"@type":"Article","@id":"https:\/\/autate.fr\/site\/retour-sur-le-forum-des-associations-a-tournefeuille\/#article","isPartOf":{"@id":"https:\/\/autate.fr\/site\/retour-sur-le-forum-des-associations-a-tournefeuille\/"},"author":{"name":"Marie-Pierre Bes","@id":"https:\/\/autate.fr\/site\/#\/schema\/person\/ca1ac9182f29f02489db16f08b0834ff"},"headline":"Retour sur le forum des associations \u00e0 Tournefeuille","datePublished":"2018-10-12T19:06:21+00:00","dateModified":"2025-11-11T16:53:44+00:00","mainEntityOfPage":{"@id":"https:\/\/autate.fr\/site\/retour-sur-le-forum-des-associations-a-tournefeuille\/"},"wordCount":206,"commentCount":0,"publisher":{"@id":"https:\/\/autate.fr\/site\/#organization"},"articleSection":["Actualit\u00e9s-AUTATE","Prix des transports","temps de trajet"],"inLanguage":"fr-FR","potentialAction":[{"@type":"CommentAction","name":"Comment","target":["https:\/\/autate.fr\/site\/retour-sur-le-forum-des-associations-a-tournefeuille\/#respond"]}]},{"@type":"WebPage","@id":"https:\/\/autate.fr\/site\/retour-sur-le-forum-des-associations-a-tournefeuille\/","url":"https:\/\/autate.fr\/site\/retour-sur-le-forum-des-associations-a-tournefeuille\/","name":"Retour sur le forum des associations \u00e0 Tournefeuille - AUTATE","isPartOf":{"@id":"https:\/\/autate.fr\/site\/#website"},"datePublished":"2018-10-12T19:06:21+00:00","dateModified":"2025-11-11T16:53:44+00:00","breadcrumb":{"@id":"https:\/\/autate.fr\/site\/retour-sur-le-forum-des-associations-a-tournefeuille\/#breadcrumb"},"inLanguage":"fr-FR","potentialAction":[{"@type":"ReadAction","target":["https:\/\/autate.fr\/site\/retour-sur-le-forum-des-associations-a-tournefeuille\/"]}]},{"@type":"BreadcrumbList","@id":"https:\/\/autate.fr\/site\/retour-sur-le-forum-des-associations-a-tournefeuille\/#breadcrumb","itemListElement":[{"@type":"ListItem","position":1,"name":"Accueil","item":"https:\/\/autate.fr\/site\/"},{"@type":"ListItem","position":2,"name":"Retour sur le forum des associations \u00e0 Tournefeuille"}]},{"@type":"WebSite","@id":"https:\/\/autate.fr\/site\/#website","url":"https:\/\/autate.fr\/site\/","name":"AUTATE","description":"Association des usagers des transports de l&#039;agglom\u00e9ration Toulousaine et de ses environs","publisher":{"@id":"https:\/\/autate.fr\/site\/#organization"},"potentialAction":[{"@type":"SearchAction","target":{"@type":"EntryPoint","urlTemplate":"https:\/\/autate.fr\/site\/?s={search_term_string}"},"query-input":{"@type":"PropertyValueSpecification","valueRequired":true,"valueName":"search_term_string"}}],"inLanguage":"fr-FR"},{"@type":"Organization","@id":"https:\/\/autate.fr\/site\/#organization","name":"AUTATE","url":"https:\/\/autate.fr\/site\/","logo":{"@type":"ImageObject","inLanguage":"fr-FR","@id":"https:\/\/autate.fr\/site\/#\/schema\/logo\/image\/","url":"http:\/\/autate.fr\/site\/wp-content\/uploads\/2019\/01\/logo.png","contentUrl":"http:\/\/autate.fr\/site\/wp-content\/uploads\/2019\/01\/logo.png","width":506,"height":280,"caption":"AUTATE"},"image":{"@id":"https:\/\/autate.fr\/site\/#\/schema\/logo\/image\/"},"sameAs":["https:\/\/www.facebook.com\/AutateToulouse","https:\/\/x.com\/AutateToulouse"]},{"@type":"Person","@id":"https:\/\/autate.fr\/site\/#\/schema\/person\/ca1ac9182f29f02489db16f08b0834ff","name":"Marie-Pierre Bes","image":{"@type":"ImageObject","inLanguage":"fr-FR","@id":"https:\/\/secure.gravatar.com\/avatar\/08aa632b25ee7197789b8ec59d6cbcab7d9fc182fc393ccb7ac607ba55766261?s=96&d=mm&r=g","url":"https:\/\/secure.gravatar.com\/avatar\/08aa632b25ee7197789b8ec59d6cbcab7d9fc182fc393ccb7ac607ba55766261?s=96&d=mm&r=g","contentUrl":"https:\/\/secure.gravatar.com\/avatar\/08aa632b25ee7197789b8ec59d6cbcab7d9fc182fc393ccb7ac607ba55766261?s=96&d=mm&r=g","caption":"Marie-Pierre Bes"},"url":"https:\/\/autate.fr\/site\/author\/mariepierre\/"}]}},"_links":{"self":[{"href":"https:\/\/autate.fr\/site\/wp-json\/wp\/v2\/posts\/2909","targetHints":{"allow":["GET"]}}],"collection":[{"href":"https:\/\/autate.fr\/site\/wp-json\/wp\/v2\/posts"}],"about":[{"href":"https:\/\/autate.fr\/site\/wp-json\/wp\/v2\/types\/post"}],"author":[{"embeddable":true,"href":"https:\/\/autate.fr\/site\/wp-json\/wp\/v2\/users\/9"}],"replies":[{"embeddable":true,"href":"https:\/\/autate.fr\/site\/wp-json\/wp\/v2\/comments?post=2909"}],"version-history":[{"count":1,"href":"https:\/\/autate.fr\/site\/wp-json\/wp\/v2\/posts\/2909\/revisions"}],"predecessor-version":[{"id":2910,"href":"https:\/\/autate.fr\/site\/wp-json\/wp\/v2\/posts\/2909\/revisions\/2910"}],"wp:attachment":[{"href":"https:\/\/autate.fr\/site\/wp-json\/wp\/v2\/media?parent=2909"}],"wp:term":[{"taxonomy":"category","embeddable":true,"href":"https:\/\/autate.fr\/site\/wp-json\/wp\/v2\/categories?post=2909"},{"taxonomy":"post_tag","embeddable":true,"href":"https:\/\/autate.fr\/site\/wp-json\/wp\/v2\/tags?post=2909"}],"curies":[{"name":"wp","href":"https:\/\/api.w.org\/{rel}","templated":true}]}}