{"id":2904,"date":"2018-10-09T15:47:54","date_gmt":"2018-10-09T13:47:54","guid":{"rendered":"http:\/\/autate.fr\/site\/?p=2904"},"modified":"2025-11-11T17:53:59","modified_gmt":"2025-11-11T16:53:59","slug":"jai-renonce-au-transport-en-commun-a-tournefeuille","status":"publish","type":"post","link":"https:\/\/autate.fr\/site\/jai-renonce-au-transport-en-commun-a-tournefeuille\/","title":{"rendered":"J&rsquo;ai renonc\u00e9 au transport en commun \u00e0 Tournefeuille"},"content":{"rendered":"<blockquote><p><span class=\" UFICommentActorAndBody\"><span data-ft=\"{&quot;tn&quot;:&quot;K&quot;}\"><span class=\"UFICommentBody\">moi j\u2019abandonne je prends ma voiture :\u00a0 <\/span><\/span><\/span><\/p>\n<ul style=\"list-style-type: circle;\">\n<li><span class=\" UFICommentActorAndBody\"><span data-ft=\"{&quot;tn&quot;:&quot;K&quot;}\"><span class=\"UFICommentBody\">sur Tournefeuille-cabanon\/pasteur \/tram zenith\/beauzelle\u00a0<\/span><\/span><\/span><\/li>\n<li><span class=\" UFICommentActorAndBody\"><span data-ft=\"{&quot;tn&quot;:&quot;K&quot;}\"><span class=\"UFICommentBody\"> d\u00e9part hiver 7h05 arriv\u00e9e 8h12<\/span><\/span><\/span><\/li>\n<li><span class=\" UFICommentActorAndBody\"><span data-ft=\"{&quot;tn&quot;:&quot;K&quot;}\"><span class=\"UFICommentBody\">\u00e9t\u00e9 d\u00e9part 6h50 arriv\u00e9e 8h15<\/span><\/span><\/span><\/li>\n<li><span class=\" UFICommentActorAndBody\"><span data-ft=\"{&quot;tn&quot;:&quot;K&quot;}\"><span class=\"UFICommentBody\">le trajet inverse 18h45 \u00e0 20h10 <\/span><\/span><\/span><\/li>\n<\/ul>\n<ul>\n<li><span class=\" UFICommentActorAndBody\"><span data-ft=\"{&quot;tn&quot;:&quot;K&quot;}\"><span class=\"UFICommentBody\">voil\u00e0 en voiture d\u00e9part 7h30 arriv\u00e9e beauzelle 8h05 et derri\u00e8re j\u2019ai 25 mn de voiture.<br \/>\n<\/span><\/span><\/span><\/li>\n<li><span class=\" UFICommentActorAndBody\"><span data-ft=\"{&quot;tn&quot;:&quot;K&quot;}\"><span class=\"UFICommentBody\">dommage mais en voiture le soir je quitte \u00e0 18h16 j\u2019arrive \u00e0 19h10 chez moi donc.<br \/>\n<\/span><\/span><\/span><\/li>\n<\/ul>\n<p><span class=\" UFICommentActorAndBody\"><span data-ft=\"{&quot;tn&quot;:&quot;K&quot;}\"><span class=\"UFICommentBody\">surtout en \u00e9t\u00e9 bien dommage car circuler aux ar\u00e8nes le matin c\u2019est la gal\u00e8re mais bon le cadencement des lignes tram bus m\u00e9tro z\u00e9ro point\u00e9<\/span><\/span><\/span>.<\/p><\/blockquote>\n","protected":false},"excerpt":{"rendered":"<p>moi j\u2019abandonne je prends ma voiture :\u00a0 sur Tournefeuille-cabanon\/pasteur \/tram zenith\/beauzelle\u00a0 d\u00e9part hiver 7h05 arriv\u00e9e 8h12 \u00e9t\u00e9 d\u00e9part 6h50 arriv\u00e9e 8h15 le trajet inverse 18h45 \u00e0 20h10 voil\u00e0 en voiture d\u00e9part 7h30 arriv\u00e9e beauzelle 8h05 et derri\u00e8re j\u2019ai 25 mn de voiture. dommage mais en voiture le soir je quitte \u00e0 18h16 j\u2019arrive \u00e0 19h10<\/p>\n<p class=\"more-link\"><a href=\"https:\/\/autate.fr\/site\/jai-renonce-au-transport-en-commun-a-tournefeuille\/\" class=\"themebutton2\">VOIR PLUS<\/a><\/p>\n","protected":false},"author":9,"featured_media":0,"comment_status":"open","ping_status":"open","sticky":false,"template":"","format":"standard","meta":{"footnotes":""},"categories":[336,504],"tags":[],"class_list":["post-2904","post","type-post","status-publish","format-standard","hentry","category-temoignages","category-temps-de-trajet"],"yoast_head":"<!-- This site is optimized with the Yoast SEO plugin v27.4 - https:\/\/yoast.com\/product\/yoast-seo-wordpress\/ -->\n<title>J&#039;ai renonc\u00e9 au transport en commun \u00e0 Tournefeuille - AUTATE<\/title>\n<meta name=\"robots\" content=\"index, follow, max-snippet:-1, max-image-preview:large, max-video-preview:-1\" \/>\n<link rel=\"canonical\" href=\"https:\/\/autate.fr\/site\/jai-renonce-au-transport-en-commun-a-tournefeuille\/\" \/>\n<meta property=\"og:locale\" content=\"fr_FR\" \/>\n<meta property=\"og:type\" content=\"article\" \/>\n<meta property=\"og:title\" content=\"J&#039;ai renonc\u00e9 au transport en commun \u00e0 Tournefeuille - AUTATE\" \/>\n<meta property=\"og:description\" content=\"moi j\u2019abandonne je prends ma voiture :\u00a0 sur Tournefeuille-cabanon\/pasteur \/tram zenith\/beauzelle\u00a0 d\u00e9part hiver 7h05 arriv\u00e9e 8h12 \u00e9t\u00e9 d\u00e9part 6h50 arriv\u00e9e 8h15 le trajet inverse 18h45 \u00e0 20h10 voil\u00e0 en voiture d\u00e9part 7h30 arriv\u00e9e beauzelle 8h05 et derri\u00e8re j\u2019ai 25 mn de voiture. dommage mais en voiture le soir je quitte \u00e0 18h16 j\u2019arrive \u00e0 19h10VOIR PLUS\" \/>\n<meta property=\"og:url\" content=\"https:\/\/autate.fr\/site\/jai-renonce-au-transport-en-commun-a-tournefeuille\/\" \/>\n<meta property=\"og:site_name\" content=\"AUTATE\" \/>\n<meta property=\"article:publisher\" content=\"https:\/\/www.facebook.com\/AutateToulouse\" \/>\n<meta property=\"article:published_time\" content=\"2018-10-09T13:47:54+00:00\" \/>\n<meta property=\"article:modified_time\" content=\"2025-11-11T16:53:59+00:00\" \/>\n<meta name=\"author\" content=\"Marie-Pierre Bes\" \/>\n<meta name=\"twitter:card\" content=\"summary_large_image\" \/>\n<meta name=\"twitter:creator\" content=\"@AutateToulouse\" \/>\n<meta name=\"twitter:site\" content=\"@AutateToulouse\" \/>\n<meta name=\"twitter:label1\" content=\"\u00c9crit par\" \/>\n\t<meta name=\"twitter:data1\" content=\"Marie-Pierre Bes\" \/>\n<script type=\"application\/ld+json\" class=\"yoast-schema-graph\">{\"@context\":\"https:\\\/\\\/schema.org\",\"@graph\":[{\"@type\":\"Article\",\"@id\":\"https:\\\/\\\/autate.fr\\\/site\\\/jai-renonce-au-transport-en-commun-a-tournefeuille\\\/#article\",\"isPartOf\":{\"@id\":\"https:\\\/\\\/autate.fr\\\/site\\\/jai-renonce-au-transport-en-commun-a-tournefeuille\\\/\"},\"author\":{\"name\":\"Marie-Pierre Bes\",\"@id\":\"https:\\\/\\\/autate.fr\\\/site\\\/#\\\/schema\\\/person\\\/ca1ac9182f29f02489db16f08b0834ff\"},\"headline\":\"J&rsquo;ai renonc\u00e9 au transport en commun \u00e0 Tournefeuille\",\"datePublished\":\"2018-10-09T13:47:54+00:00\",\"dateModified\":\"2025-11-11T16:53:59+00:00\",\"mainEntityOfPage\":{\"@id\":\"https:\\\/\\\/autate.fr\\\/site\\\/jai-renonce-au-transport-en-commun-a-tournefeuille\\\/\"},\"wordCount\":102,\"commentCount\":0,\"publisher\":{\"@id\":\"https:\\\/\\\/autate.fr\\\/site\\\/#organization\"},\"articleSection\":[\"T\u00e9moignages\",\"temps de trajet\"],\"inLanguage\":\"fr-FR\",\"potentialAction\":[{\"@type\":\"CommentAction\",\"name\":\"Comment\",\"target\":[\"https:\\\/\\\/autate.fr\\\/site\\\/jai-renonce-au-transport-en-commun-a-tournefeuille\\\/#respond\"]}]},{\"@type\":\"WebPage\",\"@id\":\"https:\\\/\\\/autate.fr\\\/site\\\/jai-renonce-au-transport-en-commun-a-tournefeuille\\\/\",\"url\":\"https:\\\/\\\/autate.fr\\\/site\\\/jai-renonce-au-transport-en-commun-a-tournefeuille\\\/\",\"name\":\"J'ai renonc\u00e9 au transport en commun \u00e0 Tournefeuille - AUTATE\",\"isPartOf\":{\"@id\":\"https:\\\/\\\/autate.fr\\\/site\\\/#website\"},\"datePublished\":\"2018-10-09T13:47:54+00:00\",\"dateModified\":\"2025-11-11T16:53:59+00:00\",\"breadcrumb\":{\"@id\":\"https:\\\/\\\/autate.fr\\\/site\\\/jai-renonce-au-transport-en-commun-a-tournefeuille\\\/#breadcrumb\"},\"inLanguage\":\"fr-FR\",\"potentialAction\":[{\"@type\":\"ReadAction\",\"target\":[\"https:\\\/\\\/autate.fr\\\/site\\\/jai-renonce-au-transport-en-commun-a-tournefeuille\\\/\"]}]},{\"@type\":\"BreadcrumbList\",\"@id\":\"https:\\\/\\\/autate.fr\\\/site\\\/jai-renonce-au-transport-en-commun-a-tournefeuille\\\/#breadcrumb\",\"itemListElement\":[{\"@type\":\"ListItem\",\"position\":1,\"name\":\"Accueil\",\"item\":\"https:\\\/\\\/autate.fr\\\/site\\\/\"},{\"@type\":\"ListItem\",\"position\":2,\"name\":\"J&rsquo;ai renonc\u00e9 au transport en commun \u00e0 Tournefeuille\"}]},{\"@type\":\"WebSite\",\"@id\":\"https:\\\/\\\/autate.fr\\\/site\\\/#website\",\"url\":\"https:\\\/\\\/autate.fr\\\/site\\\/\",\"name\":\"AUTATE\",\"description\":\"Association des usagers des transports de l&#039;agglom\u00e9ration Toulousaine et de ses environs\",\"publisher\":{\"@id\":\"https:\\\/\\\/autate.fr\\\/site\\\/#organization\"},\"potentialAction\":[{\"@type\":\"SearchAction\",\"target\":{\"@type\":\"EntryPoint\",\"urlTemplate\":\"https:\\\/\\\/autate.fr\\\/site\\\/?s={search_term_string}\"},\"query-input\":{\"@type\":\"PropertyValueSpecification\",\"valueRequired\":true,\"valueName\":\"search_term_string\"}}],\"inLanguage\":\"fr-FR\"},{\"@type\":\"Organization\",\"@id\":\"https:\\\/\\\/autate.fr\\\/site\\\/#organization\",\"name\":\"AUTATE\",\"url\":\"https:\\\/\\\/autate.fr\\\/site\\\/\",\"logo\":{\"@type\":\"ImageObject\",\"inLanguage\":\"fr-FR\",\"@id\":\"https:\\\/\\\/autate.fr\\\/site\\\/#\\\/schema\\\/logo\\\/image\\\/\",\"url\":\"http:\\\/\\\/autate.fr\\\/site\\\/wp-content\\\/uploads\\\/2019\\\/01\\\/logo.png\",\"contentUrl\":\"http:\\\/\\\/autate.fr\\\/site\\\/wp-content\\\/uploads\\\/2019\\\/01\\\/logo.png\",\"width\":506,\"height\":280,\"caption\":\"AUTATE\"},\"image\":{\"@id\":\"https:\\\/\\\/autate.fr\\\/site\\\/#\\\/schema\\\/logo\\\/image\\\/\"},\"sameAs\":[\"https:\\\/\\\/www.facebook.com\\\/AutateToulouse\",\"https:\\\/\\\/x.com\\\/AutateToulouse\"]},{\"@type\":\"Person\",\"@id\":\"https:\\\/\\\/autate.fr\\\/site\\\/#\\\/schema\\\/person\\\/ca1ac9182f29f02489db16f08b0834ff\",\"name\":\"Marie-Pierre Bes\",\"image\":{\"@type\":\"ImageObject\",\"inLanguage\":\"fr-FR\",\"@id\":\"https:\\\/\\\/secure.gravatar.com\\\/avatar\\\/08aa632b25ee7197789b8ec59d6cbcab7d9fc182fc393ccb7ac607ba55766261?s=96&d=mm&r=g\",\"url\":\"https:\\\/\\\/secure.gravatar.com\\\/avatar\\\/08aa632b25ee7197789b8ec59d6cbcab7d9fc182fc393ccb7ac607ba55766261?s=96&d=mm&r=g\",\"contentUrl\":\"https:\\\/\\\/secure.gravatar.com\\\/avatar\\\/08aa632b25ee7197789b8ec59d6cbcab7d9fc182fc393ccb7ac607ba55766261?s=96&d=mm&r=g\",\"caption\":\"Marie-Pierre Bes\"},\"url\":\"https:\\\/\\\/autate.fr\\\/site\\\/author\\\/mariepierre\\\/\"}]}<\/script>\n<!-- \/ Yoast SEO plugin. -->","yoast_head_json":{"title":"J'ai renonc\u00e9 au transport en commun \u00e0 Tournefeuille - AUTATE","robots":{"index":"index","follow":"follow","max-snippet":"max-snippet:-1","max-image-preview":"max-image-preview:large","max-video-preview":"max-video-preview:-1"},"canonical":"https:\/\/autate.fr\/site\/jai-renonce-au-transport-en-commun-a-tournefeuille\/","og_locale":"fr_FR","og_type":"article","og_title":"J'ai renonc\u00e9 au transport en commun \u00e0 Tournefeuille - AUTATE","og_description":"moi j\u2019abandonne je prends ma voiture :\u00a0 sur Tournefeuille-cabanon\/pasteur \/tram zenith\/beauzelle\u00a0 d\u00e9part hiver 7h05 arriv\u00e9e 8h12 \u00e9t\u00e9 d\u00e9part 6h50 arriv\u00e9e 8h15 le trajet inverse 18h45 \u00e0 20h10 voil\u00e0 en voiture d\u00e9part 7h30 arriv\u00e9e beauzelle 8h05 et derri\u00e8re j\u2019ai 25 mn de voiture. dommage mais en voiture le soir je quitte \u00e0 18h16 j\u2019arrive \u00e0 19h10VOIR PLUS","og_url":"https:\/\/autate.fr\/site\/jai-renonce-au-transport-en-commun-a-tournefeuille\/","og_site_name":"AUTATE","article_publisher":"https:\/\/www.facebook.com\/AutateToulouse","article_published_time":"2018-10-09T13:47:54+00:00","article_modified_time":"2025-11-11T16:53:59+00:00","author":"Marie-Pierre Bes","twitter_card":"summary_large_image","twitter_creator":"@AutateToulouse","twitter_site":"@AutateToulouse","twitter_misc":{"\u00c9crit par":"Marie-Pierre Bes"},"schema":{"@context":"https:\/\/schema.org","@graph":[{"@type":"Article","@id":"https:\/\/autate.fr\/site\/jai-renonce-au-transport-en-commun-a-tournefeuille\/#article","isPartOf":{"@id":"https:\/\/autate.fr\/site\/jai-renonce-au-transport-en-commun-a-tournefeuille\/"},"author":{"name":"Marie-Pierre Bes","@id":"https:\/\/autate.fr\/site\/#\/schema\/person\/ca1ac9182f29f02489db16f08b0834ff"},"headline":"J&rsquo;ai renonc\u00e9 au transport en commun \u00e0 Tournefeuille","datePublished":"2018-10-09T13:47:54+00:00","dateModified":"2025-11-11T16:53:59+00:00","mainEntityOfPage":{"@id":"https:\/\/autate.fr\/site\/jai-renonce-au-transport-en-commun-a-tournefeuille\/"},"wordCount":102,"commentCount":0,"publisher":{"@id":"https:\/\/autate.fr\/site\/#organization"},"articleSection":["T\u00e9moignages","temps de trajet"],"inLanguage":"fr-FR","potentialAction":[{"@type":"CommentAction","name":"Comment","target":["https:\/\/autate.fr\/site\/jai-renonce-au-transport-en-commun-a-tournefeuille\/#respond"]}]},{"@type":"WebPage","@id":"https:\/\/autate.fr\/site\/jai-renonce-au-transport-en-commun-a-tournefeuille\/","url":"https:\/\/autate.fr\/site\/jai-renonce-au-transport-en-commun-a-tournefeuille\/","name":"J'ai renonc\u00e9 au transport en commun \u00e0 Tournefeuille - AUTATE","isPartOf":{"@id":"https:\/\/autate.fr\/site\/#website"},"datePublished":"2018-10-09T13:47:54+00:00","dateModified":"2025-11-11T16:53:59+00:00","breadcrumb":{"@id":"https:\/\/autate.fr\/site\/jai-renonce-au-transport-en-commun-a-tournefeuille\/#breadcrumb"},"inLanguage":"fr-FR","potentialAction":[{"@type":"ReadAction","target":["https:\/\/autate.fr\/site\/jai-renonce-au-transport-en-commun-a-tournefeuille\/"]}]},{"@type":"BreadcrumbList","@id":"https:\/\/autate.fr\/site\/jai-renonce-au-transport-en-commun-a-tournefeuille\/#breadcrumb","itemListElement":[{"@type":"ListItem","position":1,"name":"Accueil","item":"https:\/\/autate.fr\/site\/"},{"@type":"ListItem","position":2,"name":"J&rsquo;ai renonc\u00e9 au transport en commun \u00e0 Tournefeuille"}]},{"@type":"WebSite","@id":"https:\/\/autate.fr\/site\/#website","url":"https:\/\/autate.fr\/site\/","name":"AUTATE","description":"Association des usagers des transports de l&#039;agglom\u00e9ration Toulousaine et de ses environs","publisher":{"@id":"https:\/\/autate.fr\/site\/#organization"},"potentialAction":[{"@type":"SearchAction","target":{"@type":"EntryPoint","urlTemplate":"https:\/\/autate.fr\/site\/?s={search_term_string}"},"query-input":{"@type":"PropertyValueSpecification","valueRequired":true,"valueName":"search_term_string"}}],"inLanguage":"fr-FR"},{"@type":"Organization","@id":"https:\/\/autate.fr\/site\/#organization","name":"AUTATE","url":"https:\/\/autate.fr\/site\/","logo":{"@type":"ImageObject","inLanguage":"fr-FR","@id":"https:\/\/autate.fr\/site\/#\/schema\/logo\/image\/","url":"http:\/\/autate.fr\/site\/wp-content\/uploads\/2019\/01\/logo.png","contentUrl":"http:\/\/autate.fr\/site\/wp-content\/uploads\/2019\/01\/logo.png","width":506,"height":280,"caption":"AUTATE"},"image":{"@id":"https:\/\/autate.fr\/site\/#\/schema\/logo\/image\/"},"sameAs":["https:\/\/www.facebook.com\/AutateToulouse","https:\/\/x.com\/AutateToulouse"]},{"@type":"Person","@id":"https:\/\/autate.fr\/site\/#\/schema\/person\/ca1ac9182f29f02489db16f08b0834ff","name":"Marie-Pierre Bes","image":{"@type":"ImageObject","inLanguage":"fr-FR","@id":"https:\/\/secure.gravatar.com\/avatar\/08aa632b25ee7197789b8ec59d6cbcab7d9fc182fc393ccb7ac607ba55766261?s=96&d=mm&r=g","url":"https:\/\/secure.gravatar.com\/avatar\/08aa632b25ee7197789b8ec59d6cbcab7d9fc182fc393ccb7ac607ba55766261?s=96&d=mm&r=g","contentUrl":"https:\/\/secure.gravatar.com\/avatar\/08aa632b25ee7197789b8ec59d6cbcab7d9fc182fc393ccb7ac607ba55766261?s=96&d=mm&r=g","caption":"Marie-Pierre Bes"},"url":"https:\/\/autate.fr\/site\/author\/mariepierre\/"}]}},"_links":{"self":[{"href":"https:\/\/autate.fr\/site\/wp-json\/wp\/v2\/posts\/2904","targetHints":{"allow":["GET"]}}],"collection":[{"href":"https:\/\/autate.fr\/site\/wp-json\/wp\/v2\/posts"}],"about":[{"href":"https:\/\/autate.fr\/site\/wp-json\/wp\/v2\/types\/post"}],"author":[{"embeddable":true,"href":"https:\/\/autate.fr\/site\/wp-json\/wp\/v2\/users\/9"}],"replies":[{"embeddable":true,"href":"https:\/\/autate.fr\/site\/wp-json\/wp\/v2\/comments?post=2904"}],"version-history":[{"count":3,"href":"https:\/\/autate.fr\/site\/wp-json\/wp\/v2\/posts\/2904\/revisions"}],"predecessor-version":[{"id":2907,"href":"https:\/\/autate.fr\/site\/wp-json\/wp\/v2\/posts\/2904\/revisions\/2907"}],"wp:attachment":[{"href":"https:\/\/autate.fr\/site\/wp-json\/wp\/v2\/media?parent=2904"}],"wp:term":[{"taxonomy":"category","embeddable":true,"href":"https:\/\/autate.fr\/site\/wp-json\/wp\/v2\/categories?post=2904"},{"taxonomy":"post_tag","embeddable":true,"href":"https:\/\/autate.fr\/site\/wp-json\/wp\/v2\/tags?post=2904"}],"curies":[{"name":"wp","href":"https:\/\/api.w.org\/{rel}","templated":true}]}}