{"id":2872,"date":"2018-09-24T09:50:34","date_gmt":"2018-09-24T07:50:34","guid":{"rendered":"http:\/\/autate.fr\/site\/?p=2872"},"modified":"2018-10-30T09:27:02","modified_gmt":"2018-10-30T08:27:02","slug":"lettre-de-reclamation-sur-la-tarification-sncf-des-ter","status":"publish","type":"post","link":"https:\/\/autate.fr\/site\/lettre-de-reclamation-sur-la-tarification-sncf-des-ter\/","title":{"rendered":"Lettre de r\u00e9clamation sur la tarification SNCF des TER + r\u00e9ponse"},"content":{"rendered":"<p style=\"margin: 0cm; margin-bottom: .0001pt;\">Toulouse, le 10 septembre 2018<\/p>\n<p style=\"margin: 0cm; margin-bottom: .0001pt;\">Monsieur Philippe Poitou, 21, quai de la Croisade, 31600 Muret<\/p>\n<p style=\"margin: 0cm; margin-bottom: .0001pt;\">\u00e0 Direction G\u00e9n\u00e9rale SNCF, Toulouse<\/p>\n<p style=\"margin: 0cm; margin-bottom: .0001pt;\">Copie Autate et au Conseil R\u00e9gional<\/p>\n<p>&nbsp;<\/p>\n<p style=\"margin: 0cm; margin-bottom: .0001pt;\">Madame, Monsieur,<\/p>\n<p style=\"margin: 0cm; margin-bottom: .0001pt;\">J&rsquo;ai \u00e9t\u00e9 utilisateur de l&rsquo;abonnement hebdomadaire, puis mensuelle et enfin annuelle avec ma carte pastel qui me permettait entre autre de voyager avec 50 % de remise sur d&rsquo;autres trajets.<\/p>\n<p style=\"margin: 0cm; margin-bottom: .0001pt;\">Je suis maintenant \u00e0 la retraite et j&rsquo;ai donc \u00e9tudi\u00e9 les possibilit\u00e9s de voyager \u00e0 un cout qui soit accessibles avec mes nouvelles ressources.<\/p>\n<p style=\"margin: 0cm; margin-bottom: .0001pt;\">Deux solutions se pr\u00e9sentait \u00e0 moi, suivre le calendrier du voyageur et voyager en p\u00e9riode bleu pour 3,4 euros de m\u00e9moire ou voyager sur des trains cibl\u00e9s ce qui est une solution trop compliqu\u00e9e et inop\u00e9rante, je ne vois pas ce qu&rsquo;un syst\u00e8me ressemblant \u00e0 un billet prem peut faire dans un environnement urbain.<\/p>\n<p style=\"margin: 0cm; margin-bottom: .0001pt;\">J&rsquo;ai trouv\u00e9 une autre solution, moins connue, non pr\u00e9sente sur internet et non annonc\u00e9e dans la presse\u00a0: cela consiste \u00e0 acheter 10 billets, utilisable dans les deux sens et sur une p\u00e9riode d&rsquo;une ann\u00e9e. Cela ressemble \u00e0 une vraie offre de m\u00e9tropole, je pense \u00e0 des grandes villes comme Berlin ou le train r\u00e9gional est tr\u00e8s accessible, ou on se rend \u00e0 peine compte qu&rsquo;on est pass\u00e9 de l&rsquo;urbain au r\u00e9seau inter urbain.<\/p>\n<p style=\"margin: 0cm; margin-bottom: .0001pt;\">J&rsquo;ai donc choisi ce syst\u00e8me&#8230; sauf qu&rsquo;en raison de la gr\u00e8ve je n&rsquo;ai pas pu utiliser le train pour me rendre \u00e0 Toulouse en avril, mai juin.<\/p>\n<p style=\"margin: 0cm; margin-bottom: .0001pt;\">Aujourd&rsquo;hui, mes activit\u00e9s reprennent, je m&rsquo;inqui\u00e8te de la date de p\u00e9remption de mes billets. Je vous demande donc par ce courrier de prolonger la validit\u00e9 de mes billets de 3 mois.<\/p>\n<p style=\"margin: 0cm; margin-bottom: .0001pt;\">J&rsquo;envoie une copie de ce courrier \u00e0 l&rsquo;autate qui pourra \u00e9ventuellement d\u00e9fendre mes int\u00e9r\u00eats aupr\u00e8s de la FNAUT par l&rsquo;interm\u00e9diaire du m\u00e9diateur.<\/p>\n<p style=\"margin: 0cm; margin-bottom: .0001pt;\">J&rsquo;envoie une copie au conseil r\u00e9gional d&rsquo;Occitanie qui est l&rsquo;organisateur des transports r\u00e9gionaux\u00a0?<\/p>\n<p style=\"margin: 0cm; margin-bottom: .0001pt;\">Je vous prie de recevoir, Madame, Monsieur, l&rsquo;expression de mes meilleures salutations.<\/p>\n<p>&#8212;&#8212;&#8212;&#8212;&#8212;&#8212;&#8212;&#8212;&#8211;<\/p>\n<p>Voil\u00e0 la r\u00e9ponse de la SNCF :<\/p>\n<p><a href=\"https:\/\/autate.fr\/site\/wp-content\/uploads\/2018\/09\/courrier-ter.pdf\">courrier ter<\/a>.<\/p>\n","protected":false},"excerpt":{"rendered":"<p>Toulouse, le 10 septembre 2018 Monsieur Philippe Poitou, 21, quai de la Croisade, 31600 Muret \u00e0 Direction G\u00e9n\u00e9rale SNCF, Toulouse Copie Autate et au Conseil R\u00e9gional &nbsp; Madame, Monsieur, J&rsquo;ai \u00e9t\u00e9 utilisateur de l&rsquo;abonnement hebdomadaire, puis mensuelle et enfin annuelle avec ma carte pastel qui me permettait entre autre de voyager avec 50 % de<\/p>\n<p class=\"more-link\"><a href=\"https:\/\/autate.fr\/site\/lettre-de-reclamation-sur-la-tarification-sncf-des-ter\/\" class=\"themebutton2\">VOIR PLUS<\/a><\/p>\n","protected":false},"author":9,"featured_media":0,"comment_status":"open","ping_status":"open","sticky":false,"template":"","format":"standard","meta":{"footnotes":""},"categories":[490,336,418],"tags":[],"class_list":["post-2872","post","type-post","status-publish","format-standard","hentry","category-prix-des-transports","category-temoignages","category-trains-urbains"],"yoast_head":"<!-- This site is optimized with the Yoast SEO plugin v27.4 - https:\/\/yoast.com\/product\/yoast-seo-wordpress\/ -->\n<title>Lettre de r\u00e9clamation sur la tarification SNCF des TER + r\u00e9ponse - AUTATE<\/title>\n<meta name=\"robots\" content=\"index, follow, max-snippet:-1, max-image-preview:large, max-video-preview:-1\" \/>\n<link rel=\"canonical\" href=\"https:\/\/autate.fr\/site\/lettre-de-reclamation-sur-la-tarification-sncf-des-ter\/\" \/>\n<meta property=\"og:locale\" content=\"fr_FR\" \/>\n<meta property=\"og:type\" content=\"article\" \/>\n<meta property=\"og:title\" content=\"Lettre de r\u00e9clamation sur la tarification SNCF des TER + r\u00e9ponse - AUTATE\" \/>\n<meta property=\"og:description\" content=\"Toulouse, le 10 septembre 2018 Monsieur Philippe Poitou, 21, quai de la Croisade, 31600 Muret \u00e0 Direction G\u00e9n\u00e9rale SNCF, Toulouse Copie Autate et au Conseil R\u00e9gional &nbsp; Madame, Monsieur, J&rsquo;ai \u00e9t\u00e9 utilisateur de l&rsquo;abonnement hebdomadaire, puis mensuelle et enfin annuelle avec ma carte pastel qui me permettait entre autre de voyager avec 50 % deVOIR PLUS\" \/>\n<meta property=\"og:url\" content=\"https:\/\/autate.fr\/site\/lettre-de-reclamation-sur-la-tarification-sncf-des-ter\/\" \/>\n<meta property=\"og:site_name\" content=\"AUTATE\" \/>\n<meta property=\"article:publisher\" content=\"https:\/\/www.facebook.com\/AutateToulouse\" \/>\n<meta property=\"article:published_time\" content=\"2018-09-24T07:50:34+00:00\" \/>\n<meta property=\"article:modified_time\" content=\"2018-10-30T08:27:02+00:00\" \/>\n<meta name=\"author\" content=\"Marie-Pierre Bes\" \/>\n<meta name=\"twitter:card\" content=\"summary_large_image\" \/>\n<meta name=\"twitter:creator\" content=\"@AutateToulouse\" \/>\n<meta name=\"twitter:site\" content=\"@AutateToulouse\" \/>\n<meta name=\"twitter:label1\" content=\"\u00c9crit par\" \/>\n\t<meta name=\"twitter:data1\" content=\"Marie-Pierre Bes\" \/>\n\t<meta name=\"twitter:label2\" content=\"Dur\u00e9e de lecture estim\u00e9e\" \/>\n\t<meta name=\"twitter:data2\" content=\"2 minutes\" \/>\n<script type=\"application\/ld+json\" class=\"yoast-schema-graph\">{\"@context\":\"https:\\\/\\\/schema.org\",\"@graph\":[{\"@type\":\"Article\",\"@id\":\"https:\\\/\\\/autate.fr\\\/site\\\/lettre-de-reclamation-sur-la-tarification-sncf-des-ter\\\/#article\",\"isPartOf\":{\"@id\":\"https:\\\/\\\/autate.fr\\\/site\\\/lettre-de-reclamation-sur-la-tarification-sncf-des-ter\\\/\"},\"author\":{\"name\":\"Marie-Pierre Bes\",\"@id\":\"https:\\\/\\\/autate.fr\\\/site\\\/#\\\/schema\\\/person\\\/ca1ac9182f29f02489db16f08b0834ff\"},\"headline\":\"Lettre de r\u00e9clamation sur la tarification SNCF des TER + r\u00e9ponse\",\"datePublished\":\"2018-09-24T07:50:34+00:00\",\"dateModified\":\"2018-10-30T08:27:02+00:00\",\"mainEntityOfPage\":{\"@id\":\"https:\\\/\\\/autate.fr\\\/site\\\/lettre-de-reclamation-sur-la-tarification-sncf-des-ter\\\/\"},\"wordCount\":349,\"commentCount\":0,\"publisher\":{\"@id\":\"https:\\\/\\\/autate.fr\\\/site\\\/#organization\"},\"articleSection\":[\"Prix des transports\",\"T\u00e9moignages\",\"Trains urbains\"],\"inLanguage\":\"fr-FR\",\"potentialAction\":[{\"@type\":\"CommentAction\",\"name\":\"Comment\",\"target\":[\"https:\\\/\\\/autate.fr\\\/site\\\/lettre-de-reclamation-sur-la-tarification-sncf-des-ter\\\/#respond\"]}]},{\"@type\":\"WebPage\",\"@id\":\"https:\\\/\\\/autate.fr\\\/site\\\/lettre-de-reclamation-sur-la-tarification-sncf-des-ter\\\/\",\"url\":\"https:\\\/\\\/autate.fr\\\/site\\\/lettre-de-reclamation-sur-la-tarification-sncf-des-ter\\\/\",\"name\":\"Lettre de r\u00e9clamation sur la tarification SNCF des TER + r\u00e9ponse - AUTATE\",\"isPartOf\":{\"@id\":\"https:\\\/\\\/autate.fr\\\/site\\\/#website\"},\"datePublished\":\"2018-09-24T07:50:34+00:00\",\"dateModified\":\"2018-10-30T08:27:02+00:00\",\"breadcrumb\":{\"@id\":\"https:\\\/\\\/autate.fr\\\/site\\\/lettre-de-reclamation-sur-la-tarification-sncf-des-ter\\\/#breadcrumb\"},\"inLanguage\":\"fr-FR\",\"potentialAction\":[{\"@type\":\"ReadAction\",\"target\":[\"https:\\\/\\\/autate.fr\\\/site\\\/lettre-de-reclamation-sur-la-tarification-sncf-des-ter\\\/\"]}]},{\"@type\":\"BreadcrumbList\",\"@id\":\"https:\\\/\\\/autate.fr\\\/site\\\/lettre-de-reclamation-sur-la-tarification-sncf-des-ter\\\/#breadcrumb\",\"itemListElement\":[{\"@type\":\"ListItem\",\"position\":1,\"name\":\"Accueil\",\"item\":\"https:\\\/\\\/autate.fr\\\/site\\\/\"},{\"@type\":\"ListItem\",\"position\":2,\"name\":\"Lettre de r\u00e9clamation sur la tarification SNCF des TER + r\u00e9ponse\"}]},{\"@type\":\"WebSite\",\"@id\":\"https:\\\/\\\/autate.fr\\\/site\\\/#website\",\"url\":\"https:\\\/\\\/autate.fr\\\/site\\\/\",\"name\":\"AUTATE\",\"description\":\"Association des usagers des transports de l&#039;agglom\u00e9ration Toulousaine et de ses environs\",\"publisher\":{\"@id\":\"https:\\\/\\\/autate.fr\\\/site\\\/#organization\"},\"potentialAction\":[{\"@type\":\"SearchAction\",\"target\":{\"@type\":\"EntryPoint\",\"urlTemplate\":\"https:\\\/\\\/autate.fr\\\/site\\\/?s={search_term_string}\"},\"query-input\":{\"@type\":\"PropertyValueSpecification\",\"valueRequired\":true,\"valueName\":\"search_term_string\"}}],\"inLanguage\":\"fr-FR\"},{\"@type\":\"Organization\",\"@id\":\"https:\\\/\\\/autate.fr\\\/site\\\/#organization\",\"name\":\"AUTATE\",\"url\":\"https:\\\/\\\/autate.fr\\\/site\\\/\",\"logo\":{\"@type\":\"ImageObject\",\"inLanguage\":\"fr-FR\",\"@id\":\"https:\\\/\\\/autate.fr\\\/site\\\/#\\\/schema\\\/logo\\\/image\\\/\",\"url\":\"http:\\\/\\\/autate.fr\\\/site\\\/wp-content\\\/uploads\\\/2019\\\/01\\\/logo.png\",\"contentUrl\":\"http:\\\/\\\/autate.fr\\\/site\\\/wp-content\\\/uploads\\\/2019\\\/01\\\/logo.png\",\"width\":506,\"height\":280,\"caption\":\"AUTATE\"},\"image\":{\"@id\":\"https:\\\/\\\/autate.fr\\\/site\\\/#\\\/schema\\\/logo\\\/image\\\/\"},\"sameAs\":[\"https:\\\/\\\/www.facebook.com\\\/AutateToulouse\",\"https:\\\/\\\/x.com\\\/AutateToulouse\"]},{\"@type\":\"Person\",\"@id\":\"https:\\\/\\\/autate.fr\\\/site\\\/#\\\/schema\\\/person\\\/ca1ac9182f29f02489db16f08b0834ff\",\"name\":\"Marie-Pierre Bes\",\"image\":{\"@type\":\"ImageObject\",\"inLanguage\":\"fr-FR\",\"@id\":\"https:\\\/\\\/secure.gravatar.com\\\/avatar\\\/08aa632b25ee7197789b8ec59d6cbcab7d9fc182fc393ccb7ac607ba55766261?s=96&d=mm&r=g\",\"url\":\"https:\\\/\\\/secure.gravatar.com\\\/avatar\\\/08aa632b25ee7197789b8ec59d6cbcab7d9fc182fc393ccb7ac607ba55766261?s=96&d=mm&r=g\",\"contentUrl\":\"https:\\\/\\\/secure.gravatar.com\\\/avatar\\\/08aa632b25ee7197789b8ec59d6cbcab7d9fc182fc393ccb7ac607ba55766261?s=96&d=mm&r=g\",\"caption\":\"Marie-Pierre Bes\"},\"url\":\"https:\\\/\\\/autate.fr\\\/site\\\/author\\\/mariepierre\\\/\"}]}<\/script>\n<!-- \/ Yoast SEO plugin. -->","yoast_head_json":{"title":"Lettre de r\u00e9clamation sur la tarification SNCF des TER + r\u00e9ponse - AUTATE","robots":{"index":"index","follow":"follow","max-snippet":"max-snippet:-1","max-image-preview":"max-image-preview:large","max-video-preview":"max-video-preview:-1"},"canonical":"https:\/\/autate.fr\/site\/lettre-de-reclamation-sur-la-tarification-sncf-des-ter\/","og_locale":"fr_FR","og_type":"article","og_title":"Lettre de r\u00e9clamation sur la tarification SNCF des TER + r\u00e9ponse - AUTATE","og_description":"Toulouse, le 10 septembre 2018 Monsieur Philippe Poitou, 21, quai de la Croisade, 31600 Muret \u00e0 Direction G\u00e9n\u00e9rale SNCF, Toulouse Copie Autate et au Conseil R\u00e9gional &nbsp; Madame, Monsieur, J&rsquo;ai \u00e9t\u00e9 utilisateur de l&rsquo;abonnement hebdomadaire, puis mensuelle et enfin annuelle avec ma carte pastel qui me permettait entre autre de voyager avec 50 % deVOIR PLUS","og_url":"https:\/\/autate.fr\/site\/lettre-de-reclamation-sur-la-tarification-sncf-des-ter\/","og_site_name":"AUTATE","article_publisher":"https:\/\/www.facebook.com\/AutateToulouse","article_published_time":"2018-09-24T07:50:34+00:00","article_modified_time":"2018-10-30T08:27:02+00:00","author":"Marie-Pierre Bes","twitter_card":"summary_large_image","twitter_creator":"@AutateToulouse","twitter_site":"@AutateToulouse","twitter_misc":{"\u00c9crit par":"Marie-Pierre Bes","Dur\u00e9e de lecture estim\u00e9e":"2 minutes"},"schema":{"@context":"https:\/\/schema.org","@graph":[{"@type":"Article","@id":"https:\/\/autate.fr\/site\/lettre-de-reclamation-sur-la-tarification-sncf-des-ter\/#article","isPartOf":{"@id":"https:\/\/autate.fr\/site\/lettre-de-reclamation-sur-la-tarification-sncf-des-ter\/"},"author":{"name":"Marie-Pierre Bes","@id":"https:\/\/autate.fr\/site\/#\/schema\/person\/ca1ac9182f29f02489db16f08b0834ff"},"headline":"Lettre de r\u00e9clamation sur la tarification SNCF des TER + r\u00e9ponse","datePublished":"2018-09-24T07:50:34+00:00","dateModified":"2018-10-30T08:27:02+00:00","mainEntityOfPage":{"@id":"https:\/\/autate.fr\/site\/lettre-de-reclamation-sur-la-tarification-sncf-des-ter\/"},"wordCount":349,"commentCount":0,"publisher":{"@id":"https:\/\/autate.fr\/site\/#organization"},"articleSection":["Prix des transports","T\u00e9moignages","Trains urbains"],"inLanguage":"fr-FR","potentialAction":[{"@type":"CommentAction","name":"Comment","target":["https:\/\/autate.fr\/site\/lettre-de-reclamation-sur-la-tarification-sncf-des-ter\/#respond"]}]},{"@type":"WebPage","@id":"https:\/\/autate.fr\/site\/lettre-de-reclamation-sur-la-tarification-sncf-des-ter\/","url":"https:\/\/autate.fr\/site\/lettre-de-reclamation-sur-la-tarification-sncf-des-ter\/","name":"Lettre de r\u00e9clamation sur la tarification SNCF des TER + r\u00e9ponse - AUTATE","isPartOf":{"@id":"https:\/\/autate.fr\/site\/#website"},"datePublished":"2018-09-24T07:50:34+00:00","dateModified":"2018-10-30T08:27:02+00:00","breadcrumb":{"@id":"https:\/\/autate.fr\/site\/lettre-de-reclamation-sur-la-tarification-sncf-des-ter\/#breadcrumb"},"inLanguage":"fr-FR","potentialAction":[{"@type":"ReadAction","target":["https:\/\/autate.fr\/site\/lettre-de-reclamation-sur-la-tarification-sncf-des-ter\/"]}]},{"@type":"BreadcrumbList","@id":"https:\/\/autate.fr\/site\/lettre-de-reclamation-sur-la-tarification-sncf-des-ter\/#breadcrumb","itemListElement":[{"@type":"ListItem","position":1,"name":"Accueil","item":"https:\/\/autate.fr\/site\/"},{"@type":"ListItem","position":2,"name":"Lettre de r\u00e9clamation sur la tarification SNCF des TER + r\u00e9ponse"}]},{"@type":"WebSite","@id":"https:\/\/autate.fr\/site\/#website","url":"https:\/\/autate.fr\/site\/","name":"AUTATE","description":"Association des usagers des transports de l&#039;agglom\u00e9ration Toulousaine et de ses environs","publisher":{"@id":"https:\/\/autate.fr\/site\/#organization"},"potentialAction":[{"@type":"SearchAction","target":{"@type":"EntryPoint","urlTemplate":"https:\/\/autate.fr\/site\/?s={search_term_string}"},"query-input":{"@type":"PropertyValueSpecification","valueRequired":true,"valueName":"search_term_string"}}],"inLanguage":"fr-FR"},{"@type":"Organization","@id":"https:\/\/autate.fr\/site\/#organization","name":"AUTATE","url":"https:\/\/autate.fr\/site\/","logo":{"@type":"ImageObject","inLanguage":"fr-FR","@id":"https:\/\/autate.fr\/site\/#\/schema\/logo\/image\/","url":"http:\/\/autate.fr\/site\/wp-content\/uploads\/2019\/01\/logo.png","contentUrl":"http:\/\/autate.fr\/site\/wp-content\/uploads\/2019\/01\/logo.png","width":506,"height":280,"caption":"AUTATE"},"image":{"@id":"https:\/\/autate.fr\/site\/#\/schema\/logo\/image\/"},"sameAs":["https:\/\/www.facebook.com\/AutateToulouse","https:\/\/x.com\/AutateToulouse"]},{"@type":"Person","@id":"https:\/\/autate.fr\/site\/#\/schema\/person\/ca1ac9182f29f02489db16f08b0834ff","name":"Marie-Pierre Bes","image":{"@type":"ImageObject","inLanguage":"fr-FR","@id":"https:\/\/secure.gravatar.com\/avatar\/08aa632b25ee7197789b8ec59d6cbcab7d9fc182fc393ccb7ac607ba55766261?s=96&d=mm&r=g","url":"https:\/\/secure.gravatar.com\/avatar\/08aa632b25ee7197789b8ec59d6cbcab7d9fc182fc393ccb7ac607ba55766261?s=96&d=mm&r=g","contentUrl":"https:\/\/secure.gravatar.com\/avatar\/08aa632b25ee7197789b8ec59d6cbcab7d9fc182fc393ccb7ac607ba55766261?s=96&d=mm&r=g","caption":"Marie-Pierre Bes"},"url":"https:\/\/autate.fr\/site\/author\/mariepierre\/"}]}},"_links":{"self":[{"href":"https:\/\/autate.fr\/site\/wp-json\/wp\/v2\/posts\/2872","targetHints":{"allow":["GET"]}}],"collection":[{"href":"https:\/\/autate.fr\/site\/wp-json\/wp\/v2\/posts"}],"about":[{"href":"https:\/\/autate.fr\/site\/wp-json\/wp\/v2\/types\/post"}],"author":[{"embeddable":true,"href":"https:\/\/autate.fr\/site\/wp-json\/wp\/v2\/users\/9"}],"replies":[{"embeddable":true,"href":"https:\/\/autate.fr\/site\/wp-json\/wp\/v2\/comments?post=2872"}],"version-history":[{"count":6,"href":"https:\/\/autate.fr\/site\/wp-json\/wp\/v2\/posts\/2872\/revisions"}],"predecessor-version":[{"id":2958,"href":"https:\/\/autate.fr\/site\/wp-json\/wp\/v2\/posts\/2872\/revisions\/2958"}],"wp:attachment":[{"href":"https:\/\/autate.fr\/site\/wp-json\/wp\/v2\/media?parent=2872"}],"wp:term":[{"taxonomy":"category","embeddable":true,"href":"https:\/\/autate.fr\/site\/wp-json\/wp\/v2\/categories?post=2872"},{"taxonomy":"post_tag","embeddable":true,"href":"https:\/\/autate.fr\/site\/wp-json\/wp\/v2\/tags?post=2872"}],"curies":[{"name":"wp","href":"https:\/\/api.w.org\/{rel}","templated":true}]}}