{"id":2853,"date":"2018-09-16T10:22:36","date_gmt":"2018-09-16T08:22:36","guid":{"rendered":"http:\/\/autate.fr\/site\/?p=2853"},"modified":"2025-11-21T22:01:31","modified_gmt":"2025-11-21T21:01:31","slug":"communique-sur-la-procedure-juridique-contre-le-pdu-de-lassociation-2p2r","status":"publish","type":"post","link":"https:\/\/autate.fr\/site\/communique-sur-la-procedure-juridique-contre-le-pdu-de-lassociation-2p2r\/","title":{"rendered":"Communiqu\u00e9 sur la proc\u00e9dure juridique contre le PDU de l&rsquo;association 2P2R"},"content":{"rendered":"<p><strong>vendredi 14 septembre 2018<\/strong><\/p>\n<p>L\u2019AUTATE a pris connaissance du recours de l\u2019association 2Pieds2Roues, contre le Plan de D\u00e9placements Urbains pour les motifs de non-respect du volet environnemental et de faiblesse du budget consacr\u00e9 au v\u00e9lo. Notre association consid\u00e8re que cette d\u00e9marche juridique pourrait permettre de contester le contenu de ce PDU, c\u00f4t\u00e9 transports en commun, pour changer son ossature, bas\u00e9e sur une 3<sup>\u00e8me<\/sup> ligne de m\u00e9tro, trop ch\u00e8re, mal positionn\u00e9e et bien trop tardive par rapport aux besoins de transport des habitants.<\/p>\n<p>La carte ci-jointe, avec la 3<sup>\u00e8me<\/sup> ligne, repr\u00e9sent\u00e9e en gras en haut de la carte et les embouteillages en rouge en bas, est r\u00e9v\u00e9latrice des erreurs sur son trac\u00e9\u00a0:<\/p>\n<p><a href=\"https:\/\/autate.fr\/site\/wp-content\/uploads\/2018\/09\/carte_bouchon_3eme_ligne.png\"><img loading=\"lazy\" decoding=\"async\" class=\"size-medium wp-image-2857 aligncenter\" src=\"https:\/\/autate.fr\/site\/wp-content\/uploads\/2018\/09\/carte_bouchon_3eme_ligne-300x177.png\" alt=\"\" width=\"300\" height=\"177\" srcset=\"https:\/\/autate.fr\/site\/wp-content\/uploads\/2018\/09\/carte_bouchon_3eme_ligne-300x177.png 300w, https:\/\/autate.fr\/site\/wp-content\/uploads\/2018\/09\/carte_bouchon_3eme_ligne.png 457w\" sizes=\"auto, (max-width: 300px) 100vw, 300px\" \/><\/a><\/p>\n<p>Nous demandons des engagements courageux, face \u00e0 l\u2019urgence des d\u00e9placements\u00a0: d\u2019abord, des bus en site propre sur toute l\u2019agglom\u00e9ration, y compris sur les rocades, c\u2019est-\u00e0-dire des Lineo vraiment efficaces et des liaisons transversales relanc\u00e9es\u00a0; ensuite, un plan de lutte urgent contre la voiture solo autour de Lab\u00e8ge Innopole et du complexe a\u00e9ronautique autour d\u2019Airbus Saint-Martin enfin, des billets combin\u00e9s TER-Tisseo peu chers. Les usagers veulent un r\u00e9seau rapide et pratique.<\/p>\n","protected":false},"excerpt":{"rendered":"<p>vendredi 14 septembre 2018 L\u2019AUTATE a pris connaissance du recours de l\u2019association 2Pieds2Roues, contre le Plan de D\u00e9placements Urbains pour les motifs de non-respect du volet environnemental et de faiblesse du budget consacr\u00e9 au v\u00e9lo. Notre association consid\u00e8re que cette d\u00e9marche juridique pourrait permettre de contester le contenu de ce PDU, c\u00f4t\u00e9 transports en commun,<\/p>\n<p class=\"more-link\"><a href=\"https:\/\/autate.fr\/site\/communique-sur-la-procedure-juridique-contre-le-pdu-de-lassociation-2p2r\/\" class=\"themebutton2\">VOIR PLUS<\/a><\/p>\n","protected":false},"author":9,"featured_media":0,"comment_status":"open","ping_status":"open","sticky":false,"template":"","format":"standard","meta":{"footnotes":""},"categories":[4,525,509],"tags":[],"class_list":["post-2853","post","type-post","status-publish","format-standard","hentry","category-actualite-association","category-pdm","category-velo"],"yoast_head":"<!-- This site is optimized with the Yoast SEO plugin v27.4 - https:\/\/yoast.com\/product\/yoast-seo-wordpress\/ -->\n<title>Communiqu\u00e9 sur la proc\u00e9dure juridique contre le PDU de l&#039;association 2P2R - AUTATE<\/title>\n<meta name=\"robots\" content=\"index, follow, max-snippet:-1, max-image-preview:large, max-video-preview:-1\" \/>\n<link rel=\"canonical\" href=\"https:\/\/autate.fr\/site\/communique-sur-la-procedure-juridique-contre-le-pdu-de-lassociation-2p2r\/\" \/>\n<meta property=\"og:locale\" content=\"fr_FR\" \/>\n<meta property=\"og:type\" content=\"article\" \/>\n<meta property=\"og:title\" content=\"Communiqu\u00e9 sur la proc\u00e9dure juridique contre le PDU de l&#039;association 2P2R - AUTATE\" \/>\n<meta property=\"og:description\" content=\"vendredi 14 septembre 2018 L\u2019AUTATE a pris connaissance du recours de l\u2019association 2Pieds2Roues, contre le Plan de D\u00e9placements Urbains pour les motifs de non-respect du volet environnemental et de faiblesse du budget consacr\u00e9 au v\u00e9lo. Notre association consid\u00e8re que cette d\u00e9marche juridique pourrait permettre de contester le contenu de ce PDU, c\u00f4t\u00e9 transports en commun,VOIR PLUS\" \/>\n<meta property=\"og:url\" content=\"https:\/\/autate.fr\/site\/communique-sur-la-procedure-juridique-contre-le-pdu-de-lassociation-2p2r\/\" \/>\n<meta property=\"og:site_name\" content=\"AUTATE\" \/>\n<meta property=\"article:publisher\" content=\"https:\/\/www.facebook.com\/AutateToulouse\" \/>\n<meta property=\"article:published_time\" content=\"2018-09-16T08:22:36+00:00\" \/>\n<meta property=\"article:modified_time\" content=\"2025-11-21T21:01:31+00:00\" \/>\n<meta property=\"og:image\" content=\"http:\/\/autate.fr\/site\/wp-content\/uploads\/2018\/09\/carte_bouchon_3eme_ligne-300x177.png\" \/>\n<meta name=\"author\" content=\"Marie-Pierre Bes\" \/>\n<meta name=\"twitter:card\" content=\"summary_large_image\" \/>\n<meta name=\"twitter:creator\" content=\"@AutateToulouse\" \/>\n<meta name=\"twitter:site\" content=\"@AutateToulouse\" \/>\n<meta name=\"twitter:label1\" content=\"\u00c9crit par\" \/>\n\t<meta name=\"twitter:data1\" content=\"Marie-Pierre Bes\" \/>\n\t<meta name=\"twitter:label2\" content=\"Dur\u00e9e de lecture estim\u00e9e\" \/>\n\t<meta name=\"twitter:data2\" content=\"1 minute\" \/>\n<script type=\"application\/ld+json\" class=\"yoast-schema-graph\">{\"@context\":\"https:\\\/\\\/schema.org\",\"@graph\":[{\"@type\":\"Article\",\"@id\":\"https:\\\/\\\/autate.fr\\\/site\\\/communique-sur-la-procedure-juridique-contre-le-pdu-de-lassociation-2p2r\\\/#article\",\"isPartOf\":{\"@id\":\"https:\\\/\\\/autate.fr\\\/site\\\/communique-sur-la-procedure-juridique-contre-le-pdu-de-lassociation-2p2r\\\/\"},\"author\":{\"name\":\"Marie-Pierre Bes\",\"@id\":\"https:\\\/\\\/autate.fr\\\/site\\\/#\\\/schema\\\/person\\\/ca1ac9182f29f02489db16f08b0834ff\"},\"headline\":\"Communiqu\u00e9 sur la proc\u00e9dure juridique contre le PDU de l&rsquo;association 2P2R\",\"datePublished\":\"2018-09-16T08:22:36+00:00\",\"dateModified\":\"2025-11-21T21:01:31+00:00\",\"mainEntityOfPage\":{\"@id\":\"https:\\\/\\\/autate.fr\\\/site\\\/communique-sur-la-procedure-juridique-contre-le-pdu-de-lassociation-2p2r\\\/\"},\"wordCount\":220,\"commentCount\":0,\"publisher\":{\"@id\":\"https:\\\/\\\/autate.fr\\\/site\\\/#organization\"},\"image\":{\"@id\":\"https:\\\/\\\/autate.fr\\\/site\\\/communique-sur-la-procedure-juridique-contre-le-pdu-de-lassociation-2p2r\\\/#primaryimage\"},\"thumbnailUrl\":\"http:\\\/\\\/autate.fr\\\/site\\\/wp-content\\\/uploads\\\/2018\\\/09\\\/carte_bouchon_3eme_ligne-300x177.png\",\"articleSection\":[\"Actualit\u00e9s-AUTATE\",\"PlanDeMobilit\u00e9\",\"v\u00e9lo\"],\"inLanguage\":\"fr-FR\",\"potentialAction\":[{\"@type\":\"CommentAction\",\"name\":\"Comment\",\"target\":[\"https:\\\/\\\/autate.fr\\\/site\\\/communique-sur-la-procedure-juridique-contre-le-pdu-de-lassociation-2p2r\\\/#respond\"]}]},{\"@type\":\"WebPage\",\"@id\":\"https:\\\/\\\/autate.fr\\\/site\\\/communique-sur-la-procedure-juridique-contre-le-pdu-de-lassociation-2p2r\\\/\",\"url\":\"https:\\\/\\\/autate.fr\\\/site\\\/communique-sur-la-procedure-juridique-contre-le-pdu-de-lassociation-2p2r\\\/\",\"name\":\"Communiqu\u00e9 sur la proc\u00e9dure juridique contre le PDU de l'association 2P2R - AUTATE\",\"isPartOf\":{\"@id\":\"https:\\\/\\\/autate.fr\\\/site\\\/#website\"},\"primaryImageOfPage\":{\"@id\":\"https:\\\/\\\/autate.fr\\\/site\\\/communique-sur-la-procedure-juridique-contre-le-pdu-de-lassociation-2p2r\\\/#primaryimage\"},\"image\":{\"@id\":\"https:\\\/\\\/autate.fr\\\/site\\\/communique-sur-la-procedure-juridique-contre-le-pdu-de-lassociation-2p2r\\\/#primaryimage\"},\"thumbnailUrl\":\"http:\\\/\\\/autate.fr\\\/site\\\/wp-content\\\/uploads\\\/2018\\\/09\\\/carte_bouchon_3eme_ligne-300x177.png\",\"datePublished\":\"2018-09-16T08:22:36+00:00\",\"dateModified\":\"2025-11-21T21:01:31+00:00\",\"breadcrumb\":{\"@id\":\"https:\\\/\\\/autate.fr\\\/site\\\/communique-sur-la-procedure-juridique-contre-le-pdu-de-lassociation-2p2r\\\/#breadcrumb\"},\"inLanguage\":\"fr-FR\",\"potentialAction\":[{\"@type\":\"ReadAction\",\"target\":[\"https:\\\/\\\/autate.fr\\\/site\\\/communique-sur-la-procedure-juridique-contre-le-pdu-de-lassociation-2p2r\\\/\"]}]},{\"@type\":\"ImageObject\",\"inLanguage\":\"fr-FR\",\"@id\":\"https:\\\/\\\/autate.fr\\\/site\\\/communique-sur-la-procedure-juridique-contre-le-pdu-de-lassociation-2p2r\\\/#primaryimage\",\"url\":\"http:\\\/\\\/autate.fr\\\/site\\\/wp-content\\\/uploads\\\/2018\\\/09\\\/carte_bouchon_3eme_ligne-300x177.png\",\"contentUrl\":\"http:\\\/\\\/autate.fr\\\/site\\\/wp-content\\\/uploads\\\/2018\\\/09\\\/carte_bouchon_3eme_ligne-300x177.png\"},{\"@type\":\"BreadcrumbList\",\"@id\":\"https:\\\/\\\/autate.fr\\\/site\\\/communique-sur-la-procedure-juridique-contre-le-pdu-de-lassociation-2p2r\\\/#breadcrumb\",\"itemListElement\":[{\"@type\":\"ListItem\",\"position\":1,\"name\":\"Accueil\",\"item\":\"https:\\\/\\\/autate.fr\\\/site\\\/\"},{\"@type\":\"ListItem\",\"position\":2,\"name\":\"Communiqu\u00e9 sur la proc\u00e9dure juridique contre le PDU de l&rsquo;association 2P2R\"}]},{\"@type\":\"WebSite\",\"@id\":\"https:\\\/\\\/autate.fr\\\/site\\\/#website\",\"url\":\"https:\\\/\\\/autate.fr\\\/site\\\/\",\"name\":\"AUTATE\",\"description\":\"Association des usagers des transports de l&#039;agglom\u00e9ration Toulousaine et de ses environs\",\"publisher\":{\"@id\":\"https:\\\/\\\/autate.fr\\\/site\\\/#organization\"},\"potentialAction\":[{\"@type\":\"SearchAction\",\"target\":{\"@type\":\"EntryPoint\",\"urlTemplate\":\"https:\\\/\\\/autate.fr\\\/site\\\/?s={search_term_string}\"},\"query-input\":{\"@type\":\"PropertyValueSpecification\",\"valueRequired\":true,\"valueName\":\"search_term_string\"}}],\"inLanguage\":\"fr-FR\"},{\"@type\":\"Organization\",\"@id\":\"https:\\\/\\\/autate.fr\\\/site\\\/#organization\",\"name\":\"AUTATE\",\"url\":\"https:\\\/\\\/autate.fr\\\/site\\\/\",\"logo\":{\"@type\":\"ImageObject\",\"inLanguage\":\"fr-FR\",\"@id\":\"https:\\\/\\\/autate.fr\\\/site\\\/#\\\/schema\\\/logo\\\/image\\\/\",\"url\":\"http:\\\/\\\/autate.fr\\\/site\\\/wp-content\\\/uploads\\\/2019\\\/01\\\/logo.png\",\"contentUrl\":\"http:\\\/\\\/autate.fr\\\/site\\\/wp-content\\\/uploads\\\/2019\\\/01\\\/logo.png\",\"width\":506,\"height\":280,\"caption\":\"AUTATE\"},\"image\":{\"@id\":\"https:\\\/\\\/autate.fr\\\/site\\\/#\\\/schema\\\/logo\\\/image\\\/\"},\"sameAs\":[\"https:\\\/\\\/www.facebook.com\\\/AutateToulouse\",\"https:\\\/\\\/x.com\\\/AutateToulouse\"]},{\"@type\":\"Person\",\"@id\":\"https:\\\/\\\/autate.fr\\\/site\\\/#\\\/schema\\\/person\\\/ca1ac9182f29f02489db16f08b0834ff\",\"name\":\"Marie-Pierre Bes\",\"image\":{\"@type\":\"ImageObject\",\"inLanguage\":\"fr-FR\",\"@id\":\"https:\\\/\\\/secure.gravatar.com\\\/avatar\\\/08aa632b25ee7197789b8ec59d6cbcab7d9fc182fc393ccb7ac607ba55766261?s=96&d=mm&r=g\",\"url\":\"https:\\\/\\\/secure.gravatar.com\\\/avatar\\\/08aa632b25ee7197789b8ec59d6cbcab7d9fc182fc393ccb7ac607ba55766261?s=96&d=mm&r=g\",\"contentUrl\":\"https:\\\/\\\/secure.gravatar.com\\\/avatar\\\/08aa632b25ee7197789b8ec59d6cbcab7d9fc182fc393ccb7ac607ba55766261?s=96&d=mm&r=g\",\"caption\":\"Marie-Pierre Bes\"},\"url\":\"https:\\\/\\\/autate.fr\\\/site\\\/author\\\/mariepierre\\\/\"}]}<\/script>\n<!-- \/ Yoast SEO plugin. -->","yoast_head_json":{"title":"Communiqu\u00e9 sur la proc\u00e9dure juridique contre le PDU de l'association 2P2R - AUTATE","robots":{"index":"index","follow":"follow","max-snippet":"max-snippet:-1","max-image-preview":"max-image-preview:large","max-video-preview":"max-video-preview:-1"},"canonical":"https:\/\/autate.fr\/site\/communique-sur-la-procedure-juridique-contre-le-pdu-de-lassociation-2p2r\/","og_locale":"fr_FR","og_type":"article","og_title":"Communiqu\u00e9 sur la proc\u00e9dure juridique contre le PDU de l'association 2P2R - AUTATE","og_description":"vendredi 14 septembre 2018 L\u2019AUTATE a pris connaissance du recours de l\u2019association 2Pieds2Roues, contre le Plan de D\u00e9placements Urbains pour les motifs de non-respect du volet environnemental et de faiblesse du budget consacr\u00e9 au v\u00e9lo. Notre association consid\u00e8re que cette d\u00e9marche juridique pourrait permettre de contester le contenu de ce PDU, c\u00f4t\u00e9 transports en commun,VOIR PLUS","og_url":"https:\/\/autate.fr\/site\/communique-sur-la-procedure-juridique-contre-le-pdu-de-lassociation-2p2r\/","og_site_name":"AUTATE","article_publisher":"https:\/\/www.facebook.com\/AutateToulouse","article_published_time":"2018-09-16T08:22:36+00:00","article_modified_time":"2025-11-21T21:01:31+00:00","og_image":[{"url":"http:\/\/autate.fr\/site\/wp-content\/uploads\/2018\/09\/carte_bouchon_3eme_ligne-300x177.png","type":"","width":"","height":""}],"author":"Marie-Pierre Bes","twitter_card":"summary_large_image","twitter_creator":"@AutateToulouse","twitter_site":"@AutateToulouse","twitter_misc":{"\u00c9crit par":"Marie-Pierre Bes","Dur\u00e9e de lecture estim\u00e9e":"1 minute"},"schema":{"@context":"https:\/\/schema.org","@graph":[{"@type":"Article","@id":"https:\/\/autate.fr\/site\/communique-sur-la-procedure-juridique-contre-le-pdu-de-lassociation-2p2r\/#article","isPartOf":{"@id":"https:\/\/autate.fr\/site\/communique-sur-la-procedure-juridique-contre-le-pdu-de-lassociation-2p2r\/"},"author":{"name":"Marie-Pierre Bes","@id":"https:\/\/autate.fr\/site\/#\/schema\/person\/ca1ac9182f29f02489db16f08b0834ff"},"headline":"Communiqu\u00e9 sur la proc\u00e9dure juridique contre le PDU de l&rsquo;association 2P2R","datePublished":"2018-09-16T08:22:36+00:00","dateModified":"2025-11-21T21:01:31+00:00","mainEntityOfPage":{"@id":"https:\/\/autate.fr\/site\/communique-sur-la-procedure-juridique-contre-le-pdu-de-lassociation-2p2r\/"},"wordCount":220,"commentCount":0,"publisher":{"@id":"https:\/\/autate.fr\/site\/#organization"},"image":{"@id":"https:\/\/autate.fr\/site\/communique-sur-la-procedure-juridique-contre-le-pdu-de-lassociation-2p2r\/#primaryimage"},"thumbnailUrl":"http:\/\/autate.fr\/site\/wp-content\/uploads\/2018\/09\/carte_bouchon_3eme_ligne-300x177.png","articleSection":["Actualit\u00e9s-AUTATE","PlanDeMobilit\u00e9","v\u00e9lo"],"inLanguage":"fr-FR","potentialAction":[{"@type":"CommentAction","name":"Comment","target":["https:\/\/autate.fr\/site\/communique-sur-la-procedure-juridique-contre-le-pdu-de-lassociation-2p2r\/#respond"]}]},{"@type":"WebPage","@id":"https:\/\/autate.fr\/site\/communique-sur-la-procedure-juridique-contre-le-pdu-de-lassociation-2p2r\/","url":"https:\/\/autate.fr\/site\/communique-sur-la-procedure-juridique-contre-le-pdu-de-lassociation-2p2r\/","name":"Communiqu\u00e9 sur la proc\u00e9dure juridique contre le PDU de l'association 2P2R - AUTATE","isPartOf":{"@id":"https:\/\/autate.fr\/site\/#website"},"primaryImageOfPage":{"@id":"https:\/\/autate.fr\/site\/communique-sur-la-procedure-juridique-contre-le-pdu-de-lassociation-2p2r\/#primaryimage"},"image":{"@id":"https:\/\/autate.fr\/site\/communique-sur-la-procedure-juridique-contre-le-pdu-de-lassociation-2p2r\/#primaryimage"},"thumbnailUrl":"http:\/\/autate.fr\/site\/wp-content\/uploads\/2018\/09\/carte_bouchon_3eme_ligne-300x177.png","datePublished":"2018-09-16T08:22:36+00:00","dateModified":"2025-11-21T21:01:31+00:00","breadcrumb":{"@id":"https:\/\/autate.fr\/site\/communique-sur-la-procedure-juridique-contre-le-pdu-de-lassociation-2p2r\/#breadcrumb"},"inLanguage":"fr-FR","potentialAction":[{"@type":"ReadAction","target":["https:\/\/autate.fr\/site\/communique-sur-la-procedure-juridique-contre-le-pdu-de-lassociation-2p2r\/"]}]},{"@type":"ImageObject","inLanguage":"fr-FR","@id":"https:\/\/autate.fr\/site\/communique-sur-la-procedure-juridique-contre-le-pdu-de-lassociation-2p2r\/#primaryimage","url":"http:\/\/autate.fr\/site\/wp-content\/uploads\/2018\/09\/carte_bouchon_3eme_ligne-300x177.png","contentUrl":"http:\/\/autate.fr\/site\/wp-content\/uploads\/2018\/09\/carte_bouchon_3eme_ligne-300x177.png"},{"@type":"BreadcrumbList","@id":"https:\/\/autate.fr\/site\/communique-sur-la-procedure-juridique-contre-le-pdu-de-lassociation-2p2r\/#breadcrumb","itemListElement":[{"@type":"ListItem","position":1,"name":"Accueil","item":"https:\/\/autate.fr\/site\/"},{"@type":"ListItem","position":2,"name":"Communiqu\u00e9 sur la proc\u00e9dure juridique contre le PDU de l&rsquo;association 2P2R"}]},{"@type":"WebSite","@id":"https:\/\/autate.fr\/site\/#website","url":"https:\/\/autate.fr\/site\/","name":"AUTATE","description":"Association des usagers des transports de l&#039;agglom\u00e9ration Toulousaine et de ses environs","publisher":{"@id":"https:\/\/autate.fr\/site\/#organization"},"potentialAction":[{"@type":"SearchAction","target":{"@type":"EntryPoint","urlTemplate":"https:\/\/autate.fr\/site\/?s={search_term_string}"},"query-input":{"@type":"PropertyValueSpecification","valueRequired":true,"valueName":"search_term_string"}}],"inLanguage":"fr-FR"},{"@type":"Organization","@id":"https:\/\/autate.fr\/site\/#organization","name":"AUTATE","url":"https:\/\/autate.fr\/site\/","logo":{"@type":"ImageObject","inLanguage":"fr-FR","@id":"https:\/\/autate.fr\/site\/#\/schema\/logo\/image\/","url":"http:\/\/autate.fr\/site\/wp-content\/uploads\/2019\/01\/logo.png","contentUrl":"http:\/\/autate.fr\/site\/wp-content\/uploads\/2019\/01\/logo.png","width":506,"height":280,"caption":"AUTATE"},"image":{"@id":"https:\/\/autate.fr\/site\/#\/schema\/logo\/image\/"},"sameAs":["https:\/\/www.facebook.com\/AutateToulouse","https:\/\/x.com\/AutateToulouse"]},{"@type":"Person","@id":"https:\/\/autate.fr\/site\/#\/schema\/person\/ca1ac9182f29f02489db16f08b0834ff","name":"Marie-Pierre Bes","image":{"@type":"ImageObject","inLanguage":"fr-FR","@id":"https:\/\/secure.gravatar.com\/avatar\/08aa632b25ee7197789b8ec59d6cbcab7d9fc182fc393ccb7ac607ba55766261?s=96&d=mm&r=g","url":"https:\/\/secure.gravatar.com\/avatar\/08aa632b25ee7197789b8ec59d6cbcab7d9fc182fc393ccb7ac607ba55766261?s=96&d=mm&r=g","contentUrl":"https:\/\/secure.gravatar.com\/avatar\/08aa632b25ee7197789b8ec59d6cbcab7d9fc182fc393ccb7ac607ba55766261?s=96&d=mm&r=g","caption":"Marie-Pierre Bes"},"url":"https:\/\/autate.fr\/site\/author\/mariepierre\/"}]}},"_links":{"self":[{"href":"https:\/\/autate.fr\/site\/wp-json\/wp\/v2\/posts\/2853","targetHints":{"allow":["GET"]}}],"collection":[{"href":"https:\/\/autate.fr\/site\/wp-json\/wp\/v2\/posts"}],"about":[{"href":"https:\/\/autate.fr\/site\/wp-json\/wp\/v2\/types\/post"}],"author":[{"embeddable":true,"href":"https:\/\/autate.fr\/site\/wp-json\/wp\/v2\/users\/9"}],"replies":[{"embeddable":true,"href":"https:\/\/autate.fr\/site\/wp-json\/wp\/v2\/comments?post=2853"}],"version-history":[{"count":3,"href":"https:\/\/autate.fr\/site\/wp-json\/wp\/v2\/posts\/2853\/revisions"}],"predecessor-version":[{"id":2859,"href":"https:\/\/autate.fr\/site\/wp-json\/wp\/v2\/posts\/2853\/revisions\/2859"}],"wp:attachment":[{"href":"https:\/\/autate.fr\/site\/wp-json\/wp\/v2\/media?parent=2853"}],"wp:term":[{"taxonomy":"category","embeddable":true,"href":"https:\/\/autate.fr\/site\/wp-json\/wp\/v2\/categories?post=2853"},{"taxonomy":"post_tag","embeddable":true,"href":"https:\/\/autate.fr\/site\/wp-json\/wp\/v2\/tags?post=2853"}],"curies":[{"name":"wp","href":"https:\/\/api.w.org\/{rel}","templated":true}]}}