{"id":2812,"date":"2018-07-31T15:27:12","date_gmt":"2018-07-31T13:27:12","guid":{"rendered":"http:\/\/autate.fr\/site\/?p=2812"},"modified":"2018-07-31T15:27:12","modified_gmt":"2018-07-31T13:27:12","slug":"pourquoi-je-prends-ma-voiture-cet-ete-au-lieu-des-transport-en-commun","status":"publish","type":"post","link":"https:\/\/autate.fr\/site\/pourquoi-je-prends-ma-voiture-cet-ete-au-lieu-des-transport-en-commun\/","title":{"rendered":"Pourquoi je prends ma voiture, cet \u00e9t\u00e9, au lieu des transport en commun"},"content":{"rendered":"<p>Juste pour l&rsquo;exemple, il me faut 15 minutes en voiture pour relier Saint Martin du Touch \u00e0 Androm\u00e8de \u00e0 Blagnac. Pour aller \u00e0 mon travail, il me faut prendre le T1 puis la L2, et pour chacun il faut attendre 15 minutes entre 2 passages du fait des horaires d&rsquo;\u00e9t\u00e9.<\/p>\n<p>De plus, je me rends r\u00e9guli\u00e8rement aux Argoulets. Depuis Blagnac il me faut g\u00e9n\u00e9ralement 45 minutes en tramway + m\u00e9tro, maintenant c&rsquo;est plus d&rsquo; 1h15.<\/p>\n<p>Bref, je n&rsquo;ai pas envie de rallonger mon temps de trajet pour cause de r\u00e9seau TISSEO en mode d\u00e9grad\u00e9 durant les mois d&rsquo;\u00e9t\u00e9. Si je peux comprendre les travaux sur la ligne A qui sont indispensables, l&rsquo;abandon des lignes de bus avec des fr\u00e9quences de passage trop longues, c&rsquo;est plus difficile \u00e0 avaler.<\/p>\n","protected":false},"excerpt":{"rendered":"<p>Juste pour l&rsquo;exemple, il me faut 15 minutes en voiture pour relier Saint Martin du Touch \u00e0 Androm\u00e8de \u00e0 Blagnac. Pour aller \u00e0 mon travail, il me faut prendre le T1 puis la L2, et pour chacun il faut attendre 15 minutes entre 2 passages du fait des horaires d&rsquo;\u00e9t\u00e9. De plus, je me rends<\/p>\n<p class=\"more-link\"><a href=\"https:\/\/autate.fr\/site\/pourquoi-je-prends-ma-voiture-cet-ete-au-lieu-des-transport-en-commun\/\" class=\"themebutton2\">VOIR PLUS<\/a><\/p>\n","protected":false},"author":9,"featured_media":0,"comment_status":"open","ping_status":"open","sticky":false,"template":"","format":"standard","meta":{"footnotes":""},"categories":[336],"tags":[505],"class_list":["post-2812","post","type-post","status-publish","format-standard","hentry","category-temoignages","tag-ligne-metro-a"],"yoast_head":"<!-- This site is optimized with the Yoast SEO plugin v27.4 - https:\/\/yoast.com\/product\/yoast-seo-wordpress\/ -->\n<title>Pourquoi je prends ma voiture, cet \u00e9t\u00e9, au lieu des transport en commun - AUTATE<\/title>\n<meta name=\"robots\" content=\"index, follow, max-snippet:-1, max-image-preview:large, max-video-preview:-1\" \/>\n<link rel=\"canonical\" href=\"https:\/\/autate.fr\/site\/pourquoi-je-prends-ma-voiture-cet-ete-au-lieu-des-transport-en-commun\/\" \/>\n<meta property=\"og:locale\" content=\"fr_FR\" \/>\n<meta property=\"og:type\" content=\"article\" \/>\n<meta property=\"og:title\" content=\"Pourquoi je prends ma voiture, cet \u00e9t\u00e9, au lieu des transport en commun - AUTATE\" \/>\n<meta property=\"og:description\" content=\"Juste pour l&rsquo;exemple, il me faut 15 minutes en voiture pour relier Saint Martin du Touch \u00e0 Androm\u00e8de \u00e0 Blagnac. Pour aller \u00e0 mon travail, il me faut prendre le T1 puis la L2, et pour chacun il faut attendre 15 minutes entre 2 passages du fait des horaires d&rsquo;\u00e9t\u00e9. De plus, je me rendsVOIR PLUS\" \/>\n<meta property=\"og:url\" content=\"https:\/\/autate.fr\/site\/pourquoi-je-prends-ma-voiture-cet-ete-au-lieu-des-transport-en-commun\/\" \/>\n<meta property=\"og:site_name\" content=\"AUTATE\" \/>\n<meta property=\"article:publisher\" content=\"https:\/\/www.facebook.com\/AutateToulouse\" \/>\n<meta property=\"article:published_time\" content=\"2018-07-31T13:27:12+00:00\" \/>\n<meta name=\"author\" content=\"Marie-Pierre Bes\" \/>\n<meta name=\"twitter:card\" content=\"summary_large_image\" \/>\n<meta name=\"twitter:creator\" content=\"@AutateToulouse\" \/>\n<meta name=\"twitter:site\" content=\"@AutateToulouse\" \/>\n<meta name=\"twitter:label1\" content=\"\u00c9crit par\" \/>\n\t<meta name=\"twitter:data1\" content=\"Marie-Pierre Bes\" \/>\n\t<meta name=\"twitter:label2\" content=\"Dur\u00e9e de lecture estim\u00e9e\" \/>\n\t<meta name=\"twitter:data2\" content=\"1 minute\" \/>\n<script type=\"application\/ld+json\" class=\"yoast-schema-graph\">{\"@context\":\"https:\\\/\\\/schema.org\",\"@graph\":[{\"@type\":\"Article\",\"@id\":\"https:\\\/\\\/autate.fr\\\/site\\\/pourquoi-je-prends-ma-voiture-cet-ete-au-lieu-des-transport-en-commun\\\/#article\",\"isPartOf\":{\"@id\":\"https:\\\/\\\/autate.fr\\\/site\\\/pourquoi-je-prends-ma-voiture-cet-ete-au-lieu-des-transport-en-commun\\\/\"},\"author\":{\"name\":\"Marie-Pierre Bes\",\"@id\":\"https:\\\/\\\/autate.fr\\\/site\\\/#\\\/schema\\\/person\\\/ca1ac9182f29f02489db16f08b0834ff\"},\"headline\":\"Pourquoi je prends ma voiture, cet \u00e9t\u00e9, au lieu des transport en commun\",\"datePublished\":\"2018-07-31T13:27:12+00:00\",\"mainEntityOfPage\":{\"@id\":\"https:\\\/\\\/autate.fr\\\/site\\\/pourquoi-je-prends-ma-voiture-cet-ete-au-lieu-des-transport-en-commun\\\/\"},\"wordCount\":143,\"commentCount\":0,\"publisher\":{\"@id\":\"https:\\\/\\\/autate.fr\\\/site\\\/#organization\"},\"keywords\":[\"ligne m\u00e9tro A\"],\"articleSection\":[\"T\u00e9moignages\"],\"inLanguage\":\"fr-FR\",\"potentialAction\":[{\"@type\":\"CommentAction\",\"name\":\"Comment\",\"target\":[\"https:\\\/\\\/autate.fr\\\/site\\\/pourquoi-je-prends-ma-voiture-cet-ete-au-lieu-des-transport-en-commun\\\/#respond\"]}]},{\"@type\":\"WebPage\",\"@id\":\"https:\\\/\\\/autate.fr\\\/site\\\/pourquoi-je-prends-ma-voiture-cet-ete-au-lieu-des-transport-en-commun\\\/\",\"url\":\"https:\\\/\\\/autate.fr\\\/site\\\/pourquoi-je-prends-ma-voiture-cet-ete-au-lieu-des-transport-en-commun\\\/\",\"name\":\"Pourquoi je prends ma voiture, cet \u00e9t\u00e9, au lieu des transport en commun - AUTATE\",\"isPartOf\":{\"@id\":\"https:\\\/\\\/autate.fr\\\/site\\\/#website\"},\"datePublished\":\"2018-07-31T13:27:12+00:00\",\"breadcrumb\":{\"@id\":\"https:\\\/\\\/autate.fr\\\/site\\\/pourquoi-je-prends-ma-voiture-cet-ete-au-lieu-des-transport-en-commun\\\/#breadcrumb\"},\"inLanguage\":\"fr-FR\",\"potentialAction\":[{\"@type\":\"ReadAction\",\"target\":[\"https:\\\/\\\/autate.fr\\\/site\\\/pourquoi-je-prends-ma-voiture-cet-ete-au-lieu-des-transport-en-commun\\\/\"]}]},{\"@type\":\"BreadcrumbList\",\"@id\":\"https:\\\/\\\/autate.fr\\\/site\\\/pourquoi-je-prends-ma-voiture-cet-ete-au-lieu-des-transport-en-commun\\\/#breadcrumb\",\"itemListElement\":[{\"@type\":\"ListItem\",\"position\":1,\"name\":\"Accueil\",\"item\":\"https:\\\/\\\/autate.fr\\\/site\\\/\"},{\"@type\":\"ListItem\",\"position\":2,\"name\":\"Pourquoi je prends ma voiture, cet \u00e9t\u00e9, au lieu des transport en commun\"}]},{\"@type\":\"WebSite\",\"@id\":\"https:\\\/\\\/autate.fr\\\/site\\\/#website\",\"url\":\"https:\\\/\\\/autate.fr\\\/site\\\/\",\"name\":\"AUTATE\",\"description\":\"Association des usagers des transports de l&#039;agglom\u00e9ration Toulousaine et de ses environs\",\"publisher\":{\"@id\":\"https:\\\/\\\/autate.fr\\\/site\\\/#organization\"},\"potentialAction\":[{\"@type\":\"SearchAction\",\"target\":{\"@type\":\"EntryPoint\",\"urlTemplate\":\"https:\\\/\\\/autate.fr\\\/site\\\/?s={search_term_string}\"},\"query-input\":{\"@type\":\"PropertyValueSpecification\",\"valueRequired\":true,\"valueName\":\"search_term_string\"}}],\"inLanguage\":\"fr-FR\"},{\"@type\":\"Organization\",\"@id\":\"https:\\\/\\\/autate.fr\\\/site\\\/#organization\",\"name\":\"AUTATE\",\"url\":\"https:\\\/\\\/autate.fr\\\/site\\\/\",\"logo\":{\"@type\":\"ImageObject\",\"inLanguage\":\"fr-FR\",\"@id\":\"https:\\\/\\\/autate.fr\\\/site\\\/#\\\/schema\\\/logo\\\/image\\\/\",\"url\":\"http:\\\/\\\/autate.fr\\\/site\\\/wp-content\\\/uploads\\\/2019\\\/01\\\/logo.png\",\"contentUrl\":\"http:\\\/\\\/autate.fr\\\/site\\\/wp-content\\\/uploads\\\/2019\\\/01\\\/logo.png\",\"width\":506,\"height\":280,\"caption\":\"AUTATE\"},\"image\":{\"@id\":\"https:\\\/\\\/autate.fr\\\/site\\\/#\\\/schema\\\/logo\\\/image\\\/\"},\"sameAs\":[\"https:\\\/\\\/www.facebook.com\\\/AutateToulouse\",\"https:\\\/\\\/x.com\\\/AutateToulouse\"]},{\"@type\":\"Person\",\"@id\":\"https:\\\/\\\/autate.fr\\\/site\\\/#\\\/schema\\\/person\\\/ca1ac9182f29f02489db16f08b0834ff\",\"name\":\"Marie-Pierre Bes\",\"image\":{\"@type\":\"ImageObject\",\"inLanguage\":\"fr-FR\",\"@id\":\"https:\\\/\\\/secure.gravatar.com\\\/avatar\\\/08aa632b25ee7197789b8ec59d6cbcab7d9fc182fc393ccb7ac607ba55766261?s=96&d=mm&r=g\",\"url\":\"https:\\\/\\\/secure.gravatar.com\\\/avatar\\\/08aa632b25ee7197789b8ec59d6cbcab7d9fc182fc393ccb7ac607ba55766261?s=96&d=mm&r=g\",\"contentUrl\":\"https:\\\/\\\/secure.gravatar.com\\\/avatar\\\/08aa632b25ee7197789b8ec59d6cbcab7d9fc182fc393ccb7ac607ba55766261?s=96&d=mm&r=g\",\"caption\":\"Marie-Pierre Bes\"},\"url\":\"https:\\\/\\\/autate.fr\\\/site\\\/author\\\/mariepierre\\\/\"}]}<\/script>\n<!-- \/ Yoast SEO plugin. -->","yoast_head_json":{"title":"Pourquoi je prends ma voiture, cet \u00e9t\u00e9, au lieu des transport en commun - AUTATE","robots":{"index":"index","follow":"follow","max-snippet":"max-snippet:-1","max-image-preview":"max-image-preview:large","max-video-preview":"max-video-preview:-1"},"canonical":"https:\/\/autate.fr\/site\/pourquoi-je-prends-ma-voiture-cet-ete-au-lieu-des-transport-en-commun\/","og_locale":"fr_FR","og_type":"article","og_title":"Pourquoi je prends ma voiture, cet \u00e9t\u00e9, au lieu des transport en commun - AUTATE","og_description":"Juste pour l&rsquo;exemple, il me faut 15 minutes en voiture pour relier Saint Martin du Touch \u00e0 Androm\u00e8de \u00e0 Blagnac. Pour aller \u00e0 mon travail, il me faut prendre le T1 puis la L2, et pour chacun il faut attendre 15 minutes entre 2 passages du fait des horaires d&rsquo;\u00e9t\u00e9. De plus, je me rendsVOIR PLUS","og_url":"https:\/\/autate.fr\/site\/pourquoi-je-prends-ma-voiture-cet-ete-au-lieu-des-transport-en-commun\/","og_site_name":"AUTATE","article_publisher":"https:\/\/www.facebook.com\/AutateToulouse","article_published_time":"2018-07-31T13:27:12+00:00","author":"Marie-Pierre Bes","twitter_card":"summary_large_image","twitter_creator":"@AutateToulouse","twitter_site":"@AutateToulouse","twitter_misc":{"\u00c9crit par":"Marie-Pierre Bes","Dur\u00e9e de lecture estim\u00e9e":"1 minute"},"schema":{"@context":"https:\/\/schema.org","@graph":[{"@type":"Article","@id":"https:\/\/autate.fr\/site\/pourquoi-je-prends-ma-voiture-cet-ete-au-lieu-des-transport-en-commun\/#article","isPartOf":{"@id":"https:\/\/autate.fr\/site\/pourquoi-je-prends-ma-voiture-cet-ete-au-lieu-des-transport-en-commun\/"},"author":{"name":"Marie-Pierre Bes","@id":"https:\/\/autate.fr\/site\/#\/schema\/person\/ca1ac9182f29f02489db16f08b0834ff"},"headline":"Pourquoi je prends ma voiture, cet \u00e9t\u00e9, au lieu des transport en commun","datePublished":"2018-07-31T13:27:12+00:00","mainEntityOfPage":{"@id":"https:\/\/autate.fr\/site\/pourquoi-je-prends-ma-voiture-cet-ete-au-lieu-des-transport-en-commun\/"},"wordCount":143,"commentCount":0,"publisher":{"@id":"https:\/\/autate.fr\/site\/#organization"},"keywords":["ligne m\u00e9tro A"],"articleSection":["T\u00e9moignages"],"inLanguage":"fr-FR","potentialAction":[{"@type":"CommentAction","name":"Comment","target":["https:\/\/autate.fr\/site\/pourquoi-je-prends-ma-voiture-cet-ete-au-lieu-des-transport-en-commun\/#respond"]}]},{"@type":"WebPage","@id":"https:\/\/autate.fr\/site\/pourquoi-je-prends-ma-voiture-cet-ete-au-lieu-des-transport-en-commun\/","url":"https:\/\/autate.fr\/site\/pourquoi-je-prends-ma-voiture-cet-ete-au-lieu-des-transport-en-commun\/","name":"Pourquoi je prends ma voiture, cet \u00e9t\u00e9, au lieu des transport en commun - AUTATE","isPartOf":{"@id":"https:\/\/autate.fr\/site\/#website"},"datePublished":"2018-07-31T13:27:12+00:00","breadcrumb":{"@id":"https:\/\/autate.fr\/site\/pourquoi-je-prends-ma-voiture-cet-ete-au-lieu-des-transport-en-commun\/#breadcrumb"},"inLanguage":"fr-FR","potentialAction":[{"@type":"ReadAction","target":["https:\/\/autate.fr\/site\/pourquoi-je-prends-ma-voiture-cet-ete-au-lieu-des-transport-en-commun\/"]}]},{"@type":"BreadcrumbList","@id":"https:\/\/autate.fr\/site\/pourquoi-je-prends-ma-voiture-cet-ete-au-lieu-des-transport-en-commun\/#breadcrumb","itemListElement":[{"@type":"ListItem","position":1,"name":"Accueil","item":"https:\/\/autate.fr\/site\/"},{"@type":"ListItem","position":2,"name":"Pourquoi je prends ma voiture, cet \u00e9t\u00e9, au lieu des transport en commun"}]},{"@type":"WebSite","@id":"https:\/\/autate.fr\/site\/#website","url":"https:\/\/autate.fr\/site\/","name":"AUTATE","description":"Association des usagers des transports de l&#039;agglom\u00e9ration Toulousaine et de ses environs","publisher":{"@id":"https:\/\/autate.fr\/site\/#organization"},"potentialAction":[{"@type":"SearchAction","target":{"@type":"EntryPoint","urlTemplate":"https:\/\/autate.fr\/site\/?s={search_term_string}"},"query-input":{"@type":"PropertyValueSpecification","valueRequired":true,"valueName":"search_term_string"}}],"inLanguage":"fr-FR"},{"@type":"Organization","@id":"https:\/\/autate.fr\/site\/#organization","name":"AUTATE","url":"https:\/\/autate.fr\/site\/","logo":{"@type":"ImageObject","inLanguage":"fr-FR","@id":"https:\/\/autate.fr\/site\/#\/schema\/logo\/image\/","url":"http:\/\/autate.fr\/site\/wp-content\/uploads\/2019\/01\/logo.png","contentUrl":"http:\/\/autate.fr\/site\/wp-content\/uploads\/2019\/01\/logo.png","width":506,"height":280,"caption":"AUTATE"},"image":{"@id":"https:\/\/autate.fr\/site\/#\/schema\/logo\/image\/"},"sameAs":["https:\/\/www.facebook.com\/AutateToulouse","https:\/\/x.com\/AutateToulouse"]},{"@type":"Person","@id":"https:\/\/autate.fr\/site\/#\/schema\/person\/ca1ac9182f29f02489db16f08b0834ff","name":"Marie-Pierre Bes","image":{"@type":"ImageObject","inLanguage":"fr-FR","@id":"https:\/\/secure.gravatar.com\/avatar\/08aa632b25ee7197789b8ec59d6cbcab7d9fc182fc393ccb7ac607ba55766261?s=96&d=mm&r=g","url":"https:\/\/secure.gravatar.com\/avatar\/08aa632b25ee7197789b8ec59d6cbcab7d9fc182fc393ccb7ac607ba55766261?s=96&d=mm&r=g","contentUrl":"https:\/\/secure.gravatar.com\/avatar\/08aa632b25ee7197789b8ec59d6cbcab7d9fc182fc393ccb7ac607ba55766261?s=96&d=mm&r=g","caption":"Marie-Pierre Bes"},"url":"https:\/\/autate.fr\/site\/author\/mariepierre\/"}]}},"_links":{"self":[{"href":"https:\/\/autate.fr\/site\/wp-json\/wp\/v2\/posts\/2812","targetHints":{"allow":["GET"]}}],"collection":[{"href":"https:\/\/autate.fr\/site\/wp-json\/wp\/v2\/posts"}],"about":[{"href":"https:\/\/autate.fr\/site\/wp-json\/wp\/v2\/types\/post"}],"author":[{"embeddable":true,"href":"https:\/\/autate.fr\/site\/wp-json\/wp\/v2\/users\/9"}],"replies":[{"embeddable":true,"href":"https:\/\/autate.fr\/site\/wp-json\/wp\/v2\/comments?post=2812"}],"version-history":[{"count":1,"href":"https:\/\/autate.fr\/site\/wp-json\/wp\/v2\/posts\/2812\/revisions"}],"predecessor-version":[{"id":2813,"href":"https:\/\/autate.fr\/site\/wp-json\/wp\/v2\/posts\/2812\/revisions\/2813"}],"wp:attachment":[{"href":"https:\/\/autate.fr\/site\/wp-json\/wp\/v2\/media?parent=2812"}],"wp:term":[{"taxonomy":"category","embeddable":true,"href":"https:\/\/autate.fr\/site\/wp-json\/wp\/v2\/categories?post=2812"},{"taxonomy":"post_tag","embeddable":true,"href":"https:\/\/autate.fr\/site\/wp-json\/wp\/v2\/tags?post=2812"}],"curies":[{"name":"wp","href":"https:\/\/api.w.org\/{rel}","templated":true}]}}