{"id":2798,"date":"2018-07-22T14:21:52","date_gmt":"2018-07-22T12:21:52","guid":{"rendered":"http:\/\/autate.fr\/site\/?p=2798"},"modified":"2018-07-22T14:22:21","modified_gmt":"2018-07-22T12:22:21","slug":"prolonger-la-rocade-vers-la-cite-de-lespace","status":"publish","type":"post","link":"https:\/\/autate.fr\/site\/prolonger-la-rocade-vers-la-cite-de-lespace\/","title":{"rendered":"Prolonger la rocade vers la cit\u00e9 de l&rsquo;espace"},"content":{"rendered":"<p>Au sujet du nouvel \u00e9changeur autoroutier au niveau de la Cit\u00e9 de l&rsquo;Espace, l&rsquo;AUTATE (avec 2P2R et comit\u00e9 de quartier Hers) ont \u00e9crit au Conseil r\u00e9gional, c&rsquo;est la mairie qui r\u00e9pond : \u00ab\u00a0mais non, la rocade Jonction Est ne va pas accroitre les bouchons et la pollution automobile, puisque la LINEO 1 va aller \u00e0 Entiore et que les pistes cyclables seront renforc\u00e9es\u00a0\u00bb.<\/p>\n<p>Il se peut que cela ne suffise pas.<\/p>\n<p><a href=\"https:\/\/autate.fr\/site\/wp-content\/uploads\/2018\/07\/IMG_20301-e1532262018760.jpg\"><img loading=\"lazy\" decoding=\"async\" class=\"alignnone size-medium wp-image-2799\" src=\"https:\/\/autate.fr\/site\/wp-content\/uploads\/2018\/07\/IMG_20301-e1532262018760-225x300.jpg\" alt=\"\" width=\"225\" height=\"300\" srcset=\"https:\/\/autate.fr\/site\/wp-content\/uploads\/2018\/07\/IMG_20301-e1532262018760-225x300.jpg 225w, https:\/\/autate.fr\/site\/wp-content\/uploads\/2018\/07\/IMG_20301-e1532262018760-768x1024.jpg 768w\" sizes=\"auto, (max-width: 225px) 100vw, 225px\" \/><\/a><\/p>\n","protected":false},"excerpt":{"rendered":"<p>Au sujet du nouvel \u00e9changeur autoroutier au niveau de la Cit\u00e9 de l&rsquo;Espace, l&rsquo;AUTATE (avec 2P2R et comit\u00e9 de quartier Hers) ont \u00e9crit au Conseil r\u00e9gional, c&rsquo;est la mairie qui r\u00e9pond : \u00ab\u00a0mais non, la rocade Jonction Est ne va pas accroitre les bouchons et la pollution automobile, puisque la LINEO 1 va aller \u00e0<\/p>\n<p class=\"more-link\"><a href=\"https:\/\/autate.fr\/site\/prolonger-la-rocade-vers-la-cite-de-lespace\/\" class=\"themebutton2\">VOIR PLUS<\/a><\/p>\n","protected":false},"author":9,"featured_media":0,"comment_status":"open","ping_status":"open","sticky":false,"template":"","format":"standard","meta":{"footnotes":""},"categories":[4,298],"tags":[],"class_list":["post-2798","post","type-post","status-publish","format-standard","hentry","category-actualite-association","category-lineo"],"yoast_head":"<!-- This site is optimized with the Yoast SEO plugin v27.4 - https:\/\/yoast.com\/product\/yoast-seo-wordpress\/ -->\n<title>Prolonger la rocade vers la cit\u00e9 de l&#039;espace - AUTATE<\/title>\n<meta name=\"robots\" content=\"index, follow, max-snippet:-1, max-image-preview:large, max-video-preview:-1\" \/>\n<link rel=\"canonical\" href=\"https:\/\/autate.fr\/site\/prolonger-la-rocade-vers-la-cite-de-lespace\/\" \/>\n<meta property=\"og:locale\" content=\"fr_FR\" \/>\n<meta property=\"og:type\" content=\"article\" \/>\n<meta property=\"og:title\" content=\"Prolonger la rocade vers la cit\u00e9 de l&#039;espace - AUTATE\" \/>\n<meta property=\"og:description\" content=\"Au sujet du nouvel \u00e9changeur autoroutier au niveau de la Cit\u00e9 de l&rsquo;Espace, l&rsquo;AUTATE (avec 2P2R et comit\u00e9 de quartier Hers) ont \u00e9crit au Conseil r\u00e9gional, c&rsquo;est la mairie qui r\u00e9pond : \u00ab\u00a0mais non, la rocade Jonction Est ne va pas accroitre les bouchons et la pollution automobile, puisque la LINEO 1 va aller \u00e0VOIR PLUS\" \/>\n<meta property=\"og:url\" content=\"https:\/\/autate.fr\/site\/prolonger-la-rocade-vers-la-cite-de-lespace\/\" \/>\n<meta property=\"og:site_name\" content=\"AUTATE\" \/>\n<meta property=\"article:publisher\" content=\"https:\/\/www.facebook.com\/AutateToulouse\" \/>\n<meta property=\"article:published_time\" content=\"2018-07-22T12:21:52+00:00\" \/>\n<meta property=\"article:modified_time\" content=\"2018-07-22T12:22:21+00:00\" \/>\n<meta property=\"og:image\" content=\"http:\/\/autate.fr\/site\/wp-content\/uploads\/2018\/07\/IMG_20301-e1532262018760-225x300.jpg\" \/>\n<meta name=\"author\" content=\"Marie-Pierre Bes\" \/>\n<meta name=\"twitter:card\" content=\"summary_large_image\" \/>\n<meta name=\"twitter:creator\" content=\"@AutateToulouse\" \/>\n<meta name=\"twitter:site\" content=\"@AutateToulouse\" \/>\n<meta name=\"twitter:label1\" content=\"\u00c9crit par\" \/>\n\t<meta name=\"twitter:data1\" content=\"Marie-Pierre Bes\" \/>\n<script type=\"application\/ld+json\" class=\"yoast-schema-graph\">{\"@context\":\"https:\\\/\\\/schema.org\",\"@graph\":[{\"@type\":\"Article\",\"@id\":\"https:\\\/\\\/autate.fr\\\/site\\\/prolonger-la-rocade-vers-la-cite-de-lespace\\\/#article\",\"isPartOf\":{\"@id\":\"https:\\\/\\\/autate.fr\\\/site\\\/prolonger-la-rocade-vers-la-cite-de-lespace\\\/\"},\"author\":{\"name\":\"Marie-Pierre Bes\",\"@id\":\"https:\\\/\\\/autate.fr\\\/site\\\/#\\\/schema\\\/person\\\/ca1ac9182f29f02489db16f08b0834ff\"},\"headline\":\"Prolonger la rocade vers la cit\u00e9 de l&rsquo;espace\",\"datePublished\":\"2018-07-22T12:21:52+00:00\",\"dateModified\":\"2018-07-22T12:22:21+00:00\",\"mainEntityOfPage\":{\"@id\":\"https:\\\/\\\/autate.fr\\\/site\\\/prolonger-la-rocade-vers-la-cite-de-lespace\\\/\"},\"wordCount\":80,\"commentCount\":0,\"publisher\":{\"@id\":\"https:\\\/\\\/autate.fr\\\/site\\\/#organization\"},\"image\":{\"@id\":\"https:\\\/\\\/autate.fr\\\/site\\\/prolonger-la-rocade-vers-la-cite-de-lespace\\\/#primaryimage\"},\"thumbnailUrl\":\"http:\\\/\\\/autate.fr\\\/site\\\/wp-content\\\/uploads\\\/2018\\\/07\\\/IMG_20301-e1532262018760-225x300.jpg\",\"articleSection\":[\"Actualit\u00e9s-AUTATE\",\"Lin\u00e9o\"],\"inLanguage\":\"fr-FR\",\"potentialAction\":[{\"@type\":\"CommentAction\",\"name\":\"Comment\",\"target\":[\"https:\\\/\\\/autate.fr\\\/site\\\/prolonger-la-rocade-vers-la-cite-de-lespace\\\/#respond\"]}]},{\"@type\":\"WebPage\",\"@id\":\"https:\\\/\\\/autate.fr\\\/site\\\/prolonger-la-rocade-vers-la-cite-de-lespace\\\/\",\"url\":\"https:\\\/\\\/autate.fr\\\/site\\\/prolonger-la-rocade-vers-la-cite-de-lespace\\\/\",\"name\":\"Prolonger la rocade vers la cit\u00e9 de l'espace - AUTATE\",\"isPartOf\":{\"@id\":\"https:\\\/\\\/autate.fr\\\/site\\\/#website\"},\"primaryImageOfPage\":{\"@id\":\"https:\\\/\\\/autate.fr\\\/site\\\/prolonger-la-rocade-vers-la-cite-de-lespace\\\/#primaryimage\"},\"image\":{\"@id\":\"https:\\\/\\\/autate.fr\\\/site\\\/prolonger-la-rocade-vers-la-cite-de-lespace\\\/#primaryimage\"},\"thumbnailUrl\":\"http:\\\/\\\/autate.fr\\\/site\\\/wp-content\\\/uploads\\\/2018\\\/07\\\/IMG_20301-e1532262018760-225x300.jpg\",\"datePublished\":\"2018-07-22T12:21:52+00:00\",\"dateModified\":\"2018-07-22T12:22:21+00:00\",\"breadcrumb\":{\"@id\":\"https:\\\/\\\/autate.fr\\\/site\\\/prolonger-la-rocade-vers-la-cite-de-lespace\\\/#breadcrumb\"},\"inLanguage\":\"fr-FR\",\"potentialAction\":[{\"@type\":\"ReadAction\",\"target\":[\"https:\\\/\\\/autate.fr\\\/site\\\/prolonger-la-rocade-vers-la-cite-de-lespace\\\/\"]}]},{\"@type\":\"ImageObject\",\"inLanguage\":\"fr-FR\",\"@id\":\"https:\\\/\\\/autate.fr\\\/site\\\/prolonger-la-rocade-vers-la-cite-de-lespace\\\/#primaryimage\",\"url\":\"https:\\\/\\\/autate.fr\\\/site\\\/wp-content\\\/uploads\\\/2018\\\/07\\\/IMG_20301-e1532262018760.jpg\",\"contentUrl\":\"https:\\\/\\\/autate.fr\\\/site\\\/wp-content\\\/uploads\\\/2018\\\/07\\\/IMG_20301-e1532262018760.jpg\",\"width\":2448,\"height\":3264},{\"@type\":\"BreadcrumbList\",\"@id\":\"https:\\\/\\\/autate.fr\\\/site\\\/prolonger-la-rocade-vers-la-cite-de-lespace\\\/#breadcrumb\",\"itemListElement\":[{\"@type\":\"ListItem\",\"position\":1,\"name\":\"Accueil\",\"item\":\"https:\\\/\\\/autate.fr\\\/site\\\/\"},{\"@type\":\"ListItem\",\"position\":2,\"name\":\"Prolonger la rocade vers la cit\u00e9 de l&rsquo;espace\"}]},{\"@type\":\"WebSite\",\"@id\":\"https:\\\/\\\/autate.fr\\\/site\\\/#website\",\"url\":\"https:\\\/\\\/autate.fr\\\/site\\\/\",\"name\":\"AUTATE\",\"description\":\"Association des usagers des transports de l&#039;agglom\u00e9ration Toulousaine et de ses environs\",\"publisher\":{\"@id\":\"https:\\\/\\\/autate.fr\\\/site\\\/#organization\"},\"potentialAction\":[{\"@type\":\"SearchAction\",\"target\":{\"@type\":\"EntryPoint\",\"urlTemplate\":\"https:\\\/\\\/autate.fr\\\/site\\\/?s={search_term_string}\"},\"query-input\":{\"@type\":\"PropertyValueSpecification\",\"valueRequired\":true,\"valueName\":\"search_term_string\"}}],\"inLanguage\":\"fr-FR\"},{\"@type\":\"Organization\",\"@id\":\"https:\\\/\\\/autate.fr\\\/site\\\/#organization\",\"name\":\"AUTATE\",\"url\":\"https:\\\/\\\/autate.fr\\\/site\\\/\",\"logo\":{\"@type\":\"ImageObject\",\"inLanguage\":\"fr-FR\",\"@id\":\"https:\\\/\\\/autate.fr\\\/site\\\/#\\\/schema\\\/logo\\\/image\\\/\",\"url\":\"http:\\\/\\\/autate.fr\\\/site\\\/wp-content\\\/uploads\\\/2019\\\/01\\\/logo.png\",\"contentUrl\":\"http:\\\/\\\/autate.fr\\\/site\\\/wp-content\\\/uploads\\\/2019\\\/01\\\/logo.png\",\"width\":506,\"height\":280,\"caption\":\"AUTATE\"},\"image\":{\"@id\":\"https:\\\/\\\/autate.fr\\\/site\\\/#\\\/schema\\\/logo\\\/image\\\/\"},\"sameAs\":[\"https:\\\/\\\/www.facebook.com\\\/AutateToulouse\",\"https:\\\/\\\/x.com\\\/AutateToulouse\"]},{\"@type\":\"Person\",\"@id\":\"https:\\\/\\\/autate.fr\\\/site\\\/#\\\/schema\\\/person\\\/ca1ac9182f29f02489db16f08b0834ff\",\"name\":\"Marie-Pierre Bes\",\"image\":{\"@type\":\"ImageObject\",\"inLanguage\":\"fr-FR\",\"@id\":\"https:\\\/\\\/secure.gravatar.com\\\/avatar\\\/08aa632b25ee7197789b8ec59d6cbcab7d9fc182fc393ccb7ac607ba55766261?s=96&d=mm&r=g\",\"url\":\"https:\\\/\\\/secure.gravatar.com\\\/avatar\\\/08aa632b25ee7197789b8ec59d6cbcab7d9fc182fc393ccb7ac607ba55766261?s=96&d=mm&r=g\",\"contentUrl\":\"https:\\\/\\\/secure.gravatar.com\\\/avatar\\\/08aa632b25ee7197789b8ec59d6cbcab7d9fc182fc393ccb7ac607ba55766261?s=96&d=mm&r=g\",\"caption\":\"Marie-Pierre Bes\"},\"url\":\"https:\\\/\\\/autate.fr\\\/site\\\/author\\\/mariepierre\\\/\"}]}<\/script>\n<!-- \/ Yoast SEO plugin. -->","yoast_head_json":{"title":"Prolonger la rocade vers la cit\u00e9 de l'espace - AUTATE","robots":{"index":"index","follow":"follow","max-snippet":"max-snippet:-1","max-image-preview":"max-image-preview:large","max-video-preview":"max-video-preview:-1"},"canonical":"https:\/\/autate.fr\/site\/prolonger-la-rocade-vers-la-cite-de-lespace\/","og_locale":"fr_FR","og_type":"article","og_title":"Prolonger la rocade vers la cit\u00e9 de l'espace - AUTATE","og_description":"Au sujet du nouvel \u00e9changeur autoroutier au niveau de la Cit\u00e9 de l&rsquo;Espace, l&rsquo;AUTATE (avec 2P2R et comit\u00e9 de quartier Hers) ont \u00e9crit au Conseil r\u00e9gional, c&rsquo;est la mairie qui r\u00e9pond : \u00ab\u00a0mais non, la rocade Jonction Est ne va pas accroitre les bouchons et la pollution automobile, puisque la LINEO 1 va aller \u00e0VOIR PLUS","og_url":"https:\/\/autate.fr\/site\/prolonger-la-rocade-vers-la-cite-de-lespace\/","og_site_name":"AUTATE","article_publisher":"https:\/\/www.facebook.com\/AutateToulouse","article_published_time":"2018-07-22T12:21:52+00:00","article_modified_time":"2018-07-22T12:22:21+00:00","og_image":[{"url":"http:\/\/autate.fr\/site\/wp-content\/uploads\/2018\/07\/IMG_20301-e1532262018760-225x300.jpg","type":"","width":"","height":""}],"author":"Marie-Pierre Bes","twitter_card":"summary_large_image","twitter_creator":"@AutateToulouse","twitter_site":"@AutateToulouse","twitter_misc":{"\u00c9crit par":"Marie-Pierre Bes"},"schema":{"@context":"https:\/\/schema.org","@graph":[{"@type":"Article","@id":"https:\/\/autate.fr\/site\/prolonger-la-rocade-vers-la-cite-de-lespace\/#article","isPartOf":{"@id":"https:\/\/autate.fr\/site\/prolonger-la-rocade-vers-la-cite-de-lespace\/"},"author":{"name":"Marie-Pierre Bes","@id":"https:\/\/autate.fr\/site\/#\/schema\/person\/ca1ac9182f29f02489db16f08b0834ff"},"headline":"Prolonger la rocade vers la cit\u00e9 de l&rsquo;espace","datePublished":"2018-07-22T12:21:52+00:00","dateModified":"2018-07-22T12:22:21+00:00","mainEntityOfPage":{"@id":"https:\/\/autate.fr\/site\/prolonger-la-rocade-vers-la-cite-de-lespace\/"},"wordCount":80,"commentCount":0,"publisher":{"@id":"https:\/\/autate.fr\/site\/#organization"},"image":{"@id":"https:\/\/autate.fr\/site\/prolonger-la-rocade-vers-la-cite-de-lespace\/#primaryimage"},"thumbnailUrl":"http:\/\/autate.fr\/site\/wp-content\/uploads\/2018\/07\/IMG_20301-e1532262018760-225x300.jpg","articleSection":["Actualit\u00e9s-AUTATE","Lin\u00e9o"],"inLanguage":"fr-FR","potentialAction":[{"@type":"CommentAction","name":"Comment","target":["https:\/\/autate.fr\/site\/prolonger-la-rocade-vers-la-cite-de-lespace\/#respond"]}]},{"@type":"WebPage","@id":"https:\/\/autate.fr\/site\/prolonger-la-rocade-vers-la-cite-de-lespace\/","url":"https:\/\/autate.fr\/site\/prolonger-la-rocade-vers-la-cite-de-lespace\/","name":"Prolonger la rocade vers la cit\u00e9 de l'espace - AUTATE","isPartOf":{"@id":"https:\/\/autate.fr\/site\/#website"},"primaryImageOfPage":{"@id":"https:\/\/autate.fr\/site\/prolonger-la-rocade-vers-la-cite-de-lespace\/#primaryimage"},"image":{"@id":"https:\/\/autate.fr\/site\/prolonger-la-rocade-vers-la-cite-de-lespace\/#primaryimage"},"thumbnailUrl":"http:\/\/autate.fr\/site\/wp-content\/uploads\/2018\/07\/IMG_20301-e1532262018760-225x300.jpg","datePublished":"2018-07-22T12:21:52+00:00","dateModified":"2018-07-22T12:22:21+00:00","breadcrumb":{"@id":"https:\/\/autate.fr\/site\/prolonger-la-rocade-vers-la-cite-de-lespace\/#breadcrumb"},"inLanguage":"fr-FR","potentialAction":[{"@type":"ReadAction","target":["https:\/\/autate.fr\/site\/prolonger-la-rocade-vers-la-cite-de-lespace\/"]}]},{"@type":"ImageObject","inLanguage":"fr-FR","@id":"https:\/\/autate.fr\/site\/prolonger-la-rocade-vers-la-cite-de-lespace\/#primaryimage","url":"https:\/\/autate.fr\/site\/wp-content\/uploads\/2018\/07\/IMG_20301-e1532262018760.jpg","contentUrl":"https:\/\/autate.fr\/site\/wp-content\/uploads\/2018\/07\/IMG_20301-e1532262018760.jpg","width":2448,"height":3264},{"@type":"BreadcrumbList","@id":"https:\/\/autate.fr\/site\/prolonger-la-rocade-vers-la-cite-de-lespace\/#breadcrumb","itemListElement":[{"@type":"ListItem","position":1,"name":"Accueil","item":"https:\/\/autate.fr\/site\/"},{"@type":"ListItem","position":2,"name":"Prolonger la rocade vers la cit\u00e9 de l&rsquo;espace"}]},{"@type":"WebSite","@id":"https:\/\/autate.fr\/site\/#website","url":"https:\/\/autate.fr\/site\/","name":"AUTATE","description":"Association des usagers des transports de l&#039;agglom\u00e9ration Toulousaine et de ses environs","publisher":{"@id":"https:\/\/autate.fr\/site\/#organization"},"potentialAction":[{"@type":"SearchAction","target":{"@type":"EntryPoint","urlTemplate":"https:\/\/autate.fr\/site\/?s={search_term_string}"},"query-input":{"@type":"PropertyValueSpecification","valueRequired":true,"valueName":"search_term_string"}}],"inLanguage":"fr-FR"},{"@type":"Organization","@id":"https:\/\/autate.fr\/site\/#organization","name":"AUTATE","url":"https:\/\/autate.fr\/site\/","logo":{"@type":"ImageObject","inLanguage":"fr-FR","@id":"https:\/\/autate.fr\/site\/#\/schema\/logo\/image\/","url":"http:\/\/autate.fr\/site\/wp-content\/uploads\/2019\/01\/logo.png","contentUrl":"http:\/\/autate.fr\/site\/wp-content\/uploads\/2019\/01\/logo.png","width":506,"height":280,"caption":"AUTATE"},"image":{"@id":"https:\/\/autate.fr\/site\/#\/schema\/logo\/image\/"},"sameAs":["https:\/\/www.facebook.com\/AutateToulouse","https:\/\/x.com\/AutateToulouse"]},{"@type":"Person","@id":"https:\/\/autate.fr\/site\/#\/schema\/person\/ca1ac9182f29f02489db16f08b0834ff","name":"Marie-Pierre Bes","image":{"@type":"ImageObject","inLanguage":"fr-FR","@id":"https:\/\/secure.gravatar.com\/avatar\/08aa632b25ee7197789b8ec59d6cbcab7d9fc182fc393ccb7ac607ba55766261?s=96&d=mm&r=g","url":"https:\/\/secure.gravatar.com\/avatar\/08aa632b25ee7197789b8ec59d6cbcab7d9fc182fc393ccb7ac607ba55766261?s=96&d=mm&r=g","contentUrl":"https:\/\/secure.gravatar.com\/avatar\/08aa632b25ee7197789b8ec59d6cbcab7d9fc182fc393ccb7ac607ba55766261?s=96&d=mm&r=g","caption":"Marie-Pierre Bes"},"url":"https:\/\/autate.fr\/site\/author\/mariepierre\/"}]}},"_links":{"self":[{"href":"https:\/\/autate.fr\/site\/wp-json\/wp\/v2\/posts\/2798","targetHints":{"allow":["GET"]}}],"collection":[{"href":"https:\/\/autate.fr\/site\/wp-json\/wp\/v2\/posts"}],"about":[{"href":"https:\/\/autate.fr\/site\/wp-json\/wp\/v2\/types\/post"}],"author":[{"embeddable":true,"href":"https:\/\/autate.fr\/site\/wp-json\/wp\/v2\/users\/9"}],"replies":[{"embeddable":true,"href":"https:\/\/autate.fr\/site\/wp-json\/wp\/v2\/comments?post=2798"}],"version-history":[{"count":2,"href":"https:\/\/autate.fr\/site\/wp-json\/wp\/v2\/posts\/2798\/revisions"}],"predecessor-version":[{"id":2801,"href":"https:\/\/autate.fr\/site\/wp-json\/wp\/v2\/posts\/2798\/revisions\/2801"}],"wp:attachment":[{"href":"https:\/\/autate.fr\/site\/wp-json\/wp\/v2\/media?parent=2798"}],"wp:term":[{"taxonomy":"category","embeddable":true,"href":"https:\/\/autate.fr\/site\/wp-json\/wp\/v2\/categories?post=2798"},{"taxonomy":"post_tag","embeddable":true,"href":"https:\/\/autate.fr\/site\/wp-json\/wp\/v2\/tags?post=2798"}],"curies":[{"name":"wp","href":"https:\/\/api.w.org\/{rel}","templated":true}]}}