{"id":2774,"date":"2018-07-13T13:48:49","date_gmt":"2018-07-13T11:48:49","guid":{"rendered":"http:\/\/autate.fr\/site\/?p=2774"},"modified":"2025-11-21T22:10:33","modified_gmt":"2025-11-21T21:10:33","slug":"temps-de-trajet-blagnac-tournefeuille","status":"publish","type":"post","link":"https:\/\/autate.fr\/site\/temps-de-trajet-blagnac-tournefeuille\/","title":{"rendered":"temps de trajet blagnac-tournefeuille"},"content":{"rendered":"<p>bonjour,<\/p>\n<p>ce matin, j&rsquo;avais RDV avec Madame La D\u00e9put\u00e9e Monique Iborra. J&rsquo;y suis all\u00e9e en voiture car l&rsquo;offre de transport est minable.<\/p>\n<p><a href=\"https:\/\/autate.fr\/site\/wp-content\/uploads\/2018\/07\/Capture.jpg\"><img loading=\"lazy\" decoding=\"async\" class=\"alignnone size-medium wp-image-2775\" src=\"https:\/\/autate.fr\/site\/wp-content\/uploads\/2018\/07\/Capture-300x158.jpg\" alt=\"\" width=\"300\" height=\"158\" srcset=\"https:\/\/autate.fr\/site\/wp-content\/uploads\/2018\/07\/Capture-300x158.jpg 300w, https:\/\/autate.fr\/site\/wp-content\/uploads\/2018\/07\/Capture-768x404.jpg 768w, https:\/\/autate.fr\/site\/wp-content\/uploads\/2018\/07\/Capture-1024x539.jpg 1024w, https:\/\/autate.fr\/site\/wp-content\/uploads\/2018\/07\/Capture-1038x547.jpg 1038w, https:\/\/autate.fr\/site\/wp-content\/uploads\/2018\/07\/Capture.jpg 1039w\" sizes=\"auto, (max-width: 300px) 100vw, 300px\" \/><\/a><\/p>\n<p>Marie-Pierre<\/p>\n","protected":false},"excerpt":{"rendered":"<p>bonjour, ce matin, j&rsquo;avais RDV avec Madame La D\u00e9put\u00e9e Monique Iborra. J&rsquo;y suis all\u00e9e en voiture car l&rsquo;offre de transport est minable. Marie-Pierre<\/p>\n","protected":false},"author":9,"featured_media":0,"comment_status":"open","ping_status":"open","sticky":false,"template":"","format":"standard","meta":{"footnotes":""},"categories":[500],"tags":[34,227],"class_list":["post-2774","post","type-post","status-publish","format-standard","hentry","category-bus-tisseo","tag-blagnac","tag-tournefeuille"],"yoast_head":"<!-- This site is optimized with the Yoast SEO plugin v27.4 - https:\/\/yoast.com\/product\/yoast-seo-wordpress\/ -->\n<title>temps de trajet blagnac-tournefeuille - AUTATE<\/title>\n<meta name=\"robots\" content=\"index, follow, max-snippet:-1, max-image-preview:large, max-video-preview:-1\" \/>\n<link rel=\"canonical\" href=\"https:\/\/autate.fr\/site\/temps-de-trajet-blagnac-tournefeuille\/\" \/>\n<meta property=\"og:locale\" content=\"fr_FR\" \/>\n<meta property=\"og:type\" content=\"article\" \/>\n<meta property=\"og:title\" content=\"temps de trajet blagnac-tournefeuille - AUTATE\" \/>\n<meta property=\"og:description\" content=\"bonjour, ce matin, j&rsquo;avais RDV avec Madame La D\u00e9put\u00e9e Monique Iborra. J&rsquo;y suis all\u00e9e en voiture car l&rsquo;offre de transport est minable. Marie-Pierre\" \/>\n<meta property=\"og:url\" content=\"https:\/\/autate.fr\/site\/temps-de-trajet-blagnac-tournefeuille\/\" \/>\n<meta property=\"og:site_name\" content=\"AUTATE\" \/>\n<meta property=\"article:publisher\" content=\"https:\/\/www.facebook.com\/AutateToulouse\" \/>\n<meta property=\"article:published_time\" content=\"2018-07-13T11:48:49+00:00\" \/>\n<meta property=\"article:modified_time\" content=\"2025-11-21T21:10:33+00:00\" \/>\n<meta property=\"og:image\" content=\"http:\/\/autate.fr\/site\/wp-content\/uploads\/2018\/07\/Capture-300x158.jpg\" \/>\n<meta name=\"author\" content=\"Marie-Pierre Bes\" \/>\n<meta name=\"twitter:card\" content=\"summary_large_image\" \/>\n<meta name=\"twitter:creator\" content=\"@AutateToulouse\" \/>\n<meta name=\"twitter:site\" content=\"@AutateToulouse\" \/>\n<meta name=\"twitter:label1\" content=\"\u00c9crit par\" \/>\n\t<meta name=\"twitter:data1\" content=\"Marie-Pierre Bes\" \/>\n<script type=\"application\/ld+json\" class=\"yoast-schema-graph\">{\"@context\":\"https:\\\/\\\/schema.org\",\"@graph\":[{\"@type\":\"Article\",\"@id\":\"https:\\\/\\\/autate.fr\\\/site\\\/temps-de-trajet-blagnac-tournefeuille\\\/#article\",\"isPartOf\":{\"@id\":\"https:\\\/\\\/autate.fr\\\/site\\\/temps-de-trajet-blagnac-tournefeuille\\\/\"},\"author\":{\"name\":\"Marie-Pierre Bes\",\"@id\":\"https:\\\/\\\/autate.fr\\\/site\\\/#\\\/schema\\\/person\\\/ca1ac9182f29f02489db16f08b0834ff\"},\"headline\":\"temps de trajet blagnac-tournefeuille\",\"datePublished\":\"2018-07-13T11:48:49+00:00\",\"dateModified\":\"2025-11-21T21:10:33+00:00\",\"mainEntityOfPage\":{\"@id\":\"https:\\\/\\\/autate.fr\\\/site\\\/temps-de-trajet-blagnac-tournefeuille\\\/\"},\"wordCount\":30,\"commentCount\":0,\"publisher\":{\"@id\":\"https:\\\/\\\/autate.fr\\\/site\\\/#organization\"},\"image\":{\"@id\":\"https:\\\/\\\/autate.fr\\\/site\\\/temps-de-trajet-blagnac-tournefeuille\\\/#primaryimage\"},\"thumbnailUrl\":\"http:\\\/\\\/autate.fr\\\/site\\\/wp-content\\\/uploads\\\/2018\\\/07\\\/Capture-300x158.jpg\",\"keywords\":[\"Blagnac\",\"tournefeuille\"],\"articleSection\":[\"Bus Tisseo\"],\"inLanguage\":\"fr-FR\",\"potentialAction\":[{\"@type\":\"CommentAction\",\"name\":\"Comment\",\"target\":[\"https:\\\/\\\/autate.fr\\\/site\\\/temps-de-trajet-blagnac-tournefeuille\\\/#respond\"]}]},{\"@type\":\"WebPage\",\"@id\":\"https:\\\/\\\/autate.fr\\\/site\\\/temps-de-trajet-blagnac-tournefeuille\\\/\",\"url\":\"https:\\\/\\\/autate.fr\\\/site\\\/temps-de-trajet-blagnac-tournefeuille\\\/\",\"name\":\"temps de trajet blagnac-tournefeuille - AUTATE\",\"isPartOf\":{\"@id\":\"https:\\\/\\\/autate.fr\\\/site\\\/#website\"},\"primaryImageOfPage\":{\"@id\":\"https:\\\/\\\/autate.fr\\\/site\\\/temps-de-trajet-blagnac-tournefeuille\\\/#primaryimage\"},\"image\":{\"@id\":\"https:\\\/\\\/autate.fr\\\/site\\\/temps-de-trajet-blagnac-tournefeuille\\\/#primaryimage\"},\"thumbnailUrl\":\"http:\\\/\\\/autate.fr\\\/site\\\/wp-content\\\/uploads\\\/2018\\\/07\\\/Capture-300x158.jpg\",\"datePublished\":\"2018-07-13T11:48:49+00:00\",\"dateModified\":\"2025-11-21T21:10:33+00:00\",\"breadcrumb\":{\"@id\":\"https:\\\/\\\/autate.fr\\\/site\\\/temps-de-trajet-blagnac-tournefeuille\\\/#breadcrumb\"},\"inLanguage\":\"fr-FR\",\"potentialAction\":[{\"@type\":\"ReadAction\",\"target\":[\"https:\\\/\\\/autate.fr\\\/site\\\/temps-de-trajet-blagnac-tournefeuille\\\/\"]}]},{\"@type\":\"ImageObject\",\"inLanguage\":\"fr-FR\",\"@id\":\"https:\\\/\\\/autate.fr\\\/site\\\/temps-de-trajet-blagnac-tournefeuille\\\/#primaryimage\",\"url\":\"http:\\\/\\\/autate.fr\\\/site\\\/wp-content\\\/uploads\\\/2018\\\/07\\\/Capture-300x158.jpg\",\"contentUrl\":\"http:\\\/\\\/autate.fr\\\/site\\\/wp-content\\\/uploads\\\/2018\\\/07\\\/Capture-300x158.jpg\"},{\"@type\":\"BreadcrumbList\",\"@id\":\"https:\\\/\\\/autate.fr\\\/site\\\/temps-de-trajet-blagnac-tournefeuille\\\/#breadcrumb\",\"itemListElement\":[{\"@type\":\"ListItem\",\"position\":1,\"name\":\"Accueil\",\"item\":\"https:\\\/\\\/autate.fr\\\/site\\\/\"},{\"@type\":\"ListItem\",\"position\":2,\"name\":\"temps de trajet blagnac-tournefeuille\"}]},{\"@type\":\"WebSite\",\"@id\":\"https:\\\/\\\/autate.fr\\\/site\\\/#website\",\"url\":\"https:\\\/\\\/autate.fr\\\/site\\\/\",\"name\":\"AUTATE\",\"description\":\"Association des usagers des transports de l&#039;agglom\u00e9ration Toulousaine et de ses environs\",\"publisher\":{\"@id\":\"https:\\\/\\\/autate.fr\\\/site\\\/#organization\"},\"potentialAction\":[{\"@type\":\"SearchAction\",\"target\":{\"@type\":\"EntryPoint\",\"urlTemplate\":\"https:\\\/\\\/autate.fr\\\/site\\\/?s={search_term_string}\"},\"query-input\":{\"@type\":\"PropertyValueSpecification\",\"valueRequired\":true,\"valueName\":\"search_term_string\"}}],\"inLanguage\":\"fr-FR\"},{\"@type\":\"Organization\",\"@id\":\"https:\\\/\\\/autate.fr\\\/site\\\/#organization\",\"name\":\"AUTATE\",\"url\":\"https:\\\/\\\/autate.fr\\\/site\\\/\",\"logo\":{\"@type\":\"ImageObject\",\"inLanguage\":\"fr-FR\",\"@id\":\"https:\\\/\\\/autate.fr\\\/site\\\/#\\\/schema\\\/logo\\\/image\\\/\",\"url\":\"http:\\\/\\\/autate.fr\\\/site\\\/wp-content\\\/uploads\\\/2019\\\/01\\\/logo.png\",\"contentUrl\":\"http:\\\/\\\/autate.fr\\\/site\\\/wp-content\\\/uploads\\\/2019\\\/01\\\/logo.png\",\"width\":506,\"height\":280,\"caption\":\"AUTATE\"},\"image\":{\"@id\":\"https:\\\/\\\/autate.fr\\\/site\\\/#\\\/schema\\\/logo\\\/image\\\/\"},\"sameAs\":[\"https:\\\/\\\/www.facebook.com\\\/AutateToulouse\",\"https:\\\/\\\/x.com\\\/AutateToulouse\"]},{\"@type\":\"Person\",\"@id\":\"https:\\\/\\\/autate.fr\\\/site\\\/#\\\/schema\\\/person\\\/ca1ac9182f29f02489db16f08b0834ff\",\"name\":\"Marie-Pierre Bes\",\"image\":{\"@type\":\"ImageObject\",\"inLanguage\":\"fr-FR\",\"@id\":\"https:\\\/\\\/secure.gravatar.com\\\/avatar\\\/08aa632b25ee7197789b8ec59d6cbcab7d9fc182fc393ccb7ac607ba55766261?s=96&d=mm&r=g\",\"url\":\"https:\\\/\\\/secure.gravatar.com\\\/avatar\\\/08aa632b25ee7197789b8ec59d6cbcab7d9fc182fc393ccb7ac607ba55766261?s=96&d=mm&r=g\",\"contentUrl\":\"https:\\\/\\\/secure.gravatar.com\\\/avatar\\\/08aa632b25ee7197789b8ec59d6cbcab7d9fc182fc393ccb7ac607ba55766261?s=96&d=mm&r=g\",\"caption\":\"Marie-Pierre Bes\"},\"url\":\"https:\\\/\\\/autate.fr\\\/site\\\/author\\\/mariepierre\\\/\"}]}<\/script>\n<!-- \/ Yoast SEO plugin. -->","yoast_head_json":{"title":"temps de trajet blagnac-tournefeuille - AUTATE","robots":{"index":"index","follow":"follow","max-snippet":"max-snippet:-1","max-image-preview":"max-image-preview:large","max-video-preview":"max-video-preview:-1"},"canonical":"https:\/\/autate.fr\/site\/temps-de-trajet-blagnac-tournefeuille\/","og_locale":"fr_FR","og_type":"article","og_title":"temps de trajet blagnac-tournefeuille - AUTATE","og_description":"bonjour, ce matin, j&rsquo;avais RDV avec Madame La D\u00e9put\u00e9e Monique Iborra. J&rsquo;y suis all\u00e9e en voiture car l&rsquo;offre de transport est minable. Marie-Pierre","og_url":"https:\/\/autate.fr\/site\/temps-de-trajet-blagnac-tournefeuille\/","og_site_name":"AUTATE","article_publisher":"https:\/\/www.facebook.com\/AutateToulouse","article_published_time":"2018-07-13T11:48:49+00:00","article_modified_time":"2025-11-21T21:10:33+00:00","og_image":[{"url":"http:\/\/autate.fr\/site\/wp-content\/uploads\/2018\/07\/Capture-300x158.jpg","type":"","width":"","height":""}],"author":"Marie-Pierre Bes","twitter_card":"summary_large_image","twitter_creator":"@AutateToulouse","twitter_site":"@AutateToulouse","twitter_misc":{"\u00c9crit par":"Marie-Pierre Bes"},"schema":{"@context":"https:\/\/schema.org","@graph":[{"@type":"Article","@id":"https:\/\/autate.fr\/site\/temps-de-trajet-blagnac-tournefeuille\/#article","isPartOf":{"@id":"https:\/\/autate.fr\/site\/temps-de-trajet-blagnac-tournefeuille\/"},"author":{"name":"Marie-Pierre Bes","@id":"https:\/\/autate.fr\/site\/#\/schema\/person\/ca1ac9182f29f02489db16f08b0834ff"},"headline":"temps de trajet blagnac-tournefeuille","datePublished":"2018-07-13T11:48:49+00:00","dateModified":"2025-11-21T21:10:33+00:00","mainEntityOfPage":{"@id":"https:\/\/autate.fr\/site\/temps-de-trajet-blagnac-tournefeuille\/"},"wordCount":30,"commentCount":0,"publisher":{"@id":"https:\/\/autate.fr\/site\/#organization"},"image":{"@id":"https:\/\/autate.fr\/site\/temps-de-trajet-blagnac-tournefeuille\/#primaryimage"},"thumbnailUrl":"http:\/\/autate.fr\/site\/wp-content\/uploads\/2018\/07\/Capture-300x158.jpg","keywords":["Blagnac","tournefeuille"],"articleSection":["Bus Tisseo"],"inLanguage":"fr-FR","potentialAction":[{"@type":"CommentAction","name":"Comment","target":["https:\/\/autate.fr\/site\/temps-de-trajet-blagnac-tournefeuille\/#respond"]}]},{"@type":"WebPage","@id":"https:\/\/autate.fr\/site\/temps-de-trajet-blagnac-tournefeuille\/","url":"https:\/\/autate.fr\/site\/temps-de-trajet-blagnac-tournefeuille\/","name":"temps de trajet blagnac-tournefeuille - AUTATE","isPartOf":{"@id":"https:\/\/autate.fr\/site\/#website"},"primaryImageOfPage":{"@id":"https:\/\/autate.fr\/site\/temps-de-trajet-blagnac-tournefeuille\/#primaryimage"},"image":{"@id":"https:\/\/autate.fr\/site\/temps-de-trajet-blagnac-tournefeuille\/#primaryimage"},"thumbnailUrl":"http:\/\/autate.fr\/site\/wp-content\/uploads\/2018\/07\/Capture-300x158.jpg","datePublished":"2018-07-13T11:48:49+00:00","dateModified":"2025-11-21T21:10:33+00:00","breadcrumb":{"@id":"https:\/\/autate.fr\/site\/temps-de-trajet-blagnac-tournefeuille\/#breadcrumb"},"inLanguage":"fr-FR","potentialAction":[{"@type":"ReadAction","target":["https:\/\/autate.fr\/site\/temps-de-trajet-blagnac-tournefeuille\/"]}]},{"@type":"ImageObject","inLanguage":"fr-FR","@id":"https:\/\/autate.fr\/site\/temps-de-trajet-blagnac-tournefeuille\/#primaryimage","url":"http:\/\/autate.fr\/site\/wp-content\/uploads\/2018\/07\/Capture-300x158.jpg","contentUrl":"http:\/\/autate.fr\/site\/wp-content\/uploads\/2018\/07\/Capture-300x158.jpg"},{"@type":"BreadcrumbList","@id":"https:\/\/autate.fr\/site\/temps-de-trajet-blagnac-tournefeuille\/#breadcrumb","itemListElement":[{"@type":"ListItem","position":1,"name":"Accueil","item":"https:\/\/autate.fr\/site\/"},{"@type":"ListItem","position":2,"name":"temps de trajet blagnac-tournefeuille"}]},{"@type":"WebSite","@id":"https:\/\/autate.fr\/site\/#website","url":"https:\/\/autate.fr\/site\/","name":"AUTATE","description":"Association des usagers des transports de l&#039;agglom\u00e9ration Toulousaine et de ses environs","publisher":{"@id":"https:\/\/autate.fr\/site\/#organization"},"potentialAction":[{"@type":"SearchAction","target":{"@type":"EntryPoint","urlTemplate":"https:\/\/autate.fr\/site\/?s={search_term_string}"},"query-input":{"@type":"PropertyValueSpecification","valueRequired":true,"valueName":"search_term_string"}}],"inLanguage":"fr-FR"},{"@type":"Organization","@id":"https:\/\/autate.fr\/site\/#organization","name":"AUTATE","url":"https:\/\/autate.fr\/site\/","logo":{"@type":"ImageObject","inLanguage":"fr-FR","@id":"https:\/\/autate.fr\/site\/#\/schema\/logo\/image\/","url":"http:\/\/autate.fr\/site\/wp-content\/uploads\/2019\/01\/logo.png","contentUrl":"http:\/\/autate.fr\/site\/wp-content\/uploads\/2019\/01\/logo.png","width":506,"height":280,"caption":"AUTATE"},"image":{"@id":"https:\/\/autate.fr\/site\/#\/schema\/logo\/image\/"},"sameAs":["https:\/\/www.facebook.com\/AutateToulouse","https:\/\/x.com\/AutateToulouse"]},{"@type":"Person","@id":"https:\/\/autate.fr\/site\/#\/schema\/person\/ca1ac9182f29f02489db16f08b0834ff","name":"Marie-Pierre Bes","image":{"@type":"ImageObject","inLanguage":"fr-FR","@id":"https:\/\/secure.gravatar.com\/avatar\/08aa632b25ee7197789b8ec59d6cbcab7d9fc182fc393ccb7ac607ba55766261?s=96&d=mm&r=g","url":"https:\/\/secure.gravatar.com\/avatar\/08aa632b25ee7197789b8ec59d6cbcab7d9fc182fc393ccb7ac607ba55766261?s=96&d=mm&r=g","contentUrl":"https:\/\/secure.gravatar.com\/avatar\/08aa632b25ee7197789b8ec59d6cbcab7d9fc182fc393ccb7ac607ba55766261?s=96&d=mm&r=g","caption":"Marie-Pierre Bes"},"url":"https:\/\/autate.fr\/site\/author\/mariepierre\/"}]}},"_links":{"self":[{"href":"https:\/\/autate.fr\/site\/wp-json\/wp\/v2\/posts\/2774","targetHints":{"allow":["GET"]}}],"collection":[{"href":"https:\/\/autate.fr\/site\/wp-json\/wp\/v2\/posts"}],"about":[{"href":"https:\/\/autate.fr\/site\/wp-json\/wp\/v2\/types\/post"}],"author":[{"embeddable":true,"href":"https:\/\/autate.fr\/site\/wp-json\/wp\/v2\/users\/9"}],"replies":[{"embeddable":true,"href":"https:\/\/autate.fr\/site\/wp-json\/wp\/v2\/comments?post=2774"}],"version-history":[{"count":1,"href":"https:\/\/autate.fr\/site\/wp-json\/wp\/v2\/posts\/2774\/revisions"}],"predecessor-version":[{"id":2776,"href":"https:\/\/autate.fr\/site\/wp-json\/wp\/v2\/posts\/2774\/revisions\/2776"}],"wp:attachment":[{"href":"https:\/\/autate.fr\/site\/wp-json\/wp\/v2\/media?parent=2774"}],"wp:term":[{"taxonomy":"category","embeddable":true,"href":"https:\/\/autate.fr\/site\/wp-json\/wp\/v2\/categories?post=2774"},{"taxonomy":"post_tag","embeddable":true,"href":"https:\/\/autate.fr\/site\/wp-json\/wp\/v2\/tags?post=2774"}],"curies":[{"name":"wp","href":"https:\/\/api.w.org\/{rel}","templated":true}]}}