{"id":2765,"date":"2018-07-11T19:55:25","date_gmt":"2018-07-11T17:55:25","guid":{"rendered":"http:\/\/autate.fr\/site\/?p=2765"},"modified":"2025-11-21T22:29:54","modified_gmt":"2025-11-21T21:29:54","slug":"annonce-du-trace-de-la-3eme-ligne","status":"publish","type":"post","link":"https:\/\/autate.fr\/site\/annonce-du-trace-de-la-3eme-ligne\/","title":{"rendered":"Annonce du trac\u00e9 de la 3\u00e8me ligne"},"content":{"rendered":"<p><a href=\"https:\/\/actu.fr\/occitanie\/toulouse_31555\/toulouse-passera-3e-ligne-metro-decouvrez-trace-definitif-valide-tisseo_17715237.html\">https:\/\/actu.fr\/occitanie\/toulouse_31555\/toulouse-passera-3e-ligne-metro-decouvrez-trace-definitif-valide-tisseo_17715237.html<\/a><\/p>\n<p>Notre Communiqu\u00e9 de presse :<\/p>\n<p><strong>Avec la 3<sup>\u00e8me<\/sup> ligne, un r\u00e9seau gagnant\u00a0?\u00a0pas sur toute la ligne. <\/strong><\/p>\n<p>L\u2019association des usagers prend note du trac\u00e9 d\u00e9finitif de la future troisi\u00e8me ligne de m\u00e9tro, apr\u00e8s plus de 2 ans de d\u00e9bat. L\u2019AUTATE a largement relay\u00e9 les id\u00e9es et suggestions des usagers sur ce projet, que cela soit, \u00e0 propos du d\u00e9sert de l\u2019ouest, de l\u2019inutilit\u00e9 de la partie Sud-Est ou bien la sous-utilisation du r\u00e9seau ferr\u00e9. Elle fut malheureusement peu \u00e9cout\u00e9e comme les autres recommandations des enqu\u00eates publiques. Maintenant que le trac\u00e9 est annonc\u00e9, l\u2019association craint que l\u2019investissement colossal r\u00e9alis\u00e9 ne soit trop concentr\u00e9, pour rendre l\u2019ensemble du r\u00e9seau r\u00e9ellement incitatif et transformer l\u2019automobiliste banlieusard en usager des transports urbains. Il ne faudrait pas, que cet investissement bloque toute autre am\u00e9lioration, tant les besoins sont immenses. Le r\u00e9seau a 30 ans de retard, si on compare \u00e0 ceux d\u2019autres grandes villes fran\u00e7aises (Bordeaux, Montpellier, Nantes, Lille, etc.). En l\u2019\u00e9tat du projet et apr\u00e8s consultation de nombreux usagers, l\u2019AUTATE reconnait un fort besoin entre la gare Matabiau et celle de Colomiers, notamment au niveau des Minimes et de la Barri\u00e8re de Paris. Cependant, elle insiste sur deux points majeurs\u00a0: s\u2019assurer d\u2019un gain de temps significatif entre cette 3<sup>\u00e8me<\/sup> ligne et le m\u00eame trajet en voiture, performer les points d\u2019\u00e9changes intermodaux avec les Lignes A, B, et C, TER, bus, tramway. Il faut mettre fin aux bouchons quotidiens autour de la zone a\u00e9ronautique et pouvoir utiliser un service de qualit\u00e9. En plus, d\u2019ici 8 ans (date d\u2019ouverture de la 3<sup>\u00e8me<\/sup> ligne), 120\u00a0000 personnes suppl\u00e9mentaires se seront install\u00e9es dans l\u2019agglom\u00e9ration, soit 60\u00a0000 v\u00e9hicules qui circuleront en plus sur la rocade, si la 3<sup>\u00e8me<\/sup> ligne de m\u00e9tro est trop lente et mal positionn\u00e9e.<\/p>\n<p style=\"text-align: center;\">Lundi 9 juillet, 17h46<\/p>\n<p style=\"text-align: center;\"><a href=\"https:\/\/autate.fr\/site\/wp-content\/uploads\/2018\/07\/Screenshot_20180709-174646.png\"><img loading=\"lazy\" decoding=\"async\" class=\"alignnone size-medium wp-image-2766\" src=\"https:\/\/autate.fr\/site\/wp-content\/uploads\/2018\/07\/Screenshot_20180709-174646-169x300.png\" alt=\"\" width=\"169\" height=\"300\" srcset=\"https:\/\/autate.fr\/site\/wp-content\/uploads\/2018\/07\/Screenshot_20180709-174646-169x300.png 169w, https:\/\/autate.fr\/site\/wp-content\/uploads\/2018\/07\/Screenshot_20180709-174646-768x1365.png 768w, https:\/\/autate.fr\/site\/wp-content\/uploads\/2018\/07\/Screenshot_20180709-174646-576x1024.png 576w, https:\/\/autate.fr\/site\/wp-content\/uploads\/2018\/07\/Screenshot_20180709-174646.png 1080w\" sizes=\"auto, (max-width: 169px) 100vw, 169px\" \/><\/a><\/p>\n","protected":false},"excerpt":{"rendered":"<p>https:\/\/actu.fr\/occitanie\/toulouse_31555\/toulouse-passera-3e-ligne-metro-decouvrez-trace-definitif-valide-tisseo_17715237.html Notre Communiqu\u00e9 de presse : Avec la 3\u00e8me ligne, un r\u00e9seau gagnant\u00a0?\u00a0pas sur toute la ligne. L\u2019association des usagers prend note du trac\u00e9 d\u00e9finitif de la future troisi\u00e8me ligne de m\u00e9tro, apr\u00e8s plus de 2 ans de d\u00e9bat. L\u2019AUTATE a largement relay\u00e9 les id\u00e9es et suggestions des usagers sur ce projet, que cela soit,<\/p>\n<p class=\"more-link\"><a href=\"https:\/\/autate.fr\/site\/annonce-du-trace-de-la-3eme-ligne\/\" class=\"themebutton2\">VOIR PLUS<\/a><\/p>\n","protected":false},"author":9,"featured_media":0,"comment_status":"open","ping_status":"open","sticky":false,"template":"","format":"standard","meta":{"footnotes":""},"categories":[265,7],"tags":[30],"class_list":["post-2765","post","type-post","status-publish","format-standard","hentry","category-contribution-au-debat-public-3eme-ligne","category-revue-de-presse","tag-3eme-ligne"],"yoast_head":"<!-- This site is optimized with the Yoast SEO plugin v27.4 - https:\/\/yoast.com\/product\/yoast-seo-wordpress\/ -->\n<title>Annonce du trac\u00e9 de la 3\u00e8me ligne - AUTATE<\/title>\n<meta name=\"robots\" content=\"index, follow, max-snippet:-1, max-image-preview:large, max-video-preview:-1\" \/>\n<link rel=\"canonical\" href=\"https:\/\/autate.fr\/site\/annonce-du-trace-de-la-3eme-ligne\/\" \/>\n<meta property=\"og:locale\" content=\"fr_FR\" \/>\n<meta property=\"og:type\" content=\"article\" \/>\n<meta property=\"og:title\" content=\"Annonce du trac\u00e9 de la 3\u00e8me ligne - AUTATE\" \/>\n<meta property=\"og:description\" content=\"https:\/\/actu.fr\/occitanie\/toulouse_31555\/toulouse-passera-3e-ligne-metro-decouvrez-trace-definitif-valide-tisseo_17715237.html Notre Communiqu\u00e9 de presse : Avec la 3\u00e8me ligne, un r\u00e9seau gagnant\u00a0?\u00a0pas sur toute la ligne. L\u2019association des usagers prend note du trac\u00e9 d\u00e9finitif de la future troisi\u00e8me ligne de m\u00e9tro, apr\u00e8s plus de 2 ans de d\u00e9bat. L\u2019AUTATE a largement relay\u00e9 les id\u00e9es et suggestions des usagers sur ce projet, que cela soit,VOIR PLUS\" \/>\n<meta property=\"og:url\" content=\"https:\/\/autate.fr\/site\/annonce-du-trace-de-la-3eme-ligne\/\" \/>\n<meta property=\"og:site_name\" content=\"AUTATE\" \/>\n<meta property=\"article:publisher\" content=\"https:\/\/www.facebook.com\/AutateToulouse\" \/>\n<meta property=\"article:published_time\" content=\"2018-07-11T17:55:25+00:00\" \/>\n<meta property=\"article:modified_time\" content=\"2025-11-21T21:29:54+00:00\" \/>\n<meta property=\"og:image\" content=\"http:\/\/autate.fr\/site\/wp-content\/uploads\/2018\/07\/Screenshot_20180709-174646-169x300.png\" \/>\n<meta name=\"author\" content=\"Marie-Pierre Bes\" \/>\n<meta name=\"twitter:card\" content=\"summary_large_image\" \/>\n<meta name=\"twitter:creator\" content=\"@AutateToulouse\" \/>\n<meta name=\"twitter:site\" content=\"@AutateToulouse\" \/>\n<meta name=\"twitter:label1\" content=\"\u00c9crit par\" \/>\n\t<meta name=\"twitter:data1\" content=\"Marie-Pierre Bes\" \/>\n\t<meta name=\"twitter:label2\" content=\"Dur\u00e9e de lecture estim\u00e9e\" \/>\n\t<meta name=\"twitter:data2\" content=\"2 minutes\" \/>\n<script type=\"application\/ld+json\" class=\"yoast-schema-graph\">{\"@context\":\"https:\\\/\\\/schema.org\",\"@graph\":[{\"@type\":\"Article\",\"@id\":\"https:\\\/\\\/autate.fr\\\/site\\\/annonce-du-trace-de-la-3eme-ligne\\\/#article\",\"isPartOf\":{\"@id\":\"https:\\\/\\\/autate.fr\\\/site\\\/annonce-du-trace-de-la-3eme-ligne\\\/\"},\"author\":{\"name\":\"Marie-Pierre Bes\",\"@id\":\"https:\\\/\\\/autate.fr\\\/site\\\/#\\\/schema\\\/person\\\/ca1ac9182f29f02489db16f08b0834ff\"},\"headline\":\"Annonce du trac\u00e9 de la 3\u00e8me ligne\",\"datePublished\":\"2018-07-11T17:55:25+00:00\",\"dateModified\":\"2025-11-21T21:29:54+00:00\",\"mainEntityOfPage\":{\"@id\":\"https:\\\/\\\/autate.fr\\\/site\\\/annonce-du-trace-de-la-3eme-ligne\\\/\"},\"wordCount\":341,\"commentCount\":0,\"publisher\":{\"@id\":\"https:\\\/\\\/autate.fr\\\/site\\\/#organization\"},\"image\":{\"@id\":\"https:\\\/\\\/autate.fr\\\/site\\\/annonce-du-trace-de-la-3eme-ligne\\\/#primaryimage\"},\"thumbnailUrl\":\"http:\\\/\\\/autate.fr\\\/site\\\/wp-content\\\/uploads\\\/2018\\\/07\\\/Screenshot_20180709-174646-169x300.png\",\"keywords\":[\"3\u00e8me ligne\"],\"articleSection\":[\"M\u00e9tro\",\"Revue de presse\"],\"inLanguage\":\"fr-FR\",\"potentialAction\":[{\"@type\":\"CommentAction\",\"name\":\"Comment\",\"target\":[\"https:\\\/\\\/autate.fr\\\/site\\\/annonce-du-trace-de-la-3eme-ligne\\\/#respond\"]}]},{\"@type\":\"WebPage\",\"@id\":\"https:\\\/\\\/autate.fr\\\/site\\\/annonce-du-trace-de-la-3eme-ligne\\\/\",\"url\":\"https:\\\/\\\/autate.fr\\\/site\\\/annonce-du-trace-de-la-3eme-ligne\\\/\",\"name\":\"Annonce du trac\u00e9 de la 3\u00e8me ligne - AUTATE\",\"isPartOf\":{\"@id\":\"https:\\\/\\\/autate.fr\\\/site\\\/#website\"},\"primaryImageOfPage\":{\"@id\":\"https:\\\/\\\/autate.fr\\\/site\\\/annonce-du-trace-de-la-3eme-ligne\\\/#primaryimage\"},\"image\":{\"@id\":\"https:\\\/\\\/autate.fr\\\/site\\\/annonce-du-trace-de-la-3eme-ligne\\\/#primaryimage\"},\"thumbnailUrl\":\"http:\\\/\\\/autate.fr\\\/site\\\/wp-content\\\/uploads\\\/2018\\\/07\\\/Screenshot_20180709-174646-169x300.png\",\"datePublished\":\"2018-07-11T17:55:25+00:00\",\"dateModified\":\"2025-11-21T21:29:54+00:00\",\"breadcrumb\":{\"@id\":\"https:\\\/\\\/autate.fr\\\/site\\\/annonce-du-trace-de-la-3eme-ligne\\\/#breadcrumb\"},\"inLanguage\":\"fr-FR\",\"potentialAction\":[{\"@type\":\"ReadAction\",\"target\":[\"https:\\\/\\\/autate.fr\\\/site\\\/annonce-du-trace-de-la-3eme-ligne\\\/\"]}]},{\"@type\":\"ImageObject\",\"inLanguage\":\"fr-FR\",\"@id\":\"https:\\\/\\\/autate.fr\\\/site\\\/annonce-du-trace-de-la-3eme-ligne\\\/#primaryimage\",\"url\":\"http:\\\/\\\/autate.fr\\\/site\\\/wp-content\\\/uploads\\\/2018\\\/07\\\/Screenshot_20180709-174646-169x300.png\",\"contentUrl\":\"http:\\\/\\\/autate.fr\\\/site\\\/wp-content\\\/uploads\\\/2018\\\/07\\\/Screenshot_20180709-174646-169x300.png\"},{\"@type\":\"BreadcrumbList\",\"@id\":\"https:\\\/\\\/autate.fr\\\/site\\\/annonce-du-trace-de-la-3eme-ligne\\\/#breadcrumb\",\"itemListElement\":[{\"@type\":\"ListItem\",\"position\":1,\"name\":\"Accueil\",\"item\":\"https:\\\/\\\/autate.fr\\\/site\\\/\"},{\"@type\":\"ListItem\",\"position\":2,\"name\":\"Annonce du trac\u00e9 de la 3\u00e8me ligne\"}]},{\"@type\":\"WebSite\",\"@id\":\"https:\\\/\\\/autate.fr\\\/site\\\/#website\",\"url\":\"https:\\\/\\\/autate.fr\\\/site\\\/\",\"name\":\"AUTATE\",\"description\":\"Association des usagers des transports de l&#039;agglom\u00e9ration Toulousaine et de ses environs\",\"publisher\":{\"@id\":\"https:\\\/\\\/autate.fr\\\/site\\\/#organization\"},\"potentialAction\":[{\"@type\":\"SearchAction\",\"target\":{\"@type\":\"EntryPoint\",\"urlTemplate\":\"https:\\\/\\\/autate.fr\\\/site\\\/?s={search_term_string}\"},\"query-input\":{\"@type\":\"PropertyValueSpecification\",\"valueRequired\":true,\"valueName\":\"search_term_string\"}}],\"inLanguage\":\"fr-FR\"},{\"@type\":\"Organization\",\"@id\":\"https:\\\/\\\/autate.fr\\\/site\\\/#organization\",\"name\":\"AUTATE\",\"url\":\"https:\\\/\\\/autate.fr\\\/site\\\/\",\"logo\":{\"@type\":\"ImageObject\",\"inLanguage\":\"fr-FR\",\"@id\":\"https:\\\/\\\/autate.fr\\\/site\\\/#\\\/schema\\\/logo\\\/image\\\/\",\"url\":\"http:\\\/\\\/autate.fr\\\/site\\\/wp-content\\\/uploads\\\/2019\\\/01\\\/logo.png\",\"contentUrl\":\"http:\\\/\\\/autate.fr\\\/site\\\/wp-content\\\/uploads\\\/2019\\\/01\\\/logo.png\",\"width\":506,\"height\":280,\"caption\":\"AUTATE\"},\"image\":{\"@id\":\"https:\\\/\\\/autate.fr\\\/site\\\/#\\\/schema\\\/logo\\\/image\\\/\"},\"sameAs\":[\"https:\\\/\\\/www.facebook.com\\\/AutateToulouse\",\"https:\\\/\\\/x.com\\\/AutateToulouse\"]},{\"@type\":\"Person\",\"@id\":\"https:\\\/\\\/autate.fr\\\/site\\\/#\\\/schema\\\/person\\\/ca1ac9182f29f02489db16f08b0834ff\",\"name\":\"Marie-Pierre Bes\",\"image\":{\"@type\":\"ImageObject\",\"inLanguage\":\"fr-FR\",\"@id\":\"https:\\\/\\\/secure.gravatar.com\\\/avatar\\\/08aa632b25ee7197789b8ec59d6cbcab7d9fc182fc393ccb7ac607ba55766261?s=96&d=mm&r=g\",\"url\":\"https:\\\/\\\/secure.gravatar.com\\\/avatar\\\/08aa632b25ee7197789b8ec59d6cbcab7d9fc182fc393ccb7ac607ba55766261?s=96&d=mm&r=g\",\"contentUrl\":\"https:\\\/\\\/secure.gravatar.com\\\/avatar\\\/08aa632b25ee7197789b8ec59d6cbcab7d9fc182fc393ccb7ac607ba55766261?s=96&d=mm&r=g\",\"caption\":\"Marie-Pierre Bes\"},\"url\":\"https:\\\/\\\/autate.fr\\\/site\\\/author\\\/mariepierre\\\/\"}]}<\/script>\n<!-- \/ Yoast SEO plugin. -->","yoast_head_json":{"title":"Annonce du trac\u00e9 de la 3\u00e8me ligne - AUTATE","robots":{"index":"index","follow":"follow","max-snippet":"max-snippet:-1","max-image-preview":"max-image-preview:large","max-video-preview":"max-video-preview:-1"},"canonical":"https:\/\/autate.fr\/site\/annonce-du-trace-de-la-3eme-ligne\/","og_locale":"fr_FR","og_type":"article","og_title":"Annonce du trac\u00e9 de la 3\u00e8me ligne - AUTATE","og_description":"https:\/\/actu.fr\/occitanie\/toulouse_31555\/toulouse-passera-3e-ligne-metro-decouvrez-trace-definitif-valide-tisseo_17715237.html Notre Communiqu\u00e9 de presse : Avec la 3\u00e8me ligne, un r\u00e9seau gagnant\u00a0?\u00a0pas sur toute la ligne. L\u2019association des usagers prend note du trac\u00e9 d\u00e9finitif de la future troisi\u00e8me ligne de m\u00e9tro, apr\u00e8s plus de 2 ans de d\u00e9bat. L\u2019AUTATE a largement relay\u00e9 les id\u00e9es et suggestions des usagers sur ce projet, que cela soit,VOIR PLUS","og_url":"https:\/\/autate.fr\/site\/annonce-du-trace-de-la-3eme-ligne\/","og_site_name":"AUTATE","article_publisher":"https:\/\/www.facebook.com\/AutateToulouse","article_published_time":"2018-07-11T17:55:25+00:00","article_modified_time":"2025-11-21T21:29:54+00:00","og_image":[{"url":"http:\/\/autate.fr\/site\/wp-content\/uploads\/2018\/07\/Screenshot_20180709-174646-169x300.png","type":"","width":"","height":""}],"author":"Marie-Pierre Bes","twitter_card":"summary_large_image","twitter_creator":"@AutateToulouse","twitter_site":"@AutateToulouse","twitter_misc":{"\u00c9crit par":"Marie-Pierre Bes","Dur\u00e9e de lecture estim\u00e9e":"2 minutes"},"schema":{"@context":"https:\/\/schema.org","@graph":[{"@type":"Article","@id":"https:\/\/autate.fr\/site\/annonce-du-trace-de-la-3eme-ligne\/#article","isPartOf":{"@id":"https:\/\/autate.fr\/site\/annonce-du-trace-de-la-3eme-ligne\/"},"author":{"name":"Marie-Pierre Bes","@id":"https:\/\/autate.fr\/site\/#\/schema\/person\/ca1ac9182f29f02489db16f08b0834ff"},"headline":"Annonce du trac\u00e9 de la 3\u00e8me ligne","datePublished":"2018-07-11T17:55:25+00:00","dateModified":"2025-11-21T21:29:54+00:00","mainEntityOfPage":{"@id":"https:\/\/autate.fr\/site\/annonce-du-trace-de-la-3eme-ligne\/"},"wordCount":341,"commentCount":0,"publisher":{"@id":"https:\/\/autate.fr\/site\/#organization"},"image":{"@id":"https:\/\/autate.fr\/site\/annonce-du-trace-de-la-3eme-ligne\/#primaryimage"},"thumbnailUrl":"http:\/\/autate.fr\/site\/wp-content\/uploads\/2018\/07\/Screenshot_20180709-174646-169x300.png","keywords":["3\u00e8me ligne"],"articleSection":["M\u00e9tro","Revue de presse"],"inLanguage":"fr-FR","potentialAction":[{"@type":"CommentAction","name":"Comment","target":["https:\/\/autate.fr\/site\/annonce-du-trace-de-la-3eme-ligne\/#respond"]}]},{"@type":"WebPage","@id":"https:\/\/autate.fr\/site\/annonce-du-trace-de-la-3eme-ligne\/","url":"https:\/\/autate.fr\/site\/annonce-du-trace-de-la-3eme-ligne\/","name":"Annonce du trac\u00e9 de la 3\u00e8me ligne - AUTATE","isPartOf":{"@id":"https:\/\/autate.fr\/site\/#website"},"primaryImageOfPage":{"@id":"https:\/\/autate.fr\/site\/annonce-du-trace-de-la-3eme-ligne\/#primaryimage"},"image":{"@id":"https:\/\/autate.fr\/site\/annonce-du-trace-de-la-3eme-ligne\/#primaryimage"},"thumbnailUrl":"http:\/\/autate.fr\/site\/wp-content\/uploads\/2018\/07\/Screenshot_20180709-174646-169x300.png","datePublished":"2018-07-11T17:55:25+00:00","dateModified":"2025-11-21T21:29:54+00:00","breadcrumb":{"@id":"https:\/\/autate.fr\/site\/annonce-du-trace-de-la-3eme-ligne\/#breadcrumb"},"inLanguage":"fr-FR","potentialAction":[{"@type":"ReadAction","target":["https:\/\/autate.fr\/site\/annonce-du-trace-de-la-3eme-ligne\/"]}]},{"@type":"ImageObject","inLanguage":"fr-FR","@id":"https:\/\/autate.fr\/site\/annonce-du-trace-de-la-3eme-ligne\/#primaryimage","url":"http:\/\/autate.fr\/site\/wp-content\/uploads\/2018\/07\/Screenshot_20180709-174646-169x300.png","contentUrl":"http:\/\/autate.fr\/site\/wp-content\/uploads\/2018\/07\/Screenshot_20180709-174646-169x300.png"},{"@type":"BreadcrumbList","@id":"https:\/\/autate.fr\/site\/annonce-du-trace-de-la-3eme-ligne\/#breadcrumb","itemListElement":[{"@type":"ListItem","position":1,"name":"Accueil","item":"https:\/\/autate.fr\/site\/"},{"@type":"ListItem","position":2,"name":"Annonce du trac\u00e9 de la 3\u00e8me ligne"}]},{"@type":"WebSite","@id":"https:\/\/autate.fr\/site\/#website","url":"https:\/\/autate.fr\/site\/","name":"AUTATE","description":"Association des usagers des transports de l&#039;agglom\u00e9ration Toulousaine et de ses environs","publisher":{"@id":"https:\/\/autate.fr\/site\/#organization"},"potentialAction":[{"@type":"SearchAction","target":{"@type":"EntryPoint","urlTemplate":"https:\/\/autate.fr\/site\/?s={search_term_string}"},"query-input":{"@type":"PropertyValueSpecification","valueRequired":true,"valueName":"search_term_string"}}],"inLanguage":"fr-FR"},{"@type":"Organization","@id":"https:\/\/autate.fr\/site\/#organization","name":"AUTATE","url":"https:\/\/autate.fr\/site\/","logo":{"@type":"ImageObject","inLanguage":"fr-FR","@id":"https:\/\/autate.fr\/site\/#\/schema\/logo\/image\/","url":"http:\/\/autate.fr\/site\/wp-content\/uploads\/2019\/01\/logo.png","contentUrl":"http:\/\/autate.fr\/site\/wp-content\/uploads\/2019\/01\/logo.png","width":506,"height":280,"caption":"AUTATE"},"image":{"@id":"https:\/\/autate.fr\/site\/#\/schema\/logo\/image\/"},"sameAs":["https:\/\/www.facebook.com\/AutateToulouse","https:\/\/x.com\/AutateToulouse"]},{"@type":"Person","@id":"https:\/\/autate.fr\/site\/#\/schema\/person\/ca1ac9182f29f02489db16f08b0834ff","name":"Marie-Pierre Bes","image":{"@type":"ImageObject","inLanguage":"fr-FR","@id":"https:\/\/secure.gravatar.com\/avatar\/08aa632b25ee7197789b8ec59d6cbcab7d9fc182fc393ccb7ac607ba55766261?s=96&d=mm&r=g","url":"https:\/\/secure.gravatar.com\/avatar\/08aa632b25ee7197789b8ec59d6cbcab7d9fc182fc393ccb7ac607ba55766261?s=96&d=mm&r=g","contentUrl":"https:\/\/secure.gravatar.com\/avatar\/08aa632b25ee7197789b8ec59d6cbcab7d9fc182fc393ccb7ac607ba55766261?s=96&d=mm&r=g","caption":"Marie-Pierre Bes"},"url":"https:\/\/autate.fr\/site\/author\/mariepierre\/"}]}},"_links":{"self":[{"href":"https:\/\/autate.fr\/site\/wp-json\/wp\/v2\/posts\/2765","targetHints":{"allow":["GET"]}}],"collection":[{"href":"https:\/\/autate.fr\/site\/wp-json\/wp\/v2\/posts"}],"about":[{"href":"https:\/\/autate.fr\/site\/wp-json\/wp\/v2\/types\/post"}],"author":[{"embeddable":true,"href":"https:\/\/autate.fr\/site\/wp-json\/wp\/v2\/users\/9"}],"replies":[{"embeddable":true,"href":"https:\/\/autate.fr\/site\/wp-json\/wp\/v2\/comments?post=2765"}],"version-history":[{"count":4,"href":"https:\/\/autate.fr\/site\/wp-json\/wp\/v2\/posts\/2765\/revisions"}],"predecessor-version":[{"id":2773,"href":"https:\/\/autate.fr\/site\/wp-json\/wp\/v2\/posts\/2765\/revisions\/2773"}],"wp:attachment":[{"href":"https:\/\/autate.fr\/site\/wp-json\/wp\/v2\/media?parent=2765"}],"wp:term":[{"taxonomy":"category","embeddable":true,"href":"https:\/\/autate.fr\/site\/wp-json\/wp\/v2\/categories?post=2765"},{"taxonomy":"post_tag","embeddable":true,"href":"https:\/\/autate.fr\/site\/wp-json\/wp\/v2\/tags?post=2765"}],"curies":[{"name":"wp","href":"https:\/\/api.w.org\/{rel}","templated":true}]}}