{"id":276,"date":"2016-02-12T12:18:05","date_gmt":"2016-02-12T11:18:05","guid":{"rendered":"http:\/\/autate.fr\/site\/?p=276"},"modified":"2017-10-21T20:13:29","modified_gmt":"2017-10-21T18:13:29","slug":"prolongement-du-metro-vers-labege-un-conseil-extraordinaire-debut-mars","status":"publish","type":"post","link":"https:\/\/autate.fr\/site\/prolongement-du-metro-vers-labege-un-conseil-extraordinaire-debut-mars\/","title":{"rendered":"Prolongement du m\u00e9tro vers Lab\u00e8ge : un conseil extraordinaire d\u00e9but mars"},"content":{"rendered":"<p>Alors que les premi\u00e8res \u00e9tudes pour la 3e ligne de m\u00e9tro vont \u00eatre lanc\u00e9es, avec aide europ\u00e9enne \u00e0 la cl\u00e9, on ne sait pas comment le projet sera financ\u00e9 ni si <a href=\"http:\/\/www.ladepeche.fr\/communes\/labege,31254.html\">Lab\u00e8ge<\/a> (et l&rsquo;a\u00e9roport) seront desservis par m\u00e9tro.<\/p>\n<p>Le m\u00e9tro arrivera-t-il un jour \u00e0 Lab\u00e8ge ? Quand ? Comment ? Gr\u00e2ce au prolongement de la ligne B, projet dont l&rsquo;enqu\u00eate publique a \u00e9t\u00e9 approuv\u00e9e (avec r\u00e9serves) par la commission d&rsquo;enqu\u00eate ? Gr\u00e2ce \u00e0 une extension du projet de troisi\u00e8me ligne de m\u00e9tro, Toulouse Aerospace Express, qui doit relier Airbus-Saint Martin \u00e0 Airbus and Defence Space au Palays ? Gr\u00e2ce \u00e0 un compromis in\u00e9dit de la derni\u00e8re heure ?<\/p>\n<p><a href=\"http:\/\/www.ladepeche.fr\/article\/2016\/02\/11\/2274815-prolongement-du-metro-vers-labege-un-conseil-extraordinaire-debut-mars.html\">lire la suite<\/a><\/p>\n<p>Un article de Philippe Emery paru dans la D\u00e9p\u00eache du midi du 11\/02\/2016<\/p>\n","protected":false},"excerpt":{"rendered":"<p>Alors que les premi\u00e8res \u00e9tudes pour la 3e ligne de m\u00e9tro vont \u00eatre lanc\u00e9es, avec aide europ\u00e9enne \u00e0 la cl\u00e9, on ne sait pas comment le projet sera financ\u00e9 ni si Lab\u00e8ge (et l&rsquo;a\u00e9roport) seront desservis par m\u00e9tro. Le m\u00e9tro arrivera-t-il un jour \u00e0 Lab\u00e8ge ? Quand ? Comment ? Gr\u00e2ce au prolongement de la<\/p>\n<p class=\"more-link\"><a href=\"https:\/\/autate.fr\/site\/prolongement-du-metro-vers-labege-un-conseil-extraordinaire-debut-mars\/\" class=\"themebutton2\">VOIR PLUS<\/a><\/p>\n","protected":false},"author":1,"featured_media":0,"comment_status":"open","ping_status":"open","sticky":false,"template":"","format":"standard","meta":{"footnotes":""},"categories":[4],"tags":[22,17,93],"class_list":["post-276","post","type-post","status-publish","format-standard","hentry","category-actualite-association","tag-labege","tag-plb","tag-smtc"],"yoast_head":"<!-- This site is optimized with the Yoast SEO plugin v27.4 - https:\/\/yoast.com\/product\/yoast-seo-wordpress\/ -->\n<title>Prolongement du m\u00e9tro vers Lab\u00e8ge : un conseil extraordinaire d\u00e9but mars - AUTATE<\/title>\n<meta name=\"robots\" content=\"index, follow, max-snippet:-1, max-image-preview:large, max-video-preview:-1\" \/>\n<link rel=\"canonical\" href=\"https:\/\/autate.fr\/site\/prolongement-du-metro-vers-labege-un-conseil-extraordinaire-debut-mars\/\" \/>\n<meta property=\"og:locale\" content=\"fr_FR\" \/>\n<meta property=\"og:type\" content=\"article\" \/>\n<meta property=\"og:title\" content=\"Prolongement du m\u00e9tro vers Lab\u00e8ge : un conseil extraordinaire d\u00e9but mars - AUTATE\" \/>\n<meta property=\"og:description\" content=\"Alors que les premi\u00e8res \u00e9tudes pour la 3e ligne de m\u00e9tro vont \u00eatre lanc\u00e9es, avec aide europ\u00e9enne \u00e0 la cl\u00e9, on ne sait pas comment le projet sera financ\u00e9 ni si Lab\u00e8ge (et l&rsquo;a\u00e9roport) seront desservis par m\u00e9tro. Le m\u00e9tro arrivera-t-il un jour \u00e0 Lab\u00e8ge ? Quand ? Comment ? Gr\u00e2ce au prolongement de laVOIR PLUS\" \/>\n<meta property=\"og:url\" content=\"https:\/\/autate.fr\/site\/prolongement-du-metro-vers-labege-un-conseil-extraordinaire-debut-mars\/\" \/>\n<meta property=\"og:site_name\" content=\"AUTATE\" \/>\n<meta property=\"article:publisher\" content=\"https:\/\/www.facebook.com\/AutateToulouse\" \/>\n<meta property=\"article:published_time\" content=\"2016-02-12T11:18:05+00:00\" \/>\n<meta property=\"article:modified_time\" content=\"2017-10-21T18:13:29+00:00\" \/>\n<meta name=\"author\" content=\"pascalbarbier\" \/>\n<meta name=\"twitter:card\" content=\"summary_large_image\" \/>\n<meta name=\"twitter:creator\" content=\"@AutateToulouse\" \/>\n<meta name=\"twitter:site\" content=\"@AutateToulouse\" \/>\n<meta name=\"twitter:label1\" content=\"\u00c9crit par\" \/>\n\t<meta name=\"twitter:data1\" content=\"pascalbarbier\" \/>\n\t<meta name=\"twitter:label2\" content=\"Dur\u00e9e de lecture estim\u00e9e\" \/>\n\t<meta name=\"twitter:data2\" content=\"1 minute\" \/>\n<script type=\"application\/ld+json\" class=\"yoast-schema-graph\">{\"@context\":\"https:\\\/\\\/schema.org\",\"@graph\":[{\"@type\":\"Article\",\"@id\":\"https:\\\/\\\/autate.fr\\\/site\\\/prolongement-du-metro-vers-labege-un-conseil-extraordinaire-debut-mars\\\/#article\",\"isPartOf\":{\"@id\":\"https:\\\/\\\/autate.fr\\\/site\\\/prolongement-du-metro-vers-labege-un-conseil-extraordinaire-debut-mars\\\/\"},\"author\":{\"name\":\"pascalbarbier\",\"@id\":\"https:\\\/\\\/autate.fr\\\/site\\\/#\\\/schema\\\/person\\\/ae1ab8bdaa7b41d2a9b52d2557ce8254\"},\"headline\":\"Prolongement du m\u00e9tro vers Lab\u00e8ge : un conseil extraordinaire d\u00e9but mars\",\"datePublished\":\"2016-02-12T11:18:05+00:00\",\"dateModified\":\"2017-10-21T18:13:29+00:00\",\"mainEntityOfPage\":{\"@id\":\"https:\\\/\\\/autate.fr\\\/site\\\/prolongement-du-metro-vers-labege-un-conseil-extraordinaire-debut-mars\\\/\"},\"wordCount\":147,\"commentCount\":0,\"publisher\":{\"@id\":\"https:\\\/\\\/autate.fr\\\/site\\\/#organization\"},\"keywords\":[\"Lab\u00e8ge\",\"PLB\",\"SMTC\"],\"articleSection\":[\"Actualit\u00e9s-AUTATE\"],\"inLanguage\":\"fr-FR\",\"potentialAction\":[{\"@type\":\"CommentAction\",\"name\":\"Comment\",\"target\":[\"https:\\\/\\\/autate.fr\\\/site\\\/prolongement-du-metro-vers-labege-un-conseil-extraordinaire-debut-mars\\\/#respond\"]}]},{\"@type\":\"WebPage\",\"@id\":\"https:\\\/\\\/autate.fr\\\/site\\\/prolongement-du-metro-vers-labege-un-conseil-extraordinaire-debut-mars\\\/\",\"url\":\"https:\\\/\\\/autate.fr\\\/site\\\/prolongement-du-metro-vers-labege-un-conseil-extraordinaire-debut-mars\\\/\",\"name\":\"Prolongement du m\u00e9tro vers Lab\u00e8ge : un conseil extraordinaire d\u00e9but mars - AUTATE\",\"isPartOf\":{\"@id\":\"https:\\\/\\\/autate.fr\\\/site\\\/#website\"},\"datePublished\":\"2016-02-12T11:18:05+00:00\",\"dateModified\":\"2017-10-21T18:13:29+00:00\",\"breadcrumb\":{\"@id\":\"https:\\\/\\\/autate.fr\\\/site\\\/prolongement-du-metro-vers-labege-un-conseil-extraordinaire-debut-mars\\\/#breadcrumb\"},\"inLanguage\":\"fr-FR\",\"potentialAction\":[{\"@type\":\"ReadAction\",\"target\":[\"https:\\\/\\\/autate.fr\\\/site\\\/prolongement-du-metro-vers-labege-un-conseil-extraordinaire-debut-mars\\\/\"]}]},{\"@type\":\"BreadcrumbList\",\"@id\":\"https:\\\/\\\/autate.fr\\\/site\\\/prolongement-du-metro-vers-labege-un-conseil-extraordinaire-debut-mars\\\/#breadcrumb\",\"itemListElement\":[{\"@type\":\"ListItem\",\"position\":1,\"name\":\"Accueil\",\"item\":\"https:\\\/\\\/autate.fr\\\/site\\\/\"},{\"@type\":\"ListItem\",\"position\":2,\"name\":\"Prolongement du m\u00e9tro vers Lab\u00e8ge : un conseil extraordinaire d\u00e9but mars\"}]},{\"@type\":\"WebSite\",\"@id\":\"https:\\\/\\\/autate.fr\\\/site\\\/#website\",\"url\":\"https:\\\/\\\/autate.fr\\\/site\\\/\",\"name\":\"AUTATE\",\"description\":\"Association des usagers des transports de l&#039;agglom\u00e9ration Toulousaine et de ses environs\",\"publisher\":{\"@id\":\"https:\\\/\\\/autate.fr\\\/site\\\/#organization\"},\"potentialAction\":[{\"@type\":\"SearchAction\",\"target\":{\"@type\":\"EntryPoint\",\"urlTemplate\":\"https:\\\/\\\/autate.fr\\\/site\\\/?s={search_term_string}\"},\"query-input\":{\"@type\":\"PropertyValueSpecification\",\"valueRequired\":true,\"valueName\":\"search_term_string\"}}],\"inLanguage\":\"fr-FR\"},{\"@type\":\"Organization\",\"@id\":\"https:\\\/\\\/autate.fr\\\/site\\\/#organization\",\"name\":\"AUTATE\",\"url\":\"https:\\\/\\\/autate.fr\\\/site\\\/\",\"logo\":{\"@type\":\"ImageObject\",\"inLanguage\":\"fr-FR\",\"@id\":\"https:\\\/\\\/autate.fr\\\/site\\\/#\\\/schema\\\/logo\\\/image\\\/\",\"url\":\"http:\\\/\\\/autate.fr\\\/site\\\/wp-content\\\/uploads\\\/2019\\\/01\\\/logo.png\",\"contentUrl\":\"http:\\\/\\\/autate.fr\\\/site\\\/wp-content\\\/uploads\\\/2019\\\/01\\\/logo.png\",\"width\":506,\"height\":280,\"caption\":\"AUTATE\"},\"image\":{\"@id\":\"https:\\\/\\\/autate.fr\\\/site\\\/#\\\/schema\\\/logo\\\/image\\\/\"},\"sameAs\":[\"https:\\\/\\\/www.facebook.com\\\/AutateToulouse\",\"https:\\\/\\\/x.com\\\/AutateToulouse\"]},{\"@type\":\"Person\",\"@id\":\"https:\\\/\\\/autate.fr\\\/site\\\/#\\\/schema\\\/person\\\/ae1ab8bdaa7b41d2a9b52d2557ce8254\",\"name\":\"pascalbarbier\",\"image\":{\"@type\":\"ImageObject\",\"inLanguage\":\"fr-FR\",\"@id\":\"https:\\\/\\\/secure.gravatar.com\\\/avatar\\\/03f4e8ced09894b72c67e83142540730d4b3bbf619bf46341b0074e3bf5f08a0?s=96&d=mm&r=g\",\"url\":\"https:\\\/\\\/secure.gravatar.com\\\/avatar\\\/03f4e8ced09894b72c67e83142540730d4b3bbf619bf46341b0074e3bf5f08a0?s=96&d=mm&r=g\",\"contentUrl\":\"https:\\\/\\\/secure.gravatar.com\\\/avatar\\\/03f4e8ced09894b72c67e83142540730d4b3bbf619bf46341b0074e3bf5f08a0?s=96&d=mm&r=g\",\"caption\":\"pascalbarbier\"},\"url\":\"https:\\\/\\\/autate.fr\\\/site\\\/author\\\/pascalbarbier\\\/\"}]}<\/script>\n<!-- \/ Yoast SEO plugin. -->","yoast_head_json":{"title":"Prolongement du m\u00e9tro vers Lab\u00e8ge : un conseil extraordinaire d\u00e9but mars - AUTATE","robots":{"index":"index","follow":"follow","max-snippet":"max-snippet:-1","max-image-preview":"max-image-preview:large","max-video-preview":"max-video-preview:-1"},"canonical":"https:\/\/autate.fr\/site\/prolongement-du-metro-vers-labege-un-conseil-extraordinaire-debut-mars\/","og_locale":"fr_FR","og_type":"article","og_title":"Prolongement du m\u00e9tro vers Lab\u00e8ge : un conseil extraordinaire d\u00e9but mars - AUTATE","og_description":"Alors que les premi\u00e8res \u00e9tudes pour la 3e ligne de m\u00e9tro vont \u00eatre lanc\u00e9es, avec aide europ\u00e9enne \u00e0 la cl\u00e9, on ne sait pas comment le projet sera financ\u00e9 ni si Lab\u00e8ge (et l&rsquo;a\u00e9roport) seront desservis par m\u00e9tro. Le m\u00e9tro arrivera-t-il un jour \u00e0 Lab\u00e8ge ? Quand ? Comment ? Gr\u00e2ce au prolongement de laVOIR PLUS","og_url":"https:\/\/autate.fr\/site\/prolongement-du-metro-vers-labege-un-conseil-extraordinaire-debut-mars\/","og_site_name":"AUTATE","article_publisher":"https:\/\/www.facebook.com\/AutateToulouse","article_published_time":"2016-02-12T11:18:05+00:00","article_modified_time":"2017-10-21T18:13:29+00:00","author":"pascalbarbier","twitter_card":"summary_large_image","twitter_creator":"@AutateToulouse","twitter_site":"@AutateToulouse","twitter_misc":{"\u00c9crit par":"pascalbarbier","Dur\u00e9e de lecture estim\u00e9e":"1 minute"},"schema":{"@context":"https:\/\/schema.org","@graph":[{"@type":"Article","@id":"https:\/\/autate.fr\/site\/prolongement-du-metro-vers-labege-un-conseil-extraordinaire-debut-mars\/#article","isPartOf":{"@id":"https:\/\/autate.fr\/site\/prolongement-du-metro-vers-labege-un-conseil-extraordinaire-debut-mars\/"},"author":{"name":"pascalbarbier","@id":"https:\/\/autate.fr\/site\/#\/schema\/person\/ae1ab8bdaa7b41d2a9b52d2557ce8254"},"headline":"Prolongement du m\u00e9tro vers Lab\u00e8ge : un conseil extraordinaire d\u00e9but mars","datePublished":"2016-02-12T11:18:05+00:00","dateModified":"2017-10-21T18:13:29+00:00","mainEntityOfPage":{"@id":"https:\/\/autate.fr\/site\/prolongement-du-metro-vers-labege-un-conseil-extraordinaire-debut-mars\/"},"wordCount":147,"commentCount":0,"publisher":{"@id":"https:\/\/autate.fr\/site\/#organization"},"keywords":["Lab\u00e8ge","PLB","SMTC"],"articleSection":["Actualit\u00e9s-AUTATE"],"inLanguage":"fr-FR","potentialAction":[{"@type":"CommentAction","name":"Comment","target":["https:\/\/autate.fr\/site\/prolongement-du-metro-vers-labege-un-conseil-extraordinaire-debut-mars\/#respond"]}]},{"@type":"WebPage","@id":"https:\/\/autate.fr\/site\/prolongement-du-metro-vers-labege-un-conseil-extraordinaire-debut-mars\/","url":"https:\/\/autate.fr\/site\/prolongement-du-metro-vers-labege-un-conseil-extraordinaire-debut-mars\/","name":"Prolongement du m\u00e9tro vers Lab\u00e8ge : un conseil extraordinaire d\u00e9but mars - AUTATE","isPartOf":{"@id":"https:\/\/autate.fr\/site\/#website"},"datePublished":"2016-02-12T11:18:05+00:00","dateModified":"2017-10-21T18:13:29+00:00","breadcrumb":{"@id":"https:\/\/autate.fr\/site\/prolongement-du-metro-vers-labege-un-conseil-extraordinaire-debut-mars\/#breadcrumb"},"inLanguage":"fr-FR","potentialAction":[{"@type":"ReadAction","target":["https:\/\/autate.fr\/site\/prolongement-du-metro-vers-labege-un-conseil-extraordinaire-debut-mars\/"]}]},{"@type":"BreadcrumbList","@id":"https:\/\/autate.fr\/site\/prolongement-du-metro-vers-labege-un-conseil-extraordinaire-debut-mars\/#breadcrumb","itemListElement":[{"@type":"ListItem","position":1,"name":"Accueil","item":"https:\/\/autate.fr\/site\/"},{"@type":"ListItem","position":2,"name":"Prolongement du m\u00e9tro vers Lab\u00e8ge : un conseil extraordinaire d\u00e9but mars"}]},{"@type":"WebSite","@id":"https:\/\/autate.fr\/site\/#website","url":"https:\/\/autate.fr\/site\/","name":"AUTATE","description":"Association des usagers des transports de l&#039;agglom\u00e9ration Toulousaine et de ses environs","publisher":{"@id":"https:\/\/autate.fr\/site\/#organization"},"potentialAction":[{"@type":"SearchAction","target":{"@type":"EntryPoint","urlTemplate":"https:\/\/autate.fr\/site\/?s={search_term_string}"},"query-input":{"@type":"PropertyValueSpecification","valueRequired":true,"valueName":"search_term_string"}}],"inLanguage":"fr-FR"},{"@type":"Organization","@id":"https:\/\/autate.fr\/site\/#organization","name":"AUTATE","url":"https:\/\/autate.fr\/site\/","logo":{"@type":"ImageObject","inLanguage":"fr-FR","@id":"https:\/\/autate.fr\/site\/#\/schema\/logo\/image\/","url":"http:\/\/autate.fr\/site\/wp-content\/uploads\/2019\/01\/logo.png","contentUrl":"http:\/\/autate.fr\/site\/wp-content\/uploads\/2019\/01\/logo.png","width":506,"height":280,"caption":"AUTATE"},"image":{"@id":"https:\/\/autate.fr\/site\/#\/schema\/logo\/image\/"},"sameAs":["https:\/\/www.facebook.com\/AutateToulouse","https:\/\/x.com\/AutateToulouse"]},{"@type":"Person","@id":"https:\/\/autate.fr\/site\/#\/schema\/person\/ae1ab8bdaa7b41d2a9b52d2557ce8254","name":"pascalbarbier","image":{"@type":"ImageObject","inLanguage":"fr-FR","@id":"https:\/\/secure.gravatar.com\/avatar\/03f4e8ced09894b72c67e83142540730d4b3bbf619bf46341b0074e3bf5f08a0?s=96&d=mm&r=g","url":"https:\/\/secure.gravatar.com\/avatar\/03f4e8ced09894b72c67e83142540730d4b3bbf619bf46341b0074e3bf5f08a0?s=96&d=mm&r=g","contentUrl":"https:\/\/secure.gravatar.com\/avatar\/03f4e8ced09894b72c67e83142540730d4b3bbf619bf46341b0074e3bf5f08a0?s=96&d=mm&r=g","caption":"pascalbarbier"},"url":"https:\/\/autate.fr\/site\/author\/pascalbarbier\/"}]}},"_links":{"self":[{"href":"https:\/\/autate.fr\/site\/wp-json\/wp\/v2\/posts\/276","targetHints":{"allow":["GET"]}}],"collection":[{"href":"https:\/\/autate.fr\/site\/wp-json\/wp\/v2\/posts"}],"about":[{"href":"https:\/\/autate.fr\/site\/wp-json\/wp\/v2\/types\/post"}],"author":[{"embeddable":true,"href":"https:\/\/autate.fr\/site\/wp-json\/wp\/v2\/users\/1"}],"replies":[{"embeddable":true,"href":"https:\/\/autate.fr\/site\/wp-json\/wp\/v2\/comments?post=276"}],"version-history":[{"count":1,"href":"https:\/\/autate.fr\/site\/wp-json\/wp\/v2\/posts\/276\/revisions"}],"predecessor-version":[{"id":277,"href":"https:\/\/autate.fr\/site\/wp-json\/wp\/v2\/posts\/276\/revisions\/277"}],"wp:attachment":[{"href":"https:\/\/autate.fr\/site\/wp-json\/wp\/v2\/media?parent=276"}],"wp:term":[{"taxonomy":"category","embeddable":true,"href":"https:\/\/autate.fr\/site\/wp-json\/wp\/v2\/categories?post=276"},{"taxonomy":"post_tag","embeddable":true,"href":"https:\/\/autate.fr\/site\/wp-json\/wp\/v2\/tags?post=276"}],"curies":[{"name":"wp","href":"https:\/\/api.w.org\/{rel}","templated":true}]}}