{"id":2758,"date":"2018-07-09T16:31:36","date_gmt":"2018-07-09T14:31:36","guid":{"rendered":"http:\/\/autate.fr\/site\/?p=2758"},"modified":"2025-11-21T22:10:42","modified_gmt":"2025-11-21T21:10:42","slug":"les-hauts-de-tournefeuille-au-milieu-du-desert-des-transports","status":"publish","type":"post","link":"https:\/\/autate.fr\/site\/les-hauts-de-tournefeuille-au-milieu-du-desert-des-transports\/","title":{"rendered":"Les Hauts de Tournefeuille au milieu du d\u00e9sert des transports ?"},"content":{"rendered":"<p>Les habitants des Hauts de Tournefeuille s&rsquo;alarment du manque d&rsquo;offre de transport.<\/p>\n<p>Voir ci-dessous le d\u00e9lai d&rsquo;une heure pour rejoindre l\u2019h\u00f4pital de Purpan sur le site <a href=\"https:\/\/moovit.com\/?from=Chapelle%20De%20L%27H%C3%B4pital%20De%20Purpan&amp;to=Chemin%20De%20La%20Peyrette,%20Tournefeuille&amp;fll=43.608712_1.397703&amp;tll=43.583824_1.305509&amp;customerId=4908&amp;metroId=1024&amp;lang=fr\">MOOVIT<\/a>.<\/p>\n<p><a href=\"https:\/\/autate.fr\/site\/wp-content\/uploads\/2018\/07\/DuCheminPeyretteHopitalPurpan.jpg\"><img loading=\"lazy\" decoding=\"async\" class=\"size-medium wp-image-2759 aligncenter\" src=\"https:\/\/autate.fr\/site\/wp-content\/uploads\/2018\/07\/DuCheminPeyretteHopitalPurpan-300x169.jpg\" alt=\"\" width=\"300\" height=\"169\" srcset=\"https:\/\/autate.fr\/site\/wp-content\/uploads\/2018\/07\/DuCheminPeyretteHopitalPurpan-300x169.jpg 300w, https:\/\/autate.fr\/site\/wp-content\/uploads\/2018\/07\/DuCheminPeyretteHopitalPurpan-768x433.jpg 768w, https:\/\/autate.fr\/site\/wp-content\/uploads\/2018\/07\/DuCheminPeyretteHopitalPurpan-1024x578.jpg 1024w, https:\/\/autate.fr\/site\/wp-content\/uploads\/2018\/07\/DuCheminPeyretteHopitalPurpan.jpg 1310w\" sizes=\"auto, (max-width: 300px) 100vw, 300px\" \/><\/a><\/p>\n<p>Alors qu&rsquo;aujourd&rsquo;hui aucun transport de ville n&rsquo;a \u00e9t\u00e9 mis en place sur une route de 2,5 kms (chemin de la Peyrette) largement emprunt\u00e9e , l&rsquo;association souhaite alerter TISSEO sur la n\u00e9cessit\u00e9 urgente d&rsquo;un transport de ville traversant cette route et permettant de rejoindre les principaux acc\u00e8s (m\u00e9tro basso combo, gare de Colomiers..).<\/p>\n<p>R\u00e9union des associations avec Tisseo d\u00e9but Juillet.<\/p>\n<p>Compte-rendu disponible pour les adh\u00e9rents.<\/p>\n","protected":false},"excerpt":{"rendered":"<p>Les habitants des Hauts de Tournefeuille s&rsquo;alarment du manque d&rsquo;offre de transport. Voir ci-dessous le d\u00e9lai d&rsquo;une heure pour rejoindre l\u2019h\u00f4pital de Purpan sur le site MOOVIT. Alors qu&rsquo;aujourd&rsquo;hui aucun transport de ville n&rsquo;a \u00e9t\u00e9 mis en place sur une route de 2,5 kms (chemin de la Peyrette) largement emprunt\u00e9e , l&rsquo;association souhaite alerter TISSEO<\/p>\n<p class=\"more-link\"><a href=\"https:\/\/autate.fr\/site\/les-hauts-de-tournefeuille-au-milieu-du-desert-des-transports\/\" class=\"themebutton2\">VOIR PLUS<\/a><\/p>\n","protected":false},"author":9,"featured_media":0,"comment_status":"open","ping_status":"open","sticky":false,"template":"","format":"standard","meta":{"footnotes":""},"categories":[4,500,336],"tags":[61,227],"class_list":["post-2758","post","type-post","status-publish","format-standard","hentry","category-actualite-association","category-bus-tisseo","category-temoignages","tag-bus","tag-tournefeuille"],"yoast_head":"<!-- This site is optimized with the Yoast SEO plugin v27.4 - https:\/\/yoast.com\/product\/yoast-seo-wordpress\/ -->\n<title>Les Hauts de Tournefeuille au milieu du d\u00e9sert des transports ? - AUTATE<\/title>\n<meta name=\"robots\" content=\"index, follow, max-snippet:-1, max-image-preview:large, max-video-preview:-1\" \/>\n<link rel=\"canonical\" href=\"https:\/\/autate.fr\/site\/les-hauts-de-tournefeuille-au-milieu-du-desert-des-transports\/\" \/>\n<meta property=\"og:locale\" content=\"fr_FR\" \/>\n<meta property=\"og:type\" content=\"article\" \/>\n<meta property=\"og:title\" content=\"Les Hauts de Tournefeuille au milieu du d\u00e9sert des transports ? - AUTATE\" \/>\n<meta property=\"og:description\" content=\"Les habitants des Hauts de Tournefeuille s&rsquo;alarment du manque d&rsquo;offre de transport. Voir ci-dessous le d\u00e9lai d&rsquo;une heure pour rejoindre l\u2019h\u00f4pital de Purpan sur le site MOOVIT. Alors qu&rsquo;aujourd&rsquo;hui aucun transport de ville n&rsquo;a \u00e9t\u00e9 mis en place sur une route de 2,5 kms (chemin de la Peyrette) largement emprunt\u00e9e , l&rsquo;association souhaite alerter TISSEOVOIR PLUS\" \/>\n<meta property=\"og:url\" content=\"https:\/\/autate.fr\/site\/les-hauts-de-tournefeuille-au-milieu-du-desert-des-transports\/\" \/>\n<meta property=\"og:site_name\" content=\"AUTATE\" \/>\n<meta property=\"article:publisher\" content=\"https:\/\/www.facebook.com\/AutateToulouse\" \/>\n<meta property=\"article:published_time\" content=\"2018-07-09T14:31:36+00:00\" \/>\n<meta property=\"article:modified_time\" content=\"2025-11-21T21:10:42+00:00\" \/>\n<meta property=\"og:image\" content=\"http:\/\/autate.fr\/site\/wp-content\/uploads\/2018\/07\/DuCheminPeyretteHopitalPurpan-300x169.jpg\" \/>\n<meta name=\"author\" content=\"Marie-Pierre Bes\" \/>\n<meta name=\"twitter:card\" content=\"summary_large_image\" \/>\n<meta name=\"twitter:creator\" content=\"@AutateToulouse\" \/>\n<meta name=\"twitter:site\" content=\"@AutateToulouse\" \/>\n<meta name=\"twitter:label1\" content=\"\u00c9crit par\" \/>\n\t<meta name=\"twitter:data1\" content=\"Marie-Pierre Bes\" \/>\n<script type=\"application\/ld+json\" class=\"yoast-schema-graph\">{\"@context\":\"https:\\\/\\\/schema.org\",\"@graph\":[{\"@type\":\"Article\",\"@id\":\"https:\\\/\\\/autate.fr\\\/site\\\/les-hauts-de-tournefeuille-au-milieu-du-desert-des-transports\\\/#article\",\"isPartOf\":{\"@id\":\"https:\\\/\\\/autate.fr\\\/site\\\/les-hauts-de-tournefeuille-au-milieu-du-desert-des-transports\\\/\"},\"author\":{\"name\":\"Marie-Pierre Bes\",\"@id\":\"https:\\\/\\\/autate.fr\\\/site\\\/#\\\/schema\\\/person\\\/ca1ac9182f29f02489db16f08b0834ff\"},\"headline\":\"Les Hauts de Tournefeuille au milieu du d\u00e9sert des transports ?\",\"datePublished\":\"2018-07-09T14:31:36+00:00\",\"dateModified\":\"2025-11-21T21:10:42+00:00\",\"mainEntityOfPage\":{\"@id\":\"https:\\\/\\\/autate.fr\\\/site\\\/les-hauts-de-tournefeuille-au-milieu-du-desert-des-transports\\\/\"},\"wordCount\":110,\"commentCount\":0,\"publisher\":{\"@id\":\"https:\\\/\\\/autate.fr\\\/site\\\/#organization\"},\"image\":{\"@id\":\"https:\\\/\\\/autate.fr\\\/site\\\/les-hauts-de-tournefeuille-au-milieu-du-desert-des-transports\\\/#primaryimage\"},\"thumbnailUrl\":\"http:\\\/\\\/autate.fr\\\/site\\\/wp-content\\\/uploads\\\/2018\\\/07\\\/DuCheminPeyretteHopitalPurpan-300x169.jpg\",\"keywords\":[\"bus\",\"tournefeuille\"],\"articleSection\":[\"Actualit\u00e9s-AUTATE\",\"Bus Tisseo\",\"T\u00e9moignages\"],\"inLanguage\":\"fr-FR\",\"potentialAction\":[{\"@type\":\"CommentAction\",\"name\":\"Comment\",\"target\":[\"https:\\\/\\\/autate.fr\\\/site\\\/les-hauts-de-tournefeuille-au-milieu-du-desert-des-transports\\\/#respond\"]}]},{\"@type\":\"WebPage\",\"@id\":\"https:\\\/\\\/autate.fr\\\/site\\\/les-hauts-de-tournefeuille-au-milieu-du-desert-des-transports\\\/\",\"url\":\"https:\\\/\\\/autate.fr\\\/site\\\/les-hauts-de-tournefeuille-au-milieu-du-desert-des-transports\\\/\",\"name\":\"Les Hauts de Tournefeuille au milieu du d\u00e9sert des transports ? - AUTATE\",\"isPartOf\":{\"@id\":\"https:\\\/\\\/autate.fr\\\/site\\\/#website\"},\"primaryImageOfPage\":{\"@id\":\"https:\\\/\\\/autate.fr\\\/site\\\/les-hauts-de-tournefeuille-au-milieu-du-desert-des-transports\\\/#primaryimage\"},\"image\":{\"@id\":\"https:\\\/\\\/autate.fr\\\/site\\\/les-hauts-de-tournefeuille-au-milieu-du-desert-des-transports\\\/#primaryimage\"},\"thumbnailUrl\":\"http:\\\/\\\/autate.fr\\\/site\\\/wp-content\\\/uploads\\\/2018\\\/07\\\/DuCheminPeyretteHopitalPurpan-300x169.jpg\",\"datePublished\":\"2018-07-09T14:31:36+00:00\",\"dateModified\":\"2025-11-21T21:10:42+00:00\",\"breadcrumb\":{\"@id\":\"https:\\\/\\\/autate.fr\\\/site\\\/les-hauts-de-tournefeuille-au-milieu-du-desert-des-transports\\\/#breadcrumb\"},\"inLanguage\":\"fr-FR\",\"potentialAction\":[{\"@type\":\"ReadAction\",\"target\":[\"https:\\\/\\\/autate.fr\\\/site\\\/les-hauts-de-tournefeuille-au-milieu-du-desert-des-transports\\\/\"]}]},{\"@type\":\"ImageObject\",\"inLanguage\":\"fr-FR\",\"@id\":\"https:\\\/\\\/autate.fr\\\/site\\\/les-hauts-de-tournefeuille-au-milieu-du-desert-des-transports\\\/#primaryimage\",\"url\":\"http:\\\/\\\/autate.fr\\\/site\\\/wp-content\\\/uploads\\\/2018\\\/07\\\/DuCheminPeyretteHopitalPurpan-300x169.jpg\",\"contentUrl\":\"http:\\\/\\\/autate.fr\\\/site\\\/wp-content\\\/uploads\\\/2018\\\/07\\\/DuCheminPeyretteHopitalPurpan-300x169.jpg\"},{\"@type\":\"BreadcrumbList\",\"@id\":\"https:\\\/\\\/autate.fr\\\/site\\\/les-hauts-de-tournefeuille-au-milieu-du-desert-des-transports\\\/#breadcrumb\",\"itemListElement\":[{\"@type\":\"ListItem\",\"position\":1,\"name\":\"Accueil\",\"item\":\"https:\\\/\\\/autate.fr\\\/site\\\/\"},{\"@type\":\"ListItem\",\"position\":2,\"name\":\"Les Hauts de Tournefeuille au milieu du d\u00e9sert des transports ?\"}]},{\"@type\":\"WebSite\",\"@id\":\"https:\\\/\\\/autate.fr\\\/site\\\/#website\",\"url\":\"https:\\\/\\\/autate.fr\\\/site\\\/\",\"name\":\"AUTATE\",\"description\":\"Association des usagers des transports de l&#039;agglom\u00e9ration Toulousaine et de ses environs\",\"publisher\":{\"@id\":\"https:\\\/\\\/autate.fr\\\/site\\\/#organization\"},\"potentialAction\":[{\"@type\":\"SearchAction\",\"target\":{\"@type\":\"EntryPoint\",\"urlTemplate\":\"https:\\\/\\\/autate.fr\\\/site\\\/?s={search_term_string}\"},\"query-input\":{\"@type\":\"PropertyValueSpecification\",\"valueRequired\":true,\"valueName\":\"search_term_string\"}}],\"inLanguage\":\"fr-FR\"},{\"@type\":\"Organization\",\"@id\":\"https:\\\/\\\/autate.fr\\\/site\\\/#organization\",\"name\":\"AUTATE\",\"url\":\"https:\\\/\\\/autate.fr\\\/site\\\/\",\"logo\":{\"@type\":\"ImageObject\",\"inLanguage\":\"fr-FR\",\"@id\":\"https:\\\/\\\/autate.fr\\\/site\\\/#\\\/schema\\\/logo\\\/image\\\/\",\"url\":\"http:\\\/\\\/autate.fr\\\/site\\\/wp-content\\\/uploads\\\/2019\\\/01\\\/logo.png\",\"contentUrl\":\"http:\\\/\\\/autate.fr\\\/site\\\/wp-content\\\/uploads\\\/2019\\\/01\\\/logo.png\",\"width\":506,\"height\":280,\"caption\":\"AUTATE\"},\"image\":{\"@id\":\"https:\\\/\\\/autate.fr\\\/site\\\/#\\\/schema\\\/logo\\\/image\\\/\"},\"sameAs\":[\"https:\\\/\\\/www.facebook.com\\\/AutateToulouse\",\"https:\\\/\\\/x.com\\\/AutateToulouse\"]},{\"@type\":\"Person\",\"@id\":\"https:\\\/\\\/autate.fr\\\/site\\\/#\\\/schema\\\/person\\\/ca1ac9182f29f02489db16f08b0834ff\",\"name\":\"Marie-Pierre Bes\",\"image\":{\"@type\":\"ImageObject\",\"inLanguage\":\"fr-FR\",\"@id\":\"https:\\\/\\\/secure.gravatar.com\\\/avatar\\\/08aa632b25ee7197789b8ec59d6cbcab7d9fc182fc393ccb7ac607ba55766261?s=96&d=mm&r=g\",\"url\":\"https:\\\/\\\/secure.gravatar.com\\\/avatar\\\/08aa632b25ee7197789b8ec59d6cbcab7d9fc182fc393ccb7ac607ba55766261?s=96&d=mm&r=g\",\"contentUrl\":\"https:\\\/\\\/secure.gravatar.com\\\/avatar\\\/08aa632b25ee7197789b8ec59d6cbcab7d9fc182fc393ccb7ac607ba55766261?s=96&d=mm&r=g\",\"caption\":\"Marie-Pierre Bes\"},\"url\":\"https:\\\/\\\/autate.fr\\\/site\\\/author\\\/mariepierre\\\/\"}]}<\/script>\n<!-- \/ Yoast SEO plugin. -->","yoast_head_json":{"title":"Les Hauts de Tournefeuille au milieu du d\u00e9sert des transports ? - AUTATE","robots":{"index":"index","follow":"follow","max-snippet":"max-snippet:-1","max-image-preview":"max-image-preview:large","max-video-preview":"max-video-preview:-1"},"canonical":"https:\/\/autate.fr\/site\/les-hauts-de-tournefeuille-au-milieu-du-desert-des-transports\/","og_locale":"fr_FR","og_type":"article","og_title":"Les Hauts de Tournefeuille au milieu du d\u00e9sert des transports ? - AUTATE","og_description":"Les habitants des Hauts de Tournefeuille s&rsquo;alarment du manque d&rsquo;offre de transport. Voir ci-dessous le d\u00e9lai d&rsquo;une heure pour rejoindre l\u2019h\u00f4pital de Purpan sur le site MOOVIT. Alors qu&rsquo;aujourd&rsquo;hui aucun transport de ville n&rsquo;a \u00e9t\u00e9 mis en place sur une route de 2,5 kms (chemin de la Peyrette) largement emprunt\u00e9e , l&rsquo;association souhaite alerter TISSEOVOIR PLUS","og_url":"https:\/\/autate.fr\/site\/les-hauts-de-tournefeuille-au-milieu-du-desert-des-transports\/","og_site_name":"AUTATE","article_publisher":"https:\/\/www.facebook.com\/AutateToulouse","article_published_time":"2018-07-09T14:31:36+00:00","article_modified_time":"2025-11-21T21:10:42+00:00","og_image":[{"url":"http:\/\/autate.fr\/site\/wp-content\/uploads\/2018\/07\/DuCheminPeyretteHopitalPurpan-300x169.jpg","type":"","width":"","height":""}],"author":"Marie-Pierre Bes","twitter_card":"summary_large_image","twitter_creator":"@AutateToulouse","twitter_site":"@AutateToulouse","twitter_misc":{"\u00c9crit par":"Marie-Pierre Bes"},"schema":{"@context":"https:\/\/schema.org","@graph":[{"@type":"Article","@id":"https:\/\/autate.fr\/site\/les-hauts-de-tournefeuille-au-milieu-du-desert-des-transports\/#article","isPartOf":{"@id":"https:\/\/autate.fr\/site\/les-hauts-de-tournefeuille-au-milieu-du-desert-des-transports\/"},"author":{"name":"Marie-Pierre Bes","@id":"https:\/\/autate.fr\/site\/#\/schema\/person\/ca1ac9182f29f02489db16f08b0834ff"},"headline":"Les Hauts de Tournefeuille au milieu du d\u00e9sert des transports ?","datePublished":"2018-07-09T14:31:36+00:00","dateModified":"2025-11-21T21:10:42+00:00","mainEntityOfPage":{"@id":"https:\/\/autate.fr\/site\/les-hauts-de-tournefeuille-au-milieu-du-desert-des-transports\/"},"wordCount":110,"commentCount":0,"publisher":{"@id":"https:\/\/autate.fr\/site\/#organization"},"image":{"@id":"https:\/\/autate.fr\/site\/les-hauts-de-tournefeuille-au-milieu-du-desert-des-transports\/#primaryimage"},"thumbnailUrl":"http:\/\/autate.fr\/site\/wp-content\/uploads\/2018\/07\/DuCheminPeyretteHopitalPurpan-300x169.jpg","keywords":["bus","tournefeuille"],"articleSection":["Actualit\u00e9s-AUTATE","Bus Tisseo","T\u00e9moignages"],"inLanguage":"fr-FR","potentialAction":[{"@type":"CommentAction","name":"Comment","target":["https:\/\/autate.fr\/site\/les-hauts-de-tournefeuille-au-milieu-du-desert-des-transports\/#respond"]}]},{"@type":"WebPage","@id":"https:\/\/autate.fr\/site\/les-hauts-de-tournefeuille-au-milieu-du-desert-des-transports\/","url":"https:\/\/autate.fr\/site\/les-hauts-de-tournefeuille-au-milieu-du-desert-des-transports\/","name":"Les Hauts de Tournefeuille au milieu du d\u00e9sert des transports ? - AUTATE","isPartOf":{"@id":"https:\/\/autate.fr\/site\/#website"},"primaryImageOfPage":{"@id":"https:\/\/autate.fr\/site\/les-hauts-de-tournefeuille-au-milieu-du-desert-des-transports\/#primaryimage"},"image":{"@id":"https:\/\/autate.fr\/site\/les-hauts-de-tournefeuille-au-milieu-du-desert-des-transports\/#primaryimage"},"thumbnailUrl":"http:\/\/autate.fr\/site\/wp-content\/uploads\/2018\/07\/DuCheminPeyretteHopitalPurpan-300x169.jpg","datePublished":"2018-07-09T14:31:36+00:00","dateModified":"2025-11-21T21:10:42+00:00","breadcrumb":{"@id":"https:\/\/autate.fr\/site\/les-hauts-de-tournefeuille-au-milieu-du-desert-des-transports\/#breadcrumb"},"inLanguage":"fr-FR","potentialAction":[{"@type":"ReadAction","target":["https:\/\/autate.fr\/site\/les-hauts-de-tournefeuille-au-milieu-du-desert-des-transports\/"]}]},{"@type":"ImageObject","inLanguage":"fr-FR","@id":"https:\/\/autate.fr\/site\/les-hauts-de-tournefeuille-au-milieu-du-desert-des-transports\/#primaryimage","url":"http:\/\/autate.fr\/site\/wp-content\/uploads\/2018\/07\/DuCheminPeyretteHopitalPurpan-300x169.jpg","contentUrl":"http:\/\/autate.fr\/site\/wp-content\/uploads\/2018\/07\/DuCheminPeyretteHopitalPurpan-300x169.jpg"},{"@type":"BreadcrumbList","@id":"https:\/\/autate.fr\/site\/les-hauts-de-tournefeuille-au-milieu-du-desert-des-transports\/#breadcrumb","itemListElement":[{"@type":"ListItem","position":1,"name":"Accueil","item":"https:\/\/autate.fr\/site\/"},{"@type":"ListItem","position":2,"name":"Les Hauts de Tournefeuille au milieu du d\u00e9sert des transports ?"}]},{"@type":"WebSite","@id":"https:\/\/autate.fr\/site\/#website","url":"https:\/\/autate.fr\/site\/","name":"AUTATE","description":"Association des usagers des transports de l&#039;agglom\u00e9ration Toulousaine et de ses environs","publisher":{"@id":"https:\/\/autate.fr\/site\/#organization"},"potentialAction":[{"@type":"SearchAction","target":{"@type":"EntryPoint","urlTemplate":"https:\/\/autate.fr\/site\/?s={search_term_string}"},"query-input":{"@type":"PropertyValueSpecification","valueRequired":true,"valueName":"search_term_string"}}],"inLanguage":"fr-FR"},{"@type":"Organization","@id":"https:\/\/autate.fr\/site\/#organization","name":"AUTATE","url":"https:\/\/autate.fr\/site\/","logo":{"@type":"ImageObject","inLanguage":"fr-FR","@id":"https:\/\/autate.fr\/site\/#\/schema\/logo\/image\/","url":"http:\/\/autate.fr\/site\/wp-content\/uploads\/2019\/01\/logo.png","contentUrl":"http:\/\/autate.fr\/site\/wp-content\/uploads\/2019\/01\/logo.png","width":506,"height":280,"caption":"AUTATE"},"image":{"@id":"https:\/\/autate.fr\/site\/#\/schema\/logo\/image\/"},"sameAs":["https:\/\/www.facebook.com\/AutateToulouse","https:\/\/x.com\/AutateToulouse"]},{"@type":"Person","@id":"https:\/\/autate.fr\/site\/#\/schema\/person\/ca1ac9182f29f02489db16f08b0834ff","name":"Marie-Pierre Bes","image":{"@type":"ImageObject","inLanguage":"fr-FR","@id":"https:\/\/secure.gravatar.com\/avatar\/08aa632b25ee7197789b8ec59d6cbcab7d9fc182fc393ccb7ac607ba55766261?s=96&d=mm&r=g","url":"https:\/\/secure.gravatar.com\/avatar\/08aa632b25ee7197789b8ec59d6cbcab7d9fc182fc393ccb7ac607ba55766261?s=96&d=mm&r=g","contentUrl":"https:\/\/secure.gravatar.com\/avatar\/08aa632b25ee7197789b8ec59d6cbcab7d9fc182fc393ccb7ac607ba55766261?s=96&d=mm&r=g","caption":"Marie-Pierre Bes"},"url":"https:\/\/autate.fr\/site\/author\/mariepierre\/"}]}},"_links":{"self":[{"href":"https:\/\/autate.fr\/site\/wp-json\/wp\/v2\/posts\/2758","targetHints":{"allow":["GET"]}}],"collection":[{"href":"https:\/\/autate.fr\/site\/wp-json\/wp\/v2\/posts"}],"about":[{"href":"https:\/\/autate.fr\/site\/wp-json\/wp\/v2\/types\/post"}],"author":[{"embeddable":true,"href":"https:\/\/autate.fr\/site\/wp-json\/wp\/v2\/users\/9"}],"replies":[{"embeddable":true,"href":"https:\/\/autate.fr\/site\/wp-json\/wp\/v2\/comments?post=2758"}],"version-history":[{"count":6,"href":"https:\/\/autate.fr\/site\/wp-json\/wp\/v2\/posts\/2758\/revisions"}],"predecessor-version":[{"id":2781,"href":"https:\/\/autate.fr\/site\/wp-json\/wp\/v2\/posts\/2758\/revisions\/2781"}],"wp:attachment":[{"href":"https:\/\/autate.fr\/site\/wp-json\/wp\/v2\/media?parent=2758"}],"wp:term":[{"taxonomy":"category","embeddable":true,"href":"https:\/\/autate.fr\/site\/wp-json\/wp\/v2\/categories?post=2758"},{"taxonomy":"post_tag","embeddable":true,"href":"https:\/\/autate.fr\/site\/wp-json\/wp\/v2\/tags?post=2758"}],"curies":[{"name":"wp","href":"https:\/\/api.w.org\/{rel}","templated":true}]}}