{"id":2738,"date":"2018-07-02T10:18:14","date_gmt":"2018-07-02T08:18:14","guid":{"rendered":"http:\/\/autate.fr\/site\/?p=2738"},"modified":"2018-07-02T10:18:14","modified_gmt":"2018-07-02T08:18:14","slug":"communique-de-presse-autate-sur-laugmentation-des-tarifs","status":"publish","type":"post","link":"https:\/\/autate.fr\/site\/communique-de-presse-autate-sur-laugmentation-des-tarifs\/","title":{"rendered":"Communiqu\u00e9 de presse AUTATE sur l&rsquo;augmentation des tarifs"},"content":{"rendered":"<p>L\u2019AUTATE s\u2019\u00e9tonne de l\u2019augmentation des tarifs de Tisseo. L&rsquo;argument qui est avanc\u00e9 sur l&rsquo;augmentation de l&rsquo;offre n&rsquo;est pas recevable quand le seul investissement significatif, la cr\u00e9ation\u00a0 des Lineo s&rsquo;est fait sans les am\u00e9nagements n\u00e9cessaires pour les rendre vraiment performants. Quelques exemples\u00a0: il faut 57 minutes pour relier le quartier d\u2019Ancely \u00e0 Castanet (INRA)\u00a0 ou encore 59 minutes pour effectuer le trajet Balma-Gramont vers Saint Jory, sur le r\u00e9seau Tisseo\u00a0?<\/p>\n<p>A quelle augmentation aurons-nous droit avec la 3\u00e8me ligne de m\u00e9tro\u00a0?<\/p>\n<p>Doit-on aussi rappeler que notre r\u00e9seau de transport en commun SNCF et Tisseo est tr\u00e8s mal coordonn\u00e9 et tellement peu performant que la part de l\u2019automobile est la plus haute des grandes villes fran\u00e7aises\u00a0? Quelles am\u00e9liorations sur ces trajets vers la premi\u00e8re couronne, \u00e0 partir du 1<sup>er<\/sup> Juillet\u00a0? Comment justifier une r\u00e9duction du service pendant les vacances et une augmentation des tarifs\u00a0? Est-ce qu\u2019un ticket combin\u00e9 SNCF-Tisseo sera prochainement propos\u00e9\u00a0?<\/p>\n<p>Les usagers demandent, au contraire, une baisse des tarifs pour les jeunes et les \u00e9tudiants, non motoris\u00e9s, et des offres commerciales attractives pour les trajets fr\u00e9quents sans se limiter \u00e0 l&rsquo;abonnement Pastel+ . L&rsquo;\u00e9volution de la mobilit\u00e9 avec moins de trajets r\u00e9p\u00e9titifs et l&rsquo;utilisation de plusieurs modes de transport n\u00e9cessite une tarification plus souple et coordonn\u00e9e. L\u2019AUTATE souhaiterait aussi des jours gratuits, en cas de pollution, en cas de forte affluence ou lors d\u2019\u00e9v\u00e9nements particuliers (f\u00eate de la musique, journ\u00e9e du patrimoine, jours de matchs, etc.).<\/p>\n<p>&nbsp;<\/p>\n","protected":false},"excerpt":{"rendered":"<p>L\u2019AUTATE s\u2019\u00e9tonne de l\u2019augmentation des tarifs de Tisseo. L&rsquo;argument qui est avanc\u00e9 sur l&rsquo;augmentation de l&rsquo;offre n&rsquo;est pas recevable quand le seul investissement significatif, la cr\u00e9ation\u00a0 des Lineo s&rsquo;est fait sans les am\u00e9nagements n\u00e9cessaires pour les rendre vraiment performants. Quelques exemples\u00a0: il faut 57 minutes pour relier le quartier d\u2019Ancely \u00e0 Castanet (INRA)\u00a0 ou encore<\/p>\n<p class=\"more-link\"><a href=\"https:\/\/autate.fr\/site\/communique-de-presse-autate-sur-laugmentation-des-tarifs\/\" class=\"themebutton2\">VOIR PLUS<\/a><\/p>\n","protected":false},"author":9,"featured_media":0,"comment_status":"open","ping_status":"open","sticky":false,"template":"","format":"standard","meta":{"footnotes":""},"categories":[4,490],"tags":[],"class_list":["post-2738","post","type-post","status-publish","format-standard","hentry","category-actualite-association","category-prix-des-transports"],"yoast_head":"<!-- This site is optimized with the Yoast SEO plugin v27.4 - https:\/\/yoast.com\/product\/yoast-seo-wordpress\/ -->\n<title>Communiqu\u00e9 de presse AUTATE sur l&#039;augmentation des tarifs - AUTATE<\/title>\n<meta name=\"robots\" content=\"index, follow, max-snippet:-1, max-image-preview:large, max-video-preview:-1\" \/>\n<link rel=\"canonical\" href=\"https:\/\/autate.fr\/site\/communique-de-presse-autate-sur-laugmentation-des-tarifs\/\" \/>\n<meta property=\"og:locale\" content=\"fr_FR\" \/>\n<meta property=\"og:type\" content=\"article\" \/>\n<meta property=\"og:title\" content=\"Communiqu\u00e9 de presse AUTATE sur l&#039;augmentation des tarifs - AUTATE\" \/>\n<meta property=\"og:description\" content=\"L\u2019AUTATE s\u2019\u00e9tonne de l\u2019augmentation des tarifs de Tisseo. L&rsquo;argument qui est avanc\u00e9 sur l&rsquo;augmentation de l&rsquo;offre n&rsquo;est pas recevable quand le seul investissement significatif, la cr\u00e9ation\u00a0 des Lineo s&rsquo;est fait sans les am\u00e9nagements n\u00e9cessaires pour les rendre vraiment performants. Quelques exemples\u00a0: il faut 57 minutes pour relier le quartier d\u2019Ancely \u00e0 Castanet (INRA)\u00a0 ou encoreVOIR PLUS\" \/>\n<meta property=\"og:url\" content=\"https:\/\/autate.fr\/site\/communique-de-presse-autate-sur-laugmentation-des-tarifs\/\" \/>\n<meta property=\"og:site_name\" content=\"AUTATE\" \/>\n<meta property=\"article:publisher\" content=\"https:\/\/www.facebook.com\/AutateToulouse\" \/>\n<meta property=\"article:published_time\" content=\"2018-07-02T08:18:14+00:00\" \/>\n<meta name=\"author\" content=\"Marie-Pierre Bes\" \/>\n<meta name=\"twitter:card\" content=\"summary_large_image\" \/>\n<meta name=\"twitter:creator\" content=\"@AutateToulouse\" \/>\n<meta name=\"twitter:site\" content=\"@AutateToulouse\" \/>\n<meta name=\"twitter:label1\" content=\"\u00c9crit par\" \/>\n\t<meta name=\"twitter:data1\" content=\"Marie-Pierre Bes\" \/>\n\t<meta name=\"twitter:label2\" content=\"Dur\u00e9e de lecture estim\u00e9e\" \/>\n\t<meta name=\"twitter:data2\" content=\"1 minute\" \/>\n<script type=\"application\/ld+json\" class=\"yoast-schema-graph\">{\"@context\":\"https:\\\/\\\/schema.org\",\"@graph\":[{\"@type\":\"Article\",\"@id\":\"https:\\\/\\\/autate.fr\\\/site\\\/communique-de-presse-autate-sur-laugmentation-des-tarifs\\\/#article\",\"isPartOf\":{\"@id\":\"https:\\\/\\\/autate.fr\\\/site\\\/communique-de-presse-autate-sur-laugmentation-des-tarifs\\\/\"},\"author\":{\"name\":\"Marie-Pierre Bes\",\"@id\":\"https:\\\/\\\/autate.fr\\\/site\\\/#\\\/schema\\\/person\\\/ca1ac9182f29f02489db16f08b0834ff\"},\"headline\":\"Communiqu\u00e9 de presse AUTATE sur l&rsquo;augmentation des tarifs\",\"datePublished\":\"2018-07-02T08:18:14+00:00\",\"mainEntityOfPage\":{\"@id\":\"https:\\\/\\\/autate.fr\\\/site\\\/communique-de-presse-autate-sur-laugmentation-des-tarifs\\\/\"},\"wordCount\":268,\"commentCount\":0,\"publisher\":{\"@id\":\"https:\\\/\\\/autate.fr\\\/site\\\/#organization\"},\"articleSection\":[\"Actualit\u00e9s-AUTATE\",\"Prix des transports\"],\"inLanguage\":\"fr-FR\",\"potentialAction\":[{\"@type\":\"CommentAction\",\"name\":\"Comment\",\"target\":[\"https:\\\/\\\/autate.fr\\\/site\\\/communique-de-presse-autate-sur-laugmentation-des-tarifs\\\/#respond\"]}]},{\"@type\":\"WebPage\",\"@id\":\"https:\\\/\\\/autate.fr\\\/site\\\/communique-de-presse-autate-sur-laugmentation-des-tarifs\\\/\",\"url\":\"https:\\\/\\\/autate.fr\\\/site\\\/communique-de-presse-autate-sur-laugmentation-des-tarifs\\\/\",\"name\":\"Communiqu\u00e9 de presse AUTATE sur l'augmentation des tarifs - AUTATE\",\"isPartOf\":{\"@id\":\"https:\\\/\\\/autate.fr\\\/site\\\/#website\"},\"datePublished\":\"2018-07-02T08:18:14+00:00\",\"breadcrumb\":{\"@id\":\"https:\\\/\\\/autate.fr\\\/site\\\/communique-de-presse-autate-sur-laugmentation-des-tarifs\\\/#breadcrumb\"},\"inLanguage\":\"fr-FR\",\"potentialAction\":[{\"@type\":\"ReadAction\",\"target\":[\"https:\\\/\\\/autate.fr\\\/site\\\/communique-de-presse-autate-sur-laugmentation-des-tarifs\\\/\"]}]},{\"@type\":\"BreadcrumbList\",\"@id\":\"https:\\\/\\\/autate.fr\\\/site\\\/communique-de-presse-autate-sur-laugmentation-des-tarifs\\\/#breadcrumb\",\"itemListElement\":[{\"@type\":\"ListItem\",\"position\":1,\"name\":\"Accueil\",\"item\":\"https:\\\/\\\/autate.fr\\\/site\\\/\"},{\"@type\":\"ListItem\",\"position\":2,\"name\":\"Communiqu\u00e9 de presse AUTATE sur l&rsquo;augmentation des tarifs\"}]},{\"@type\":\"WebSite\",\"@id\":\"https:\\\/\\\/autate.fr\\\/site\\\/#website\",\"url\":\"https:\\\/\\\/autate.fr\\\/site\\\/\",\"name\":\"AUTATE\",\"description\":\"Association des usagers des transports de l&#039;agglom\u00e9ration Toulousaine et de ses environs\",\"publisher\":{\"@id\":\"https:\\\/\\\/autate.fr\\\/site\\\/#organization\"},\"potentialAction\":[{\"@type\":\"SearchAction\",\"target\":{\"@type\":\"EntryPoint\",\"urlTemplate\":\"https:\\\/\\\/autate.fr\\\/site\\\/?s={search_term_string}\"},\"query-input\":{\"@type\":\"PropertyValueSpecification\",\"valueRequired\":true,\"valueName\":\"search_term_string\"}}],\"inLanguage\":\"fr-FR\"},{\"@type\":\"Organization\",\"@id\":\"https:\\\/\\\/autate.fr\\\/site\\\/#organization\",\"name\":\"AUTATE\",\"url\":\"https:\\\/\\\/autate.fr\\\/site\\\/\",\"logo\":{\"@type\":\"ImageObject\",\"inLanguage\":\"fr-FR\",\"@id\":\"https:\\\/\\\/autate.fr\\\/site\\\/#\\\/schema\\\/logo\\\/image\\\/\",\"url\":\"http:\\\/\\\/autate.fr\\\/site\\\/wp-content\\\/uploads\\\/2019\\\/01\\\/logo.png\",\"contentUrl\":\"http:\\\/\\\/autate.fr\\\/site\\\/wp-content\\\/uploads\\\/2019\\\/01\\\/logo.png\",\"width\":506,\"height\":280,\"caption\":\"AUTATE\"},\"image\":{\"@id\":\"https:\\\/\\\/autate.fr\\\/site\\\/#\\\/schema\\\/logo\\\/image\\\/\"},\"sameAs\":[\"https:\\\/\\\/www.facebook.com\\\/AutateToulouse\",\"https:\\\/\\\/x.com\\\/AutateToulouse\"]},{\"@type\":\"Person\",\"@id\":\"https:\\\/\\\/autate.fr\\\/site\\\/#\\\/schema\\\/person\\\/ca1ac9182f29f02489db16f08b0834ff\",\"name\":\"Marie-Pierre Bes\",\"image\":{\"@type\":\"ImageObject\",\"inLanguage\":\"fr-FR\",\"@id\":\"https:\\\/\\\/secure.gravatar.com\\\/avatar\\\/08aa632b25ee7197789b8ec59d6cbcab7d9fc182fc393ccb7ac607ba55766261?s=96&d=mm&r=g\",\"url\":\"https:\\\/\\\/secure.gravatar.com\\\/avatar\\\/08aa632b25ee7197789b8ec59d6cbcab7d9fc182fc393ccb7ac607ba55766261?s=96&d=mm&r=g\",\"contentUrl\":\"https:\\\/\\\/secure.gravatar.com\\\/avatar\\\/08aa632b25ee7197789b8ec59d6cbcab7d9fc182fc393ccb7ac607ba55766261?s=96&d=mm&r=g\",\"caption\":\"Marie-Pierre Bes\"},\"url\":\"https:\\\/\\\/autate.fr\\\/site\\\/author\\\/mariepierre\\\/\"}]}<\/script>\n<!-- \/ Yoast SEO plugin. -->","yoast_head_json":{"title":"Communiqu\u00e9 de presse AUTATE sur l'augmentation des tarifs - AUTATE","robots":{"index":"index","follow":"follow","max-snippet":"max-snippet:-1","max-image-preview":"max-image-preview:large","max-video-preview":"max-video-preview:-1"},"canonical":"https:\/\/autate.fr\/site\/communique-de-presse-autate-sur-laugmentation-des-tarifs\/","og_locale":"fr_FR","og_type":"article","og_title":"Communiqu\u00e9 de presse AUTATE sur l'augmentation des tarifs - AUTATE","og_description":"L\u2019AUTATE s\u2019\u00e9tonne de l\u2019augmentation des tarifs de Tisseo. L&rsquo;argument qui est avanc\u00e9 sur l&rsquo;augmentation de l&rsquo;offre n&rsquo;est pas recevable quand le seul investissement significatif, la cr\u00e9ation\u00a0 des Lineo s&rsquo;est fait sans les am\u00e9nagements n\u00e9cessaires pour les rendre vraiment performants. Quelques exemples\u00a0: il faut 57 minutes pour relier le quartier d\u2019Ancely \u00e0 Castanet (INRA)\u00a0 ou encoreVOIR PLUS","og_url":"https:\/\/autate.fr\/site\/communique-de-presse-autate-sur-laugmentation-des-tarifs\/","og_site_name":"AUTATE","article_publisher":"https:\/\/www.facebook.com\/AutateToulouse","article_published_time":"2018-07-02T08:18:14+00:00","author":"Marie-Pierre Bes","twitter_card":"summary_large_image","twitter_creator":"@AutateToulouse","twitter_site":"@AutateToulouse","twitter_misc":{"\u00c9crit par":"Marie-Pierre Bes","Dur\u00e9e de lecture estim\u00e9e":"1 minute"},"schema":{"@context":"https:\/\/schema.org","@graph":[{"@type":"Article","@id":"https:\/\/autate.fr\/site\/communique-de-presse-autate-sur-laugmentation-des-tarifs\/#article","isPartOf":{"@id":"https:\/\/autate.fr\/site\/communique-de-presse-autate-sur-laugmentation-des-tarifs\/"},"author":{"name":"Marie-Pierre Bes","@id":"https:\/\/autate.fr\/site\/#\/schema\/person\/ca1ac9182f29f02489db16f08b0834ff"},"headline":"Communiqu\u00e9 de presse AUTATE sur l&rsquo;augmentation des tarifs","datePublished":"2018-07-02T08:18:14+00:00","mainEntityOfPage":{"@id":"https:\/\/autate.fr\/site\/communique-de-presse-autate-sur-laugmentation-des-tarifs\/"},"wordCount":268,"commentCount":0,"publisher":{"@id":"https:\/\/autate.fr\/site\/#organization"},"articleSection":["Actualit\u00e9s-AUTATE","Prix des transports"],"inLanguage":"fr-FR","potentialAction":[{"@type":"CommentAction","name":"Comment","target":["https:\/\/autate.fr\/site\/communique-de-presse-autate-sur-laugmentation-des-tarifs\/#respond"]}]},{"@type":"WebPage","@id":"https:\/\/autate.fr\/site\/communique-de-presse-autate-sur-laugmentation-des-tarifs\/","url":"https:\/\/autate.fr\/site\/communique-de-presse-autate-sur-laugmentation-des-tarifs\/","name":"Communiqu\u00e9 de presse AUTATE sur l'augmentation des tarifs - AUTATE","isPartOf":{"@id":"https:\/\/autate.fr\/site\/#website"},"datePublished":"2018-07-02T08:18:14+00:00","breadcrumb":{"@id":"https:\/\/autate.fr\/site\/communique-de-presse-autate-sur-laugmentation-des-tarifs\/#breadcrumb"},"inLanguage":"fr-FR","potentialAction":[{"@type":"ReadAction","target":["https:\/\/autate.fr\/site\/communique-de-presse-autate-sur-laugmentation-des-tarifs\/"]}]},{"@type":"BreadcrumbList","@id":"https:\/\/autate.fr\/site\/communique-de-presse-autate-sur-laugmentation-des-tarifs\/#breadcrumb","itemListElement":[{"@type":"ListItem","position":1,"name":"Accueil","item":"https:\/\/autate.fr\/site\/"},{"@type":"ListItem","position":2,"name":"Communiqu\u00e9 de presse AUTATE sur l&rsquo;augmentation des tarifs"}]},{"@type":"WebSite","@id":"https:\/\/autate.fr\/site\/#website","url":"https:\/\/autate.fr\/site\/","name":"AUTATE","description":"Association des usagers des transports de l&#039;agglom\u00e9ration Toulousaine et de ses environs","publisher":{"@id":"https:\/\/autate.fr\/site\/#organization"},"potentialAction":[{"@type":"SearchAction","target":{"@type":"EntryPoint","urlTemplate":"https:\/\/autate.fr\/site\/?s={search_term_string}"},"query-input":{"@type":"PropertyValueSpecification","valueRequired":true,"valueName":"search_term_string"}}],"inLanguage":"fr-FR"},{"@type":"Organization","@id":"https:\/\/autate.fr\/site\/#organization","name":"AUTATE","url":"https:\/\/autate.fr\/site\/","logo":{"@type":"ImageObject","inLanguage":"fr-FR","@id":"https:\/\/autate.fr\/site\/#\/schema\/logo\/image\/","url":"http:\/\/autate.fr\/site\/wp-content\/uploads\/2019\/01\/logo.png","contentUrl":"http:\/\/autate.fr\/site\/wp-content\/uploads\/2019\/01\/logo.png","width":506,"height":280,"caption":"AUTATE"},"image":{"@id":"https:\/\/autate.fr\/site\/#\/schema\/logo\/image\/"},"sameAs":["https:\/\/www.facebook.com\/AutateToulouse","https:\/\/x.com\/AutateToulouse"]},{"@type":"Person","@id":"https:\/\/autate.fr\/site\/#\/schema\/person\/ca1ac9182f29f02489db16f08b0834ff","name":"Marie-Pierre Bes","image":{"@type":"ImageObject","inLanguage":"fr-FR","@id":"https:\/\/secure.gravatar.com\/avatar\/08aa632b25ee7197789b8ec59d6cbcab7d9fc182fc393ccb7ac607ba55766261?s=96&d=mm&r=g","url":"https:\/\/secure.gravatar.com\/avatar\/08aa632b25ee7197789b8ec59d6cbcab7d9fc182fc393ccb7ac607ba55766261?s=96&d=mm&r=g","contentUrl":"https:\/\/secure.gravatar.com\/avatar\/08aa632b25ee7197789b8ec59d6cbcab7d9fc182fc393ccb7ac607ba55766261?s=96&d=mm&r=g","caption":"Marie-Pierre Bes"},"url":"https:\/\/autate.fr\/site\/author\/mariepierre\/"}]}},"_links":{"self":[{"href":"https:\/\/autate.fr\/site\/wp-json\/wp\/v2\/posts\/2738","targetHints":{"allow":["GET"]}}],"collection":[{"href":"https:\/\/autate.fr\/site\/wp-json\/wp\/v2\/posts"}],"about":[{"href":"https:\/\/autate.fr\/site\/wp-json\/wp\/v2\/types\/post"}],"author":[{"embeddable":true,"href":"https:\/\/autate.fr\/site\/wp-json\/wp\/v2\/users\/9"}],"replies":[{"embeddable":true,"href":"https:\/\/autate.fr\/site\/wp-json\/wp\/v2\/comments?post=2738"}],"version-history":[{"count":1,"href":"https:\/\/autate.fr\/site\/wp-json\/wp\/v2\/posts\/2738\/revisions"}],"predecessor-version":[{"id":2739,"href":"https:\/\/autate.fr\/site\/wp-json\/wp\/v2\/posts\/2738\/revisions\/2739"}],"wp:attachment":[{"href":"https:\/\/autate.fr\/site\/wp-json\/wp\/v2\/media?parent=2738"}],"wp:term":[{"taxonomy":"category","embeddable":true,"href":"https:\/\/autate.fr\/site\/wp-json\/wp\/v2\/categories?post=2738"},{"taxonomy":"post_tag","embeddable":true,"href":"https:\/\/autate.fr\/site\/wp-json\/wp\/v2\/tags?post=2738"}],"curies":[{"name":"wp","href":"https:\/\/api.w.org\/{rel}","templated":true}]}}