{"id":2729,"date":"2018-06-27T15:26:28","date_gmt":"2018-06-27T13:26:28","guid":{"rendered":"http:\/\/autate.fr\/site\/?p=2729"},"modified":"2018-06-27T15:26:28","modified_gmt":"2018-06-27T13:26:28","slug":"reunion-organisee-par-la-sncf","status":"publish","type":"post","link":"https:\/\/autate.fr\/site\/reunion-organisee-par-la-sncf\/","title":{"rendered":"R\u00e9union organis\u00e9e par la SNCF"},"content":{"rendered":"<p class=\"Standard\">L&rsquo;Autate a particip\u00e9 pour la premi\u00e8re fois \u00e0 la r\u00e9union des associations Toulouse-nord organis\u00e9e par la SNCF le 30 mai. Les lignes concern\u00e9es sont toutes les lignes TER au nord et \u00e0 l&rsquo;est de Toulouse (vers Montauban, Albi, Carcassonne, et au-del\u00e0 dans la r\u00e9gion Occitanie). Seules les associations repr\u00e9sentatives y sont invit\u00e9es par la SNCF. L&rsquo;AUTATE \u00e9tait pr\u00e9sente \u00e0 ce titre mais aussi pour repr\u00e9senter la f\u00e9d\u00e9ration r\u00e9gionale FNAUT.<\/p>\n<p class=\"Standard\">C&rsquo;\u00e9tait la derni\u00e8re r\u00e9union de ce type, avant la mise en place d&rsquo;autres modalit\u00e9s de concertation suite \u00e0 la nouvelle convention R\u00e9gion Occitanie. Nous souhaitons et avons demand\u00e9 qu&rsquo;\u00e0 l&rsquo;avenir, il y ait un repr\u00e9sentant de la R\u00e9gion \u00e0 ce type de r\u00e9union, car c&rsquo;est l&rsquo;instance d\u00e9cisionnaire.<\/p>\n<p class=\"Standard\">La SNCF a pr\u00e9sent\u00e9 la nouvelle tarification et les principaux changements pour la client\u00e8le d\u00e9coulant de la nouvelle convention. Le service \u00ab\u00a0production\u00a0\u00bb a ensuite fait un point sur le suivi qualit\u00e9 , d\u00e9plorable sur la quasi totalit\u00e9 des lignes, et ce sans effet \u00ab\u00a0gr\u00e8ve\u00a0\u00bb.<\/p>\n<p class=\"Standard\">Nous avons fait \u00e9tat des points de m\u00e9contentement que nous avions relev\u00e9 ou que nous ont fait remonter les usagers tels que l&rsquo;absence de tarification int\u00e9gr\u00e9e avec le r\u00e9seau Tisseo (sauf carte Pastel+), les probl\u00e8mes de stationnement,de d\u00e9gradation, les suppressions d&rsquo;arr\u00eat&#8230;<\/p>\n<p class=\"Standard\">Nous avons aussi demand\u00e9 une information sur les changements d&rsquo;horaires avant leur publication, pour pouvoir r\u00e9agir en temps utile.<\/p>\n<p class=\"Standard\">Compte-rendu complet et pr\u00e9sentations SNCF sont \u00e0 la disposition des adh\u00e9rents.<\/p>\n","protected":false},"excerpt":{"rendered":"<p>L&rsquo;Autate a particip\u00e9 pour la premi\u00e8re fois \u00e0 la r\u00e9union des associations Toulouse-nord organis\u00e9e par la SNCF le 30 mai. Les lignes concern\u00e9es sont toutes les lignes TER au nord et \u00e0 l&rsquo;est de Toulouse (vers Montauban, Albi, Carcassonne, et au-del\u00e0 dans la r\u00e9gion Occitanie). Seules les associations repr\u00e9sentatives y sont invit\u00e9es par la SNCF.<\/p>\n<p class=\"more-link\"><a href=\"https:\/\/autate.fr\/site\/reunion-organisee-par-la-sncf\/\" class=\"themebutton2\">VOIR PLUS<\/a><\/p>\n","protected":false},"author":9,"featured_media":0,"comment_status":"open","ping_status":"open","sticky":false,"template":"","format":"standard","meta":{"footnotes":""},"categories":[4,418],"tags":[],"class_list":["post-2729","post","type-post","status-publish","format-standard","hentry","category-actualite-association","category-trains-urbains"],"yoast_head":"<!-- This site is optimized with the Yoast SEO plugin v27.4 - https:\/\/yoast.com\/product\/yoast-seo-wordpress\/ -->\n<title>R\u00e9union organis\u00e9e par la SNCF - AUTATE<\/title>\n<meta name=\"robots\" content=\"index, follow, max-snippet:-1, max-image-preview:large, max-video-preview:-1\" \/>\n<link rel=\"canonical\" href=\"https:\/\/autate.fr\/site\/reunion-organisee-par-la-sncf\/\" \/>\n<meta property=\"og:locale\" content=\"fr_FR\" \/>\n<meta property=\"og:type\" content=\"article\" \/>\n<meta property=\"og:title\" content=\"R\u00e9union organis\u00e9e par la SNCF - AUTATE\" \/>\n<meta property=\"og:description\" content=\"L&rsquo;Autate a particip\u00e9 pour la premi\u00e8re fois \u00e0 la r\u00e9union des associations Toulouse-nord organis\u00e9e par la SNCF le 30 mai. Les lignes concern\u00e9es sont toutes les lignes TER au nord et \u00e0 l&rsquo;est de Toulouse (vers Montauban, Albi, Carcassonne, et au-del\u00e0 dans la r\u00e9gion Occitanie). Seules les associations repr\u00e9sentatives y sont invit\u00e9es par la SNCF.VOIR PLUS\" \/>\n<meta property=\"og:url\" content=\"https:\/\/autate.fr\/site\/reunion-organisee-par-la-sncf\/\" \/>\n<meta property=\"og:site_name\" content=\"AUTATE\" \/>\n<meta property=\"article:publisher\" content=\"https:\/\/www.facebook.com\/AutateToulouse\" \/>\n<meta property=\"article:published_time\" content=\"2018-06-27T13:26:28+00:00\" \/>\n<meta name=\"author\" content=\"Marie-Pierre Bes\" \/>\n<meta name=\"twitter:card\" content=\"summary_large_image\" \/>\n<meta name=\"twitter:creator\" content=\"@AutateToulouse\" \/>\n<meta name=\"twitter:site\" content=\"@AutateToulouse\" \/>\n<meta name=\"twitter:label1\" content=\"\u00c9crit par\" \/>\n\t<meta name=\"twitter:data1\" content=\"Marie-Pierre Bes\" \/>\n\t<meta name=\"twitter:label2\" content=\"Dur\u00e9e de lecture estim\u00e9e\" \/>\n\t<meta name=\"twitter:data2\" content=\"1 minute\" \/>\n<script type=\"application\/ld+json\" class=\"yoast-schema-graph\">{\"@context\":\"https:\\\/\\\/schema.org\",\"@graph\":[{\"@type\":\"Article\",\"@id\":\"https:\\\/\\\/autate.fr\\\/site\\\/reunion-organisee-par-la-sncf\\\/#article\",\"isPartOf\":{\"@id\":\"https:\\\/\\\/autate.fr\\\/site\\\/reunion-organisee-par-la-sncf\\\/\"},\"author\":{\"name\":\"Marie-Pierre Bes\",\"@id\":\"https:\\\/\\\/autate.fr\\\/site\\\/#\\\/schema\\\/person\\\/ca1ac9182f29f02489db16f08b0834ff\"},\"headline\":\"R\u00e9union organis\u00e9e par la SNCF\",\"datePublished\":\"2018-06-27T13:26:28+00:00\",\"mainEntityOfPage\":{\"@id\":\"https:\\\/\\\/autate.fr\\\/site\\\/reunion-organisee-par-la-sncf\\\/\"},\"wordCount\":267,\"commentCount\":0,\"publisher\":{\"@id\":\"https:\\\/\\\/autate.fr\\\/site\\\/#organization\"},\"articleSection\":[\"Actualit\u00e9s-AUTATE\",\"Trains urbains\"],\"inLanguage\":\"fr-FR\",\"potentialAction\":[{\"@type\":\"CommentAction\",\"name\":\"Comment\",\"target\":[\"https:\\\/\\\/autate.fr\\\/site\\\/reunion-organisee-par-la-sncf\\\/#respond\"]}]},{\"@type\":\"WebPage\",\"@id\":\"https:\\\/\\\/autate.fr\\\/site\\\/reunion-organisee-par-la-sncf\\\/\",\"url\":\"https:\\\/\\\/autate.fr\\\/site\\\/reunion-organisee-par-la-sncf\\\/\",\"name\":\"R\u00e9union organis\u00e9e par la SNCF - AUTATE\",\"isPartOf\":{\"@id\":\"https:\\\/\\\/autate.fr\\\/site\\\/#website\"},\"datePublished\":\"2018-06-27T13:26:28+00:00\",\"breadcrumb\":{\"@id\":\"https:\\\/\\\/autate.fr\\\/site\\\/reunion-organisee-par-la-sncf\\\/#breadcrumb\"},\"inLanguage\":\"fr-FR\",\"potentialAction\":[{\"@type\":\"ReadAction\",\"target\":[\"https:\\\/\\\/autate.fr\\\/site\\\/reunion-organisee-par-la-sncf\\\/\"]}]},{\"@type\":\"BreadcrumbList\",\"@id\":\"https:\\\/\\\/autate.fr\\\/site\\\/reunion-organisee-par-la-sncf\\\/#breadcrumb\",\"itemListElement\":[{\"@type\":\"ListItem\",\"position\":1,\"name\":\"Accueil\",\"item\":\"https:\\\/\\\/autate.fr\\\/site\\\/\"},{\"@type\":\"ListItem\",\"position\":2,\"name\":\"R\u00e9union organis\u00e9e par la SNCF\"}]},{\"@type\":\"WebSite\",\"@id\":\"https:\\\/\\\/autate.fr\\\/site\\\/#website\",\"url\":\"https:\\\/\\\/autate.fr\\\/site\\\/\",\"name\":\"AUTATE\",\"description\":\"Association des usagers des transports de l&#039;agglom\u00e9ration Toulousaine et de ses environs\",\"publisher\":{\"@id\":\"https:\\\/\\\/autate.fr\\\/site\\\/#organization\"},\"potentialAction\":[{\"@type\":\"SearchAction\",\"target\":{\"@type\":\"EntryPoint\",\"urlTemplate\":\"https:\\\/\\\/autate.fr\\\/site\\\/?s={search_term_string}\"},\"query-input\":{\"@type\":\"PropertyValueSpecification\",\"valueRequired\":true,\"valueName\":\"search_term_string\"}}],\"inLanguage\":\"fr-FR\"},{\"@type\":\"Organization\",\"@id\":\"https:\\\/\\\/autate.fr\\\/site\\\/#organization\",\"name\":\"AUTATE\",\"url\":\"https:\\\/\\\/autate.fr\\\/site\\\/\",\"logo\":{\"@type\":\"ImageObject\",\"inLanguage\":\"fr-FR\",\"@id\":\"https:\\\/\\\/autate.fr\\\/site\\\/#\\\/schema\\\/logo\\\/image\\\/\",\"url\":\"http:\\\/\\\/autate.fr\\\/site\\\/wp-content\\\/uploads\\\/2019\\\/01\\\/logo.png\",\"contentUrl\":\"http:\\\/\\\/autate.fr\\\/site\\\/wp-content\\\/uploads\\\/2019\\\/01\\\/logo.png\",\"width\":506,\"height\":280,\"caption\":\"AUTATE\"},\"image\":{\"@id\":\"https:\\\/\\\/autate.fr\\\/site\\\/#\\\/schema\\\/logo\\\/image\\\/\"},\"sameAs\":[\"https:\\\/\\\/www.facebook.com\\\/AutateToulouse\",\"https:\\\/\\\/x.com\\\/AutateToulouse\"]},{\"@type\":\"Person\",\"@id\":\"https:\\\/\\\/autate.fr\\\/site\\\/#\\\/schema\\\/person\\\/ca1ac9182f29f02489db16f08b0834ff\",\"name\":\"Marie-Pierre Bes\",\"image\":{\"@type\":\"ImageObject\",\"inLanguage\":\"fr-FR\",\"@id\":\"https:\\\/\\\/secure.gravatar.com\\\/avatar\\\/08aa632b25ee7197789b8ec59d6cbcab7d9fc182fc393ccb7ac607ba55766261?s=96&d=mm&r=g\",\"url\":\"https:\\\/\\\/secure.gravatar.com\\\/avatar\\\/08aa632b25ee7197789b8ec59d6cbcab7d9fc182fc393ccb7ac607ba55766261?s=96&d=mm&r=g\",\"contentUrl\":\"https:\\\/\\\/secure.gravatar.com\\\/avatar\\\/08aa632b25ee7197789b8ec59d6cbcab7d9fc182fc393ccb7ac607ba55766261?s=96&d=mm&r=g\",\"caption\":\"Marie-Pierre Bes\"},\"url\":\"https:\\\/\\\/autate.fr\\\/site\\\/author\\\/mariepierre\\\/\"}]}<\/script>\n<!-- \/ Yoast SEO plugin. -->","yoast_head_json":{"title":"R\u00e9union organis\u00e9e par la SNCF - AUTATE","robots":{"index":"index","follow":"follow","max-snippet":"max-snippet:-1","max-image-preview":"max-image-preview:large","max-video-preview":"max-video-preview:-1"},"canonical":"https:\/\/autate.fr\/site\/reunion-organisee-par-la-sncf\/","og_locale":"fr_FR","og_type":"article","og_title":"R\u00e9union organis\u00e9e par la SNCF - AUTATE","og_description":"L&rsquo;Autate a particip\u00e9 pour la premi\u00e8re fois \u00e0 la r\u00e9union des associations Toulouse-nord organis\u00e9e par la SNCF le 30 mai. Les lignes concern\u00e9es sont toutes les lignes TER au nord et \u00e0 l&rsquo;est de Toulouse (vers Montauban, Albi, Carcassonne, et au-del\u00e0 dans la r\u00e9gion Occitanie). Seules les associations repr\u00e9sentatives y sont invit\u00e9es par la SNCF.VOIR PLUS","og_url":"https:\/\/autate.fr\/site\/reunion-organisee-par-la-sncf\/","og_site_name":"AUTATE","article_publisher":"https:\/\/www.facebook.com\/AutateToulouse","article_published_time":"2018-06-27T13:26:28+00:00","author":"Marie-Pierre Bes","twitter_card":"summary_large_image","twitter_creator":"@AutateToulouse","twitter_site":"@AutateToulouse","twitter_misc":{"\u00c9crit par":"Marie-Pierre Bes","Dur\u00e9e de lecture estim\u00e9e":"1 minute"},"schema":{"@context":"https:\/\/schema.org","@graph":[{"@type":"Article","@id":"https:\/\/autate.fr\/site\/reunion-organisee-par-la-sncf\/#article","isPartOf":{"@id":"https:\/\/autate.fr\/site\/reunion-organisee-par-la-sncf\/"},"author":{"name":"Marie-Pierre Bes","@id":"https:\/\/autate.fr\/site\/#\/schema\/person\/ca1ac9182f29f02489db16f08b0834ff"},"headline":"R\u00e9union organis\u00e9e par la SNCF","datePublished":"2018-06-27T13:26:28+00:00","mainEntityOfPage":{"@id":"https:\/\/autate.fr\/site\/reunion-organisee-par-la-sncf\/"},"wordCount":267,"commentCount":0,"publisher":{"@id":"https:\/\/autate.fr\/site\/#organization"},"articleSection":["Actualit\u00e9s-AUTATE","Trains urbains"],"inLanguage":"fr-FR","potentialAction":[{"@type":"CommentAction","name":"Comment","target":["https:\/\/autate.fr\/site\/reunion-organisee-par-la-sncf\/#respond"]}]},{"@type":"WebPage","@id":"https:\/\/autate.fr\/site\/reunion-organisee-par-la-sncf\/","url":"https:\/\/autate.fr\/site\/reunion-organisee-par-la-sncf\/","name":"R\u00e9union organis\u00e9e par la SNCF - AUTATE","isPartOf":{"@id":"https:\/\/autate.fr\/site\/#website"},"datePublished":"2018-06-27T13:26:28+00:00","breadcrumb":{"@id":"https:\/\/autate.fr\/site\/reunion-organisee-par-la-sncf\/#breadcrumb"},"inLanguage":"fr-FR","potentialAction":[{"@type":"ReadAction","target":["https:\/\/autate.fr\/site\/reunion-organisee-par-la-sncf\/"]}]},{"@type":"BreadcrumbList","@id":"https:\/\/autate.fr\/site\/reunion-organisee-par-la-sncf\/#breadcrumb","itemListElement":[{"@type":"ListItem","position":1,"name":"Accueil","item":"https:\/\/autate.fr\/site\/"},{"@type":"ListItem","position":2,"name":"R\u00e9union organis\u00e9e par la SNCF"}]},{"@type":"WebSite","@id":"https:\/\/autate.fr\/site\/#website","url":"https:\/\/autate.fr\/site\/","name":"AUTATE","description":"Association des usagers des transports de l&#039;agglom\u00e9ration Toulousaine et de ses environs","publisher":{"@id":"https:\/\/autate.fr\/site\/#organization"},"potentialAction":[{"@type":"SearchAction","target":{"@type":"EntryPoint","urlTemplate":"https:\/\/autate.fr\/site\/?s={search_term_string}"},"query-input":{"@type":"PropertyValueSpecification","valueRequired":true,"valueName":"search_term_string"}}],"inLanguage":"fr-FR"},{"@type":"Organization","@id":"https:\/\/autate.fr\/site\/#organization","name":"AUTATE","url":"https:\/\/autate.fr\/site\/","logo":{"@type":"ImageObject","inLanguage":"fr-FR","@id":"https:\/\/autate.fr\/site\/#\/schema\/logo\/image\/","url":"http:\/\/autate.fr\/site\/wp-content\/uploads\/2019\/01\/logo.png","contentUrl":"http:\/\/autate.fr\/site\/wp-content\/uploads\/2019\/01\/logo.png","width":506,"height":280,"caption":"AUTATE"},"image":{"@id":"https:\/\/autate.fr\/site\/#\/schema\/logo\/image\/"},"sameAs":["https:\/\/www.facebook.com\/AutateToulouse","https:\/\/x.com\/AutateToulouse"]},{"@type":"Person","@id":"https:\/\/autate.fr\/site\/#\/schema\/person\/ca1ac9182f29f02489db16f08b0834ff","name":"Marie-Pierre Bes","image":{"@type":"ImageObject","inLanguage":"fr-FR","@id":"https:\/\/secure.gravatar.com\/avatar\/08aa632b25ee7197789b8ec59d6cbcab7d9fc182fc393ccb7ac607ba55766261?s=96&d=mm&r=g","url":"https:\/\/secure.gravatar.com\/avatar\/08aa632b25ee7197789b8ec59d6cbcab7d9fc182fc393ccb7ac607ba55766261?s=96&d=mm&r=g","contentUrl":"https:\/\/secure.gravatar.com\/avatar\/08aa632b25ee7197789b8ec59d6cbcab7d9fc182fc393ccb7ac607ba55766261?s=96&d=mm&r=g","caption":"Marie-Pierre Bes"},"url":"https:\/\/autate.fr\/site\/author\/mariepierre\/"}]}},"_links":{"self":[{"href":"https:\/\/autate.fr\/site\/wp-json\/wp\/v2\/posts\/2729","targetHints":{"allow":["GET"]}}],"collection":[{"href":"https:\/\/autate.fr\/site\/wp-json\/wp\/v2\/posts"}],"about":[{"href":"https:\/\/autate.fr\/site\/wp-json\/wp\/v2\/types\/post"}],"author":[{"embeddable":true,"href":"https:\/\/autate.fr\/site\/wp-json\/wp\/v2\/users\/9"}],"replies":[{"embeddable":true,"href":"https:\/\/autate.fr\/site\/wp-json\/wp\/v2\/comments?post=2729"}],"version-history":[{"count":1,"href":"https:\/\/autate.fr\/site\/wp-json\/wp\/v2\/posts\/2729\/revisions"}],"predecessor-version":[{"id":2730,"href":"https:\/\/autate.fr\/site\/wp-json\/wp\/v2\/posts\/2729\/revisions\/2730"}],"wp:attachment":[{"href":"https:\/\/autate.fr\/site\/wp-json\/wp\/v2\/media?parent=2729"}],"wp:term":[{"taxonomy":"category","embeddable":true,"href":"https:\/\/autate.fr\/site\/wp-json\/wp\/v2\/categories?post=2729"},{"taxonomy":"post_tag","embeddable":true,"href":"https:\/\/autate.fr\/site\/wp-json\/wp\/v2\/tags?post=2729"}],"curies":[{"name":"wp","href":"https:\/\/api.w.org\/{rel}","templated":true}]}}