{"id":2710,"date":"2018-06-20T14:38:50","date_gmt":"2018-06-20T12:38:50","guid":{"rendered":"http:\/\/autate.fr\/site\/?p=2710"},"modified":"2018-06-20T14:39:06","modified_gmt":"2018-06-20T12:39:06","slug":"amenagement-prealable-lineo-5","status":"publish","type":"post","link":"https:\/\/autate.fr\/site\/amenagement-prealable-lineo-5\/","title":{"rendered":"Am\u00e9nagement pr\u00e9alable Lineo 5"},"content":{"rendered":"<p><a href=\"https:\/\/www.ladepeche.fr\/article\/2018\/06\/20\/2821370-visite-des-amenagements-prealables-du-futur-lineo-5-5.html\">https:\/\/www.ladepeche.fr\/article\/2018\/06\/20\/2821370-visite-des-amenagements-prealables-du-futur-lineo-5-5.html<\/a><\/p>\n<p>Jean Michel Lattes et Thierry Suaud, ont inaugur\u00e9 en sportif l&rsquo;acc\u00e8s<br \/>\ns\u00e9curis\u00e9 de Clairfont vers la route d&rsquo;Espagne.\/ Photo DDM.<\/p>\n<p>En pr\u00e9sence de diverses personnalit\u00e9s et des \u00e9lus locaux, Jean-Michel<br \/>\nLattes pr\u00e9sident de Tiss\u00e9o collectivit\u00e9s et Thierry Suaud maire de<br \/>\nPortet ont pr\u00e9sent\u00e9 la future ligne Lin\u00e9o 5 qui reliera la gare de<br \/>\nPortet \u00e0 Toulouse Empalot \u00e0 compter de <span id=\"OBJ_PREFIX_DWT333_com_zimbra_date\" class=\"Object\"><span id=\"OBJ_PREFIX_DWT334_com_zimbra_date\" class=\"Object\">septembre 2019<\/span><\/span>. Des<br \/>\nam\u00e9nagements pr\u00e9alables vont permettre de favoriser la circulation des<br \/>\nbus et des modes pi\u00e9tons et v\u00e9los. L&rsquo;am\u00e9nagement d&rsquo;un nouveau<br \/>\ngiratoire sur l&rsquo;avenue Eisenhower permettra de soulager le carrefour<br \/>\nDide des diff\u00e9rents flux de la zone d&rsquo;activit\u00e9s du Chapitre.<\/p>\n<p>L&rsquo;am\u00e9nagement de la RD120 entre la rue des Fr\u00eanes et le giratoire Dide<br \/>\nest \u00e9galement pr\u00e9vu avec la cr\u00e9ation d&rsquo;une voie bus en direction de<br \/>\nToulouse et d&rsquo;un chemin \u00abmodes actifs\u00bb pour assurer la liaison entre<br \/>\nPortet et l&rsquo;Oncopole.<\/p>\n<p>Toulouse M\u00e9tropole, le Muretain agglo, Tiss\u00e9o collectivit\u00e9s et Tiss\u00e9o<br \/>\ning\u00e9nierie sont en charge de la r\u00e9alisation des am\u00e9nagements de<br \/>\nvoirie, du r\u00e9am\u00e9nagement et de la mise en accessibilit\u00e9 du trac\u00e9 du<br \/>\nfutur Lin\u00e9o 5. Gr\u00e2ce \u00e0 ses connexions avec plusieurs lignes<br \/>\nstructurantes, la nouvelle ligne sera un maillon essentiel au niveau<br \/>\nde l&rsquo;intermodalit\u00e9 dans ce territoire : ferroviaire \u00e0 la gare de<br \/>\nPortet, m\u00e9tro B \u00e0 Empalot, tramway T1 T2 \u00e0 Croix de Pierre,<br \/>\nt\u00e9l\u00e9ph\u00e9rique \u00e0 Oncopole, Lin\u00e9o 4 et 9 respectivement \u00e0 Croix de Pierre<br \/>\net Empalot. Mais aussi une liaison pi\u00e9ton cycles Clairfont route<br \/>\nd&rsquo;Espagne. Un acc\u00e8s s\u00e9curis\u00e9 \u00e0 la Route d&rsquo;Espagne uniquement pour les<br \/>\npi\u00e9tons et les cyclistes en provenance du quartier Clairfont enjambant<br \/>\nla Saudrune au travers d&rsquo;une passerelle en bois, avec un \u00e9clairage LED<br \/>\nla hauteur des plus hautes crues et rejoindre la station des Fr\u00eanes.<\/p>\n<p>Toutes les personnes pr\u00e9sentes ont pu d\u00e9couvrir l&rsquo;am\u00e9nagement en<br \/>\nfaveur des modes actifs pour pr\u00e9parer l&rsquo;arriv\u00e9e de Lin\u00e9o 5, gr\u00e2ce \u00e0 la<br \/>\ncoordination de la ville de Portet, du Muretain Agglo et Tiss\u00e9o<br \/>\ncollectivit\u00e9.<\/p>\n<p>La D\u00e9p\u00eache du Midi<\/p>\n","protected":false},"excerpt":{"rendered":"<p>https:\/\/www.ladepeche.fr\/article\/2018\/06\/20\/2821370-visite-des-amenagements-prealables-du-futur-lineo-5-5.html Jean Michel Lattes et Thierry Suaud, ont inaugur\u00e9 en sportif l&rsquo;acc\u00e8s s\u00e9curis\u00e9 de Clairfont vers la route d&rsquo;Espagne.\/ Photo DDM. En pr\u00e9sence de diverses personnalit\u00e9s et des \u00e9lus locaux, Jean-Michel Lattes pr\u00e9sident de Tiss\u00e9o collectivit\u00e9s et Thierry Suaud maire de Portet ont pr\u00e9sent\u00e9 la future ligne Lin\u00e9o 5 qui reliera la gare de Portet<\/p>\n<p class=\"more-link\"><a href=\"https:\/\/autate.fr\/site\/amenagement-prealable-lineo-5\/\" class=\"themebutton2\">VOIR PLUS<\/a><\/p>\n","protected":false},"author":9,"featured_media":0,"comment_status":"open","ping_status":"open","sticky":false,"template":"","format":"standard","meta":{"footnotes":""},"categories":[7],"tags":[36],"class_list":["post-2710","post","type-post","status-publish","format-standard","hentry","category-revue-de-presse","tag-lineo"],"yoast_head":"<!-- This site is optimized with the Yoast SEO plugin v27.4 - https:\/\/yoast.com\/product\/yoast-seo-wordpress\/ -->\n<title>Am\u00e9nagement pr\u00e9alable Lineo 5 - AUTATE<\/title>\n<meta name=\"robots\" content=\"index, follow, max-snippet:-1, max-image-preview:large, max-video-preview:-1\" \/>\n<link rel=\"canonical\" href=\"https:\/\/autate.fr\/site\/amenagement-prealable-lineo-5\/\" \/>\n<meta property=\"og:locale\" content=\"fr_FR\" \/>\n<meta property=\"og:type\" content=\"article\" \/>\n<meta property=\"og:title\" content=\"Am\u00e9nagement pr\u00e9alable Lineo 5 - AUTATE\" \/>\n<meta property=\"og:description\" content=\"https:\/\/www.ladepeche.fr\/article\/2018\/06\/20\/2821370-visite-des-amenagements-prealables-du-futur-lineo-5-5.html Jean Michel Lattes et Thierry Suaud, ont inaugur\u00e9 en sportif l&rsquo;acc\u00e8s s\u00e9curis\u00e9 de Clairfont vers la route d&rsquo;Espagne.\/ Photo DDM. En pr\u00e9sence de diverses personnalit\u00e9s et des \u00e9lus locaux, Jean-Michel Lattes pr\u00e9sident de Tiss\u00e9o collectivit\u00e9s et Thierry Suaud maire de Portet ont pr\u00e9sent\u00e9 la future ligne Lin\u00e9o 5 qui reliera la gare de PortetVOIR PLUS\" \/>\n<meta property=\"og:url\" content=\"https:\/\/autate.fr\/site\/amenagement-prealable-lineo-5\/\" \/>\n<meta property=\"og:site_name\" content=\"AUTATE\" \/>\n<meta property=\"article:publisher\" content=\"https:\/\/www.facebook.com\/AutateToulouse\" \/>\n<meta property=\"article:published_time\" content=\"2018-06-20T12:38:50+00:00\" \/>\n<meta property=\"article:modified_time\" content=\"2018-06-20T12:39:06+00:00\" \/>\n<meta name=\"author\" content=\"Marie-Pierre Bes\" \/>\n<meta name=\"twitter:card\" content=\"summary_large_image\" \/>\n<meta name=\"twitter:creator\" content=\"@AutateToulouse\" \/>\n<meta name=\"twitter:site\" content=\"@AutateToulouse\" \/>\n<meta name=\"twitter:label1\" content=\"\u00c9crit par\" \/>\n\t<meta name=\"twitter:data1\" content=\"Marie-Pierre Bes\" \/>\n\t<meta name=\"twitter:label2\" content=\"Dur\u00e9e de lecture estim\u00e9e\" \/>\n\t<meta name=\"twitter:data2\" content=\"2 minutes\" \/>\n<script type=\"application\/ld+json\" class=\"yoast-schema-graph\">{\"@context\":\"https:\\\/\\\/schema.org\",\"@graph\":[{\"@type\":\"Article\",\"@id\":\"https:\\\/\\\/autate.fr\\\/site\\\/amenagement-prealable-lineo-5\\\/#article\",\"isPartOf\":{\"@id\":\"https:\\\/\\\/autate.fr\\\/site\\\/amenagement-prealable-lineo-5\\\/\"},\"author\":{\"name\":\"Marie-Pierre Bes\",\"@id\":\"https:\\\/\\\/autate.fr\\\/site\\\/#\\\/schema\\\/person\\\/ca1ac9182f29f02489db16f08b0834ff\"},\"headline\":\"Am\u00e9nagement pr\u00e9alable Lineo 5\",\"datePublished\":\"2018-06-20T12:38:50+00:00\",\"dateModified\":\"2018-06-20T12:39:06+00:00\",\"mainEntityOfPage\":{\"@id\":\"https:\\\/\\\/autate.fr\\\/site\\\/amenagement-prealable-lineo-5\\\/\"},\"wordCount\":366,\"commentCount\":0,\"publisher\":{\"@id\":\"https:\\\/\\\/autate.fr\\\/site\\\/#organization\"},\"keywords\":[\"Lin\u00e9o\"],\"articleSection\":[\"Revue de presse\"],\"inLanguage\":\"fr-FR\",\"potentialAction\":[{\"@type\":\"CommentAction\",\"name\":\"Comment\",\"target\":[\"https:\\\/\\\/autate.fr\\\/site\\\/amenagement-prealable-lineo-5\\\/#respond\"]}]},{\"@type\":\"WebPage\",\"@id\":\"https:\\\/\\\/autate.fr\\\/site\\\/amenagement-prealable-lineo-5\\\/\",\"url\":\"https:\\\/\\\/autate.fr\\\/site\\\/amenagement-prealable-lineo-5\\\/\",\"name\":\"Am\u00e9nagement pr\u00e9alable Lineo 5 - AUTATE\",\"isPartOf\":{\"@id\":\"https:\\\/\\\/autate.fr\\\/site\\\/#website\"},\"datePublished\":\"2018-06-20T12:38:50+00:00\",\"dateModified\":\"2018-06-20T12:39:06+00:00\",\"breadcrumb\":{\"@id\":\"https:\\\/\\\/autate.fr\\\/site\\\/amenagement-prealable-lineo-5\\\/#breadcrumb\"},\"inLanguage\":\"fr-FR\",\"potentialAction\":[{\"@type\":\"ReadAction\",\"target\":[\"https:\\\/\\\/autate.fr\\\/site\\\/amenagement-prealable-lineo-5\\\/\"]}]},{\"@type\":\"BreadcrumbList\",\"@id\":\"https:\\\/\\\/autate.fr\\\/site\\\/amenagement-prealable-lineo-5\\\/#breadcrumb\",\"itemListElement\":[{\"@type\":\"ListItem\",\"position\":1,\"name\":\"Accueil\",\"item\":\"https:\\\/\\\/autate.fr\\\/site\\\/\"},{\"@type\":\"ListItem\",\"position\":2,\"name\":\"Am\u00e9nagement pr\u00e9alable Lineo 5\"}]},{\"@type\":\"WebSite\",\"@id\":\"https:\\\/\\\/autate.fr\\\/site\\\/#website\",\"url\":\"https:\\\/\\\/autate.fr\\\/site\\\/\",\"name\":\"AUTATE\",\"description\":\"Association des usagers des transports de l&#039;agglom\u00e9ration Toulousaine et de ses environs\",\"publisher\":{\"@id\":\"https:\\\/\\\/autate.fr\\\/site\\\/#organization\"},\"potentialAction\":[{\"@type\":\"SearchAction\",\"target\":{\"@type\":\"EntryPoint\",\"urlTemplate\":\"https:\\\/\\\/autate.fr\\\/site\\\/?s={search_term_string}\"},\"query-input\":{\"@type\":\"PropertyValueSpecification\",\"valueRequired\":true,\"valueName\":\"search_term_string\"}}],\"inLanguage\":\"fr-FR\"},{\"@type\":\"Organization\",\"@id\":\"https:\\\/\\\/autate.fr\\\/site\\\/#organization\",\"name\":\"AUTATE\",\"url\":\"https:\\\/\\\/autate.fr\\\/site\\\/\",\"logo\":{\"@type\":\"ImageObject\",\"inLanguage\":\"fr-FR\",\"@id\":\"https:\\\/\\\/autate.fr\\\/site\\\/#\\\/schema\\\/logo\\\/image\\\/\",\"url\":\"http:\\\/\\\/autate.fr\\\/site\\\/wp-content\\\/uploads\\\/2019\\\/01\\\/logo.png\",\"contentUrl\":\"http:\\\/\\\/autate.fr\\\/site\\\/wp-content\\\/uploads\\\/2019\\\/01\\\/logo.png\",\"width\":506,\"height\":280,\"caption\":\"AUTATE\"},\"image\":{\"@id\":\"https:\\\/\\\/autate.fr\\\/site\\\/#\\\/schema\\\/logo\\\/image\\\/\"},\"sameAs\":[\"https:\\\/\\\/www.facebook.com\\\/AutateToulouse\",\"https:\\\/\\\/x.com\\\/AutateToulouse\"]},{\"@type\":\"Person\",\"@id\":\"https:\\\/\\\/autate.fr\\\/site\\\/#\\\/schema\\\/person\\\/ca1ac9182f29f02489db16f08b0834ff\",\"name\":\"Marie-Pierre Bes\",\"image\":{\"@type\":\"ImageObject\",\"inLanguage\":\"fr-FR\",\"@id\":\"https:\\\/\\\/secure.gravatar.com\\\/avatar\\\/08aa632b25ee7197789b8ec59d6cbcab7d9fc182fc393ccb7ac607ba55766261?s=96&d=mm&r=g\",\"url\":\"https:\\\/\\\/secure.gravatar.com\\\/avatar\\\/08aa632b25ee7197789b8ec59d6cbcab7d9fc182fc393ccb7ac607ba55766261?s=96&d=mm&r=g\",\"contentUrl\":\"https:\\\/\\\/secure.gravatar.com\\\/avatar\\\/08aa632b25ee7197789b8ec59d6cbcab7d9fc182fc393ccb7ac607ba55766261?s=96&d=mm&r=g\",\"caption\":\"Marie-Pierre Bes\"},\"url\":\"https:\\\/\\\/autate.fr\\\/site\\\/author\\\/mariepierre\\\/\"}]}<\/script>\n<!-- \/ Yoast SEO plugin. -->","yoast_head_json":{"title":"Am\u00e9nagement pr\u00e9alable Lineo 5 - AUTATE","robots":{"index":"index","follow":"follow","max-snippet":"max-snippet:-1","max-image-preview":"max-image-preview:large","max-video-preview":"max-video-preview:-1"},"canonical":"https:\/\/autate.fr\/site\/amenagement-prealable-lineo-5\/","og_locale":"fr_FR","og_type":"article","og_title":"Am\u00e9nagement pr\u00e9alable Lineo 5 - AUTATE","og_description":"https:\/\/www.ladepeche.fr\/article\/2018\/06\/20\/2821370-visite-des-amenagements-prealables-du-futur-lineo-5-5.html Jean Michel Lattes et Thierry Suaud, ont inaugur\u00e9 en sportif l&rsquo;acc\u00e8s s\u00e9curis\u00e9 de Clairfont vers la route d&rsquo;Espagne.\/ Photo DDM. En pr\u00e9sence de diverses personnalit\u00e9s et des \u00e9lus locaux, Jean-Michel Lattes pr\u00e9sident de Tiss\u00e9o collectivit\u00e9s et Thierry Suaud maire de Portet ont pr\u00e9sent\u00e9 la future ligne Lin\u00e9o 5 qui reliera la gare de PortetVOIR PLUS","og_url":"https:\/\/autate.fr\/site\/amenagement-prealable-lineo-5\/","og_site_name":"AUTATE","article_publisher":"https:\/\/www.facebook.com\/AutateToulouse","article_published_time":"2018-06-20T12:38:50+00:00","article_modified_time":"2018-06-20T12:39:06+00:00","author":"Marie-Pierre Bes","twitter_card":"summary_large_image","twitter_creator":"@AutateToulouse","twitter_site":"@AutateToulouse","twitter_misc":{"\u00c9crit par":"Marie-Pierre Bes","Dur\u00e9e de lecture estim\u00e9e":"2 minutes"},"schema":{"@context":"https:\/\/schema.org","@graph":[{"@type":"Article","@id":"https:\/\/autate.fr\/site\/amenagement-prealable-lineo-5\/#article","isPartOf":{"@id":"https:\/\/autate.fr\/site\/amenagement-prealable-lineo-5\/"},"author":{"name":"Marie-Pierre Bes","@id":"https:\/\/autate.fr\/site\/#\/schema\/person\/ca1ac9182f29f02489db16f08b0834ff"},"headline":"Am\u00e9nagement pr\u00e9alable Lineo 5","datePublished":"2018-06-20T12:38:50+00:00","dateModified":"2018-06-20T12:39:06+00:00","mainEntityOfPage":{"@id":"https:\/\/autate.fr\/site\/amenagement-prealable-lineo-5\/"},"wordCount":366,"commentCount":0,"publisher":{"@id":"https:\/\/autate.fr\/site\/#organization"},"keywords":["Lin\u00e9o"],"articleSection":["Revue de presse"],"inLanguage":"fr-FR","potentialAction":[{"@type":"CommentAction","name":"Comment","target":["https:\/\/autate.fr\/site\/amenagement-prealable-lineo-5\/#respond"]}]},{"@type":"WebPage","@id":"https:\/\/autate.fr\/site\/amenagement-prealable-lineo-5\/","url":"https:\/\/autate.fr\/site\/amenagement-prealable-lineo-5\/","name":"Am\u00e9nagement pr\u00e9alable Lineo 5 - AUTATE","isPartOf":{"@id":"https:\/\/autate.fr\/site\/#website"},"datePublished":"2018-06-20T12:38:50+00:00","dateModified":"2018-06-20T12:39:06+00:00","breadcrumb":{"@id":"https:\/\/autate.fr\/site\/amenagement-prealable-lineo-5\/#breadcrumb"},"inLanguage":"fr-FR","potentialAction":[{"@type":"ReadAction","target":["https:\/\/autate.fr\/site\/amenagement-prealable-lineo-5\/"]}]},{"@type":"BreadcrumbList","@id":"https:\/\/autate.fr\/site\/amenagement-prealable-lineo-5\/#breadcrumb","itemListElement":[{"@type":"ListItem","position":1,"name":"Accueil","item":"https:\/\/autate.fr\/site\/"},{"@type":"ListItem","position":2,"name":"Am\u00e9nagement pr\u00e9alable Lineo 5"}]},{"@type":"WebSite","@id":"https:\/\/autate.fr\/site\/#website","url":"https:\/\/autate.fr\/site\/","name":"AUTATE","description":"Association des usagers des transports de l&#039;agglom\u00e9ration Toulousaine et de ses environs","publisher":{"@id":"https:\/\/autate.fr\/site\/#organization"},"potentialAction":[{"@type":"SearchAction","target":{"@type":"EntryPoint","urlTemplate":"https:\/\/autate.fr\/site\/?s={search_term_string}"},"query-input":{"@type":"PropertyValueSpecification","valueRequired":true,"valueName":"search_term_string"}}],"inLanguage":"fr-FR"},{"@type":"Organization","@id":"https:\/\/autate.fr\/site\/#organization","name":"AUTATE","url":"https:\/\/autate.fr\/site\/","logo":{"@type":"ImageObject","inLanguage":"fr-FR","@id":"https:\/\/autate.fr\/site\/#\/schema\/logo\/image\/","url":"http:\/\/autate.fr\/site\/wp-content\/uploads\/2019\/01\/logo.png","contentUrl":"http:\/\/autate.fr\/site\/wp-content\/uploads\/2019\/01\/logo.png","width":506,"height":280,"caption":"AUTATE"},"image":{"@id":"https:\/\/autate.fr\/site\/#\/schema\/logo\/image\/"},"sameAs":["https:\/\/www.facebook.com\/AutateToulouse","https:\/\/x.com\/AutateToulouse"]},{"@type":"Person","@id":"https:\/\/autate.fr\/site\/#\/schema\/person\/ca1ac9182f29f02489db16f08b0834ff","name":"Marie-Pierre Bes","image":{"@type":"ImageObject","inLanguage":"fr-FR","@id":"https:\/\/secure.gravatar.com\/avatar\/08aa632b25ee7197789b8ec59d6cbcab7d9fc182fc393ccb7ac607ba55766261?s=96&d=mm&r=g","url":"https:\/\/secure.gravatar.com\/avatar\/08aa632b25ee7197789b8ec59d6cbcab7d9fc182fc393ccb7ac607ba55766261?s=96&d=mm&r=g","contentUrl":"https:\/\/secure.gravatar.com\/avatar\/08aa632b25ee7197789b8ec59d6cbcab7d9fc182fc393ccb7ac607ba55766261?s=96&d=mm&r=g","caption":"Marie-Pierre Bes"},"url":"https:\/\/autate.fr\/site\/author\/mariepierre\/"}]}},"_links":{"self":[{"href":"https:\/\/autate.fr\/site\/wp-json\/wp\/v2\/posts\/2710","targetHints":{"allow":["GET"]}}],"collection":[{"href":"https:\/\/autate.fr\/site\/wp-json\/wp\/v2\/posts"}],"about":[{"href":"https:\/\/autate.fr\/site\/wp-json\/wp\/v2\/types\/post"}],"author":[{"embeddable":true,"href":"https:\/\/autate.fr\/site\/wp-json\/wp\/v2\/users\/9"}],"replies":[{"embeddable":true,"href":"https:\/\/autate.fr\/site\/wp-json\/wp\/v2\/comments?post=2710"}],"version-history":[{"count":1,"href":"https:\/\/autate.fr\/site\/wp-json\/wp\/v2\/posts\/2710\/revisions"}],"predecessor-version":[{"id":2711,"href":"https:\/\/autate.fr\/site\/wp-json\/wp\/v2\/posts\/2710\/revisions\/2711"}],"wp:attachment":[{"href":"https:\/\/autate.fr\/site\/wp-json\/wp\/v2\/media?parent=2710"}],"wp:term":[{"taxonomy":"category","embeddable":true,"href":"https:\/\/autate.fr\/site\/wp-json\/wp\/v2\/categories?post=2710"},{"taxonomy":"post_tag","embeddable":true,"href":"https:\/\/autate.fr\/site\/wp-json\/wp\/v2\/tags?post=2710"}],"curies":[{"name":"wp","href":"https:\/\/api.w.org\/{rel}","templated":true}]}}