{"id":2690,"date":"2018-06-17T08:12:45","date_gmt":"2018-06-17T06:12:45","guid":{"rendered":"http:\/\/autate.fr\/site\/?p=2690"},"modified":"2018-06-17T08:12:45","modified_gmt":"2018-06-17T06:12:45","slug":"le-telepherique-accusera-quelques-mois-de-retard","status":"publish","type":"post","link":"https:\/\/autate.fr\/site\/le-telepherique-accusera-quelques-mois-de-retard\/","title":{"rendered":"Le t\u00e9l\u00e9ph\u00e9rique accusera quelques mois de retard"},"content":{"rendered":"<p><span id=\"OBJ_PREFIX_DWT412_com_zimbra_url\" class=\"Object\"><a href=\"https:\/\/www.ladepeche.fr\/article\/2018\/06\/15\/2818398-retard-au-demarrage-pour-le-telepherique-toulousain.html\" target=\"_blank\" rel=\"noopener\">https:\/\/www.ladepeche.fr\/article\/2018\/06\/15\/2818398-retard-au-demarrage-pour-le-telepherique-toulousain.html<\/a><\/span><\/p>\n<p>Publi\u00e9 le <span id=\"OBJ_PREFIX_DWT413_com_zimbra_date\" class=\"Object\"><span id=\"OBJ_PREFIX_DWT415_com_zimbra_date\" class=\"Object\">15\/06\/2018<\/span><\/span> \u00e0 07:16, Mis \u00e0 jour le <span id=\"OBJ_PREFIX_DWT414_com_zimbra_date\" class=\"Object\"><span id=\"OBJ_PREFIX_DWT416_com_zimbra_date\" class=\"Object\">15\/06\/2018<\/span><\/span> \u00e0 09:49<\/p>\n<p>De Paul-Sabatier \u00e0 l&rsquo;Oncopole en passant par Rangueil, le t\u00e9l\u00e9ph\u00e9rique<br \/>\naccusera quelques mois de retard avec une mise en service pr\u00e9vue \u00e0<br \/>\npr\u00e9sent vers la fin 2020.<\/p>\n<p>Se rendre du m\u00e9tro Universit\u00e9 Paul-Sabatier \u00e0 l&rsquo;h\u00f4pital Rangueil en<br \/>\nquelques minutes, puis franchir la Garonne jusqu&rsquo;\u00e0 l&rsquo;Oncopole pour le<br \/>\nprix d&rsquo;un ticket de m\u00e9tro, cela sera possible en 2020 gr\u00e2ce au<br \/>\nt\u00e9l\u00e9ph\u00e9rique qui placera Toulouse parmi les pionniers de ce nouveau<br \/>\nmode de transport urbain.<\/p>\n<p>Mais les Toulousains devront patienter un petit peu plus que pr\u00e9vu<br \/>\npour cela car le t\u00e9l\u00e9ph\u00e9rique accuse plusieurs mois de retard. En<br \/>\n<span id=\"OBJ_PREFIX_DWT417_com_zimbra_date\" class=\"Object\">d\u00e9cembre 2016<\/span>, lorsque Tiss\u00e9o Collectivit\u00e9s choisit le groupement<br \/>\npilot\u00e9 par Poma pour construire la ligne, le syndicat des transports<br \/>\nen commun annonce une mise en service \u00abd\u00e9but 2020\u00bb. Puis il se heurte<br \/>\n\u00e0 une vive contestation de la part de la communaut\u00e9 \u00e9ducative du lyc\u00e9e<br \/>\nBellevue qui l&rsquo;am\u00e8ne \u00e0 revoir le trac\u00e9.<\/p>\n<p>Pendant cinq mois d\u00e9but 2017, le constructeur a planch\u00e9 sur des<br \/>\nsolutions alternatives. Pendant cinq autres mois, jusqu&rsquo;en octobre<br \/>\n2017, une concertation a \u00e9t\u00e9 organis\u00e9e jusqu&rsquo;\u00e0 obtenir un consensus.<br \/>\nUne dizaine de mois suppl\u00e9mentaires se sont donc \u00e9coul\u00e9s<br \/>\nprincipalement dans le but de d\u00e9placer la station Paul-Sabatier du<br \/>\nlyc\u00e9e jusque de l&rsquo;autre c\u00f4t\u00e9 de l&rsquo;avenue de Narbonne, pr\u00e8s de l&rsquo;entr\u00e9e<br \/>\ndu campus.<\/p>\n<p>Lors de l&rsquo;assembl\u00e9e de Tiss\u00e9o Collectivit\u00e9s du 22 novembre, Francis<br \/>\nGrass, pr\u00e9sident de Tiss\u00e9o Ing\u00e9nierie, ma\u00eetre d&rsquo;ouvrage d\u00e9l\u00e9gu\u00e9,<br \/>\n\u00e9voquait d&#8217;embl\u00e9e un retard \u00abde quelques mois\u00bb. <span id=\"OBJ_PREFIX_DWT418_com_zimbra_date\" class=\"Object\"><span id=\"OBJ_PREFIX_DWT419_com_zimbra_date\" class=\"Object\">Aujourd&rsquo;hui<\/span><\/span>, huit mois<br \/>\napr\u00e8s cette pr\u00e9vision, le pilote de l&rsquo;op\u00e9ration confirme ce d\u00e9lai :<br \/>\npas de t\u00e9l\u00e9ph\u00e9rique d\u00e9but 2020, avant les \u00e9lections municipales donc,<br \/>\nmais plut\u00f4t vers la fin de l&rsquo;ann\u00e9e, si possible \u00abavant la fin 2020\u00bb,<br \/>\navance Francis Grass qui ne se fait pas plus pr\u00e9cis car il compte bien<br \/>\n\u00abgagner du temps\u00bb. Sans faire cependant la moindre \u00abimpasse<br \/>\ntechnique\u00bb, notamment sur la marche \u00e0 blanc.<\/p>\n<p>Risque de recours<\/p>\n<p>Pour l&rsquo;\u00e9lu, ce retard \u00abn&rsquo;est pas du temps perdu\u00bb. \u00abL&rsquo;absence de<br \/>\nconsensus sur le trac\u00e9 nous aurait expos\u00e9s \u00e0 des recours au moment de<br \/>\nla D\u00e9claration d&rsquo;utilit\u00e9 publique.\u00bb<\/p>\n<p>Depuis le choix du nouveau trac\u00e9, des \u00e9tudes suppl\u00e9mentaires ont \u00e9t\u00e9<br \/>\nengag\u00e9es sur trois points : la configuration de la nouvelle station<br \/>\nUniversit\u00e9 Paul-Sabatier, les fondations de la station CHU de Rangueil<br \/>\n(dont l&#8217;emplacement reste identique, pr\u00e8s de l&rsquo;entr\u00e9e de l&rsquo;h\u00f4pital),<br \/>\net le d\u00e9placement du garage atelier de l&rsquo;Oncopole \u00e0 Paul-Sabatier. \u00abCe<br \/>\ntravail technique, observe Francis Grass, est quasiment termin\u00e9.\u00bb Le<br \/>\ndesign des stations tel qu&rsquo;on pouvait le voir sur des images de<br \/>\nsynth\u00e8se aurait \u00e9galement \u00e9t\u00e9 modifi\u00e9.<\/p>\n<p>Parall\u00e8lement, la proc\u00e9dure administrative suit son cours. Le 4 juin,<br \/>\nTiss\u00e9o a d\u00e9pos\u00e9 \u00e0 la pr\u00e9fecture un dossier qui amorce le long<br \/>\nprocessus. L&rsquo;objectif du syndicat des transports est d&rsquo;approuver le<br \/>\ndossier de la D\u00e9claration d&rsquo;utilit\u00e9 publique \u00e0 l&rsquo;automne. Pour que<br \/>\nl&rsquo;\u00c9tat d\u00e9clenche l&rsquo;enqu\u00eate publique vers f\u00e9vrier. Le nouveau trac\u00e9<br \/>\nimplique \u00e9galement un surco\u00fbt de \u00abquelques millions d&rsquo;\u20ac\u00bb dont le<br \/>\nmontant fait l&rsquo;objet d&rsquo;une n\u00e9gociation entre Tiss\u00e9o et le groupement<br \/>\nde constructeurs.<\/p>\n<p>Ce sera le plus long de France<\/p>\n<p>Lors d&rsquo;une conf\u00e9rence de presse au Salon des Transports de Paris de<br \/>\nPoma, <span id=\"OBJ_PREFIX_DWT420_com_zimbra_date\" class=\"Object\"><span id=\"OBJ_PREFIX_DWT421_com_zimbra_date\" class=\"Object\">mercredi<\/span><\/span>, la soci\u00e9t\u00e9 fran\u00e7aise leader du transport par c\u00e2bles<br \/>\ndans le monde, a \u00e9voqu\u00e9 le projet de t\u00e9l\u00e9ph\u00e9rique urbain<br \/>\ntoulousain,qui, \u00abavec une distance de 3 kilom\u00e8tres et 3 stations, sera<br \/>\nle plus long t\u00e9l\u00e9ph\u00e9rique urbain de France\u00bb. Poma a rappel\u00e9 le prix du<br \/>\ncontrat pass\u00e9 entre Tiss\u00e9o-Collectivit\u00e9s et le constructeur, qui<br \/>\nassurera aussi la maintenance pour le futur t\u00e9l\u00e9ph\u00e9rique urbain<br \/>\nreliant Oncopole, Rangueil et Universit\u00e9 Paul-Sabatier : \u00abEn France,<br \/>\nplusieurs villes se tournent vers POMA pour engager leur r\u00e9volution en<br \/>\nmati\u00e8re de mobilit\u00e9 urbaine. Toulouse a sign\u00e9 (en <span id=\"OBJ_PREFIX_DWT422_com_zimbra_date\" class=\"Object\"><span id=\"OBJ_PREFIX_DWT423_com_zimbra_date\" class=\"Object\">janvier 2017<\/span><\/span>) une<br \/>\ncommande de 93 millions d&rsquo;euros (hors taxes) dont plus de 30% allou\u00e9s<br \/>\n\u00e0 la maintenance sur 20 ans\u00bb, a d\u00e9clar\u00e9 Jean Souchal, pr\u00e9sident du<br \/>\nDirectoire de la soci\u00e9t\u00e9 cr\u00e9\u00e9e il y a 82 ans sur les sommets enneig\u00e9s<br \/>\nde l&rsquo;Alpe-d&rsquo;Huez . En fait, la partie conception et construction est<br \/>\nchiffr\u00e9e \u00e0 54,60 M\u20ac (HT) exactement, le reste (38, 2 M\u20ac HT) \u00e9tant<br \/>\nconsacr\u00e9 \u00e0 la maintenance sur 20 ans. Avec une facture globale de<br \/>\n111,4 millions d&rsquo;euros TTC, le march\u00e9 du t\u00e9l\u00e9ph\u00e9rique est bien loin<br \/>\ndes premiers chiffres avanc\u00e9s sur le projet : 44 M\u20ac pour le projet<br \/>\ninitial puis 80 M\u20ac pour le projet envisag\u00e9 par l&rsquo;\u00e9quipe Cohen en 2014.<br \/>\nLa diff\u00e9rence est constitu\u00e9e par la partie maintenance du contrat<br \/>\n(1,91 M\u20ac par an) qui ne faisait pas partie du projet de d\u00e9part. La<br \/>\nmaintenance a \u00e9t\u00e9 int\u00e9gr\u00e9e au march\u00e9 afin de garantir la fiabilit\u00e9<br \/>\ntotale du syst\u00e8me, indiquait, au moment de la signature, Francis<br \/>\nGrass, pr\u00e9sident de Tiss\u00e9o-Ing\u00e9nierie.<\/p>\n<p>Le d\u00e9bit du t\u00e9l\u00e9ph\u00e9rique sera de 1 500 personnes par heure dans chaque<br \/>\nsens. Ce t\u00e9l\u00e9ph\u00e9rique urbain est un 3S (trois c\u00e2bles) d\u00e9brayable, une<br \/>\ntechnologie \u00e9prouv\u00e9e sur de nombreuses installations dans le monde, a<br \/>\nindiqu\u00e9 POMA, qui emploie 1 113 personnes dont 680 en France sur ses<br \/>\ndiff\u00e9rents sites industriels.<\/p>\n<p>Le chiffre : 35<\/p>\n<p>places&gt; Un demi-bus par cabine. Le t\u00e9l\u00e9ph\u00e9rique offre beaucoup<br \/>\nd&rsquo;avantages : c&rsquo;est de loin, en investissement et en fonctionnement,<br \/>\nle mode de transport le plus \u00e9conomique. En site propre comme le<br \/>\nm\u00e9tro, il ne conna\u00eet pas les bouchons et propose ainsi une qualit\u00e9 de<br \/>\nservice comparable. Enfin, sa capacit\u00e9 est \u00e9quivalente \u00e0 celle d&rsquo;un<br \/>\ntramway. Ses cabines de 35 places, soit un demi-bus, permettront de<br \/>\ntransporter 7 000 voyageurs par jour.<\/p>\n<p>Philippe Emery<\/p>\n","protected":false},"excerpt":{"rendered":"<p>https:\/\/www.ladepeche.fr\/article\/2018\/06\/15\/2818398-retard-au-demarrage-pour-le-telepherique-toulousain.html Publi\u00e9 le 15\/06\/2018 \u00e0 07:16, Mis \u00e0 jour le 15\/06\/2018 \u00e0 09:49 De Paul-Sabatier \u00e0 l&rsquo;Oncopole en passant par Rangueil, le t\u00e9l\u00e9ph\u00e9rique accusera quelques mois de retard avec une mise en service pr\u00e9vue \u00e0 pr\u00e9sent vers la fin 2020. Se rendre du m\u00e9tro Universit\u00e9 Paul-Sabatier \u00e0 l&rsquo;h\u00f4pital Rangueil en quelques minutes, puis franchir la<\/p>\n<p class=\"more-link\"><a href=\"https:\/\/autate.fr\/site\/le-telepherique-accusera-quelques-mois-de-retard\/\" class=\"themebutton2\">VOIR PLUS<\/a><\/p>\n","protected":false},"author":9,"featured_media":0,"comment_status":"open","ping_status":"open","sticky":false,"template":"","format":"standard","meta":{"footnotes":""},"categories":[7],"tags":[],"class_list":["post-2690","post","type-post","status-publish","format-standard","hentry","category-revue-de-presse"],"yoast_head":"<!-- This site is optimized with the Yoast SEO plugin v27.4 - https:\/\/yoast.com\/product\/yoast-seo-wordpress\/ -->\n<title>Le t\u00e9l\u00e9ph\u00e9rique accusera quelques mois de retard - AUTATE<\/title>\n<meta name=\"robots\" content=\"index, follow, max-snippet:-1, max-image-preview:large, max-video-preview:-1\" \/>\n<link rel=\"canonical\" href=\"https:\/\/autate.fr\/site\/le-telepherique-accusera-quelques-mois-de-retard\/\" \/>\n<meta property=\"og:locale\" content=\"fr_FR\" \/>\n<meta property=\"og:type\" content=\"article\" \/>\n<meta property=\"og:title\" content=\"Le t\u00e9l\u00e9ph\u00e9rique accusera quelques mois de retard - AUTATE\" \/>\n<meta property=\"og:description\" content=\"https:\/\/www.ladepeche.fr\/article\/2018\/06\/15\/2818398-retard-au-demarrage-pour-le-telepherique-toulousain.html Publi\u00e9 le 15\/06\/2018 \u00e0 07:16, Mis \u00e0 jour le 15\/06\/2018 \u00e0 09:49 De Paul-Sabatier \u00e0 l&rsquo;Oncopole en passant par Rangueil, le t\u00e9l\u00e9ph\u00e9rique accusera quelques mois de retard avec une mise en service pr\u00e9vue \u00e0 pr\u00e9sent vers la fin 2020. Se rendre du m\u00e9tro Universit\u00e9 Paul-Sabatier \u00e0 l&rsquo;h\u00f4pital Rangueil en quelques minutes, puis franchir laVOIR PLUS\" \/>\n<meta property=\"og:url\" content=\"https:\/\/autate.fr\/site\/le-telepherique-accusera-quelques-mois-de-retard\/\" \/>\n<meta property=\"og:site_name\" content=\"AUTATE\" \/>\n<meta property=\"article:publisher\" content=\"https:\/\/www.facebook.com\/AutateToulouse\" \/>\n<meta property=\"article:published_time\" content=\"2018-06-17T06:12:45+00:00\" \/>\n<meta name=\"author\" content=\"Marie-Pierre Bes\" \/>\n<meta name=\"twitter:card\" content=\"summary_large_image\" \/>\n<meta name=\"twitter:creator\" content=\"@AutateToulouse\" \/>\n<meta name=\"twitter:site\" content=\"@AutateToulouse\" \/>\n<meta name=\"twitter:label1\" content=\"\u00c9crit par\" \/>\n\t<meta name=\"twitter:data1\" content=\"Marie-Pierre Bes\" \/>\n\t<meta name=\"twitter:label2\" content=\"Dur\u00e9e de lecture estim\u00e9e\" \/>\n\t<meta name=\"twitter:data2\" content=\"5 minutes\" \/>\n<script type=\"application\/ld+json\" class=\"yoast-schema-graph\">{\"@context\":\"https:\\\/\\\/schema.org\",\"@graph\":[{\"@type\":\"Article\",\"@id\":\"https:\\\/\\\/autate.fr\\\/site\\\/le-telepherique-accusera-quelques-mois-de-retard\\\/#article\",\"isPartOf\":{\"@id\":\"https:\\\/\\\/autate.fr\\\/site\\\/le-telepherique-accusera-quelques-mois-de-retard\\\/\"},\"author\":{\"name\":\"Marie-Pierre Bes\",\"@id\":\"https:\\\/\\\/autate.fr\\\/site\\\/#\\\/schema\\\/person\\\/ca1ac9182f29f02489db16f08b0834ff\"},\"headline\":\"Le t\u00e9l\u00e9ph\u00e9rique accusera quelques mois de retard\",\"datePublished\":\"2018-06-17T06:12:45+00:00\",\"mainEntityOfPage\":{\"@id\":\"https:\\\/\\\/autate.fr\\\/site\\\/le-telepherique-accusera-quelques-mois-de-retard\\\/\"},\"wordCount\":978,\"commentCount\":0,\"publisher\":{\"@id\":\"https:\\\/\\\/autate.fr\\\/site\\\/#organization\"},\"articleSection\":[\"Revue de presse\"],\"inLanguage\":\"fr-FR\",\"potentialAction\":[{\"@type\":\"CommentAction\",\"name\":\"Comment\",\"target\":[\"https:\\\/\\\/autate.fr\\\/site\\\/le-telepherique-accusera-quelques-mois-de-retard\\\/#respond\"]}]},{\"@type\":\"WebPage\",\"@id\":\"https:\\\/\\\/autate.fr\\\/site\\\/le-telepherique-accusera-quelques-mois-de-retard\\\/\",\"url\":\"https:\\\/\\\/autate.fr\\\/site\\\/le-telepherique-accusera-quelques-mois-de-retard\\\/\",\"name\":\"Le t\u00e9l\u00e9ph\u00e9rique accusera quelques mois de retard - AUTATE\",\"isPartOf\":{\"@id\":\"https:\\\/\\\/autate.fr\\\/site\\\/#website\"},\"datePublished\":\"2018-06-17T06:12:45+00:00\",\"breadcrumb\":{\"@id\":\"https:\\\/\\\/autate.fr\\\/site\\\/le-telepherique-accusera-quelques-mois-de-retard\\\/#breadcrumb\"},\"inLanguage\":\"fr-FR\",\"potentialAction\":[{\"@type\":\"ReadAction\",\"target\":[\"https:\\\/\\\/autate.fr\\\/site\\\/le-telepherique-accusera-quelques-mois-de-retard\\\/\"]}]},{\"@type\":\"BreadcrumbList\",\"@id\":\"https:\\\/\\\/autate.fr\\\/site\\\/le-telepherique-accusera-quelques-mois-de-retard\\\/#breadcrumb\",\"itemListElement\":[{\"@type\":\"ListItem\",\"position\":1,\"name\":\"Accueil\",\"item\":\"https:\\\/\\\/autate.fr\\\/site\\\/\"},{\"@type\":\"ListItem\",\"position\":2,\"name\":\"Le t\u00e9l\u00e9ph\u00e9rique accusera quelques mois de retard\"}]},{\"@type\":\"WebSite\",\"@id\":\"https:\\\/\\\/autate.fr\\\/site\\\/#website\",\"url\":\"https:\\\/\\\/autate.fr\\\/site\\\/\",\"name\":\"AUTATE\",\"description\":\"Association des usagers des transports de l&#039;agglom\u00e9ration Toulousaine et de ses environs\",\"publisher\":{\"@id\":\"https:\\\/\\\/autate.fr\\\/site\\\/#organization\"},\"potentialAction\":[{\"@type\":\"SearchAction\",\"target\":{\"@type\":\"EntryPoint\",\"urlTemplate\":\"https:\\\/\\\/autate.fr\\\/site\\\/?s={search_term_string}\"},\"query-input\":{\"@type\":\"PropertyValueSpecification\",\"valueRequired\":true,\"valueName\":\"search_term_string\"}}],\"inLanguage\":\"fr-FR\"},{\"@type\":\"Organization\",\"@id\":\"https:\\\/\\\/autate.fr\\\/site\\\/#organization\",\"name\":\"AUTATE\",\"url\":\"https:\\\/\\\/autate.fr\\\/site\\\/\",\"logo\":{\"@type\":\"ImageObject\",\"inLanguage\":\"fr-FR\",\"@id\":\"https:\\\/\\\/autate.fr\\\/site\\\/#\\\/schema\\\/logo\\\/image\\\/\",\"url\":\"http:\\\/\\\/autate.fr\\\/site\\\/wp-content\\\/uploads\\\/2019\\\/01\\\/logo.png\",\"contentUrl\":\"http:\\\/\\\/autate.fr\\\/site\\\/wp-content\\\/uploads\\\/2019\\\/01\\\/logo.png\",\"width\":506,\"height\":280,\"caption\":\"AUTATE\"},\"image\":{\"@id\":\"https:\\\/\\\/autate.fr\\\/site\\\/#\\\/schema\\\/logo\\\/image\\\/\"},\"sameAs\":[\"https:\\\/\\\/www.facebook.com\\\/AutateToulouse\",\"https:\\\/\\\/x.com\\\/AutateToulouse\"]},{\"@type\":\"Person\",\"@id\":\"https:\\\/\\\/autate.fr\\\/site\\\/#\\\/schema\\\/person\\\/ca1ac9182f29f02489db16f08b0834ff\",\"name\":\"Marie-Pierre Bes\",\"image\":{\"@type\":\"ImageObject\",\"inLanguage\":\"fr-FR\",\"@id\":\"https:\\\/\\\/secure.gravatar.com\\\/avatar\\\/08aa632b25ee7197789b8ec59d6cbcab7d9fc182fc393ccb7ac607ba55766261?s=96&d=mm&r=g\",\"url\":\"https:\\\/\\\/secure.gravatar.com\\\/avatar\\\/08aa632b25ee7197789b8ec59d6cbcab7d9fc182fc393ccb7ac607ba55766261?s=96&d=mm&r=g\",\"contentUrl\":\"https:\\\/\\\/secure.gravatar.com\\\/avatar\\\/08aa632b25ee7197789b8ec59d6cbcab7d9fc182fc393ccb7ac607ba55766261?s=96&d=mm&r=g\",\"caption\":\"Marie-Pierre Bes\"},\"url\":\"https:\\\/\\\/autate.fr\\\/site\\\/author\\\/mariepierre\\\/\"}]}<\/script>\n<!-- \/ Yoast SEO plugin. -->","yoast_head_json":{"title":"Le t\u00e9l\u00e9ph\u00e9rique accusera quelques mois de retard - AUTATE","robots":{"index":"index","follow":"follow","max-snippet":"max-snippet:-1","max-image-preview":"max-image-preview:large","max-video-preview":"max-video-preview:-1"},"canonical":"https:\/\/autate.fr\/site\/le-telepherique-accusera-quelques-mois-de-retard\/","og_locale":"fr_FR","og_type":"article","og_title":"Le t\u00e9l\u00e9ph\u00e9rique accusera quelques mois de retard - AUTATE","og_description":"https:\/\/www.ladepeche.fr\/article\/2018\/06\/15\/2818398-retard-au-demarrage-pour-le-telepherique-toulousain.html Publi\u00e9 le 15\/06\/2018 \u00e0 07:16, Mis \u00e0 jour le 15\/06\/2018 \u00e0 09:49 De Paul-Sabatier \u00e0 l&rsquo;Oncopole en passant par Rangueil, le t\u00e9l\u00e9ph\u00e9rique accusera quelques mois de retard avec une mise en service pr\u00e9vue \u00e0 pr\u00e9sent vers la fin 2020. Se rendre du m\u00e9tro Universit\u00e9 Paul-Sabatier \u00e0 l&rsquo;h\u00f4pital Rangueil en quelques minutes, puis franchir laVOIR PLUS","og_url":"https:\/\/autate.fr\/site\/le-telepherique-accusera-quelques-mois-de-retard\/","og_site_name":"AUTATE","article_publisher":"https:\/\/www.facebook.com\/AutateToulouse","article_published_time":"2018-06-17T06:12:45+00:00","author":"Marie-Pierre Bes","twitter_card":"summary_large_image","twitter_creator":"@AutateToulouse","twitter_site":"@AutateToulouse","twitter_misc":{"\u00c9crit par":"Marie-Pierre Bes","Dur\u00e9e de lecture estim\u00e9e":"5 minutes"},"schema":{"@context":"https:\/\/schema.org","@graph":[{"@type":"Article","@id":"https:\/\/autate.fr\/site\/le-telepherique-accusera-quelques-mois-de-retard\/#article","isPartOf":{"@id":"https:\/\/autate.fr\/site\/le-telepherique-accusera-quelques-mois-de-retard\/"},"author":{"name":"Marie-Pierre Bes","@id":"https:\/\/autate.fr\/site\/#\/schema\/person\/ca1ac9182f29f02489db16f08b0834ff"},"headline":"Le t\u00e9l\u00e9ph\u00e9rique accusera quelques mois de retard","datePublished":"2018-06-17T06:12:45+00:00","mainEntityOfPage":{"@id":"https:\/\/autate.fr\/site\/le-telepherique-accusera-quelques-mois-de-retard\/"},"wordCount":978,"commentCount":0,"publisher":{"@id":"https:\/\/autate.fr\/site\/#organization"},"articleSection":["Revue de presse"],"inLanguage":"fr-FR","potentialAction":[{"@type":"CommentAction","name":"Comment","target":["https:\/\/autate.fr\/site\/le-telepherique-accusera-quelques-mois-de-retard\/#respond"]}]},{"@type":"WebPage","@id":"https:\/\/autate.fr\/site\/le-telepherique-accusera-quelques-mois-de-retard\/","url":"https:\/\/autate.fr\/site\/le-telepherique-accusera-quelques-mois-de-retard\/","name":"Le t\u00e9l\u00e9ph\u00e9rique accusera quelques mois de retard - AUTATE","isPartOf":{"@id":"https:\/\/autate.fr\/site\/#website"},"datePublished":"2018-06-17T06:12:45+00:00","breadcrumb":{"@id":"https:\/\/autate.fr\/site\/le-telepherique-accusera-quelques-mois-de-retard\/#breadcrumb"},"inLanguage":"fr-FR","potentialAction":[{"@type":"ReadAction","target":["https:\/\/autate.fr\/site\/le-telepherique-accusera-quelques-mois-de-retard\/"]}]},{"@type":"BreadcrumbList","@id":"https:\/\/autate.fr\/site\/le-telepherique-accusera-quelques-mois-de-retard\/#breadcrumb","itemListElement":[{"@type":"ListItem","position":1,"name":"Accueil","item":"https:\/\/autate.fr\/site\/"},{"@type":"ListItem","position":2,"name":"Le t\u00e9l\u00e9ph\u00e9rique accusera quelques mois de retard"}]},{"@type":"WebSite","@id":"https:\/\/autate.fr\/site\/#website","url":"https:\/\/autate.fr\/site\/","name":"AUTATE","description":"Association des usagers des transports de l&#039;agglom\u00e9ration Toulousaine et de ses environs","publisher":{"@id":"https:\/\/autate.fr\/site\/#organization"},"potentialAction":[{"@type":"SearchAction","target":{"@type":"EntryPoint","urlTemplate":"https:\/\/autate.fr\/site\/?s={search_term_string}"},"query-input":{"@type":"PropertyValueSpecification","valueRequired":true,"valueName":"search_term_string"}}],"inLanguage":"fr-FR"},{"@type":"Organization","@id":"https:\/\/autate.fr\/site\/#organization","name":"AUTATE","url":"https:\/\/autate.fr\/site\/","logo":{"@type":"ImageObject","inLanguage":"fr-FR","@id":"https:\/\/autate.fr\/site\/#\/schema\/logo\/image\/","url":"http:\/\/autate.fr\/site\/wp-content\/uploads\/2019\/01\/logo.png","contentUrl":"http:\/\/autate.fr\/site\/wp-content\/uploads\/2019\/01\/logo.png","width":506,"height":280,"caption":"AUTATE"},"image":{"@id":"https:\/\/autate.fr\/site\/#\/schema\/logo\/image\/"},"sameAs":["https:\/\/www.facebook.com\/AutateToulouse","https:\/\/x.com\/AutateToulouse"]},{"@type":"Person","@id":"https:\/\/autate.fr\/site\/#\/schema\/person\/ca1ac9182f29f02489db16f08b0834ff","name":"Marie-Pierre Bes","image":{"@type":"ImageObject","inLanguage":"fr-FR","@id":"https:\/\/secure.gravatar.com\/avatar\/08aa632b25ee7197789b8ec59d6cbcab7d9fc182fc393ccb7ac607ba55766261?s=96&d=mm&r=g","url":"https:\/\/secure.gravatar.com\/avatar\/08aa632b25ee7197789b8ec59d6cbcab7d9fc182fc393ccb7ac607ba55766261?s=96&d=mm&r=g","contentUrl":"https:\/\/secure.gravatar.com\/avatar\/08aa632b25ee7197789b8ec59d6cbcab7d9fc182fc393ccb7ac607ba55766261?s=96&d=mm&r=g","caption":"Marie-Pierre Bes"},"url":"https:\/\/autate.fr\/site\/author\/mariepierre\/"}]}},"_links":{"self":[{"href":"https:\/\/autate.fr\/site\/wp-json\/wp\/v2\/posts\/2690","targetHints":{"allow":["GET"]}}],"collection":[{"href":"https:\/\/autate.fr\/site\/wp-json\/wp\/v2\/posts"}],"about":[{"href":"https:\/\/autate.fr\/site\/wp-json\/wp\/v2\/types\/post"}],"author":[{"embeddable":true,"href":"https:\/\/autate.fr\/site\/wp-json\/wp\/v2\/users\/9"}],"replies":[{"embeddable":true,"href":"https:\/\/autate.fr\/site\/wp-json\/wp\/v2\/comments?post=2690"}],"version-history":[{"count":1,"href":"https:\/\/autate.fr\/site\/wp-json\/wp\/v2\/posts\/2690\/revisions"}],"predecessor-version":[{"id":2691,"href":"https:\/\/autate.fr\/site\/wp-json\/wp\/v2\/posts\/2690\/revisions\/2691"}],"wp:attachment":[{"href":"https:\/\/autate.fr\/site\/wp-json\/wp\/v2\/media?parent=2690"}],"wp:term":[{"taxonomy":"category","embeddable":true,"href":"https:\/\/autate.fr\/site\/wp-json\/wp\/v2\/categories?post=2690"},{"taxonomy":"post_tag","embeddable":true,"href":"https:\/\/autate.fr\/site\/wp-json\/wp\/v2\/tags?post=2690"}],"curies":[{"name":"wp","href":"https:\/\/api.w.org\/{rel}","templated":true}]}}