{"id":260,"date":"2016-02-20T16:21:32","date_gmt":"2016-02-20T15:21:32","guid":{"rendered":"http:\/\/autate.fr\/site\/?p=260"},"modified":"2017-10-21T21:43:24","modified_gmt":"2017-10-21T19:43:24","slug":"la-depeche-ouverture-a-la-concurrence-un-premier-test-sur-les-trains-de-nuit","status":"publish","type":"post","link":"https:\/\/autate.fr\/site\/la-depeche-ouverture-a-la-concurrence-un-premier-test-sur-les-trains-de-nuit\/","title":{"rendered":"[La D\u00e9p\u00eache] Ouverture \u00e0 la concurrence : un premier test sur les trains de nuit"},"content":{"rendered":"<p>Les trains de nuit Intercit\u00e9s seraient les premi\u00e8res lignes commerciales de la SNCF ouvertes \u00e0 la concurrence. Alain Vidalies, secr\u00e9taire d&rsquo;\u00c9tat aux Transports, devrait l&rsquo;annoncer aujourd&rsquo;hui. Le Grand Sud est concern\u00e9.<\/p>\n<p>C&rsquo;est l&rsquo;op\u00e9ration de la derni\u00e8re chance pour sauver les Intercit\u00e9s de nuit, ces trains qui font partie de notre patrimoine ferroviaire, et souffrent de la lente d\u00e9saffection de la client\u00e8le.<\/p>\n<div class=\"teads-inread\"><\/div>\n<p>Aujourd&rsquo;hui, le secr\u00e9taire d&rsquo;\u00c9tat aux Transports, Alain Vidalies, confirmera sa volont\u00e9 d&rsquo;ouvrir \u00e0 la concurrence quelques-unes des douze lignes qui constituent le r\u00e9seau de nuit des Intercit\u00e9s, ceux qu&rsquo;on appelle plus pompeusement Trains d&rsquo;\u00e9quilibre du territoire (TET). Pour l&rsquo;heure, il ne s&rsquo;agit que d&rsquo;exp\u00e9rimenter une id\u00e9e puis\u00e9e dans les pr\u00e9conisations de la commission Duron pour tenter de sauver les trains de nuit. Avant que la concurrence ne soit \u00e9tendue aux trains de jour\u2026<\/p>\n<p>L&rsquo;entr\u00e9e en vigueur du \u00abquatri\u00e8me paquet ferroviaire\u00bb europ\u00e9en, pr\u00e9vue pour 2019, aura pour cons\u00e9quence l&rsquo;ouverture \u00e0 la concurrence du transport de voyageurs sur les liaisons int\u00e9rieures. Selon la commission Duron qui reprend l&rsquo;argumentaire de la Commission europ\u00e9enne, la concurrence devrait assurer une meilleure ma\u00eetrise des charges d&rsquo;exploitation ainsi qu&rsquo;un meilleur service aux voyageurs. Car, pour l&rsquo;heure, l&rsquo;\u00e9tat des lieux n&rsquo;est pas r\u00e9jouissant, y compris dans le Grand Sud o\u00f9 la fermeture progressive de la majorit\u00e9 des lignes de nuit serait in\u00e9luctable. Face \u00e0 ses concurrents, l&rsquo;avion, le covoiturage et les cars Macron, la SNCF doit engager des mesures s\u00e9v\u00e8res pour r\u00e9sorber le d\u00e9ficit d&rsquo;exploitations des Intercit\u00e9s qui pourrait atteindre 450 M\u20ac cette ann\u00e9e\u2026<\/p>\n<p><a href=\"http:\/\/www.ladepeche.fr\/article\/2016\/02\/19\/2280406-ouverture-concurrence-premier-test-trains-nuit.html\">lire la suite<\/a><\/p>\n<p>Un article de J.-M. D publi\u00e9 le 19\/02\/2016<\/p>\n","protected":false},"excerpt":{"rendered":"<p>Les trains de nuit Intercit\u00e9s seraient les premi\u00e8res lignes commerciales de la SNCF ouvertes \u00e0 la concurrence. Alain Vidalies, secr\u00e9taire d&rsquo;\u00c9tat aux Transports, devrait l&rsquo;annoncer aujourd&rsquo;hui. Le Grand Sud est concern\u00e9. C&rsquo;est l&rsquo;op\u00e9ration de la derni\u00e8re chance pour sauver les Intercit\u00e9s de nuit, ces trains qui font partie de notre patrimoine ferroviaire, et souffrent de<\/p>\n<p class=\"more-link\"><a href=\"https:\/\/autate.fr\/site\/la-depeche-ouverture-a-la-concurrence-un-premier-test-sur-les-trains-de-nuit\/\" class=\"themebutton2\">VOIR PLUS<\/a><\/p>\n","protected":false},"author":1,"featured_media":262,"comment_status":"open","ping_status":"open","sticky":false,"template":"","format":"standard","meta":{"footnotes":""},"categories":[7],"tags":[66],"class_list":["post-260","post","type-post","status-publish","format-standard","has-post-thumbnail","hentry","category-revue-de-presse","tag-train-de-nuit"],"yoast_head":"<!-- This site is optimized with the Yoast SEO plugin v27.4 - https:\/\/yoast.com\/product\/yoast-seo-wordpress\/ -->\n<title>[La D\u00e9p\u00eache] Ouverture \u00e0 la concurrence : un premier test sur les trains de nuit - AUTATE<\/title>\n<meta name=\"robots\" content=\"index, follow, max-snippet:-1, max-image-preview:large, max-video-preview:-1\" \/>\n<link rel=\"canonical\" href=\"https:\/\/autate.fr\/site\/la-depeche-ouverture-a-la-concurrence-un-premier-test-sur-les-trains-de-nuit\/\" \/>\n<meta property=\"og:locale\" content=\"fr_FR\" \/>\n<meta property=\"og:type\" content=\"article\" \/>\n<meta property=\"og:title\" content=\"[La D\u00e9p\u00eache] Ouverture \u00e0 la concurrence : un premier test sur les trains de nuit - AUTATE\" \/>\n<meta property=\"og:description\" content=\"Les trains de nuit Intercit\u00e9s seraient les premi\u00e8res lignes commerciales de la SNCF ouvertes \u00e0 la concurrence. Alain Vidalies, secr\u00e9taire d&rsquo;\u00c9tat aux Transports, devrait l&rsquo;annoncer aujourd&rsquo;hui. Le Grand Sud est concern\u00e9. C&rsquo;est l&rsquo;op\u00e9ration de la derni\u00e8re chance pour sauver les Intercit\u00e9s de nuit, ces trains qui font partie de notre patrimoine ferroviaire, et souffrent deVOIR PLUS\" \/>\n<meta property=\"og:url\" content=\"https:\/\/autate.fr\/site\/la-depeche-ouverture-a-la-concurrence-un-premier-test-sur-les-trains-de-nuit\/\" \/>\n<meta property=\"og:site_name\" content=\"AUTATE\" \/>\n<meta property=\"article:publisher\" content=\"https:\/\/www.facebook.com\/AutateToulouse\" \/>\n<meta property=\"article:published_time\" content=\"2016-02-20T15:21:32+00:00\" \/>\n<meta property=\"article:modified_time\" content=\"2017-10-21T19:43:24+00:00\" \/>\n<meta property=\"og:image\" content=\"https:\/\/autate.fr\/site\/wp-content\/uploads\/2016\/02\/trainsdenuit.jpg\" \/>\n\t<meta property=\"og:image:width\" content=\"529\" \/>\n\t<meta property=\"og:image:height\" content=\"379\" \/>\n\t<meta property=\"og:image:type\" content=\"image\/jpeg\" \/>\n<meta name=\"author\" content=\"pascalbarbier\" \/>\n<meta name=\"twitter:card\" content=\"summary_large_image\" \/>\n<meta name=\"twitter:creator\" content=\"@AutateToulouse\" \/>\n<meta name=\"twitter:site\" content=\"@AutateToulouse\" \/>\n<meta name=\"twitter:label1\" content=\"\u00c9crit par\" \/>\n\t<meta name=\"twitter:data1\" content=\"pascalbarbier\" \/>\n\t<meta name=\"twitter:label2\" content=\"Dur\u00e9e de lecture estim\u00e9e\" \/>\n\t<meta name=\"twitter:data2\" content=\"1 minute\" \/>\n<script type=\"application\/ld+json\" class=\"yoast-schema-graph\">{\"@context\":\"https:\\\/\\\/schema.org\",\"@graph\":[{\"@type\":\"Article\",\"@id\":\"https:\\\/\\\/autate.fr\\\/site\\\/la-depeche-ouverture-a-la-concurrence-un-premier-test-sur-les-trains-de-nuit\\\/#article\",\"isPartOf\":{\"@id\":\"https:\\\/\\\/autate.fr\\\/site\\\/la-depeche-ouverture-a-la-concurrence-un-premier-test-sur-les-trains-de-nuit\\\/\"},\"author\":{\"name\":\"pascalbarbier\",\"@id\":\"https:\\\/\\\/autate.fr\\\/site\\\/#\\\/schema\\\/person\\\/ae1ab8bdaa7b41d2a9b52d2557ce8254\"},\"headline\":\"[La D\u00e9p\u00eache] Ouverture \u00e0 la concurrence : un premier test sur les trains de nuit\",\"datePublished\":\"2016-02-20T15:21:32+00:00\",\"dateModified\":\"2017-10-21T19:43:24+00:00\",\"mainEntityOfPage\":{\"@id\":\"https:\\\/\\\/autate.fr\\\/site\\\/la-depeche-ouverture-a-la-concurrence-un-premier-test-sur-les-trains-de-nuit\\\/\"},\"wordCount\":302,\"commentCount\":0,\"publisher\":{\"@id\":\"https:\\\/\\\/autate.fr\\\/site\\\/#organization\"},\"image\":{\"@id\":\"https:\\\/\\\/autate.fr\\\/site\\\/la-depeche-ouverture-a-la-concurrence-un-premier-test-sur-les-trains-de-nuit\\\/#primaryimage\"},\"thumbnailUrl\":\"https:\\\/\\\/autate.fr\\\/site\\\/wp-content\\\/uploads\\\/2016\\\/02\\\/trainsdenuit.jpg\",\"keywords\":[\"train de nuit\"],\"articleSection\":[\"Revue de presse\"],\"inLanguage\":\"fr-FR\",\"potentialAction\":[{\"@type\":\"CommentAction\",\"name\":\"Comment\",\"target\":[\"https:\\\/\\\/autate.fr\\\/site\\\/la-depeche-ouverture-a-la-concurrence-un-premier-test-sur-les-trains-de-nuit\\\/#respond\"]}]},{\"@type\":\"WebPage\",\"@id\":\"https:\\\/\\\/autate.fr\\\/site\\\/la-depeche-ouverture-a-la-concurrence-un-premier-test-sur-les-trains-de-nuit\\\/\",\"url\":\"https:\\\/\\\/autate.fr\\\/site\\\/la-depeche-ouverture-a-la-concurrence-un-premier-test-sur-les-trains-de-nuit\\\/\",\"name\":\"[La D\u00e9p\u00eache] Ouverture \u00e0 la concurrence : un premier test sur les trains de nuit - AUTATE\",\"isPartOf\":{\"@id\":\"https:\\\/\\\/autate.fr\\\/site\\\/#website\"},\"primaryImageOfPage\":{\"@id\":\"https:\\\/\\\/autate.fr\\\/site\\\/la-depeche-ouverture-a-la-concurrence-un-premier-test-sur-les-trains-de-nuit\\\/#primaryimage\"},\"image\":{\"@id\":\"https:\\\/\\\/autate.fr\\\/site\\\/la-depeche-ouverture-a-la-concurrence-un-premier-test-sur-les-trains-de-nuit\\\/#primaryimage\"},\"thumbnailUrl\":\"https:\\\/\\\/autate.fr\\\/site\\\/wp-content\\\/uploads\\\/2016\\\/02\\\/trainsdenuit.jpg\",\"datePublished\":\"2016-02-20T15:21:32+00:00\",\"dateModified\":\"2017-10-21T19:43:24+00:00\",\"breadcrumb\":{\"@id\":\"https:\\\/\\\/autate.fr\\\/site\\\/la-depeche-ouverture-a-la-concurrence-un-premier-test-sur-les-trains-de-nuit\\\/#breadcrumb\"},\"inLanguage\":\"fr-FR\",\"potentialAction\":[{\"@type\":\"ReadAction\",\"target\":[\"https:\\\/\\\/autate.fr\\\/site\\\/la-depeche-ouverture-a-la-concurrence-un-premier-test-sur-les-trains-de-nuit\\\/\"]}]},{\"@type\":\"ImageObject\",\"inLanguage\":\"fr-FR\",\"@id\":\"https:\\\/\\\/autate.fr\\\/site\\\/la-depeche-ouverture-a-la-concurrence-un-premier-test-sur-les-trains-de-nuit\\\/#primaryimage\",\"url\":\"https:\\\/\\\/autate.fr\\\/site\\\/wp-content\\\/uploads\\\/2016\\\/02\\\/trainsdenuit.jpg\",\"contentUrl\":\"https:\\\/\\\/autate.fr\\\/site\\\/wp-content\\\/uploads\\\/2016\\\/02\\\/trainsdenuit.jpg\",\"width\":529,\"height\":379},{\"@type\":\"BreadcrumbList\",\"@id\":\"https:\\\/\\\/autate.fr\\\/site\\\/la-depeche-ouverture-a-la-concurrence-un-premier-test-sur-les-trains-de-nuit\\\/#breadcrumb\",\"itemListElement\":[{\"@type\":\"ListItem\",\"position\":1,\"name\":\"Accueil\",\"item\":\"https:\\\/\\\/autate.fr\\\/site\\\/\"},{\"@type\":\"ListItem\",\"position\":2,\"name\":\"[La D\u00e9p\u00eache] Ouverture \u00e0 la concurrence : un premier test sur les trains de nuit\"}]},{\"@type\":\"WebSite\",\"@id\":\"https:\\\/\\\/autate.fr\\\/site\\\/#website\",\"url\":\"https:\\\/\\\/autate.fr\\\/site\\\/\",\"name\":\"AUTATE\",\"description\":\"Association des usagers des transports de l&#039;agglom\u00e9ration Toulousaine et de ses environs\",\"publisher\":{\"@id\":\"https:\\\/\\\/autate.fr\\\/site\\\/#organization\"},\"potentialAction\":[{\"@type\":\"SearchAction\",\"target\":{\"@type\":\"EntryPoint\",\"urlTemplate\":\"https:\\\/\\\/autate.fr\\\/site\\\/?s={search_term_string}\"},\"query-input\":{\"@type\":\"PropertyValueSpecification\",\"valueRequired\":true,\"valueName\":\"search_term_string\"}}],\"inLanguage\":\"fr-FR\"},{\"@type\":\"Organization\",\"@id\":\"https:\\\/\\\/autate.fr\\\/site\\\/#organization\",\"name\":\"AUTATE\",\"url\":\"https:\\\/\\\/autate.fr\\\/site\\\/\",\"logo\":{\"@type\":\"ImageObject\",\"inLanguage\":\"fr-FR\",\"@id\":\"https:\\\/\\\/autate.fr\\\/site\\\/#\\\/schema\\\/logo\\\/image\\\/\",\"url\":\"http:\\\/\\\/autate.fr\\\/site\\\/wp-content\\\/uploads\\\/2019\\\/01\\\/logo.png\",\"contentUrl\":\"http:\\\/\\\/autate.fr\\\/site\\\/wp-content\\\/uploads\\\/2019\\\/01\\\/logo.png\",\"width\":506,\"height\":280,\"caption\":\"AUTATE\"},\"image\":{\"@id\":\"https:\\\/\\\/autate.fr\\\/site\\\/#\\\/schema\\\/logo\\\/image\\\/\"},\"sameAs\":[\"https:\\\/\\\/www.facebook.com\\\/AutateToulouse\",\"https:\\\/\\\/x.com\\\/AutateToulouse\"]},{\"@type\":\"Person\",\"@id\":\"https:\\\/\\\/autate.fr\\\/site\\\/#\\\/schema\\\/person\\\/ae1ab8bdaa7b41d2a9b52d2557ce8254\",\"name\":\"pascalbarbier\",\"image\":{\"@type\":\"ImageObject\",\"inLanguage\":\"fr-FR\",\"@id\":\"https:\\\/\\\/secure.gravatar.com\\\/avatar\\\/03f4e8ced09894b72c67e83142540730d4b3bbf619bf46341b0074e3bf5f08a0?s=96&d=mm&r=g\",\"url\":\"https:\\\/\\\/secure.gravatar.com\\\/avatar\\\/03f4e8ced09894b72c67e83142540730d4b3bbf619bf46341b0074e3bf5f08a0?s=96&d=mm&r=g\",\"contentUrl\":\"https:\\\/\\\/secure.gravatar.com\\\/avatar\\\/03f4e8ced09894b72c67e83142540730d4b3bbf619bf46341b0074e3bf5f08a0?s=96&d=mm&r=g\",\"caption\":\"pascalbarbier\"},\"url\":\"https:\\\/\\\/autate.fr\\\/site\\\/author\\\/pascalbarbier\\\/\"}]}<\/script>\n<!-- \/ Yoast SEO plugin. -->","yoast_head_json":{"title":"[La D\u00e9p\u00eache] Ouverture \u00e0 la concurrence : un premier test sur les trains de nuit - AUTATE","robots":{"index":"index","follow":"follow","max-snippet":"max-snippet:-1","max-image-preview":"max-image-preview:large","max-video-preview":"max-video-preview:-1"},"canonical":"https:\/\/autate.fr\/site\/la-depeche-ouverture-a-la-concurrence-un-premier-test-sur-les-trains-de-nuit\/","og_locale":"fr_FR","og_type":"article","og_title":"[La D\u00e9p\u00eache] Ouverture \u00e0 la concurrence : un premier test sur les trains de nuit - AUTATE","og_description":"Les trains de nuit Intercit\u00e9s seraient les premi\u00e8res lignes commerciales de la SNCF ouvertes \u00e0 la concurrence. Alain Vidalies, secr\u00e9taire d&rsquo;\u00c9tat aux Transports, devrait l&rsquo;annoncer aujourd&rsquo;hui. Le Grand Sud est concern\u00e9. C&rsquo;est l&rsquo;op\u00e9ration de la derni\u00e8re chance pour sauver les Intercit\u00e9s de nuit, ces trains qui font partie de notre patrimoine ferroviaire, et souffrent deVOIR PLUS","og_url":"https:\/\/autate.fr\/site\/la-depeche-ouverture-a-la-concurrence-un-premier-test-sur-les-trains-de-nuit\/","og_site_name":"AUTATE","article_publisher":"https:\/\/www.facebook.com\/AutateToulouse","article_published_time":"2016-02-20T15:21:32+00:00","article_modified_time":"2017-10-21T19:43:24+00:00","og_image":[{"width":529,"height":379,"url":"https:\/\/autate.fr\/site\/wp-content\/uploads\/2016\/02\/trainsdenuit.jpg","type":"image\/jpeg"}],"author":"pascalbarbier","twitter_card":"summary_large_image","twitter_creator":"@AutateToulouse","twitter_site":"@AutateToulouse","twitter_misc":{"\u00c9crit par":"pascalbarbier","Dur\u00e9e de lecture estim\u00e9e":"1 minute"},"schema":{"@context":"https:\/\/schema.org","@graph":[{"@type":"Article","@id":"https:\/\/autate.fr\/site\/la-depeche-ouverture-a-la-concurrence-un-premier-test-sur-les-trains-de-nuit\/#article","isPartOf":{"@id":"https:\/\/autate.fr\/site\/la-depeche-ouverture-a-la-concurrence-un-premier-test-sur-les-trains-de-nuit\/"},"author":{"name":"pascalbarbier","@id":"https:\/\/autate.fr\/site\/#\/schema\/person\/ae1ab8bdaa7b41d2a9b52d2557ce8254"},"headline":"[La D\u00e9p\u00eache] Ouverture \u00e0 la concurrence : un premier test sur les trains de nuit","datePublished":"2016-02-20T15:21:32+00:00","dateModified":"2017-10-21T19:43:24+00:00","mainEntityOfPage":{"@id":"https:\/\/autate.fr\/site\/la-depeche-ouverture-a-la-concurrence-un-premier-test-sur-les-trains-de-nuit\/"},"wordCount":302,"commentCount":0,"publisher":{"@id":"https:\/\/autate.fr\/site\/#organization"},"image":{"@id":"https:\/\/autate.fr\/site\/la-depeche-ouverture-a-la-concurrence-un-premier-test-sur-les-trains-de-nuit\/#primaryimage"},"thumbnailUrl":"https:\/\/autate.fr\/site\/wp-content\/uploads\/2016\/02\/trainsdenuit.jpg","keywords":["train de nuit"],"articleSection":["Revue de presse"],"inLanguage":"fr-FR","potentialAction":[{"@type":"CommentAction","name":"Comment","target":["https:\/\/autate.fr\/site\/la-depeche-ouverture-a-la-concurrence-un-premier-test-sur-les-trains-de-nuit\/#respond"]}]},{"@type":"WebPage","@id":"https:\/\/autate.fr\/site\/la-depeche-ouverture-a-la-concurrence-un-premier-test-sur-les-trains-de-nuit\/","url":"https:\/\/autate.fr\/site\/la-depeche-ouverture-a-la-concurrence-un-premier-test-sur-les-trains-de-nuit\/","name":"[La D\u00e9p\u00eache] Ouverture \u00e0 la concurrence : un premier test sur les trains de nuit - AUTATE","isPartOf":{"@id":"https:\/\/autate.fr\/site\/#website"},"primaryImageOfPage":{"@id":"https:\/\/autate.fr\/site\/la-depeche-ouverture-a-la-concurrence-un-premier-test-sur-les-trains-de-nuit\/#primaryimage"},"image":{"@id":"https:\/\/autate.fr\/site\/la-depeche-ouverture-a-la-concurrence-un-premier-test-sur-les-trains-de-nuit\/#primaryimage"},"thumbnailUrl":"https:\/\/autate.fr\/site\/wp-content\/uploads\/2016\/02\/trainsdenuit.jpg","datePublished":"2016-02-20T15:21:32+00:00","dateModified":"2017-10-21T19:43:24+00:00","breadcrumb":{"@id":"https:\/\/autate.fr\/site\/la-depeche-ouverture-a-la-concurrence-un-premier-test-sur-les-trains-de-nuit\/#breadcrumb"},"inLanguage":"fr-FR","potentialAction":[{"@type":"ReadAction","target":["https:\/\/autate.fr\/site\/la-depeche-ouverture-a-la-concurrence-un-premier-test-sur-les-trains-de-nuit\/"]}]},{"@type":"ImageObject","inLanguage":"fr-FR","@id":"https:\/\/autate.fr\/site\/la-depeche-ouverture-a-la-concurrence-un-premier-test-sur-les-trains-de-nuit\/#primaryimage","url":"https:\/\/autate.fr\/site\/wp-content\/uploads\/2016\/02\/trainsdenuit.jpg","contentUrl":"https:\/\/autate.fr\/site\/wp-content\/uploads\/2016\/02\/trainsdenuit.jpg","width":529,"height":379},{"@type":"BreadcrumbList","@id":"https:\/\/autate.fr\/site\/la-depeche-ouverture-a-la-concurrence-un-premier-test-sur-les-trains-de-nuit\/#breadcrumb","itemListElement":[{"@type":"ListItem","position":1,"name":"Accueil","item":"https:\/\/autate.fr\/site\/"},{"@type":"ListItem","position":2,"name":"[La D\u00e9p\u00eache] Ouverture \u00e0 la concurrence : un premier test sur les trains de nuit"}]},{"@type":"WebSite","@id":"https:\/\/autate.fr\/site\/#website","url":"https:\/\/autate.fr\/site\/","name":"AUTATE","description":"Association des usagers des transports de l&#039;agglom\u00e9ration Toulousaine et de ses environs","publisher":{"@id":"https:\/\/autate.fr\/site\/#organization"},"potentialAction":[{"@type":"SearchAction","target":{"@type":"EntryPoint","urlTemplate":"https:\/\/autate.fr\/site\/?s={search_term_string}"},"query-input":{"@type":"PropertyValueSpecification","valueRequired":true,"valueName":"search_term_string"}}],"inLanguage":"fr-FR"},{"@type":"Organization","@id":"https:\/\/autate.fr\/site\/#organization","name":"AUTATE","url":"https:\/\/autate.fr\/site\/","logo":{"@type":"ImageObject","inLanguage":"fr-FR","@id":"https:\/\/autate.fr\/site\/#\/schema\/logo\/image\/","url":"http:\/\/autate.fr\/site\/wp-content\/uploads\/2019\/01\/logo.png","contentUrl":"http:\/\/autate.fr\/site\/wp-content\/uploads\/2019\/01\/logo.png","width":506,"height":280,"caption":"AUTATE"},"image":{"@id":"https:\/\/autate.fr\/site\/#\/schema\/logo\/image\/"},"sameAs":["https:\/\/www.facebook.com\/AutateToulouse","https:\/\/x.com\/AutateToulouse"]},{"@type":"Person","@id":"https:\/\/autate.fr\/site\/#\/schema\/person\/ae1ab8bdaa7b41d2a9b52d2557ce8254","name":"pascalbarbier","image":{"@type":"ImageObject","inLanguage":"fr-FR","@id":"https:\/\/secure.gravatar.com\/avatar\/03f4e8ced09894b72c67e83142540730d4b3bbf619bf46341b0074e3bf5f08a0?s=96&d=mm&r=g","url":"https:\/\/secure.gravatar.com\/avatar\/03f4e8ced09894b72c67e83142540730d4b3bbf619bf46341b0074e3bf5f08a0?s=96&d=mm&r=g","contentUrl":"https:\/\/secure.gravatar.com\/avatar\/03f4e8ced09894b72c67e83142540730d4b3bbf619bf46341b0074e3bf5f08a0?s=96&d=mm&r=g","caption":"pascalbarbier"},"url":"https:\/\/autate.fr\/site\/author\/pascalbarbier\/"}]}},"_links":{"self":[{"href":"https:\/\/autate.fr\/site\/wp-json\/wp\/v2\/posts\/260","targetHints":{"allow":["GET"]}}],"collection":[{"href":"https:\/\/autate.fr\/site\/wp-json\/wp\/v2\/posts"}],"about":[{"href":"https:\/\/autate.fr\/site\/wp-json\/wp\/v2\/types\/post"}],"author":[{"embeddable":true,"href":"https:\/\/autate.fr\/site\/wp-json\/wp\/v2\/users\/1"}],"replies":[{"embeddable":true,"href":"https:\/\/autate.fr\/site\/wp-json\/wp\/v2\/comments?post=260"}],"version-history":[{"count":1,"href":"https:\/\/autate.fr\/site\/wp-json\/wp\/v2\/posts\/260\/revisions"}],"predecessor-version":[{"id":261,"href":"https:\/\/autate.fr\/site\/wp-json\/wp\/v2\/posts\/260\/revisions\/261"}],"wp:featuredmedia":[{"embeddable":true,"href":"https:\/\/autate.fr\/site\/wp-json\/wp\/v2\/media\/262"}],"wp:attachment":[{"href":"https:\/\/autate.fr\/site\/wp-json\/wp\/v2\/media?parent=260"}],"wp:term":[{"taxonomy":"category","embeddable":true,"href":"https:\/\/autate.fr\/site\/wp-json\/wp\/v2\/categories?post=260"},{"taxonomy":"post_tag","embeddable":true,"href":"https:\/\/autate.fr\/site\/wp-json\/wp\/v2\/tags?post=260"}],"curies":[{"name":"wp","href":"https:\/\/api.w.org\/{rel}","templated":true}]}}