{"id":2595,"date":"2018-04-04T02:02:27","date_gmt":"2018-04-04T00:02:27","guid":{"rendered":"http:\/\/autate.fr\/site\/?p=2595"},"modified":"2018-04-04T02:03:57","modified_gmt":"2018-04-04T00:03:57","slug":"tournefeuille-temoignage-dune-famille-de-cyclistes-plutot-non-usagere-des-tc","status":"publish","type":"post","link":"https:\/\/autate.fr\/site\/tournefeuille-temoignage-dune-famille-de-cyclistes-plutot-non-usagere-des-tc\/","title":{"rendered":"Tournefeuille : t\u00e9moignage d&rsquo;une famille de cyclistes, plut\u00f4t non usag\u00e8re des TC"},"content":{"rendered":"<p>Je suis instit et j&rsquo;ai la chance d&rsquo;habiter Tournefeuille et d&rsquo;y travailler ; un luxe que nous payons avec un loyer \u00e9lev\u00e9 mais qui nous permet de circuler, tous les quatre, <strong>en v\u00e9lo<\/strong>.<\/p>\n<p>Mon mari va ZI du Chapitre en v\u00e9lo presque tous les jours ; 30 minutes de v\u00e9lo contre 1 heure d&#8217;embouteillage en voiture. <strong>Il a essay\u00e9 le bus<\/strong> (48 + m\u00e9tro + 12) mais si \u00e7a marche plut\u00f4t bien \u00e0 l&rsquo;aller, <strong>c&rsquo;est long au retour <\/strong>!<\/p>\n<p>Je vais \u00e0 l&rsquo;\u00e9cole maternelle G Lapierre en v\u00e9lo presque tous les jours. Si je suis fatigu\u00e9e ou charg\u00e9e, je prends la voiture (7 minutes sans bouchon, jusqu&rsquo; \u00e0 20 minutes apr\u00e8s 17h00 pour rentrer).<strong> Impossible en bus<\/strong>, j&rsquo;en ai pour<strong> plus d&rsquo;une demie heure donc d\u00e9motivant<\/strong> (marche + 48+ 21)<\/p>\n<p>Le \u00ab\u00a0grand\u00a0\u00bb va au lyc\u00e9e en v\u00e9lo tous les jours ; ou en skate quand il commence \u00e0 9 ou 10H00 car le parking v\u00e9lo est satur\u00e9 apr\u00e8s 8H00&#8230; en attente d\u2019agrandissement. 15 minutes de v\u00e9lo matin et soir, au moins il prend l&rsquo;air! Il ach\u00e8te <strong>chez Tiss\u00e9o les<\/strong> <strong>10 d\u00e9placements \u00e0 4\u20ac<\/strong> mais il les utilise<strong> uniquement quand nous allons en ville<\/strong>.<\/p>\n<p>La \u00ab\u00a0petite\u00a0\u00bb va au coll\u00e8ge en v\u00e9lo tous les jours. Elle n&rsquo;a pas de carte bus scolaire. Donc, si besoin, elle utilise le bus de ville (4\u20ac les 10), tr\u00e8s tr\u00e8s rarement. Le bus lui sert \u00e0 aller en ville avec nous, et parfois chez une amie <strong>si elle a la chance d&rsquo;\u00eatre sur une des deux lignes qui desservent la maison<\/strong> (67 et 48).<\/p>\n<p>Pour les activit\u00e9s p\u00e9riscolaires, v\u00e9lo en journ\u00e9e, voiture en soir\u00e9e (pas de bus direct pour aller \u00e0 la m\u00e9diath\u00e8que, \u00e0 l&rsquo;\u00e9cole de danse ou \u00e0 la m\u00e9diath\u00e8que donc voiture sinon c&rsquo;est trop long) au moins l&rsquo;hiver. A la rentr\u00e9e et bient\u00f4t avec le retour du beau temps, nous privil\u00e9gions le v\u00e9lo!<\/p>\n<p>Pour aller en ville, except\u00e9 le dimanche parce qu&rsquo;il n y a pas de bus, <strong>nous prenons de pr\u00e9f\u00e9rence le bus, sauf en soir\u00e9e<\/strong>, sinon, nous ne pouvons pas rentrer! <strong>Parfois, nous laissons une auto \u00e0 Basso Cambo ou aux Ar\u00e8nes<\/strong><\/p>\n<p>Voil\u00e0 pour nos usages des transports en communs et de nos d\u00e9placements familiaux.<\/p>\n","protected":false},"excerpt":{"rendered":"<p>Je suis instit et j&rsquo;ai la chance d&rsquo;habiter Tournefeuille et d&rsquo;y travailler ; un luxe que nous payons avec un loyer \u00e9lev\u00e9 mais qui nous permet de circuler, tous les quatre, en v\u00e9lo. Mon mari va ZI du Chapitre en v\u00e9lo presque tous les jours ; 30 minutes de v\u00e9lo contre 1 heure d&#8217;embouteillage en<\/p>\n<p class=\"more-link\"><a href=\"https:\/\/autate.fr\/site\/tournefeuille-temoignage-dune-famille-de-cyclistes-plutot-non-usagere-des-tc\/\" class=\"themebutton2\">VOIR PLUS<\/a><\/p>\n","protected":false},"author":1,"featured_media":0,"comment_status":"open","ping_status":"open","sticky":false,"template":"","format":"standard","meta":{"footnotes":""},"categories":[336],"tags":[227],"class_list":["post-2595","post","type-post","status-publish","format-standard","hentry","category-temoignages","tag-tournefeuille"],"yoast_head":"<!-- This site is optimized with the Yoast SEO plugin v27.4 - https:\/\/yoast.com\/product\/yoast-seo-wordpress\/ -->\n<title>Tournefeuille : t\u00e9moignage d&#039;une famille de cyclistes, plut\u00f4t non usag\u00e8re des TC - AUTATE<\/title>\n<meta name=\"robots\" content=\"index, follow, max-snippet:-1, max-image-preview:large, max-video-preview:-1\" \/>\n<link rel=\"canonical\" href=\"https:\/\/autate.fr\/site\/tournefeuille-temoignage-dune-famille-de-cyclistes-plutot-non-usagere-des-tc\/\" \/>\n<meta property=\"og:locale\" content=\"fr_FR\" \/>\n<meta property=\"og:type\" content=\"article\" \/>\n<meta property=\"og:title\" content=\"Tournefeuille : t\u00e9moignage d&#039;une famille de cyclistes, plut\u00f4t non usag\u00e8re des TC - AUTATE\" \/>\n<meta property=\"og:description\" content=\"Je suis instit et j&rsquo;ai la chance d&rsquo;habiter Tournefeuille et d&rsquo;y travailler ; un luxe que nous payons avec un loyer \u00e9lev\u00e9 mais qui nous permet de circuler, tous les quatre, en v\u00e9lo. Mon mari va ZI du Chapitre en v\u00e9lo presque tous les jours ; 30 minutes de v\u00e9lo contre 1 heure d&#8217;embouteillage enVOIR PLUS\" \/>\n<meta property=\"og:url\" content=\"https:\/\/autate.fr\/site\/tournefeuille-temoignage-dune-famille-de-cyclistes-plutot-non-usagere-des-tc\/\" \/>\n<meta property=\"og:site_name\" content=\"AUTATE\" \/>\n<meta property=\"article:publisher\" content=\"https:\/\/www.facebook.com\/AutateToulouse\" \/>\n<meta property=\"article:published_time\" content=\"2018-04-04T00:02:27+00:00\" \/>\n<meta property=\"article:modified_time\" content=\"2018-04-04T00:03:57+00:00\" \/>\n<meta name=\"author\" content=\"pascalbarbier\" \/>\n<meta name=\"twitter:card\" content=\"summary_large_image\" \/>\n<meta name=\"twitter:creator\" content=\"@AutateToulouse\" \/>\n<meta name=\"twitter:site\" content=\"@AutateToulouse\" \/>\n<meta name=\"twitter:label1\" content=\"\u00c9crit par\" \/>\n\t<meta name=\"twitter:data1\" content=\"pascalbarbier\" \/>\n\t<meta name=\"twitter:label2\" content=\"Dur\u00e9e de lecture estim\u00e9e\" \/>\n\t<meta name=\"twitter:data2\" content=\"2 minutes\" \/>\n<script type=\"application\/ld+json\" class=\"yoast-schema-graph\">{\"@context\":\"https:\\\/\\\/schema.org\",\"@graph\":[{\"@type\":\"Article\",\"@id\":\"https:\\\/\\\/autate.fr\\\/site\\\/tournefeuille-temoignage-dune-famille-de-cyclistes-plutot-non-usagere-des-tc\\\/#article\",\"isPartOf\":{\"@id\":\"https:\\\/\\\/autate.fr\\\/site\\\/tournefeuille-temoignage-dune-famille-de-cyclistes-plutot-non-usagere-des-tc\\\/\"},\"author\":{\"name\":\"pascalbarbier\",\"@id\":\"https:\\\/\\\/autate.fr\\\/site\\\/#\\\/schema\\\/person\\\/ae1ab8bdaa7b41d2a9b52d2557ce8254\"},\"headline\":\"Tournefeuille : t\u00e9moignage d&rsquo;une famille de cyclistes, plut\u00f4t non usag\u00e8re des TC\",\"datePublished\":\"2018-04-04T00:02:27+00:00\",\"dateModified\":\"2018-04-04T00:03:57+00:00\",\"mainEntityOfPage\":{\"@id\":\"https:\\\/\\\/autate.fr\\\/site\\\/tournefeuille-temoignage-dune-famille-de-cyclistes-plutot-non-usagere-des-tc\\\/\"},\"wordCount\":388,\"commentCount\":0,\"publisher\":{\"@id\":\"https:\\\/\\\/autate.fr\\\/site\\\/#organization\"},\"keywords\":[\"tournefeuille\"],\"articleSection\":[\"T\u00e9moignages\"],\"inLanguage\":\"fr-FR\",\"potentialAction\":[{\"@type\":\"CommentAction\",\"name\":\"Comment\",\"target\":[\"https:\\\/\\\/autate.fr\\\/site\\\/tournefeuille-temoignage-dune-famille-de-cyclistes-plutot-non-usagere-des-tc\\\/#respond\"]}]},{\"@type\":\"WebPage\",\"@id\":\"https:\\\/\\\/autate.fr\\\/site\\\/tournefeuille-temoignage-dune-famille-de-cyclistes-plutot-non-usagere-des-tc\\\/\",\"url\":\"https:\\\/\\\/autate.fr\\\/site\\\/tournefeuille-temoignage-dune-famille-de-cyclistes-plutot-non-usagere-des-tc\\\/\",\"name\":\"Tournefeuille : t\u00e9moignage d'une famille de cyclistes, plut\u00f4t non usag\u00e8re des TC - AUTATE\",\"isPartOf\":{\"@id\":\"https:\\\/\\\/autate.fr\\\/site\\\/#website\"},\"datePublished\":\"2018-04-04T00:02:27+00:00\",\"dateModified\":\"2018-04-04T00:03:57+00:00\",\"breadcrumb\":{\"@id\":\"https:\\\/\\\/autate.fr\\\/site\\\/tournefeuille-temoignage-dune-famille-de-cyclistes-plutot-non-usagere-des-tc\\\/#breadcrumb\"},\"inLanguage\":\"fr-FR\",\"potentialAction\":[{\"@type\":\"ReadAction\",\"target\":[\"https:\\\/\\\/autate.fr\\\/site\\\/tournefeuille-temoignage-dune-famille-de-cyclistes-plutot-non-usagere-des-tc\\\/\"]}]},{\"@type\":\"BreadcrumbList\",\"@id\":\"https:\\\/\\\/autate.fr\\\/site\\\/tournefeuille-temoignage-dune-famille-de-cyclistes-plutot-non-usagere-des-tc\\\/#breadcrumb\",\"itemListElement\":[{\"@type\":\"ListItem\",\"position\":1,\"name\":\"Accueil\",\"item\":\"https:\\\/\\\/autate.fr\\\/site\\\/\"},{\"@type\":\"ListItem\",\"position\":2,\"name\":\"Tournefeuille : t\u00e9moignage d&rsquo;une famille de cyclistes, plut\u00f4t non usag\u00e8re des TC\"}]},{\"@type\":\"WebSite\",\"@id\":\"https:\\\/\\\/autate.fr\\\/site\\\/#website\",\"url\":\"https:\\\/\\\/autate.fr\\\/site\\\/\",\"name\":\"AUTATE\",\"description\":\"Association des usagers des transports de l&#039;agglom\u00e9ration Toulousaine et de ses environs\",\"publisher\":{\"@id\":\"https:\\\/\\\/autate.fr\\\/site\\\/#organization\"},\"potentialAction\":[{\"@type\":\"SearchAction\",\"target\":{\"@type\":\"EntryPoint\",\"urlTemplate\":\"https:\\\/\\\/autate.fr\\\/site\\\/?s={search_term_string}\"},\"query-input\":{\"@type\":\"PropertyValueSpecification\",\"valueRequired\":true,\"valueName\":\"search_term_string\"}}],\"inLanguage\":\"fr-FR\"},{\"@type\":\"Organization\",\"@id\":\"https:\\\/\\\/autate.fr\\\/site\\\/#organization\",\"name\":\"AUTATE\",\"url\":\"https:\\\/\\\/autate.fr\\\/site\\\/\",\"logo\":{\"@type\":\"ImageObject\",\"inLanguage\":\"fr-FR\",\"@id\":\"https:\\\/\\\/autate.fr\\\/site\\\/#\\\/schema\\\/logo\\\/image\\\/\",\"url\":\"http:\\\/\\\/autate.fr\\\/site\\\/wp-content\\\/uploads\\\/2019\\\/01\\\/logo.png\",\"contentUrl\":\"http:\\\/\\\/autate.fr\\\/site\\\/wp-content\\\/uploads\\\/2019\\\/01\\\/logo.png\",\"width\":506,\"height\":280,\"caption\":\"AUTATE\"},\"image\":{\"@id\":\"https:\\\/\\\/autate.fr\\\/site\\\/#\\\/schema\\\/logo\\\/image\\\/\"},\"sameAs\":[\"https:\\\/\\\/www.facebook.com\\\/AutateToulouse\",\"https:\\\/\\\/x.com\\\/AutateToulouse\"]},{\"@type\":\"Person\",\"@id\":\"https:\\\/\\\/autate.fr\\\/site\\\/#\\\/schema\\\/person\\\/ae1ab8bdaa7b41d2a9b52d2557ce8254\",\"name\":\"pascalbarbier\",\"image\":{\"@type\":\"ImageObject\",\"inLanguage\":\"fr-FR\",\"@id\":\"https:\\\/\\\/secure.gravatar.com\\\/avatar\\\/03f4e8ced09894b72c67e83142540730d4b3bbf619bf46341b0074e3bf5f08a0?s=96&d=mm&r=g\",\"url\":\"https:\\\/\\\/secure.gravatar.com\\\/avatar\\\/03f4e8ced09894b72c67e83142540730d4b3bbf619bf46341b0074e3bf5f08a0?s=96&d=mm&r=g\",\"contentUrl\":\"https:\\\/\\\/secure.gravatar.com\\\/avatar\\\/03f4e8ced09894b72c67e83142540730d4b3bbf619bf46341b0074e3bf5f08a0?s=96&d=mm&r=g\",\"caption\":\"pascalbarbier\"},\"url\":\"https:\\\/\\\/autate.fr\\\/site\\\/author\\\/pascalbarbier\\\/\"}]}<\/script>\n<!-- \/ Yoast SEO plugin. -->","yoast_head_json":{"title":"Tournefeuille : t\u00e9moignage d'une famille de cyclistes, plut\u00f4t non usag\u00e8re des TC - AUTATE","robots":{"index":"index","follow":"follow","max-snippet":"max-snippet:-1","max-image-preview":"max-image-preview:large","max-video-preview":"max-video-preview:-1"},"canonical":"https:\/\/autate.fr\/site\/tournefeuille-temoignage-dune-famille-de-cyclistes-plutot-non-usagere-des-tc\/","og_locale":"fr_FR","og_type":"article","og_title":"Tournefeuille : t\u00e9moignage d'une famille de cyclistes, plut\u00f4t non usag\u00e8re des TC - AUTATE","og_description":"Je suis instit et j&rsquo;ai la chance d&rsquo;habiter Tournefeuille et d&rsquo;y travailler ; un luxe que nous payons avec un loyer \u00e9lev\u00e9 mais qui nous permet de circuler, tous les quatre, en v\u00e9lo. Mon mari va ZI du Chapitre en v\u00e9lo presque tous les jours ; 30 minutes de v\u00e9lo contre 1 heure d&#8217;embouteillage enVOIR PLUS","og_url":"https:\/\/autate.fr\/site\/tournefeuille-temoignage-dune-famille-de-cyclistes-plutot-non-usagere-des-tc\/","og_site_name":"AUTATE","article_publisher":"https:\/\/www.facebook.com\/AutateToulouse","article_published_time":"2018-04-04T00:02:27+00:00","article_modified_time":"2018-04-04T00:03:57+00:00","author":"pascalbarbier","twitter_card":"summary_large_image","twitter_creator":"@AutateToulouse","twitter_site":"@AutateToulouse","twitter_misc":{"\u00c9crit par":"pascalbarbier","Dur\u00e9e de lecture estim\u00e9e":"2 minutes"},"schema":{"@context":"https:\/\/schema.org","@graph":[{"@type":"Article","@id":"https:\/\/autate.fr\/site\/tournefeuille-temoignage-dune-famille-de-cyclistes-plutot-non-usagere-des-tc\/#article","isPartOf":{"@id":"https:\/\/autate.fr\/site\/tournefeuille-temoignage-dune-famille-de-cyclistes-plutot-non-usagere-des-tc\/"},"author":{"name":"pascalbarbier","@id":"https:\/\/autate.fr\/site\/#\/schema\/person\/ae1ab8bdaa7b41d2a9b52d2557ce8254"},"headline":"Tournefeuille : t\u00e9moignage d&rsquo;une famille de cyclistes, plut\u00f4t non usag\u00e8re des TC","datePublished":"2018-04-04T00:02:27+00:00","dateModified":"2018-04-04T00:03:57+00:00","mainEntityOfPage":{"@id":"https:\/\/autate.fr\/site\/tournefeuille-temoignage-dune-famille-de-cyclistes-plutot-non-usagere-des-tc\/"},"wordCount":388,"commentCount":0,"publisher":{"@id":"https:\/\/autate.fr\/site\/#organization"},"keywords":["tournefeuille"],"articleSection":["T\u00e9moignages"],"inLanguage":"fr-FR","potentialAction":[{"@type":"CommentAction","name":"Comment","target":["https:\/\/autate.fr\/site\/tournefeuille-temoignage-dune-famille-de-cyclistes-plutot-non-usagere-des-tc\/#respond"]}]},{"@type":"WebPage","@id":"https:\/\/autate.fr\/site\/tournefeuille-temoignage-dune-famille-de-cyclistes-plutot-non-usagere-des-tc\/","url":"https:\/\/autate.fr\/site\/tournefeuille-temoignage-dune-famille-de-cyclistes-plutot-non-usagere-des-tc\/","name":"Tournefeuille : t\u00e9moignage d'une famille de cyclistes, plut\u00f4t non usag\u00e8re des TC - AUTATE","isPartOf":{"@id":"https:\/\/autate.fr\/site\/#website"},"datePublished":"2018-04-04T00:02:27+00:00","dateModified":"2018-04-04T00:03:57+00:00","breadcrumb":{"@id":"https:\/\/autate.fr\/site\/tournefeuille-temoignage-dune-famille-de-cyclistes-plutot-non-usagere-des-tc\/#breadcrumb"},"inLanguage":"fr-FR","potentialAction":[{"@type":"ReadAction","target":["https:\/\/autate.fr\/site\/tournefeuille-temoignage-dune-famille-de-cyclistes-plutot-non-usagere-des-tc\/"]}]},{"@type":"BreadcrumbList","@id":"https:\/\/autate.fr\/site\/tournefeuille-temoignage-dune-famille-de-cyclistes-plutot-non-usagere-des-tc\/#breadcrumb","itemListElement":[{"@type":"ListItem","position":1,"name":"Accueil","item":"https:\/\/autate.fr\/site\/"},{"@type":"ListItem","position":2,"name":"Tournefeuille : t\u00e9moignage d&rsquo;une famille de cyclistes, plut\u00f4t non usag\u00e8re des TC"}]},{"@type":"WebSite","@id":"https:\/\/autate.fr\/site\/#website","url":"https:\/\/autate.fr\/site\/","name":"AUTATE","description":"Association des usagers des transports de l&#039;agglom\u00e9ration Toulousaine et de ses environs","publisher":{"@id":"https:\/\/autate.fr\/site\/#organization"},"potentialAction":[{"@type":"SearchAction","target":{"@type":"EntryPoint","urlTemplate":"https:\/\/autate.fr\/site\/?s={search_term_string}"},"query-input":{"@type":"PropertyValueSpecification","valueRequired":true,"valueName":"search_term_string"}}],"inLanguage":"fr-FR"},{"@type":"Organization","@id":"https:\/\/autate.fr\/site\/#organization","name":"AUTATE","url":"https:\/\/autate.fr\/site\/","logo":{"@type":"ImageObject","inLanguage":"fr-FR","@id":"https:\/\/autate.fr\/site\/#\/schema\/logo\/image\/","url":"http:\/\/autate.fr\/site\/wp-content\/uploads\/2019\/01\/logo.png","contentUrl":"http:\/\/autate.fr\/site\/wp-content\/uploads\/2019\/01\/logo.png","width":506,"height":280,"caption":"AUTATE"},"image":{"@id":"https:\/\/autate.fr\/site\/#\/schema\/logo\/image\/"},"sameAs":["https:\/\/www.facebook.com\/AutateToulouse","https:\/\/x.com\/AutateToulouse"]},{"@type":"Person","@id":"https:\/\/autate.fr\/site\/#\/schema\/person\/ae1ab8bdaa7b41d2a9b52d2557ce8254","name":"pascalbarbier","image":{"@type":"ImageObject","inLanguage":"fr-FR","@id":"https:\/\/secure.gravatar.com\/avatar\/03f4e8ced09894b72c67e83142540730d4b3bbf619bf46341b0074e3bf5f08a0?s=96&d=mm&r=g","url":"https:\/\/secure.gravatar.com\/avatar\/03f4e8ced09894b72c67e83142540730d4b3bbf619bf46341b0074e3bf5f08a0?s=96&d=mm&r=g","contentUrl":"https:\/\/secure.gravatar.com\/avatar\/03f4e8ced09894b72c67e83142540730d4b3bbf619bf46341b0074e3bf5f08a0?s=96&d=mm&r=g","caption":"pascalbarbier"},"url":"https:\/\/autate.fr\/site\/author\/pascalbarbier\/"}]}},"_links":{"self":[{"href":"https:\/\/autate.fr\/site\/wp-json\/wp\/v2\/posts\/2595","targetHints":{"allow":["GET"]}}],"collection":[{"href":"https:\/\/autate.fr\/site\/wp-json\/wp\/v2\/posts"}],"about":[{"href":"https:\/\/autate.fr\/site\/wp-json\/wp\/v2\/types\/post"}],"author":[{"embeddable":true,"href":"https:\/\/autate.fr\/site\/wp-json\/wp\/v2\/users\/1"}],"replies":[{"embeddable":true,"href":"https:\/\/autate.fr\/site\/wp-json\/wp\/v2\/comments?post=2595"}],"version-history":[{"count":2,"href":"https:\/\/autate.fr\/site\/wp-json\/wp\/v2\/posts\/2595\/revisions"}],"predecessor-version":[{"id":2597,"href":"https:\/\/autate.fr\/site\/wp-json\/wp\/v2\/posts\/2595\/revisions\/2597"}],"wp:attachment":[{"href":"https:\/\/autate.fr\/site\/wp-json\/wp\/v2\/media?parent=2595"}],"wp:term":[{"taxonomy":"category","embeddable":true,"href":"https:\/\/autate.fr\/site\/wp-json\/wp\/v2\/categories?post=2595"},{"taxonomy":"post_tag","embeddable":true,"href":"https:\/\/autate.fr\/site\/wp-json\/wp\/v2\/tags?post=2595"}],"curies":[{"name":"wp","href":"https:\/\/api.w.org\/{rel}","templated":true}]}}