{"id":2588,"date":"2018-03-27T09:37:54","date_gmt":"2018-03-27T07:37:54","guid":{"rendered":"http:\/\/autate.fr\/site\/?p=2588"},"modified":"2025-11-21T22:11:19","modified_gmt":"2025-11-21T21:11:19","slug":"cornebarrieu-toulouse-des-transports-inadaptes","status":"publish","type":"post","link":"https:\/\/autate.fr\/site\/cornebarrieu-toulouse-des-transports-inadaptes\/","title":{"rendered":"Cornebarrieu-Toulouse : des transports inadapt\u00e9s"},"content":{"rendered":"<p align=\"CENTER\"><span style=\"font-size: large;\"><b>Des transports en commun inadapt\u00e9s <\/b><\/span><\/p>\n<p><span style=\"font-size: medium;\"><u><b>Aller \u00e0 Toulouse<\/b><\/u><\/span><\/p>\n<p align=\"JUSTIFY\"><span style=\"font-size: medium;\">Pour un habitant de Cornebarrieu ou des communes environnantes souhaitant rejoindre Toulouse via le r\u00e9seau Tisseo se pr\u00e9sentent deux alternatives. <\/span><\/p>\n<ul>\n<li>\n<p align=\"JUSTIFY\"><span style=\"font-size: medium;\">Rejoindre la ligne T1 par le TAD 120 (ou \u00e9ventuellement, par les bus 17 depuis Mondonville ou 71 depuis Aussonne jusqu\u2019au niveau du lyc\u00e9e Saint Exup\u00e9ry mais qui ne circulent que le matin et en fin de journ\u00e9e) et rejoindre la station Ar\u00e8nes par le<strong> tramway<\/strong> 30 \u00e0 35 minutes plus tard.<\/span><\/p>\n<\/li>\n<li>\n<p align=\"JUSTIFY\"><span style=\"font-size: medium;\">Aller \u00e0 la <strong>gare SNCF de Colomiers<\/strong> par le TAD 118 en ayant pris soin de v\u00e9rifier les horaires de train et de l\u00e0 regagner la station Ar\u00e8nes en 8 \u00e0 15 minutes.<\/span><\/p>\n<\/li>\n<\/ul>\n<p align=\"JUSTIFY\"><span style=\"font-size: medium;\"><strong>Pour le TAD<\/strong>, il y a lieu d\u2019int\u00e9grer un retard \u00e9ventuel de l\u2019ordre de 10 minutes ainsi que les al\u00e9as du trafic et donc de prendre une marge suffisante en sachant que la fr\u00e9quence est de 1\/2 heure en journ\u00e9e et de 1 heure en soir\u00e9e et le dimanche.<\/span><\/p>\n<p align=\"JUSTIFY\"><span style=\"font-size: medium;\"><u><b>Revenir de Toulouse<\/b><\/u><\/span><\/p>\n<p align=\"JUSTIFY\">A<span style=\"font-size: medium;\">u d\u00e9part des Ar\u00e8nes, point nodal, toujours les alternatives via les lignes C ou T1 avec moins de 15 minutes pour la premi\u00e8re et regagner la gare SNCF de Colomiers ou bien, avec plus du double de temps pour la seconde, aller jusqu\u2019\u00e0 A\u00e9roconstellation avec toutefois une meilleure fr\u00e9quence.<\/span><\/p>\n<p align=\"JUSTIFY\"><span style=\"font-size: medium;\">Si l\u2019on a la chance d\u2019avoir un TAD dans un d\u00e9lai assez bref et de ne pas payer un passage suppl\u00e9mentaire pour la correspondance, <strong>il faudra alors se fier au parcours d\u00e9termin\u00e9 par le chauffeur en fonction des diff\u00e9rentes demandes<\/strong>, non seulement des passagers embarqu\u00e9s mais aussi de ceux qui seront recueillis en cours de route.<\/span><\/p>\n<p align=\"JUSTIFY\"><span style=\"font-size: medium;\">Il arrive ainsi que l\u2019on fasse des d\u00e9tours cons\u00e9quents avant d\u2019\u00eatre conduit \u00e0 destination.<\/span><\/p>\n<p align=\"JUSTIFY\"><span style=\"font-size: medium;\">Pour avoir exp\u00e9riment\u00e9 occasionnellement ce service un dimanche apr\u00e8s-midi, j\u2019ai pu constater qu\u2019<strong>une majorit\u00e9 de jeunes entre 15 et 18 ans faisaient appel au TAD et il est clair qu\u2019une fois qu\u2019ils auront l\u2019\u00e2ge requis et leur permis, auto ou moto, ils chercheront au plus vite \u00e0 s\u2019affranchir des transports en commun<\/strong>.<\/span><\/p>\n<p align=\"JUSTIFY\"><span style=\"font-size: medium;\">En clair, la ligne SNCF, par l\u2019absence d\u2019un service r\u00e9gulier et cadenc\u00e9 et ses plages horaires limit\u00e9es, le tramway par sa lenteur et ses interruptions fr\u00e9quentes, le TAD par son inconfort, ses horaires et itin\u00e9raires al\u00e9atoires sont <strong>autant de raisons pour que nos jeunes soient demain de nouveaux adeptes de la voiture individuelle<\/strong>.<\/span><\/p>\n","protected":false},"excerpt":{"rendered":"<p>Des transports en commun inadapt\u00e9s Aller \u00e0 Toulouse Pour un habitant de Cornebarrieu ou des communes environnantes souhaitant rejoindre Toulouse via le r\u00e9seau Tisseo se pr\u00e9sentent deux alternatives. Rejoindre la ligne T1 par le TAD 120 (ou \u00e9ventuellement, par les bus 17 depuis Mondonville ou 71 depuis Aussonne jusqu\u2019au niveau du lyc\u00e9e Saint Exup\u00e9ry mais<\/p>\n<p class=\"more-link\"><a href=\"https:\/\/autate.fr\/site\/cornebarrieu-toulouse-des-transports-inadaptes\/\" class=\"themebutton2\">VOIR PLUS<\/a><\/p>\n","protected":false},"author":1,"featured_media":0,"comment_status":"open","ping_status":"open","sticky":false,"template":"","format":"standard","meta":{"footnotes":""},"categories":[500,336],"tags":[489],"class_list":["post-2588","post","type-post","status-publish","format-standard","hentry","category-bus-tisseo","category-temoignages","tag-cornebarrieu"],"yoast_head":"<!-- This site is optimized with the Yoast SEO plugin v27.4 - https:\/\/yoast.com\/product\/yoast-seo-wordpress\/ -->\n<title>Cornebarrieu-Toulouse : des transports inadapt\u00e9s - AUTATE<\/title>\n<meta name=\"robots\" content=\"index, follow, max-snippet:-1, max-image-preview:large, max-video-preview:-1\" \/>\n<link rel=\"canonical\" href=\"https:\/\/autate.fr\/site\/cornebarrieu-toulouse-des-transports-inadaptes\/\" \/>\n<meta property=\"og:locale\" content=\"fr_FR\" \/>\n<meta property=\"og:type\" content=\"article\" \/>\n<meta property=\"og:title\" content=\"Cornebarrieu-Toulouse : des transports inadapt\u00e9s - AUTATE\" \/>\n<meta property=\"og:description\" content=\"Des transports en commun inadapt\u00e9s Aller \u00e0 Toulouse Pour un habitant de Cornebarrieu ou des communes environnantes souhaitant rejoindre Toulouse via le r\u00e9seau Tisseo se pr\u00e9sentent deux alternatives. Rejoindre la ligne T1 par le TAD 120 (ou \u00e9ventuellement, par les bus 17 depuis Mondonville ou 71 depuis Aussonne jusqu\u2019au niveau du lyc\u00e9e Saint Exup\u00e9ry maisVOIR PLUS\" \/>\n<meta property=\"og:url\" content=\"https:\/\/autate.fr\/site\/cornebarrieu-toulouse-des-transports-inadaptes\/\" \/>\n<meta property=\"og:site_name\" content=\"AUTATE\" \/>\n<meta property=\"article:publisher\" content=\"https:\/\/www.facebook.com\/AutateToulouse\" \/>\n<meta property=\"article:published_time\" content=\"2018-03-27T07:37:54+00:00\" \/>\n<meta property=\"article:modified_time\" content=\"2025-11-21T21:11:19+00:00\" \/>\n<meta name=\"author\" content=\"pascalbarbier\" \/>\n<meta name=\"twitter:card\" content=\"summary_large_image\" \/>\n<meta name=\"twitter:creator\" content=\"@AutateToulouse\" \/>\n<meta name=\"twitter:site\" content=\"@AutateToulouse\" \/>\n<meta name=\"twitter:label1\" content=\"\u00c9crit par\" \/>\n\t<meta name=\"twitter:data1\" content=\"pascalbarbier\" \/>\n\t<meta name=\"twitter:label2\" content=\"Dur\u00e9e de lecture estim\u00e9e\" \/>\n\t<meta name=\"twitter:data2\" content=\"2 minutes\" \/>\n<script type=\"application\/ld+json\" class=\"yoast-schema-graph\">{\"@context\":\"https:\\\/\\\/schema.org\",\"@graph\":[{\"@type\":\"Article\",\"@id\":\"https:\\\/\\\/autate.fr\\\/site\\\/cornebarrieu-toulouse-des-transports-inadaptes\\\/#article\",\"isPartOf\":{\"@id\":\"https:\\\/\\\/autate.fr\\\/site\\\/cornebarrieu-toulouse-des-transports-inadaptes\\\/\"},\"author\":{\"name\":\"pascalbarbier\",\"@id\":\"https:\\\/\\\/autate.fr\\\/site\\\/#\\\/schema\\\/person\\\/ae1ab8bdaa7b41d2a9b52d2557ce8254\"},\"headline\":\"Cornebarrieu-Toulouse : des transports inadapt\u00e9s\",\"datePublished\":\"2018-03-27T07:37:54+00:00\",\"dateModified\":\"2025-11-21T21:11:19+00:00\",\"mainEntityOfPage\":{\"@id\":\"https:\\\/\\\/autate.fr\\\/site\\\/cornebarrieu-toulouse-des-transports-inadaptes\\\/\"},\"wordCount\":422,\"commentCount\":0,\"publisher\":{\"@id\":\"https:\\\/\\\/autate.fr\\\/site\\\/#organization\"},\"keywords\":[\"Cornebarrieu\"],\"articleSection\":[\"Bus Tisseo\",\"T\u00e9moignages\"],\"inLanguage\":\"fr-FR\",\"potentialAction\":[{\"@type\":\"CommentAction\",\"name\":\"Comment\",\"target\":[\"https:\\\/\\\/autate.fr\\\/site\\\/cornebarrieu-toulouse-des-transports-inadaptes\\\/#respond\"]}]},{\"@type\":\"WebPage\",\"@id\":\"https:\\\/\\\/autate.fr\\\/site\\\/cornebarrieu-toulouse-des-transports-inadaptes\\\/\",\"url\":\"https:\\\/\\\/autate.fr\\\/site\\\/cornebarrieu-toulouse-des-transports-inadaptes\\\/\",\"name\":\"Cornebarrieu-Toulouse : des transports inadapt\u00e9s - AUTATE\",\"isPartOf\":{\"@id\":\"https:\\\/\\\/autate.fr\\\/site\\\/#website\"},\"datePublished\":\"2018-03-27T07:37:54+00:00\",\"dateModified\":\"2025-11-21T21:11:19+00:00\",\"breadcrumb\":{\"@id\":\"https:\\\/\\\/autate.fr\\\/site\\\/cornebarrieu-toulouse-des-transports-inadaptes\\\/#breadcrumb\"},\"inLanguage\":\"fr-FR\",\"potentialAction\":[{\"@type\":\"ReadAction\",\"target\":[\"https:\\\/\\\/autate.fr\\\/site\\\/cornebarrieu-toulouse-des-transports-inadaptes\\\/\"]}]},{\"@type\":\"BreadcrumbList\",\"@id\":\"https:\\\/\\\/autate.fr\\\/site\\\/cornebarrieu-toulouse-des-transports-inadaptes\\\/#breadcrumb\",\"itemListElement\":[{\"@type\":\"ListItem\",\"position\":1,\"name\":\"Accueil\",\"item\":\"https:\\\/\\\/autate.fr\\\/site\\\/\"},{\"@type\":\"ListItem\",\"position\":2,\"name\":\"Cornebarrieu-Toulouse : des transports inadapt\u00e9s\"}]},{\"@type\":\"WebSite\",\"@id\":\"https:\\\/\\\/autate.fr\\\/site\\\/#website\",\"url\":\"https:\\\/\\\/autate.fr\\\/site\\\/\",\"name\":\"AUTATE\",\"description\":\"Association des usagers des transports de l&#039;agglom\u00e9ration Toulousaine et de ses environs\",\"publisher\":{\"@id\":\"https:\\\/\\\/autate.fr\\\/site\\\/#organization\"},\"potentialAction\":[{\"@type\":\"SearchAction\",\"target\":{\"@type\":\"EntryPoint\",\"urlTemplate\":\"https:\\\/\\\/autate.fr\\\/site\\\/?s={search_term_string}\"},\"query-input\":{\"@type\":\"PropertyValueSpecification\",\"valueRequired\":true,\"valueName\":\"search_term_string\"}}],\"inLanguage\":\"fr-FR\"},{\"@type\":\"Organization\",\"@id\":\"https:\\\/\\\/autate.fr\\\/site\\\/#organization\",\"name\":\"AUTATE\",\"url\":\"https:\\\/\\\/autate.fr\\\/site\\\/\",\"logo\":{\"@type\":\"ImageObject\",\"inLanguage\":\"fr-FR\",\"@id\":\"https:\\\/\\\/autate.fr\\\/site\\\/#\\\/schema\\\/logo\\\/image\\\/\",\"url\":\"http:\\\/\\\/autate.fr\\\/site\\\/wp-content\\\/uploads\\\/2019\\\/01\\\/logo.png\",\"contentUrl\":\"http:\\\/\\\/autate.fr\\\/site\\\/wp-content\\\/uploads\\\/2019\\\/01\\\/logo.png\",\"width\":506,\"height\":280,\"caption\":\"AUTATE\"},\"image\":{\"@id\":\"https:\\\/\\\/autate.fr\\\/site\\\/#\\\/schema\\\/logo\\\/image\\\/\"},\"sameAs\":[\"https:\\\/\\\/www.facebook.com\\\/AutateToulouse\",\"https:\\\/\\\/x.com\\\/AutateToulouse\"]},{\"@type\":\"Person\",\"@id\":\"https:\\\/\\\/autate.fr\\\/site\\\/#\\\/schema\\\/person\\\/ae1ab8bdaa7b41d2a9b52d2557ce8254\",\"name\":\"pascalbarbier\",\"image\":{\"@type\":\"ImageObject\",\"inLanguage\":\"fr-FR\",\"@id\":\"https:\\\/\\\/secure.gravatar.com\\\/avatar\\\/03f4e8ced09894b72c67e83142540730d4b3bbf619bf46341b0074e3bf5f08a0?s=96&d=mm&r=g\",\"url\":\"https:\\\/\\\/secure.gravatar.com\\\/avatar\\\/03f4e8ced09894b72c67e83142540730d4b3bbf619bf46341b0074e3bf5f08a0?s=96&d=mm&r=g\",\"contentUrl\":\"https:\\\/\\\/secure.gravatar.com\\\/avatar\\\/03f4e8ced09894b72c67e83142540730d4b3bbf619bf46341b0074e3bf5f08a0?s=96&d=mm&r=g\",\"caption\":\"pascalbarbier\"},\"url\":\"https:\\\/\\\/autate.fr\\\/site\\\/author\\\/pascalbarbier\\\/\"}]}<\/script>\n<!-- \/ Yoast SEO plugin. -->","yoast_head_json":{"title":"Cornebarrieu-Toulouse : des transports inadapt\u00e9s - AUTATE","robots":{"index":"index","follow":"follow","max-snippet":"max-snippet:-1","max-image-preview":"max-image-preview:large","max-video-preview":"max-video-preview:-1"},"canonical":"https:\/\/autate.fr\/site\/cornebarrieu-toulouse-des-transports-inadaptes\/","og_locale":"fr_FR","og_type":"article","og_title":"Cornebarrieu-Toulouse : des transports inadapt\u00e9s - AUTATE","og_description":"Des transports en commun inadapt\u00e9s Aller \u00e0 Toulouse Pour un habitant de Cornebarrieu ou des communes environnantes souhaitant rejoindre Toulouse via le r\u00e9seau Tisseo se pr\u00e9sentent deux alternatives. Rejoindre la ligne T1 par le TAD 120 (ou \u00e9ventuellement, par les bus 17 depuis Mondonville ou 71 depuis Aussonne jusqu\u2019au niveau du lyc\u00e9e Saint Exup\u00e9ry maisVOIR PLUS","og_url":"https:\/\/autate.fr\/site\/cornebarrieu-toulouse-des-transports-inadaptes\/","og_site_name":"AUTATE","article_publisher":"https:\/\/www.facebook.com\/AutateToulouse","article_published_time":"2018-03-27T07:37:54+00:00","article_modified_time":"2025-11-21T21:11:19+00:00","author":"pascalbarbier","twitter_card":"summary_large_image","twitter_creator":"@AutateToulouse","twitter_site":"@AutateToulouse","twitter_misc":{"\u00c9crit par":"pascalbarbier","Dur\u00e9e de lecture estim\u00e9e":"2 minutes"},"schema":{"@context":"https:\/\/schema.org","@graph":[{"@type":"Article","@id":"https:\/\/autate.fr\/site\/cornebarrieu-toulouse-des-transports-inadaptes\/#article","isPartOf":{"@id":"https:\/\/autate.fr\/site\/cornebarrieu-toulouse-des-transports-inadaptes\/"},"author":{"name":"pascalbarbier","@id":"https:\/\/autate.fr\/site\/#\/schema\/person\/ae1ab8bdaa7b41d2a9b52d2557ce8254"},"headline":"Cornebarrieu-Toulouse : des transports inadapt\u00e9s","datePublished":"2018-03-27T07:37:54+00:00","dateModified":"2025-11-21T21:11:19+00:00","mainEntityOfPage":{"@id":"https:\/\/autate.fr\/site\/cornebarrieu-toulouse-des-transports-inadaptes\/"},"wordCount":422,"commentCount":0,"publisher":{"@id":"https:\/\/autate.fr\/site\/#organization"},"keywords":["Cornebarrieu"],"articleSection":["Bus Tisseo","T\u00e9moignages"],"inLanguage":"fr-FR","potentialAction":[{"@type":"CommentAction","name":"Comment","target":["https:\/\/autate.fr\/site\/cornebarrieu-toulouse-des-transports-inadaptes\/#respond"]}]},{"@type":"WebPage","@id":"https:\/\/autate.fr\/site\/cornebarrieu-toulouse-des-transports-inadaptes\/","url":"https:\/\/autate.fr\/site\/cornebarrieu-toulouse-des-transports-inadaptes\/","name":"Cornebarrieu-Toulouse : des transports inadapt\u00e9s - AUTATE","isPartOf":{"@id":"https:\/\/autate.fr\/site\/#website"},"datePublished":"2018-03-27T07:37:54+00:00","dateModified":"2025-11-21T21:11:19+00:00","breadcrumb":{"@id":"https:\/\/autate.fr\/site\/cornebarrieu-toulouse-des-transports-inadaptes\/#breadcrumb"},"inLanguage":"fr-FR","potentialAction":[{"@type":"ReadAction","target":["https:\/\/autate.fr\/site\/cornebarrieu-toulouse-des-transports-inadaptes\/"]}]},{"@type":"BreadcrumbList","@id":"https:\/\/autate.fr\/site\/cornebarrieu-toulouse-des-transports-inadaptes\/#breadcrumb","itemListElement":[{"@type":"ListItem","position":1,"name":"Accueil","item":"https:\/\/autate.fr\/site\/"},{"@type":"ListItem","position":2,"name":"Cornebarrieu-Toulouse : des transports inadapt\u00e9s"}]},{"@type":"WebSite","@id":"https:\/\/autate.fr\/site\/#website","url":"https:\/\/autate.fr\/site\/","name":"AUTATE","description":"Association des usagers des transports de l&#039;agglom\u00e9ration Toulousaine et de ses environs","publisher":{"@id":"https:\/\/autate.fr\/site\/#organization"},"potentialAction":[{"@type":"SearchAction","target":{"@type":"EntryPoint","urlTemplate":"https:\/\/autate.fr\/site\/?s={search_term_string}"},"query-input":{"@type":"PropertyValueSpecification","valueRequired":true,"valueName":"search_term_string"}}],"inLanguage":"fr-FR"},{"@type":"Organization","@id":"https:\/\/autate.fr\/site\/#organization","name":"AUTATE","url":"https:\/\/autate.fr\/site\/","logo":{"@type":"ImageObject","inLanguage":"fr-FR","@id":"https:\/\/autate.fr\/site\/#\/schema\/logo\/image\/","url":"http:\/\/autate.fr\/site\/wp-content\/uploads\/2019\/01\/logo.png","contentUrl":"http:\/\/autate.fr\/site\/wp-content\/uploads\/2019\/01\/logo.png","width":506,"height":280,"caption":"AUTATE"},"image":{"@id":"https:\/\/autate.fr\/site\/#\/schema\/logo\/image\/"},"sameAs":["https:\/\/www.facebook.com\/AutateToulouse","https:\/\/x.com\/AutateToulouse"]},{"@type":"Person","@id":"https:\/\/autate.fr\/site\/#\/schema\/person\/ae1ab8bdaa7b41d2a9b52d2557ce8254","name":"pascalbarbier","image":{"@type":"ImageObject","inLanguage":"fr-FR","@id":"https:\/\/secure.gravatar.com\/avatar\/03f4e8ced09894b72c67e83142540730d4b3bbf619bf46341b0074e3bf5f08a0?s=96&d=mm&r=g","url":"https:\/\/secure.gravatar.com\/avatar\/03f4e8ced09894b72c67e83142540730d4b3bbf619bf46341b0074e3bf5f08a0?s=96&d=mm&r=g","contentUrl":"https:\/\/secure.gravatar.com\/avatar\/03f4e8ced09894b72c67e83142540730d4b3bbf619bf46341b0074e3bf5f08a0?s=96&d=mm&r=g","caption":"pascalbarbier"},"url":"https:\/\/autate.fr\/site\/author\/pascalbarbier\/"}]}},"_links":{"self":[{"href":"https:\/\/autate.fr\/site\/wp-json\/wp\/v2\/posts\/2588","targetHints":{"allow":["GET"]}}],"collection":[{"href":"https:\/\/autate.fr\/site\/wp-json\/wp\/v2\/posts"}],"about":[{"href":"https:\/\/autate.fr\/site\/wp-json\/wp\/v2\/types\/post"}],"author":[{"embeddable":true,"href":"https:\/\/autate.fr\/site\/wp-json\/wp\/v2\/users\/1"}],"replies":[{"embeddable":true,"href":"https:\/\/autate.fr\/site\/wp-json\/wp\/v2\/comments?post=2588"}],"version-history":[{"count":1,"href":"https:\/\/autate.fr\/site\/wp-json\/wp\/v2\/posts\/2588\/revisions"}],"predecessor-version":[{"id":2589,"href":"https:\/\/autate.fr\/site\/wp-json\/wp\/v2\/posts\/2588\/revisions\/2589"}],"wp:attachment":[{"href":"https:\/\/autate.fr\/site\/wp-json\/wp\/v2\/media?parent=2588"}],"wp:term":[{"taxonomy":"category","embeddable":true,"href":"https:\/\/autate.fr\/site\/wp-json\/wp\/v2\/categories?post=2588"},{"taxonomy":"post_tag","embeddable":true,"href":"https:\/\/autate.fr\/site\/wp-json\/wp\/v2\/tags?post=2588"}],"curies":[{"name":"wp","href":"https:\/\/api.w.org\/{rel}","templated":true}]}}