{"id":2565,"date":"2018-03-18T19:28:44","date_gmt":"2018-03-18T18:28:44","guid":{"rendered":"http:\/\/autate.fr\/site\/?p=2565"},"modified":"2018-03-18T19:28:44","modified_gmt":"2018-03-18T18:28:44","slug":"usagers-ligne-67-problemes-avec-les-poussettes","status":"publish","type":"post","link":"https:\/\/autate.fr\/site\/usagers-ligne-67-problemes-avec-les-poussettes\/","title":{"rendered":"usagers : ligne 67 + probl\u00e8mes avec les poussettes"},"content":{"rendered":"<p>Bonjour,<\/p>\n<p>Usagers ponctuels de la <strong>ligne 67<\/strong>, nous avons vu votre mot sur l\u2019arr\u00eat <strong>Cabanon<\/strong>.<\/p>\n<p>Nous sommes \u00e0 la fois usagers et voisins. Nous sommes d\u00e9\u00e7us de l\u2019horaire du dernier bus en semaine et que le dimanche il n\u2019y ait rien. La mise en place pour les bus du matin du bus chenille est un plus. Par ailleurs, nous descendons \u00e0 l\u2019arr\u00eat clinique Pasteur&#8230;<\/p>\n<p>Rien n\u2019est fait pour <strong>les poussettes<\/strong> on descend tant bien que mal sans renverser la poussette la hauteur est importante. Il faut se battre pour avoir de la place avec la poussette car pas de place assise les gens ne se l\u00e8vent pas mais r\u00e2lent&#8230; dans le m\u00e9tro idem faut se battre et prendre des remarques des autres usagers qui n\u2019aiment pas qu\u2019on aille travailler en utilisant les transports en commun du coup on prend la voiture.<\/p>\n","protected":false},"excerpt":{"rendered":"<p>Bonjour, Usagers ponctuels de la ligne 67, nous avons vu votre mot sur l\u2019arr\u00eat Cabanon. Nous sommes \u00e0 la fois usagers et voisins. Nous sommes d\u00e9\u00e7us de l\u2019horaire du dernier bus en semaine et que le dimanche il n\u2019y ait rien. La mise en place pour les bus du matin du bus chenille est un<\/p>\n<p class=\"more-link\"><a href=\"https:\/\/autate.fr\/site\/usagers-ligne-67-problemes-avec-les-poussettes\/\" class=\"themebutton2\">VOIR PLUS<\/a><\/p>\n","protected":false},"author":1,"featured_media":0,"comment_status":"open","ping_status":"open","sticky":false,"template":"","format":"standard","meta":{"footnotes":""},"categories":[336],"tags":[487,485],"class_list":["post-2565","post","type-post","status-publish","format-standard","hentry","category-temoignages","tag-ligne-67","tag-poussettes"],"yoast_head":"<!-- This site is optimized with the Yoast SEO plugin v27.4 - https:\/\/yoast.com\/product\/yoast-seo-wordpress\/ -->\n<title>usagers : ligne 67 + probl\u00e8mes avec les poussettes - AUTATE<\/title>\n<meta name=\"robots\" content=\"index, follow, max-snippet:-1, max-image-preview:large, max-video-preview:-1\" \/>\n<link rel=\"canonical\" href=\"https:\/\/autate.fr\/site\/usagers-ligne-67-problemes-avec-les-poussettes\/\" \/>\n<meta property=\"og:locale\" content=\"fr_FR\" \/>\n<meta property=\"og:type\" content=\"article\" \/>\n<meta property=\"og:title\" content=\"usagers : ligne 67 + probl\u00e8mes avec les poussettes - AUTATE\" \/>\n<meta property=\"og:description\" content=\"Bonjour, Usagers ponctuels de la ligne 67, nous avons vu votre mot sur l\u2019arr\u00eat Cabanon. Nous sommes \u00e0 la fois usagers et voisins. Nous sommes d\u00e9\u00e7us de l\u2019horaire du dernier bus en semaine et que le dimanche il n\u2019y ait rien. La mise en place pour les bus du matin du bus chenille est unVOIR PLUS\" \/>\n<meta property=\"og:url\" content=\"https:\/\/autate.fr\/site\/usagers-ligne-67-problemes-avec-les-poussettes\/\" \/>\n<meta property=\"og:site_name\" content=\"AUTATE\" \/>\n<meta property=\"article:publisher\" content=\"https:\/\/www.facebook.com\/AutateToulouse\" \/>\n<meta property=\"article:published_time\" content=\"2018-03-18T18:28:44+00:00\" \/>\n<meta name=\"author\" content=\"pascalbarbier\" \/>\n<meta name=\"twitter:card\" content=\"summary_large_image\" \/>\n<meta name=\"twitter:creator\" content=\"@AutateToulouse\" \/>\n<meta name=\"twitter:site\" content=\"@AutateToulouse\" \/>\n<meta name=\"twitter:label1\" content=\"\u00c9crit par\" \/>\n\t<meta name=\"twitter:data1\" content=\"pascalbarbier\" \/>\n\t<meta name=\"twitter:label2\" content=\"Dur\u00e9e de lecture estim\u00e9e\" \/>\n\t<meta name=\"twitter:data2\" content=\"1 minute\" \/>\n<script type=\"application\/ld+json\" class=\"yoast-schema-graph\">{\"@context\":\"https:\\\/\\\/schema.org\",\"@graph\":[{\"@type\":\"Article\",\"@id\":\"https:\\\/\\\/autate.fr\\\/site\\\/usagers-ligne-67-problemes-avec-les-poussettes\\\/#article\",\"isPartOf\":{\"@id\":\"https:\\\/\\\/autate.fr\\\/site\\\/usagers-ligne-67-problemes-avec-les-poussettes\\\/\"},\"author\":{\"name\":\"pascalbarbier\",\"@id\":\"https:\\\/\\\/autate.fr\\\/site\\\/#\\\/schema\\\/person\\\/ae1ab8bdaa7b41d2a9b52d2557ce8254\"},\"headline\":\"usagers : ligne 67 + probl\u00e8mes avec les poussettes\",\"datePublished\":\"2018-03-18T18:28:44+00:00\",\"mainEntityOfPage\":{\"@id\":\"https:\\\/\\\/autate.fr\\\/site\\\/usagers-ligne-67-problemes-avec-les-poussettes\\\/\"},\"wordCount\":158,\"commentCount\":0,\"publisher\":{\"@id\":\"https:\\\/\\\/autate.fr\\\/site\\\/#organization\"},\"keywords\":[\"ligne 67\",\"poussettes\"],\"articleSection\":[\"T\u00e9moignages\"],\"inLanguage\":\"fr-FR\",\"potentialAction\":[{\"@type\":\"CommentAction\",\"name\":\"Comment\",\"target\":[\"https:\\\/\\\/autate.fr\\\/site\\\/usagers-ligne-67-problemes-avec-les-poussettes\\\/#respond\"]}]},{\"@type\":\"WebPage\",\"@id\":\"https:\\\/\\\/autate.fr\\\/site\\\/usagers-ligne-67-problemes-avec-les-poussettes\\\/\",\"url\":\"https:\\\/\\\/autate.fr\\\/site\\\/usagers-ligne-67-problemes-avec-les-poussettes\\\/\",\"name\":\"usagers : ligne 67 + probl\u00e8mes avec les poussettes - AUTATE\",\"isPartOf\":{\"@id\":\"https:\\\/\\\/autate.fr\\\/site\\\/#website\"},\"datePublished\":\"2018-03-18T18:28:44+00:00\",\"breadcrumb\":{\"@id\":\"https:\\\/\\\/autate.fr\\\/site\\\/usagers-ligne-67-problemes-avec-les-poussettes\\\/#breadcrumb\"},\"inLanguage\":\"fr-FR\",\"potentialAction\":[{\"@type\":\"ReadAction\",\"target\":[\"https:\\\/\\\/autate.fr\\\/site\\\/usagers-ligne-67-problemes-avec-les-poussettes\\\/\"]}]},{\"@type\":\"BreadcrumbList\",\"@id\":\"https:\\\/\\\/autate.fr\\\/site\\\/usagers-ligne-67-problemes-avec-les-poussettes\\\/#breadcrumb\",\"itemListElement\":[{\"@type\":\"ListItem\",\"position\":1,\"name\":\"Accueil\",\"item\":\"https:\\\/\\\/autate.fr\\\/site\\\/\"},{\"@type\":\"ListItem\",\"position\":2,\"name\":\"usagers : ligne 67 + probl\u00e8mes avec les poussettes\"}]},{\"@type\":\"WebSite\",\"@id\":\"https:\\\/\\\/autate.fr\\\/site\\\/#website\",\"url\":\"https:\\\/\\\/autate.fr\\\/site\\\/\",\"name\":\"AUTATE\",\"description\":\"Association des usagers des transports de l&#039;agglom\u00e9ration Toulousaine et de ses environs\",\"publisher\":{\"@id\":\"https:\\\/\\\/autate.fr\\\/site\\\/#organization\"},\"potentialAction\":[{\"@type\":\"SearchAction\",\"target\":{\"@type\":\"EntryPoint\",\"urlTemplate\":\"https:\\\/\\\/autate.fr\\\/site\\\/?s={search_term_string}\"},\"query-input\":{\"@type\":\"PropertyValueSpecification\",\"valueRequired\":true,\"valueName\":\"search_term_string\"}}],\"inLanguage\":\"fr-FR\"},{\"@type\":\"Organization\",\"@id\":\"https:\\\/\\\/autate.fr\\\/site\\\/#organization\",\"name\":\"AUTATE\",\"url\":\"https:\\\/\\\/autate.fr\\\/site\\\/\",\"logo\":{\"@type\":\"ImageObject\",\"inLanguage\":\"fr-FR\",\"@id\":\"https:\\\/\\\/autate.fr\\\/site\\\/#\\\/schema\\\/logo\\\/image\\\/\",\"url\":\"http:\\\/\\\/autate.fr\\\/site\\\/wp-content\\\/uploads\\\/2019\\\/01\\\/logo.png\",\"contentUrl\":\"http:\\\/\\\/autate.fr\\\/site\\\/wp-content\\\/uploads\\\/2019\\\/01\\\/logo.png\",\"width\":506,\"height\":280,\"caption\":\"AUTATE\"},\"image\":{\"@id\":\"https:\\\/\\\/autate.fr\\\/site\\\/#\\\/schema\\\/logo\\\/image\\\/\"},\"sameAs\":[\"https:\\\/\\\/www.facebook.com\\\/AutateToulouse\",\"https:\\\/\\\/x.com\\\/AutateToulouse\"]},{\"@type\":\"Person\",\"@id\":\"https:\\\/\\\/autate.fr\\\/site\\\/#\\\/schema\\\/person\\\/ae1ab8bdaa7b41d2a9b52d2557ce8254\",\"name\":\"pascalbarbier\",\"image\":{\"@type\":\"ImageObject\",\"inLanguage\":\"fr-FR\",\"@id\":\"https:\\\/\\\/secure.gravatar.com\\\/avatar\\\/03f4e8ced09894b72c67e83142540730d4b3bbf619bf46341b0074e3bf5f08a0?s=96&d=mm&r=g\",\"url\":\"https:\\\/\\\/secure.gravatar.com\\\/avatar\\\/03f4e8ced09894b72c67e83142540730d4b3bbf619bf46341b0074e3bf5f08a0?s=96&d=mm&r=g\",\"contentUrl\":\"https:\\\/\\\/secure.gravatar.com\\\/avatar\\\/03f4e8ced09894b72c67e83142540730d4b3bbf619bf46341b0074e3bf5f08a0?s=96&d=mm&r=g\",\"caption\":\"pascalbarbier\"},\"url\":\"https:\\\/\\\/autate.fr\\\/site\\\/author\\\/pascalbarbier\\\/\"}]}<\/script>\n<!-- \/ Yoast SEO plugin. -->","yoast_head_json":{"title":"usagers : ligne 67 + probl\u00e8mes avec les poussettes - AUTATE","robots":{"index":"index","follow":"follow","max-snippet":"max-snippet:-1","max-image-preview":"max-image-preview:large","max-video-preview":"max-video-preview:-1"},"canonical":"https:\/\/autate.fr\/site\/usagers-ligne-67-problemes-avec-les-poussettes\/","og_locale":"fr_FR","og_type":"article","og_title":"usagers : ligne 67 + probl\u00e8mes avec les poussettes - AUTATE","og_description":"Bonjour, Usagers ponctuels de la ligne 67, nous avons vu votre mot sur l\u2019arr\u00eat Cabanon. Nous sommes \u00e0 la fois usagers et voisins. Nous sommes d\u00e9\u00e7us de l\u2019horaire du dernier bus en semaine et que le dimanche il n\u2019y ait rien. La mise en place pour les bus du matin du bus chenille est unVOIR PLUS","og_url":"https:\/\/autate.fr\/site\/usagers-ligne-67-problemes-avec-les-poussettes\/","og_site_name":"AUTATE","article_publisher":"https:\/\/www.facebook.com\/AutateToulouse","article_published_time":"2018-03-18T18:28:44+00:00","author":"pascalbarbier","twitter_card":"summary_large_image","twitter_creator":"@AutateToulouse","twitter_site":"@AutateToulouse","twitter_misc":{"\u00c9crit par":"pascalbarbier","Dur\u00e9e de lecture estim\u00e9e":"1 minute"},"schema":{"@context":"https:\/\/schema.org","@graph":[{"@type":"Article","@id":"https:\/\/autate.fr\/site\/usagers-ligne-67-problemes-avec-les-poussettes\/#article","isPartOf":{"@id":"https:\/\/autate.fr\/site\/usagers-ligne-67-problemes-avec-les-poussettes\/"},"author":{"name":"pascalbarbier","@id":"https:\/\/autate.fr\/site\/#\/schema\/person\/ae1ab8bdaa7b41d2a9b52d2557ce8254"},"headline":"usagers : ligne 67 + probl\u00e8mes avec les poussettes","datePublished":"2018-03-18T18:28:44+00:00","mainEntityOfPage":{"@id":"https:\/\/autate.fr\/site\/usagers-ligne-67-problemes-avec-les-poussettes\/"},"wordCount":158,"commentCount":0,"publisher":{"@id":"https:\/\/autate.fr\/site\/#organization"},"keywords":["ligne 67","poussettes"],"articleSection":["T\u00e9moignages"],"inLanguage":"fr-FR","potentialAction":[{"@type":"CommentAction","name":"Comment","target":["https:\/\/autate.fr\/site\/usagers-ligne-67-problemes-avec-les-poussettes\/#respond"]}]},{"@type":"WebPage","@id":"https:\/\/autate.fr\/site\/usagers-ligne-67-problemes-avec-les-poussettes\/","url":"https:\/\/autate.fr\/site\/usagers-ligne-67-problemes-avec-les-poussettes\/","name":"usagers : ligne 67 + probl\u00e8mes avec les poussettes - AUTATE","isPartOf":{"@id":"https:\/\/autate.fr\/site\/#website"},"datePublished":"2018-03-18T18:28:44+00:00","breadcrumb":{"@id":"https:\/\/autate.fr\/site\/usagers-ligne-67-problemes-avec-les-poussettes\/#breadcrumb"},"inLanguage":"fr-FR","potentialAction":[{"@type":"ReadAction","target":["https:\/\/autate.fr\/site\/usagers-ligne-67-problemes-avec-les-poussettes\/"]}]},{"@type":"BreadcrumbList","@id":"https:\/\/autate.fr\/site\/usagers-ligne-67-problemes-avec-les-poussettes\/#breadcrumb","itemListElement":[{"@type":"ListItem","position":1,"name":"Accueil","item":"https:\/\/autate.fr\/site\/"},{"@type":"ListItem","position":2,"name":"usagers : ligne 67 + probl\u00e8mes avec les poussettes"}]},{"@type":"WebSite","@id":"https:\/\/autate.fr\/site\/#website","url":"https:\/\/autate.fr\/site\/","name":"AUTATE","description":"Association des usagers des transports de l&#039;agglom\u00e9ration Toulousaine et de ses environs","publisher":{"@id":"https:\/\/autate.fr\/site\/#organization"},"potentialAction":[{"@type":"SearchAction","target":{"@type":"EntryPoint","urlTemplate":"https:\/\/autate.fr\/site\/?s={search_term_string}"},"query-input":{"@type":"PropertyValueSpecification","valueRequired":true,"valueName":"search_term_string"}}],"inLanguage":"fr-FR"},{"@type":"Organization","@id":"https:\/\/autate.fr\/site\/#organization","name":"AUTATE","url":"https:\/\/autate.fr\/site\/","logo":{"@type":"ImageObject","inLanguage":"fr-FR","@id":"https:\/\/autate.fr\/site\/#\/schema\/logo\/image\/","url":"http:\/\/autate.fr\/site\/wp-content\/uploads\/2019\/01\/logo.png","contentUrl":"http:\/\/autate.fr\/site\/wp-content\/uploads\/2019\/01\/logo.png","width":506,"height":280,"caption":"AUTATE"},"image":{"@id":"https:\/\/autate.fr\/site\/#\/schema\/logo\/image\/"},"sameAs":["https:\/\/www.facebook.com\/AutateToulouse","https:\/\/x.com\/AutateToulouse"]},{"@type":"Person","@id":"https:\/\/autate.fr\/site\/#\/schema\/person\/ae1ab8bdaa7b41d2a9b52d2557ce8254","name":"pascalbarbier","image":{"@type":"ImageObject","inLanguage":"fr-FR","@id":"https:\/\/secure.gravatar.com\/avatar\/03f4e8ced09894b72c67e83142540730d4b3bbf619bf46341b0074e3bf5f08a0?s=96&d=mm&r=g","url":"https:\/\/secure.gravatar.com\/avatar\/03f4e8ced09894b72c67e83142540730d4b3bbf619bf46341b0074e3bf5f08a0?s=96&d=mm&r=g","contentUrl":"https:\/\/secure.gravatar.com\/avatar\/03f4e8ced09894b72c67e83142540730d4b3bbf619bf46341b0074e3bf5f08a0?s=96&d=mm&r=g","caption":"pascalbarbier"},"url":"https:\/\/autate.fr\/site\/author\/pascalbarbier\/"}]}},"_links":{"self":[{"href":"https:\/\/autate.fr\/site\/wp-json\/wp\/v2\/posts\/2565","targetHints":{"allow":["GET"]}}],"collection":[{"href":"https:\/\/autate.fr\/site\/wp-json\/wp\/v2\/posts"}],"about":[{"href":"https:\/\/autate.fr\/site\/wp-json\/wp\/v2\/types\/post"}],"author":[{"embeddable":true,"href":"https:\/\/autate.fr\/site\/wp-json\/wp\/v2\/users\/1"}],"replies":[{"embeddable":true,"href":"https:\/\/autate.fr\/site\/wp-json\/wp\/v2\/comments?post=2565"}],"version-history":[{"count":1,"href":"https:\/\/autate.fr\/site\/wp-json\/wp\/v2\/posts\/2565\/revisions"}],"predecessor-version":[{"id":2566,"href":"https:\/\/autate.fr\/site\/wp-json\/wp\/v2\/posts\/2565\/revisions\/2566"}],"wp:attachment":[{"href":"https:\/\/autate.fr\/site\/wp-json\/wp\/v2\/media?parent=2565"}],"wp:term":[{"taxonomy":"category","embeddable":true,"href":"https:\/\/autate.fr\/site\/wp-json\/wp\/v2\/categories?post=2565"},{"taxonomy":"post_tag","embeddable":true,"href":"https:\/\/autate.fr\/site\/wp-json\/wp\/v2\/tags?post=2565"}],"curies":[{"name":"wp","href":"https:\/\/api.w.org\/{rel}","templated":true}]}}