{"id":2535,"date":"2018-02-27T12:43:05","date_gmt":"2018-02-27T11:43:05","guid":{"rendered":"http:\/\/autate.fr\/site\/?p=2535"},"modified":"2018-03-12T18:07:13","modified_gmt":"2018-03-12T17:07:13","slug":"toulouse-des-enfants-en-trottinette-et-en-poussette-interdits-de-bus-ou-de-metro-est-ce-normal","status":"publish","type":"post","link":"https:\/\/autate.fr\/site\/toulouse-des-enfants-en-trottinette-et-en-poussette-interdits-de-bus-ou-de-metro-est-ce-normal\/","title":{"rendered":"Des enfants en trottinette et en poussette interdits de bus ou de m\u00e9tro : est-ce normal ?"},"content":{"rendered":"<p>Un article de David Saint-Sernin paru dans Actu Toulouse le 26 f\u00e9vrier 2018<\/p>\n<p>Pour le lire <a href=\"https:\/\/actu.fr\/occitanie\/toulouse_31555\/toulouse-enfants-trottinette-poussette-interdits-bus-metro-normal_15657518.html\" target=\"_blank\" rel=\"noopener\"><strong>en ligne<\/strong><\/a><\/p>\n<p class=\"post-chapo\">D\u00e9but f\u00e9vrier 2018, une lectrice d&rsquo;Actu Toulouse a fait remonter des exp\u00e9riences d&rsquo;usagers de Tiss\u00e9o interdits de transports pour divers motifs. Ces raisons sont-elles fond\u00e9es ?<\/p>\n<p>Vendredi 2 f\u00e9vrier 2018,\u00a0une lectrice\u00a0d\u2019Actu Toulouse a interpell\u00e9 la r\u00e9daction sur<strong> les conditions d\u2019acc\u00e8s aux bus Tiss\u00e9o<\/strong>\u00a0de la m\u00e9tropole toulousaine. Voici ce qu\u2019elle nous disait\u00a0:<\/p>\n<blockquote><p>Mercredi (le\u00a031 janvier),\u00a0sur la ligne Lin\u00e9o 7, <strong>je me suis vu refuser l\u2019acc\u00e8s au bus en porte arri\u00e8re<\/strong> avec mon fils de 3 ans en trottinette. Je suis donc pass\u00e9e \u00e0 l\u2019avant et le chauffeur m\u2019a fait la morale pendant 15 minutes sur le fait que\u00a0<strong>cela ferait\u00a0un an que les trottinettes non pliantes seraient interdites.<\/strong> Ce matin (le 2 f\u00e9vrier, ndlr)\u00a0mon mari a vu sur la m\u00eame ligne de bus\u00a0un enfant se voir refuser l\u2019acc\u00e8s total au bus pour la m\u00eame raison.<\/p><\/blockquote>\n<p>Puis notre internaute \u00e9tayait :<\/p>\n<blockquote><p>Et en discutant avec la nounou de notre fils, celle-ci nous a appris que plusieurs de ses coll\u00e8gues se sont vus pr\u00e9ciser <strong>l\u2019interdiction des poussettes doubles<\/strong>\u00a0;ce qui emp\u00eache celles qui gardent deux enfants en bas \u00e2ge\u00a0de prendre les transports publics\u2026<\/p><\/blockquote>\n<h3>Les trottinettes non-pliantes interdites<\/h3>\n<p>Suite \u00e0 ces signalements, Actu Toulouse s\u2019est pench\u00e9 sur ce dossier\u2026 Et voici ce que <strong>Tiss\u00e9o<\/strong> nous a r\u00e9pondu :<\/p>\n<blockquote><p>Dans les deux\u00a0premiers cas de figure \u00e9voqu\u00e9s, les chauffeurs de bus respectifs\u00a0avaient <strong>tout \u00e0 fait le droit d\u2019interdire l\u2019acc\u00e8s\u00a0\u00e0 leurs\u00a0bus\u00a0aux enfants munis de trottinettes non-pliantes.<\/strong><\/p><\/blockquote>\n<p>L\u2019op\u00e9rateur des transports dans l\u2019agglom\u00e9ration toulousaine rappelle :<\/p>\n<blockquote><p><strong>Seuls les trottinettes et les v\u00e9los pliants sont admis \u00e0 bord des bus, du\u00a0m\u00e9tro et du tram,<\/strong>\u00a0\u00e0 la seule\u00a0condition d\u2019\u00eatre pli\u00e9s et de ne pas g\u00eaner les autres voyageurs. Les v\u00e9los non pliants\u00a0sont autoris\u00e9s \u00e0 bord du tram en heures creuses (non autoris\u00e9s de 7h \u00e0 9h et de 16h \u00e0 19h en semaine).<\/p><\/blockquote>\n<p class=\"read-more\"><strong>LIRE AUSSI :<\/strong> <a href=\"https:\/\/actu.fr\/occitanie\/toulouse_31555\/toulouse-maman-monte-metro-mais-poussette-reste-quai-bebe_8962143.html\">Toulouse. Une maman monte dans le m\u00e9tro, mais la poussette reste \u00e0 quai\u2026 avec le b\u00e9b\u00e9.<\/a><\/p>\n<h3>Possible de prendre le bus\u00a0avec une\u00a0poussette double<\/h3>\n<p>Pour ce qui est de l\u2019usage de la poussette,\u00a0un chauffeur a \u00e9galement\u00a0le droit d\u2019interdire l\u2019acc\u00e8s \u00e0 son bus \u00e0 un parent \u00ab si l\u2019emplacement r\u00e9serv\u00e9 aux personnes handicap\u00e9es est d\u00e9j\u00e0 occup\u00e9 \u00bb. Tiss\u00e9o pr\u00e9cise en effet\u00a0:<\/p>\n<blockquote><p>Les poussettes\u00a0sont admises dans le m\u00e9tro, le tram ou les bus, et transport\u00e9es gratuitement \u00e0 la seule\u00a0condition qu\u2019elles soient <strong>dot\u00e9es d\u2019un syst\u00e8me de blocage des roues<\/strong> et surtout <strong>qu\u2019elles puissent \u00eatre log\u00e9es sur un emplacement r\u00e9serv\u00e9 aux fauteuils roulants<\/strong> s\u2019il n\u2019est pas d\u00e9j\u00e0 occup\u00e9. Cela vaut pour<strong> les poussettes pliantes et non-pliantes.<\/strong> En p\u00e9riode d\u2019affluence, il est bien \u00e9videmment pr\u00e9f\u00e9rable d\u2019\u00eatre \u00e9quip\u00e9 d\u2019une poussette pliante. Lors des pics d\u2019affluence, il est en effet conseill\u00e9 aux parents\u00a0de plier leur poussette et de porter dans leurs bras leurs enfants.<\/p><\/blockquote>\n<p>Tiss\u00e9o confirme bien en revanche <strong>qu\u2019il est tout \u00e0 fait possible de prendre les bus du r\u00e9seau toulousain avec une poussette double<\/strong>. La r\u00e8gle reste n\u00e9anmoins la m\u00eame : \u00ab Il faut absolument que la poussette puisse \u00eatre stationn\u00e9e dans l\u2019emplacement r\u00e9serv\u00e9 aux personnes handicap\u00e9es \u00bb, indique Tiss\u00e9o.<\/p>\n","protected":false},"excerpt":{"rendered":"<p>Un article de David Saint-Sernin paru dans Actu Toulouse le 26 f\u00e9vrier 2018 Pour le lire en ligne D\u00e9but f\u00e9vrier 2018, une lectrice d&rsquo;Actu Toulouse a fait remonter des exp\u00e9riences d&rsquo;usagers de Tiss\u00e9o interdits de transports pour divers motifs. Ces raisons sont-elles fond\u00e9es ? Vendredi 2 f\u00e9vrier 2018,\u00a0une lectrice\u00a0d\u2019Actu Toulouse a interpell\u00e9 la r\u00e9daction sur<\/p>\n<p class=\"more-link\"><a href=\"https:\/\/autate.fr\/site\/toulouse-des-enfants-en-trottinette-et-en-poussette-interdits-de-bus-ou-de-metro-est-ce-normal\/\" class=\"themebutton2\">VOIR PLUS<\/a><\/p>\n","protected":false},"author":1,"featured_media":0,"comment_status":"open","ping_status":"open","sticky":false,"template":"","format":"standard","meta":{"footnotes":""},"categories":[7],"tags":[485,46,486,10],"class_list":["post-2535","post","type-post","status-publish","format-standard","hentry","category-revue-de-presse","tag-poussettes","tag-tisseo","tag-trottinettes","tag-usagers"],"yoast_head":"<!-- This site is optimized with the Yoast SEO plugin v27.4 - https:\/\/yoast.com\/product\/yoast-seo-wordpress\/ -->\n<title>Des enfants en trottinette et en poussette interdits de bus ou de m\u00e9tro : est-ce normal ? - AUTATE<\/title>\n<meta name=\"robots\" content=\"index, follow, max-snippet:-1, max-image-preview:large, max-video-preview:-1\" \/>\n<link rel=\"canonical\" href=\"https:\/\/autate.fr\/site\/toulouse-des-enfants-en-trottinette-et-en-poussette-interdits-de-bus-ou-de-metro-est-ce-normal\/\" \/>\n<meta property=\"og:locale\" content=\"fr_FR\" \/>\n<meta property=\"og:type\" content=\"article\" \/>\n<meta property=\"og:title\" content=\"Des enfants en trottinette et en poussette interdits de bus ou de m\u00e9tro : est-ce normal ? - AUTATE\" \/>\n<meta property=\"og:description\" content=\"Un article de David Saint-Sernin paru dans Actu Toulouse le 26 f\u00e9vrier 2018 Pour le lire en ligne D\u00e9but f\u00e9vrier 2018, une lectrice d&rsquo;Actu Toulouse a fait remonter des exp\u00e9riences d&rsquo;usagers de Tiss\u00e9o interdits de transports pour divers motifs. Ces raisons sont-elles fond\u00e9es ? Vendredi 2 f\u00e9vrier 2018,\u00a0une lectrice\u00a0d\u2019Actu Toulouse a interpell\u00e9 la r\u00e9daction surVOIR PLUS\" \/>\n<meta property=\"og:url\" content=\"https:\/\/autate.fr\/site\/toulouse-des-enfants-en-trottinette-et-en-poussette-interdits-de-bus-ou-de-metro-est-ce-normal\/\" \/>\n<meta property=\"og:site_name\" content=\"AUTATE\" \/>\n<meta property=\"article:publisher\" content=\"https:\/\/www.facebook.com\/AutateToulouse\" \/>\n<meta property=\"article:published_time\" content=\"2018-02-27T11:43:05+00:00\" \/>\n<meta property=\"article:modified_time\" content=\"2018-03-12T17:07:13+00:00\" \/>\n<meta name=\"author\" content=\"pascalbarbier\" \/>\n<meta name=\"twitter:card\" content=\"summary_large_image\" \/>\n<meta name=\"twitter:creator\" content=\"@AutateToulouse\" \/>\n<meta name=\"twitter:site\" content=\"@AutateToulouse\" \/>\n<meta name=\"twitter:label1\" content=\"\u00c9crit par\" \/>\n\t<meta name=\"twitter:data1\" content=\"pascalbarbier\" \/>\n\t<meta name=\"twitter:label2\" content=\"Dur\u00e9e de lecture estim\u00e9e\" \/>\n\t<meta name=\"twitter:data2\" content=\"3 minutes\" \/>\n<script type=\"application\/ld+json\" class=\"yoast-schema-graph\">{\"@context\":\"https:\\\/\\\/schema.org\",\"@graph\":[{\"@type\":\"Article\",\"@id\":\"https:\\\/\\\/autate.fr\\\/site\\\/toulouse-des-enfants-en-trottinette-et-en-poussette-interdits-de-bus-ou-de-metro-est-ce-normal\\\/#article\",\"isPartOf\":{\"@id\":\"https:\\\/\\\/autate.fr\\\/site\\\/toulouse-des-enfants-en-trottinette-et-en-poussette-interdits-de-bus-ou-de-metro-est-ce-normal\\\/\"},\"author\":{\"name\":\"pascalbarbier\",\"@id\":\"https:\\\/\\\/autate.fr\\\/site\\\/#\\\/schema\\\/person\\\/ae1ab8bdaa7b41d2a9b52d2557ce8254\"},\"headline\":\"Des enfants en trottinette et en poussette interdits de bus ou de m\u00e9tro : est-ce normal ?\",\"datePublished\":\"2018-02-27T11:43:05+00:00\",\"dateModified\":\"2018-03-12T17:07:13+00:00\",\"mainEntityOfPage\":{\"@id\":\"https:\\\/\\\/autate.fr\\\/site\\\/toulouse-des-enfants-en-trottinette-et-en-poussette-interdits-de-bus-ou-de-metro-est-ce-normal\\\/\"},\"wordCount\":604,\"commentCount\":0,\"publisher\":{\"@id\":\"https:\\\/\\\/autate.fr\\\/site\\\/#organization\"},\"keywords\":[\"poussettes\",\"Tiss\u00e9o\",\"trottinettes\",\"usagers\"],\"articleSection\":[\"Revue de presse\"],\"inLanguage\":\"fr-FR\",\"potentialAction\":[{\"@type\":\"CommentAction\",\"name\":\"Comment\",\"target\":[\"https:\\\/\\\/autate.fr\\\/site\\\/toulouse-des-enfants-en-trottinette-et-en-poussette-interdits-de-bus-ou-de-metro-est-ce-normal\\\/#respond\"]}]},{\"@type\":\"WebPage\",\"@id\":\"https:\\\/\\\/autate.fr\\\/site\\\/toulouse-des-enfants-en-trottinette-et-en-poussette-interdits-de-bus-ou-de-metro-est-ce-normal\\\/\",\"url\":\"https:\\\/\\\/autate.fr\\\/site\\\/toulouse-des-enfants-en-trottinette-et-en-poussette-interdits-de-bus-ou-de-metro-est-ce-normal\\\/\",\"name\":\"Des enfants en trottinette et en poussette interdits de bus ou de m\u00e9tro : est-ce normal ? - AUTATE\",\"isPartOf\":{\"@id\":\"https:\\\/\\\/autate.fr\\\/site\\\/#website\"},\"datePublished\":\"2018-02-27T11:43:05+00:00\",\"dateModified\":\"2018-03-12T17:07:13+00:00\",\"breadcrumb\":{\"@id\":\"https:\\\/\\\/autate.fr\\\/site\\\/toulouse-des-enfants-en-trottinette-et-en-poussette-interdits-de-bus-ou-de-metro-est-ce-normal\\\/#breadcrumb\"},\"inLanguage\":\"fr-FR\",\"potentialAction\":[{\"@type\":\"ReadAction\",\"target\":[\"https:\\\/\\\/autate.fr\\\/site\\\/toulouse-des-enfants-en-trottinette-et-en-poussette-interdits-de-bus-ou-de-metro-est-ce-normal\\\/\"]}]},{\"@type\":\"BreadcrumbList\",\"@id\":\"https:\\\/\\\/autate.fr\\\/site\\\/toulouse-des-enfants-en-trottinette-et-en-poussette-interdits-de-bus-ou-de-metro-est-ce-normal\\\/#breadcrumb\",\"itemListElement\":[{\"@type\":\"ListItem\",\"position\":1,\"name\":\"Accueil\",\"item\":\"https:\\\/\\\/autate.fr\\\/site\\\/\"},{\"@type\":\"ListItem\",\"position\":2,\"name\":\"Des enfants en trottinette et en poussette interdits de bus ou de m\u00e9tro : est-ce normal ?\"}]},{\"@type\":\"WebSite\",\"@id\":\"https:\\\/\\\/autate.fr\\\/site\\\/#website\",\"url\":\"https:\\\/\\\/autate.fr\\\/site\\\/\",\"name\":\"AUTATE\",\"description\":\"Association des usagers des transports de l&#039;agglom\u00e9ration Toulousaine et de ses environs\",\"publisher\":{\"@id\":\"https:\\\/\\\/autate.fr\\\/site\\\/#organization\"},\"potentialAction\":[{\"@type\":\"SearchAction\",\"target\":{\"@type\":\"EntryPoint\",\"urlTemplate\":\"https:\\\/\\\/autate.fr\\\/site\\\/?s={search_term_string}\"},\"query-input\":{\"@type\":\"PropertyValueSpecification\",\"valueRequired\":true,\"valueName\":\"search_term_string\"}}],\"inLanguage\":\"fr-FR\"},{\"@type\":\"Organization\",\"@id\":\"https:\\\/\\\/autate.fr\\\/site\\\/#organization\",\"name\":\"AUTATE\",\"url\":\"https:\\\/\\\/autate.fr\\\/site\\\/\",\"logo\":{\"@type\":\"ImageObject\",\"inLanguage\":\"fr-FR\",\"@id\":\"https:\\\/\\\/autate.fr\\\/site\\\/#\\\/schema\\\/logo\\\/image\\\/\",\"url\":\"http:\\\/\\\/autate.fr\\\/site\\\/wp-content\\\/uploads\\\/2019\\\/01\\\/logo.png\",\"contentUrl\":\"http:\\\/\\\/autate.fr\\\/site\\\/wp-content\\\/uploads\\\/2019\\\/01\\\/logo.png\",\"width\":506,\"height\":280,\"caption\":\"AUTATE\"},\"image\":{\"@id\":\"https:\\\/\\\/autate.fr\\\/site\\\/#\\\/schema\\\/logo\\\/image\\\/\"},\"sameAs\":[\"https:\\\/\\\/www.facebook.com\\\/AutateToulouse\",\"https:\\\/\\\/x.com\\\/AutateToulouse\"]},{\"@type\":\"Person\",\"@id\":\"https:\\\/\\\/autate.fr\\\/site\\\/#\\\/schema\\\/person\\\/ae1ab8bdaa7b41d2a9b52d2557ce8254\",\"name\":\"pascalbarbier\",\"image\":{\"@type\":\"ImageObject\",\"inLanguage\":\"fr-FR\",\"@id\":\"https:\\\/\\\/secure.gravatar.com\\\/avatar\\\/03f4e8ced09894b72c67e83142540730d4b3bbf619bf46341b0074e3bf5f08a0?s=96&d=mm&r=g\",\"url\":\"https:\\\/\\\/secure.gravatar.com\\\/avatar\\\/03f4e8ced09894b72c67e83142540730d4b3bbf619bf46341b0074e3bf5f08a0?s=96&d=mm&r=g\",\"contentUrl\":\"https:\\\/\\\/secure.gravatar.com\\\/avatar\\\/03f4e8ced09894b72c67e83142540730d4b3bbf619bf46341b0074e3bf5f08a0?s=96&d=mm&r=g\",\"caption\":\"pascalbarbier\"},\"url\":\"https:\\\/\\\/autate.fr\\\/site\\\/author\\\/pascalbarbier\\\/\"}]}<\/script>\n<!-- \/ Yoast SEO plugin. -->","yoast_head_json":{"title":"Des enfants en trottinette et en poussette interdits de bus ou de m\u00e9tro : est-ce normal ? - AUTATE","robots":{"index":"index","follow":"follow","max-snippet":"max-snippet:-1","max-image-preview":"max-image-preview:large","max-video-preview":"max-video-preview:-1"},"canonical":"https:\/\/autate.fr\/site\/toulouse-des-enfants-en-trottinette-et-en-poussette-interdits-de-bus-ou-de-metro-est-ce-normal\/","og_locale":"fr_FR","og_type":"article","og_title":"Des enfants en trottinette et en poussette interdits de bus ou de m\u00e9tro : est-ce normal ? - AUTATE","og_description":"Un article de David Saint-Sernin paru dans Actu Toulouse le 26 f\u00e9vrier 2018 Pour le lire en ligne D\u00e9but f\u00e9vrier 2018, une lectrice d&rsquo;Actu Toulouse a fait remonter des exp\u00e9riences d&rsquo;usagers de Tiss\u00e9o interdits de transports pour divers motifs. Ces raisons sont-elles fond\u00e9es ? Vendredi 2 f\u00e9vrier 2018,\u00a0une lectrice\u00a0d\u2019Actu Toulouse a interpell\u00e9 la r\u00e9daction surVOIR PLUS","og_url":"https:\/\/autate.fr\/site\/toulouse-des-enfants-en-trottinette-et-en-poussette-interdits-de-bus-ou-de-metro-est-ce-normal\/","og_site_name":"AUTATE","article_publisher":"https:\/\/www.facebook.com\/AutateToulouse","article_published_time":"2018-02-27T11:43:05+00:00","article_modified_time":"2018-03-12T17:07:13+00:00","author":"pascalbarbier","twitter_card":"summary_large_image","twitter_creator":"@AutateToulouse","twitter_site":"@AutateToulouse","twitter_misc":{"\u00c9crit par":"pascalbarbier","Dur\u00e9e de lecture estim\u00e9e":"3 minutes"},"schema":{"@context":"https:\/\/schema.org","@graph":[{"@type":"Article","@id":"https:\/\/autate.fr\/site\/toulouse-des-enfants-en-trottinette-et-en-poussette-interdits-de-bus-ou-de-metro-est-ce-normal\/#article","isPartOf":{"@id":"https:\/\/autate.fr\/site\/toulouse-des-enfants-en-trottinette-et-en-poussette-interdits-de-bus-ou-de-metro-est-ce-normal\/"},"author":{"name":"pascalbarbier","@id":"https:\/\/autate.fr\/site\/#\/schema\/person\/ae1ab8bdaa7b41d2a9b52d2557ce8254"},"headline":"Des enfants en trottinette et en poussette interdits de bus ou de m\u00e9tro : est-ce normal ?","datePublished":"2018-02-27T11:43:05+00:00","dateModified":"2018-03-12T17:07:13+00:00","mainEntityOfPage":{"@id":"https:\/\/autate.fr\/site\/toulouse-des-enfants-en-trottinette-et-en-poussette-interdits-de-bus-ou-de-metro-est-ce-normal\/"},"wordCount":604,"commentCount":0,"publisher":{"@id":"https:\/\/autate.fr\/site\/#organization"},"keywords":["poussettes","Tiss\u00e9o","trottinettes","usagers"],"articleSection":["Revue de presse"],"inLanguage":"fr-FR","potentialAction":[{"@type":"CommentAction","name":"Comment","target":["https:\/\/autate.fr\/site\/toulouse-des-enfants-en-trottinette-et-en-poussette-interdits-de-bus-ou-de-metro-est-ce-normal\/#respond"]}]},{"@type":"WebPage","@id":"https:\/\/autate.fr\/site\/toulouse-des-enfants-en-trottinette-et-en-poussette-interdits-de-bus-ou-de-metro-est-ce-normal\/","url":"https:\/\/autate.fr\/site\/toulouse-des-enfants-en-trottinette-et-en-poussette-interdits-de-bus-ou-de-metro-est-ce-normal\/","name":"Des enfants en trottinette et en poussette interdits de bus ou de m\u00e9tro : est-ce normal ? - AUTATE","isPartOf":{"@id":"https:\/\/autate.fr\/site\/#website"},"datePublished":"2018-02-27T11:43:05+00:00","dateModified":"2018-03-12T17:07:13+00:00","breadcrumb":{"@id":"https:\/\/autate.fr\/site\/toulouse-des-enfants-en-trottinette-et-en-poussette-interdits-de-bus-ou-de-metro-est-ce-normal\/#breadcrumb"},"inLanguage":"fr-FR","potentialAction":[{"@type":"ReadAction","target":["https:\/\/autate.fr\/site\/toulouse-des-enfants-en-trottinette-et-en-poussette-interdits-de-bus-ou-de-metro-est-ce-normal\/"]}]},{"@type":"BreadcrumbList","@id":"https:\/\/autate.fr\/site\/toulouse-des-enfants-en-trottinette-et-en-poussette-interdits-de-bus-ou-de-metro-est-ce-normal\/#breadcrumb","itemListElement":[{"@type":"ListItem","position":1,"name":"Accueil","item":"https:\/\/autate.fr\/site\/"},{"@type":"ListItem","position":2,"name":"Des enfants en trottinette et en poussette interdits de bus ou de m\u00e9tro : est-ce normal ?"}]},{"@type":"WebSite","@id":"https:\/\/autate.fr\/site\/#website","url":"https:\/\/autate.fr\/site\/","name":"AUTATE","description":"Association des usagers des transports de l&#039;agglom\u00e9ration Toulousaine et de ses environs","publisher":{"@id":"https:\/\/autate.fr\/site\/#organization"},"potentialAction":[{"@type":"SearchAction","target":{"@type":"EntryPoint","urlTemplate":"https:\/\/autate.fr\/site\/?s={search_term_string}"},"query-input":{"@type":"PropertyValueSpecification","valueRequired":true,"valueName":"search_term_string"}}],"inLanguage":"fr-FR"},{"@type":"Organization","@id":"https:\/\/autate.fr\/site\/#organization","name":"AUTATE","url":"https:\/\/autate.fr\/site\/","logo":{"@type":"ImageObject","inLanguage":"fr-FR","@id":"https:\/\/autate.fr\/site\/#\/schema\/logo\/image\/","url":"http:\/\/autate.fr\/site\/wp-content\/uploads\/2019\/01\/logo.png","contentUrl":"http:\/\/autate.fr\/site\/wp-content\/uploads\/2019\/01\/logo.png","width":506,"height":280,"caption":"AUTATE"},"image":{"@id":"https:\/\/autate.fr\/site\/#\/schema\/logo\/image\/"},"sameAs":["https:\/\/www.facebook.com\/AutateToulouse","https:\/\/x.com\/AutateToulouse"]},{"@type":"Person","@id":"https:\/\/autate.fr\/site\/#\/schema\/person\/ae1ab8bdaa7b41d2a9b52d2557ce8254","name":"pascalbarbier","image":{"@type":"ImageObject","inLanguage":"fr-FR","@id":"https:\/\/secure.gravatar.com\/avatar\/03f4e8ced09894b72c67e83142540730d4b3bbf619bf46341b0074e3bf5f08a0?s=96&d=mm&r=g","url":"https:\/\/secure.gravatar.com\/avatar\/03f4e8ced09894b72c67e83142540730d4b3bbf619bf46341b0074e3bf5f08a0?s=96&d=mm&r=g","contentUrl":"https:\/\/secure.gravatar.com\/avatar\/03f4e8ced09894b72c67e83142540730d4b3bbf619bf46341b0074e3bf5f08a0?s=96&d=mm&r=g","caption":"pascalbarbier"},"url":"https:\/\/autate.fr\/site\/author\/pascalbarbier\/"}]}},"_links":{"self":[{"href":"https:\/\/autate.fr\/site\/wp-json\/wp\/v2\/posts\/2535","targetHints":{"allow":["GET"]}}],"collection":[{"href":"https:\/\/autate.fr\/site\/wp-json\/wp\/v2\/posts"}],"about":[{"href":"https:\/\/autate.fr\/site\/wp-json\/wp\/v2\/types\/post"}],"author":[{"embeddable":true,"href":"https:\/\/autate.fr\/site\/wp-json\/wp\/v2\/users\/1"}],"replies":[{"embeddable":true,"href":"https:\/\/autate.fr\/site\/wp-json\/wp\/v2\/comments?post=2535"}],"version-history":[{"count":3,"href":"https:\/\/autate.fr\/site\/wp-json\/wp\/v2\/posts\/2535\/revisions"}],"predecessor-version":[{"id":2538,"href":"https:\/\/autate.fr\/site\/wp-json\/wp\/v2\/posts\/2535\/revisions\/2538"}],"wp:attachment":[{"href":"https:\/\/autate.fr\/site\/wp-json\/wp\/v2\/media?parent=2535"}],"wp:term":[{"taxonomy":"category","embeddable":true,"href":"https:\/\/autate.fr\/site\/wp-json\/wp\/v2\/categories?post=2535"},{"taxonomy":"post_tag","embeddable":true,"href":"https:\/\/autate.fr\/site\/wp-json\/wp\/v2\/tags?post=2535"}],"curies":[{"name":"wp","href":"https:\/\/api.w.org\/{rel}","templated":true}]}}