{"id":2521,"date":"2018-02-15T11:21:13","date_gmt":"2018-02-15T10:21:13","guid":{"rendered":"http:\/\/autate.fr\/site\/?p=2521"},"modified":"2018-03-12T11:33:43","modified_gmt":"2018-03-12T10:33:43","slug":"lineo-la-fcpe-sinquiete-de-la-desserte-du-lycee-raymond-naves-en-septembre","status":"publish","type":"post","link":"https:\/\/autate.fr\/site\/lineo-la-fcpe-sinquiete-de-la-desserte-du-lycee-raymond-naves-en-septembre\/","title":{"rendered":"Lin\u00e9o : la FCPE s&rsquo;inqui\u00e8te de la desserte du lyc\u00e9e Raymond-Naves en septembre"},"content":{"rendered":"<p>Un article de Philippe Emery paru dans La D\u00e9p\u00eache du midi le 14 f\u00e9vrier 2018<\/p>\n<p>Pour le lire <a href=\"https:\/\/www.ladepeche.fr\/article\/2018\/02\/14\/2742263-lineo-fcpe-inquiete-desserte-lycee-raymond-naves-septembre.html\" target=\"_blank\" rel=\"noopener\"><strong>en ligne<\/strong><\/a><\/p>\n<p>L&rsquo;arriv\u00e9e du Lin\u00e9o 9 qui doit relier <a href=\"https:\/\/www.ladepeche.fr\/communes\/toulouse,31555.html\">Toulouse<\/a> \u00e0 L&rsquo;Union \u00e0 la rentr\u00e9e de septembre ne fait pas que des heureux, notamment chez les parents d&rsquo;\u00e9l\u00e8ves du lyc\u00e9e Raymond-Naves. L&rsquo;apparition de cette ligne \u00e0 plus haute fr\u00e9quence et amplitude horaire \u00e9largie (de 5h30 \u00e0 minuit) se traduit en effet par une r\u00e9organisation du r\u00e9seau de bus existant, avec <strong>la fusion programm\u00e9e des lignes 75 et 74 en une seule ligne, d\u00e9nomm\u00e9e 68<\/strong>.<\/p>\n<h2>Circuits directs conserv\u00e9s<\/h2>\n<p>\u00abLa ligne 75 dessert <strong>Castelmaurou<\/strong>, lyc\u00e9e Raymond-Naves et Argoulets, et permet donc une liaison directe pour le lyc\u00e9e\u00bb, explique Carine Yannoto, pr\u00e9sidente des parents d&rsquo;\u00e9l\u00e8ves FCPE du coll\u00e8ge Romain Rolland de Saint-Jean,<\/p>\n<p>\u00abavec la nouvelle organisation, les lyc\u00e9ens devront emprunter <strong>le 68<\/strong>, fusion du 75 et du 74 de Castelmaurou \u00e0 Saint-Jean, traverser la place Mitterrand et la nationale pour <strong>prendre le 73 jusqu&rsquo;\u00e0 l&rsquo;Union<\/strong> o\u00f9 ils prendront <strong>le Lin\u00e9o 9<\/strong> jusqu&rsquo;\u00e0 Raymond-Naves.<\/p>\n<p>C&rsquo;est beaucoup trop long, compliqu\u00e9 et peut pr\u00e9senter des dangers \u00e0 Saint-Jean pour les \u00e9l\u00e8ves\u00bb, assure la responsable FCPE.<\/p>\n<p>\u00abPas du tout\u00bb, r\u00e9torque-t-on du c\u00f4t\u00e9 de Tiss\u00e9o Voyageurs, o\u00f9 l&rsquo;on assure que le probl\u00e8me est r\u00e9solu, apr\u00e8s de nombreuses r\u00e9unions de concertation avec les \u00e9lus du Nord-est toulousain. \u00abLe 75 et le 74 (Rouffiac-Clinique de l&rsquo;Union-Balma) sont en effet fusionn\u00e9s dans la ligne 68 , qui desservira Castelmaurou, Saint-Jean, Rouffiac, clinique de l&rsquo;Union et Balma, avec un niveau d&rsquo;offre et de fr\u00e9quence sup\u00e9rieur. Les scolaires de Rouffiac et Castelmaurou pourront prendre<strong> un service de bus le matin et deux l&rsquo;apr\u00e8s-midi<\/strong> pour les retours, directs entre ces communes et le lyc\u00e9e Raymond-Naves, reprenant le circuit de la ligne 75. <strong>Ceux qui ne prendront pas ces courses sp\u00e9cifiques n&rsquo;auront \u00e0 prendre que le 68 et le 73<\/strong>, avec changement \u00e0 Saint-Jean, sur une place Mitterand pacifi\u00e9e donc en toute s\u00e9curit\u00e9. Le 73 m\u00e8ne les \u00e9l\u00e8ves \u00e0 Atlanta, \u00e0 deux pas du lyc\u00e9e, comme le 75\u00bb, explique J\u00e9r\u00f4me Kravetz, responsable r\u00e9seau bus de Tiss\u00e9o Voyageurs.<\/p>\n<p><strong>La responsable FCPE s&rsquo;\u00e9tonne du fait que le futur super bus Lin\u00e9o 9 s&rsquo;arr\u00eate \u00e0 L&rsquo;Union et n&rsquo;ira pas jusqu&rsquo;\u00e0 Saint-Jean.<\/strong><\/p>\n<p>\u00abL&rsquo;espace n\u00e9cessaire pour le terminus de Lin\u00e9o \u00e0 Saint-Jean sur la place Mitterrand pose probl\u00e8me, explique J\u00e9r\u00f4me Kravetz, \u00abmais l&rsquo;extension jusqu&rsquo;\u00e0 Saint-Jean est en projet pour apr\u00e8s 2020, dans le cadre du plan Mobilit\u00e9s\u00bb.<\/p>\n","protected":false},"excerpt":{"rendered":"<p>Un article de Philippe Emery paru dans La D\u00e9p\u00eache du midi le 14 f\u00e9vrier 2018 Pour le lire en ligne L&rsquo;arriv\u00e9e du Lin\u00e9o 9 qui doit relier Toulouse \u00e0 L&rsquo;Union \u00e0 la rentr\u00e9e de septembre ne fait pas que des heureux, notamment chez les parents d&rsquo;\u00e9l\u00e8ves du lyc\u00e9e Raymond-Naves. L&rsquo;apparition de cette ligne \u00e0 plus<\/p>\n<p class=\"more-link\"><a href=\"https:\/\/autate.fr\/site\/lineo-la-fcpe-sinquiete-de-la-desserte-du-lycee-raymond-naves-en-septembre\/\" class=\"themebutton2\">VOIR PLUS<\/a><\/p>\n","protected":false},"author":1,"featured_media":0,"comment_status":"open","ping_status":"open","sticky":false,"template":"","format":"standard","meta":{"footnotes":""},"categories":[298,7],"tags":[],"class_list":["post-2521","post","type-post","status-publish","format-standard","hentry","category-lineo","category-revue-de-presse"],"yoast_head":"<!-- This site is optimized with the Yoast SEO plugin v27.4 - https:\/\/yoast.com\/product\/yoast-seo-wordpress\/ -->\n<title>Lin\u00e9o : la FCPE s&#039;inqui\u00e8te de la desserte du lyc\u00e9e Raymond-Naves en septembre - AUTATE<\/title>\n<meta name=\"robots\" content=\"index, follow, max-snippet:-1, max-image-preview:large, max-video-preview:-1\" \/>\n<link rel=\"canonical\" href=\"https:\/\/autate.fr\/site\/lineo-la-fcpe-sinquiete-de-la-desserte-du-lycee-raymond-naves-en-septembre\/\" \/>\n<meta property=\"og:locale\" content=\"fr_FR\" \/>\n<meta property=\"og:type\" content=\"article\" \/>\n<meta property=\"og:title\" content=\"Lin\u00e9o : la FCPE s&#039;inqui\u00e8te de la desserte du lyc\u00e9e Raymond-Naves en septembre - AUTATE\" \/>\n<meta property=\"og:description\" content=\"Un article de Philippe Emery paru dans La D\u00e9p\u00eache du midi le 14 f\u00e9vrier 2018 Pour le lire en ligne L&rsquo;arriv\u00e9e du Lin\u00e9o 9 qui doit relier Toulouse \u00e0 L&rsquo;Union \u00e0 la rentr\u00e9e de septembre ne fait pas que des heureux, notamment chez les parents d&rsquo;\u00e9l\u00e8ves du lyc\u00e9e Raymond-Naves. L&rsquo;apparition de cette ligne \u00e0 plusVOIR PLUS\" \/>\n<meta property=\"og:url\" content=\"https:\/\/autate.fr\/site\/lineo-la-fcpe-sinquiete-de-la-desserte-du-lycee-raymond-naves-en-septembre\/\" \/>\n<meta property=\"og:site_name\" content=\"AUTATE\" \/>\n<meta property=\"article:publisher\" content=\"https:\/\/www.facebook.com\/AutateToulouse\" \/>\n<meta property=\"article:published_time\" content=\"2018-02-15T10:21:13+00:00\" \/>\n<meta property=\"article:modified_time\" content=\"2018-03-12T10:33:43+00:00\" \/>\n<meta name=\"author\" content=\"pascalbarbier\" \/>\n<meta name=\"twitter:card\" content=\"summary_large_image\" \/>\n<meta name=\"twitter:creator\" content=\"@AutateToulouse\" \/>\n<meta name=\"twitter:site\" content=\"@AutateToulouse\" \/>\n<meta name=\"twitter:label1\" content=\"\u00c9crit par\" \/>\n\t<meta name=\"twitter:data1\" content=\"pascalbarbier\" \/>\n\t<meta name=\"twitter:label2\" content=\"Dur\u00e9e de lecture estim\u00e9e\" \/>\n\t<meta name=\"twitter:data2\" content=\"2 minutes\" \/>\n<script type=\"application\/ld+json\" class=\"yoast-schema-graph\">{\"@context\":\"https:\\\/\\\/schema.org\",\"@graph\":[{\"@type\":\"Article\",\"@id\":\"https:\\\/\\\/autate.fr\\\/site\\\/lineo-la-fcpe-sinquiete-de-la-desserte-du-lycee-raymond-naves-en-septembre\\\/#article\",\"isPartOf\":{\"@id\":\"https:\\\/\\\/autate.fr\\\/site\\\/lineo-la-fcpe-sinquiete-de-la-desserte-du-lycee-raymond-naves-en-septembre\\\/\"},\"author\":{\"name\":\"pascalbarbier\",\"@id\":\"https:\\\/\\\/autate.fr\\\/site\\\/#\\\/schema\\\/person\\\/ae1ab8bdaa7b41d2a9b52d2557ce8254\"},\"headline\":\"Lin\u00e9o : la FCPE s&rsquo;inqui\u00e8te de la desserte du lyc\u00e9e Raymond-Naves en septembre\",\"datePublished\":\"2018-02-15T10:21:13+00:00\",\"dateModified\":\"2018-03-12T10:33:43+00:00\",\"mainEntityOfPage\":{\"@id\":\"https:\\\/\\\/autate.fr\\\/site\\\/lineo-la-fcpe-sinquiete-de-la-desserte-du-lycee-raymond-naves-en-septembre\\\/\"},\"wordCount\":433,\"commentCount\":0,\"publisher\":{\"@id\":\"https:\\\/\\\/autate.fr\\\/site\\\/#organization\"},\"articleSection\":[\"Lin\u00e9o\",\"Revue de presse\"],\"inLanguage\":\"fr-FR\",\"potentialAction\":[{\"@type\":\"CommentAction\",\"name\":\"Comment\",\"target\":[\"https:\\\/\\\/autate.fr\\\/site\\\/lineo-la-fcpe-sinquiete-de-la-desserte-du-lycee-raymond-naves-en-septembre\\\/#respond\"]}]},{\"@type\":\"WebPage\",\"@id\":\"https:\\\/\\\/autate.fr\\\/site\\\/lineo-la-fcpe-sinquiete-de-la-desserte-du-lycee-raymond-naves-en-septembre\\\/\",\"url\":\"https:\\\/\\\/autate.fr\\\/site\\\/lineo-la-fcpe-sinquiete-de-la-desserte-du-lycee-raymond-naves-en-septembre\\\/\",\"name\":\"Lin\u00e9o : la FCPE s'inqui\u00e8te de la desserte du lyc\u00e9e Raymond-Naves en septembre - AUTATE\",\"isPartOf\":{\"@id\":\"https:\\\/\\\/autate.fr\\\/site\\\/#website\"},\"datePublished\":\"2018-02-15T10:21:13+00:00\",\"dateModified\":\"2018-03-12T10:33:43+00:00\",\"breadcrumb\":{\"@id\":\"https:\\\/\\\/autate.fr\\\/site\\\/lineo-la-fcpe-sinquiete-de-la-desserte-du-lycee-raymond-naves-en-septembre\\\/#breadcrumb\"},\"inLanguage\":\"fr-FR\",\"potentialAction\":[{\"@type\":\"ReadAction\",\"target\":[\"https:\\\/\\\/autate.fr\\\/site\\\/lineo-la-fcpe-sinquiete-de-la-desserte-du-lycee-raymond-naves-en-septembre\\\/\"]}]},{\"@type\":\"BreadcrumbList\",\"@id\":\"https:\\\/\\\/autate.fr\\\/site\\\/lineo-la-fcpe-sinquiete-de-la-desserte-du-lycee-raymond-naves-en-septembre\\\/#breadcrumb\",\"itemListElement\":[{\"@type\":\"ListItem\",\"position\":1,\"name\":\"Accueil\",\"item\":\"https:\\\/\\\/autate.fr\\\/site\\\/\"},{\"@type\":\"ListItem\",\"position\":2,\"name\":\"Lin\u00e9o : la FCPE s&rsquo;inqui\u00e8te de la desserte du lyc\u00e9e Raymond-Naves en septembre\"}]},{\"@type\":\"WebSite\",\"@id\":\"https:\\\/\\\/autate.fr\\\/site\\\/#website\",\"url\":\"https:\\\/\\\/autate.fr\\\/site\\\/\",\"name\":\"AUTATE\",\"description\":\"Association des usagers des transports de l&#039;agglom\u00e9ration Toulousaine et de ses environs\",\"publisher\":{\"@id\":\"https:\\\/\\\/autate.fr\\\/site\\\/#organization\"},\"potentialAction\":[{\"@type\":\"SearchAction\",\"target\":{\"@type\":\"EntryPoint\",\"urlTemplate\":\"https:\\\/\\\/autate.fr\\\/site\\\/?s={search_term_string}\"},\"query-input\":{\"@type\":\"PropertyValueSpecification\",\"valueRequired\":true,\"valueName\":\"search_term_string\"}}],\"inLanguage\":\"fr-FR\"},{\"@type\":\"Organization\",\"@id\":\"https:\\\/\\\/autate.fr\\\/site\\\/#organization\",\"name\":\"AUTATE\",\"url\":\"https:\\\/\\\/autate.fr\\\/site\\\/\",\"logo\":{\"@type\":\"ImageObject\",\"inLanguage\":\"fr-FR\",\"@id\":\"https:\\\/\\\/autate.fr\\\/site\\\/#\\\/schema\\\/logo\\\/image\\\/\",\"url\":\"http:\\\/\\\/autate.fr\\\/site\\\/wp-content\\\/uploads\\\/2019\\\/01\\\/logo.png\",\"contentUrl\":\"http:\\\/\\\/autate.fr\\\/site\\\/wp-content\\\/uploads\\\/2019\\\/01\\\/logo.png\",\"width\":506,\"height\":280,\"caption\":\"AUTATE\"},\"image\":{\"@id\":\"https:\\\/\\\/autate.fr\\\/site\\\/#\\\/schema\\\/logo\\\/image\\\/\"},\"sameAs\":[\"https:\\\/\\\/www.facebook.com\\\/AutateToulouse\",\"https:\\\/\\\/x.com\\\/AutateToulouse\"]},{\"@type\":\"Person\",\"@id\":\"https:\\\/\\\/autate.fr\\\/site\\\/#\\\/schema\\\/person\\\/ae1ab8bdaa7b41d2a9b52d2557ce8254\",\"name\":\"pascalbarbier\",\"image\":{\"@type\":\"ImageObject\",\"inLanguage\":\"fr-FR\",\"@id\":\"https:\\\/\\\/secure.gravatar.com\\\/avatar\\\/03f4e8ced09894b72c67e83142540730d4b3bbf619bf46341b0074e3bf5f08a0?s=96&d=mm&r=g\",\"url\":\"https:\\\/\\\/secure.gravatar.com\\\/avatar\\\/03f4e8ced09894b72c67e83142540730d4b3bbf619bf46341b0074e3bf5f08a0?s=96&d=mm&r=g\",\"contentUrl\":\"https:\\\/\\\/secure.gravatar.com\\\/avatar\\\/03f4e8ced09894b72c67e83142540730d4b3bbf619bf46341b0074e3bf5f08a0?s=96&d=mm&r=g\",\"caption\":\"pascalbarbier\"},\"url\":\"https:\\\/\\\/autate.fr\\\/site\\\/author\\\/pascalbarbier\\\/\"}]}<\/script>\n<!-- \/ Yoast SEO plugin. -->","yoast_head_json":{"title":"Lin\u00e9o : la FCPE s'inqui\u00e8te de la desserte du lyc\u00e9e Raymond-Naves en septembre - AUTATE","robots":{"index":"index","follow":"follow","max-snippet":"max-snippet:-1","max-image-preview":"max-image-preview:large","max-video-preview":"max-video-preview:-1"},"canonical":"https:\/\/autate.fr\/site\/lineo-la-fcpe-sinquiete-de-la-desserte-du-lycee-raymond-naves-en-septembre\/","og_locale":"fr_FR","og_type":"article","og_title":"Lin\u00e9o : la FCPE s'inqui\u00e8te de la desserte du lyc\u00e9e Raymond-Naves en septembre - AUTATE","og_description":"Un article de Philippe Emery paru dans La D\u00e9p\u00eache du midi le 14 f\u00e9vrier 2018 Pour le lire en ligne L&rsquo;arriv\u00e9e du Lin\u00e9o 9 qui doit relier Toulouse \u00e0 L&rsquo;Union \u00e0 la rentr\u00e9e de septembre ne fait pas que des heureux, notamment chez les parents d&rsquo;\u00e9l\u00e8ves du lyc\u00e9e Raymond-Naves. L&rsquo;apparition de cette ligne \u00e0 plusVOIR PLUS","og_url":"https:\/\/autate.fr\/site\/lineo-la-fcpe-sinquiete-de-la-desserte-du-lycee-raymond-naves-en-septembre\/","og_site_name":"AUTATE","article_publisher":"https:\/\/www.facebook.com\/AutateToulouse","article_published_time":"2018-02-15T10:21:13+00:00","article_modified_time":"2018-03-12T10:33:43+00:00","author":"pascalbarbier","twitter_card":"summary_large_image","twitter_creator":"@AutateToulouse","twitter_site":"@AutateToulouse","twitter_misc":{"\u00c9crit par":"pascalbarbier","Dur\u00e9e de lecture estim\u00e9e":"2 minutes"},"schema":{"@context":"https:\/\/schema.org","@graph":[{"@type":"Article","@id":"https:\/\/autate.fr\/site\/lineo-la-fcpe-sinquiete-de-la-desserte-du-lycee-raymond-naves-en-septembre\/#article","isPartOf":{"@id":"https:\/\/autate.fr\/site\/lineo-la-fcpe-sinquiete-de-la-desserte-du-lycee-raymond-naves-en-septembre\/"},"author":{"name":"pascalbarbier","@id":"https:\/\/autate.fr\/site\/#\/schema\/person\/ae1ab8bdaa7b41d2a9b52d2557ce8254"},"headline":"Lin\u00e9o : la FCPE s&rsquo;inqui\u00e8te de la desserte du lyc\u00e9e Raymond-Naves en septembre","datePublished":"2018-02-15T10:21:13+00:00","dateModified":"2018-03-12T10:33:43+00:00","mainEntityOfPage":{"@id":"https:\/\/autate.fr\/site\/lineo-la-fcpe-sinquiete-de-la-desserte-du-lycee-raymond-naves-en-septembre\/"},"wordCount":433,"commentCount":0,"publisher":{"@id":"https:\/\/autate.fr\/site\/#organization"},"articleSection":["Lin\u00e9o","Revue de presse"],"inLanguage":"fr-FR","potentialAction":[{"@type":"CommentAction","name":"Comment","target":["https:\/\/autate.fr\/site\/lineo-la-fcpe-sinquiete-de-la-desserte-du-lycee-raymond-naves-en-septembre\/#respond"]}]},{"@type":"WebPage","@id":"https:\/\/autate.fr\/site\/lineo-la-fcpe-sinquiete-de-la-desserte-du-lycee-raymond-naves-en-septembre\/","url":"https:\/\/autate.fr\/site\/lineo-la-fcpe-sinquiete-de-la-desserte-du-lycee-raymond-naves-en-septembre\/","name":"Lin\u00e9o : la FCPE s'inqui\u00e8te de la desserte du lyc\u00e9e Raymond-Naves en septembre - AUTATE","isPartOf":{"@id":"https:\/\/autate.fr\/site\/#website"},"datePublished":"2018-02-15T10:21:13+00:00","dateModified":"2018-03-12T10:33:43+00:00","breadcrumb":{"@id":"https:\/\/autate.fr\/site\/lineo-la-fcpe-sinquiete-de-la-desserte-du-lycee-raymond-naves-en-septembre\/#breadcrumb"},"inLanguage":"fr-FR","potentialAction":[{"@type":"ReadAction","target":["https:\/\/autate.fr\/site\/lineo-la-fcpe-sinquiete-de-la-desserte-du-lycee-raymond-naves-en-septembre\/"]}]},{"@type":"BreadcrumbList","@id":"https:\/\/autate.fr\/site\/lineo-la-fcpe-sinquiete-de-la-desserte-du-lycee-raymond-naves-en-septembre\/#breadcrumb","itemListElement":[{"@type":"ListItem","position":1,"name":"Accueil","item":"https:\/\/autate.fr\/site\/"},{"@type":"ListItem","position":2,"name":"Lin\u00e9o : la FCPE s&rsquo;inqui\u00e8te de la desserte du lyc\u00e9e Raymond-Naves en septembre"}]},{"@type":"WebSite","@id":"https:\/\/autate.fr\/site\/#website","url":"https:\/\/autate.fr\/site\/","name":"AUTATE","description":"Association des usagers des transports de l&#039;agglom\u00e9ration Toulousaine et de ses environs","publisher":{"@id":"https:\/\/autate.fr\/site\/#organization"},"potentialAction":[{"@type":"SearchAction","target":{"@type":"EntryPoint","urlTemplate":"https:\/\/autate.fr\/site\/?s={search_term_string}"},"query-input":{"@type":"PropertyValueSpecification","valueRequired":true,"valueName":"search_term_string"}}],"inLanguage":"fr-FR"},{"@type":"Organization","@id":"https:\/\/autate.fr\/site\/#organization","name":"AUTATE","url":"https:\/\/autate.fr\/site\/","logo":{"@type":"ImageObject","inLanguage":"fr-FR","@id":"https:\/\/autate.fr\/site\/#\/schema\/logo\/image\/","url":"http:\/\/autate.fr\/site\/wp-content\/uploads\/2019\/01\/logo.png","contentUrl":"http:\/\/autate.fr\/site\/wp-content\/uploads\/2019\/01\/logo.png","width":506,"height":280,"caption":"AUTATE"},"image":{"@id":"https:\/\/autate.fr\/site\/#\/schema\/logo\/image\/"},"sameAs":["https:\/\/www.facebook.com\/AutateToulouse","https:\/\/x.com\/AutateToulouse"]},{"@type":"Person","@id":"https:\/\/autate.fr\/site\/#\/schema\/person\/ae1ab8bdaa7b41d2a9b52d2557ce8254","name":"pascalbarbier","image":{"@type":"ImageObject","inLanguage":"fr-FR","@id":"https:\/\/secure.gravatar.com\/avatar\/03f4e8ced09894b72c67e83142540730d4b3bbf619bf46341b0074e3bf5f08a0?s=96&d=mm&r=g","url":"https:\/\/secure.gravatar.com\/avatar\/03f4e8ced09894b72c67e83142540730d4b3bbf619bf46341b0074e3bf5f08a0?s=96&d=mm&r=g","contentUrl":"https:\/\/secure.gravatar.com\/avatar\/03f4e8ced09894b72c67e83142540730d4b3bbf619bf46341b0074e3bf5f08a0?s=96&d=mm&r=g","caption":"pascalbarbier"},"url":"https:\/\/autate.fr\/site\/author\/pascalbarbier\/"}]}},"_links":{"self":[{"href":"https:\/\/autate.fr\/site\/wp-json\/wp\/v2\/posts\/2521","targetHints":{"allow":["GET"]}}],"collection":[{"href":"https:\/\/autate.fr\/site\/wp-json\/wp\/v2\/posts"}],"about":[{"href":"https:\/\/autate.fr\/site\/wp-json\/wp\/v2\/types\/post"}],"author":[{"embeddable":true,"href":"https:\/\/autate.fr\/site\/wp-json\/wp\/v2\/users\/1"}],"replies":[{"embeddable":true,"href":"https:\/\/autate.fr\/site\/wp-json\/wp\/v2\/comments?post=2521"}],"version-history":[{"count":1,"href":"https:\/\/autate.fr\/site\/wp-json\/wp\/v2\/posts\/2521\/revisions"}],"predecessor-version":[{"id":2522,"href":"https:\/\/autate.fr\/site\/wp-json\/wp\/v2\/posts\/2521\/revisions\/2522"}],"wp:attachment":[{"href":"https:\/\/autate.fr\/site\/wp-json\/wp\/v2\/media?parent=2521"}],"wp:term":[{"taxonomy":"category","embeddable":true,"href":"https:\/\/autate.fr\/site\/wp-json\/wp\/v2\/categories?post=2521"},{"taxonomy":"post_tag","embeddable":true,"href":"https:\/\/autate.fr\/site\/wp-json\/wp\/v2\/tags?post=2521"}],"curies":[{"name":"wp","href":"https:\/\/api.w.org\/{rel}","templated":true}]}}